{"id":33543,"date":"2022-02-02T07:26:42","date_gmt":"2022-02-02T07:26:42","guid":{"rendered":"https:\/\/continuamos.mx\/?p=33543"},"modified":"2022-02-02T07:26:42","modified_gmt":"2022-02-02T07:26:42","slug":"urge-armonizar-acciones-de-proteccion-a-periodistas","status":"publish","type":"post","link":"https:\/\/continuamosmx.com\/index.php\/2022\/02\/02\/urge-armonizar-acciones-de-proteccion-a-periodistas\/","title":{"rendered":"URGE ARMONIZAR ACCIONES DE PROTECCI\u00d3N A PERIODISTAS"},"content":{"rendered":"\n<blockquote class=\"wp-block-quote is-layout-flow wp-block-quote-is-layout-flow\"><p>.- <strong>El Estado mexicano debe homologar sus acciones de gobierno pues el periodista debe tener las m\u00ednimas prestaciones de Ley, as\u00ed como Seguro de vida y gastos mayores cuando se ocupen coberturas de riesgo, demanda el Centro de Derechos Humanos Zeferino Ladrillero.<\/strong><br>\u00a0<br>ESTADO DE M\u00c9XICO.- Para garantizar el eficiente ejercicio de la libertad de prensa bajo las premisas de seguridad se debe trabajar en conjunto, organizaciones, medios de comunicaci\u00f3n, periodistas y las autoridades del Estado mexicano, as\u00ed lo consider\u00f3 el Centro de Derechos Humanos \u201cZeferino Ladrillero\u201d.<br>\u00a0<br>\u201cEl Estado mexicano debe homologar sus acciones de gobierno con los m\u00e1s altos est\u00e1ndares internacionales en materia de respeto a los derechos humanos, de esta manera se lograr\u00e1 poner fin a los atropellos en contra de la libertad de expresi\u00f3n y prensa\u201d, afirm\u00f3.<br>\u00a0<br>El abogado Jos\u00e9 Antonio Lara Duque, cofundador de este colectivo, explic\u00f3 que se debe poner en el centro del debate nacional no s\u00f3lo las garant\u00edas de seguridad f\u00edsica, sino las de seguridad institucional que cada medio de comunicaci\u00f3n est\u00e1 obligado con sus reporteros.<br>\u00a0<br>\u201cEl estado mexicano es corresponsable de que cada uno de los representantes de los medios de comunicaci\u00f3n est\u00e9 incorporado al empleo formal, es decir, que tengan las prestaciones m\u00ednimas de Ley para realizar sus actividades profesionales.<br>\u00a0<br>\u201cNos preocupa bastante que una parte de las empresas en medios de comunicaci\u00f3n en nuestro pa\u00eds tengan a los comunicadores como \u201cprovedores de servicios\u201d sin considerarlos empleados, con sueldos por debajo de las actividades que realizan y sin prestaciones b\u00e1sicas\u201d, expres\u00f3.<br>\u00a0<br>Explic\u00f3, por ejemplo, un reportero que por las necesidades de las empresas necesita movilizarse en motocicletas, helic\u00f3pteros y aeronaves, estos deben, adem\u00e1s contar con un seguro de vida y de gastos m\u00e9dicos mayores, para que en caso de accidente, puedan ingresar de manera inmediata a cualquier instituci\u00f3n p\u00fablica o privada para su atenci\u00f3n.<br>\u00a0<br>\u201cTenemos documentados casos de comunicadores que han perdido la vida en los \u00faltimos meses, que se expusieron al virus del Covid-19 al realizar transmisiones para radio, televisi\u00f3n, agencia o diario en plena pandemia y, que tras morir, dejaron en la orfandad a sus familiares porque las empresas no reconocieron una relaci\u00f3n laboral\u201d, expres\u00f3.<br>\u00a0<br>Contrario a lo que pasa en la mayor parte de los casos, los comunicadores que por sus necesidad laborales deben salir a la calle a realizar su trabajo, deber\u00edan contar, no s\u00f3lo con un seguro m\u00e9dico de vida y otro de gastos mayores, sino tambi\u00e9n con un sobresueldo, para adquirir insumos de higiene personal, taxis o adquirir reactivos.<br>\u00a0<br>\u201cSin duda el debate est\u00e1 abierto tras contabilizar m\u00e1s de 50 comunicadores asesinados en todo el pa\u00eds en lo que llevamos del presente sexenio; es hora que el gremio period\u00edstico se una en este prop\u00f3sito de la seguridad\u201d, coment\u00f3.<br>\u00a0<br>Record\u00f3 que el presidente Andr\u00e9s Manuel L\u00f3pez Obrador ha garantizado que el esquema de trabajador eventual en el gobierno federal va a desaparecer, sin embargo, hay \u00e1reas de comunicaci\u00f3n y prensa que mantienen a los profesionales de la comunicaci\u00f3n sin prestaciones laborales de Ley, \u201cesto es muy grave\u201d.<br>\u00a0<br>Lara Duque consider\u00f3 que sopretexto de la equitativa distribuci\u00f3n de la publicidad del Estado, \u00e9sta deber\u00eda estar sujeta a un marco regulador que obligue a demostrar y atender a sus empleados, como una suerte de acci\u00f3n moral y \u00e9tica a favor de la libertad de expresi\u00f3n.<\/p><\/blockquote>\n","protected":false},"excerpt":{"rendered":"<p>.- El Estado mexicano debe homologar sus acciones de gobierno pues el periodista debe tener las m\u00ednimas prestaciones de Ley, as\u00ed como Seguro de vida y gastos mayores cuando se ocupen coberturas de riesgo, demanda el Centro de Derechos Humanos Zeferino Ladrillero.\u00a0ESTADO DE M\u00c9XICO.- Para garantizar el eficiente ejercicio de la libertad de prensa bajo [&hellip;]<\/p>\n","protected":false},"author":6,"featured_media":33544,"comment_status":"closed","ping_status":"open","sticky":false,"template":"","format":"standard","meta":{"footnotes":""},"categories":[2],"tags":[],"class_list":["post-33543","post","type-post","status-publish","format-standard","has-post-thumbnail","hentry","category-edomex"],"yoast_head":"<!-- This site is optimized with the Yoast SEO plugin v27.5 - https:\/\/yoast.com\/product\/yoast-seo-wordpress\/ -->\n<title>URGE ARMONIZAR ACCIONES DE PROTECCI\u00d3N A PERIODISTAS -<\/title>\n<meta name=\"robots\" content=\"index, follow, max-snippet:-1, max-image-preview:large, max-video-preview:-1\" \/>\n<link rel=\"canonical\" href=\"https:\/\/continuamosmx.com\/index.php\/2022\/02\/02\/urge-armonizar-acciones-de-proteccion-a-periodistas\/\" \/>\n<meta property=\"og:locale\" content=\"es_ES\" \/>\n<meta property=\"og:type\" content=\"article\" \/>\n<meta property=\"og:title\" content=\"URGE ARMONIZAR ACCIONES DE PROTECCI\u00d3N A PERIODISTAS -\" \/>\n<meta property=\"og:description\" content=\".- El Estado mexicano debe homologar sus acciones de gobierno pues el periodista debe tener las m\u00ednimas prestaciones de Ley, as\u00ed como Seguro de vida y gastos mayores cuando se ocupen coberturas de riesgo, demanda el Centro de Derechos Humanos Zeferino Ladrillero.\u00a0ESTADO DE M\u00c9XICO.- Para garantizar el eficiente ejercicio de la libertad de prensa bajo [&hellip;]\" \/>\n<meta property=\"og:url\" content=\"https:\/\/continuamosmx.com\/index.php\/2022\/02\/02\/urge-armonizar-acciones-de-proteccion-a-periodistas\/\" \/>\n<meta property=\"article:published_time\" content=\"2022-02-02T07:26:42+00:00\" \/>\n<meta name=\"author\" content=\"Continuamos MX\" \/>\n<meta name=\"twitter:card\" content=\"summary_large_image\" \/>\n<meta name=\"twitter:label1\" content=\"Escrito por\" \/>\n\t<meta name=\"twitter:data1\" content=\"Continuamos MX\" \/>\n\t<meta name=\"twitter:label2\" content=\"Tiempo de lectura\" \/>\n\t<meta name=\"twitter:data2\" content=\"3 minutos\" \/>\n<script type=\"application\/ld+json\" class=\"yoast-schema-graph\">{\"@context\":\"https:\\\/\\\/schema.org\",\"@graph\":[{\"@type\":\"Article\",\"@id\":\"https:\\\/\\\/continuamosmx.com\\\/index.php\\\/2022\\\/02\\\/02\\\/urge-armonizar-acciones-de-proteccion-a-periodistas\\\/#article\",\"isPartOf\":{\"@id\":\"https:\\\/\\\/continuamosmx.com\\\/index.php\\\/2022\\\/02\\\/02\\\/urge-armonizar-acciones-de-proteccion-a-periodistas\\\/\"},\"author\":{\"name\":\"Continuamos MX\",\"@id\":\"https:\\\/\\\/continuamosmx.com\\\/#\\\/schema\\\/person\\\/5eb5356acb1fad784da407d14f0e8d89\"},\"headline\":\"URGE ARMONIZAR ACCIONES DE PROTECCI\u00d3N A PERIODISTAS\",\"datePublished\":\"2022-02-02T07:26:42+00:00\",\"mainEntityOfPage\":{\"@id\":\"https:\\\/\\\/continuamosmx.com\\\/index.php\\\/2022\\\/02\\\/02\\\/urge-armonizar-acciones-de-proteccion-a-periodistas\\\/\"},\"wordCount\":593,\"publisher\":{\"@id\":\"https:\\\/\\\/continuamosmx.com\\\/#organization\"},\"image\":{\"@id\":\"https:\\\/\\\/continuamosmx.com\\\/index.php\\\/2022\\\/02\\\/02\\\/urge-armonizar-acciones-de-proteccion-a-periodistas\\\/#primaryimage\"},\"thumbnailUrl\":\"https:\\\/\\\/continuamosmx.com\\\/wp-content\\\/uploads\\\/2022\\\/02\\\/zefe.jpg\",\"articleSection\":[\"EDOMEX\"],\"inLanguage\":\"es\"},{\"@type\":\"WebPage\",\"@id\":\"https:\\\/\\\/continuamosmx.com\\\/index.php\\\/2022\\\/02\\\/02\\\/urge-armonizar-acciones-de-proteccion-a-periodistas\\\/\",\"url\":\"https:\\\/\\\/continuamosmx.com\\\/index.php\\\/2022\\\/02\\\/02\\\/urge-armonizar-acciones-de-proteccion-a-periodistas\\\/\",\"name\":\"URGE ARMONIZAR ACCIONES DE PROTECCI\u00d3N A PERIODISTAS -\",\"isPartOf\":{\"@id\":\"https:\\\/\\\/continuamosmx.com\\\/#website\"},\"primaryImageOfPage\":{\"@id\":\"https:\\\/\\\/continuamosmx.com\\\/index.php\\\/2022\\\/02\\\/02\\\/urge-armonizar-acciones-de-proteccion-a-periodistas\\\/#primaryimage\"},\"image\":{\"@id\":\"https:\\\/\\\/continuamosmx.com\\\/index.php\\\/2022\\\/02\\\/02\\\/urge-armonizar-acciones-de-proteccion-a-periodistas\\\/#primaryimage\"},\"thumbnailUrl\":\"https:\\\/\\\/continuamosmx.com\\\/wp-content\\\/uploads\\\/2022\\\/02\\\/zefe.jpg\",\"datePublished\":\"2022-02-02T07:26:42+00:00\",\"breadcrumb\":{\"@id\":\"https:\\\/\\\/continuamosmx.com\\\/index.php\\\/2022\\\/02\\\/02\\\/urge-armonizar-acciones-de-proteccion-a-periodistas\\\/#breadcrumb\"},\"inLanguage\":\"es\",\"potentialAction\":[{\"@type\":\"ReadAction\",\"target\":[\"https:\\\/\\\/continuamosmx.com\\\/index.php\\\/2022\\\/02\\\/02\\\/urge-armonizar-acciones-de-proteccion-a-periodistas\\\/\"]}]},{\"@type\":\"ImageObject\",\"inLanguage\":\"es\",\"@id\":\"https:\\\/\\\/continuamosmx.com\\\/index.php\\\/2022\\\/02\\\/02\\\/urge-armonizar-acciones-de-proteccion-a-periodistas\\\/#primaryimage\",\"url\":\"https:\\\/\\\/continuamosmx.com\\\/wp-content\\\/uploads\\\/2022\\\/02\\\/zefe.jpg\",\"contentUrl\":\"https:\\\/\\\/continuamosmx.com\\\/wp-content\\\/uploads\\\/2022\\\/02\\\/zefe.jpg\",\"width\":640,\"height\":426},{\"@type\":\"BreadcrumbList\",\"@id\":\"https:\\\/\\\/continuamosmx.com\\\/index.php\\\/2022\\\/02\\\/02\\\/urge-armonizar-acciones-de-proteccion-a-periodistas\\\/#breadcrumb\",\"itemListElement\":[{\"@type\":\"ListItem\",\"position\":1,\"name\":\"Inicio\",\"item\":\"https:\\\/\\\/continuamosmx.com\\\/\"},{\"@type\":\"ListItem\",\"position\":2,\"name\":\"URGE ARMONIZAR ACCIONES DE PROTECCI\u00d3N A PERIODISTAS\"}]},{\"@type\":\"WebSite\",\"@id\":\"https:\\\/\\\/continuamosmx.com\\\/#website\",\"url\":\"https:\\\/\\\/continuamosmx.com\\\/\",\"name\":\"www.continuamosmx.com\",\"description\":\"\",\"publisher\":{\"@id\":\"https:\\\/\\\/continuamosmx.com\\\/#organization\"},\"potentialAction\":[{\"@type\":\"SearchAction\",\"target\":{\"@type\":\"EntryPoint\",\"urlTemplate\":\"https:\\\/\\\/continuamosmx.com\\\/?s={search_term_string}\"},\"query-input\":{\"@type\":\"PropertyValueSpecification\",\"valueRequired\":true,\"valueName\":\"search_term_string\"}}],\"inLanguage\":\"es\"},{\"@type\":\"Organization\",\"@id\":\"https:\\\/\\\/continuamosmx.com\\\/#organization\",\"name\":\"ContinuamosMX\",\"url\":\"https:\\\/\\\/continuamosmx.com\\\/\",\"logo\":{\"@type\":\"ImageObject\",\"inLanguage\":\"es\",\"@id\":\"https:\\\/\\\/continuamosmx.com\\\/#\\\/schema\\\/logo\\\/image\\\/\",\"url\":\"https:\\\/\\\/continuamosmx.com\\\/wp-content\\\/uploads\\\/2023\\\/04\\\/cropped-LOGO-CONTI-NUEVO.png\",\"contentUrl\":\"https:\\\/\\\/continuamosmx.com\\\/wp-content\\\/uploads\\\/2023\\\/04\\\/cropped-LOGO-CONTI-NUEVO.png\",\"width\":1257,\"height\":430,\"caption\":\"ContinuamosMX\"},\"image\":{\"@id\":\"https:\\\/\\\/continuamosmx.com\\\/#\\\/schema\\\/logo\\\/image\\\/\"}},{\"@type\":\"Person\",\"@id\":\"https:\\\/\\\/continuamosmx.com\\\/#\\\/schema\\\/person\\\/5eb5356acb1fad784da407d14f0e8d89\",\"name\":\"Continuamos MX\",\"image\":{\"@type\":\"ImageObject\",\"inLanguage\":\"es\",\"@id\":\"https:\\\/\\\/secure.gravatar.com\\\/avatar\\\/30d4f9723476a15f4da34d35fb3501f08d2357016c76051c6a85c354c7489589?s=96&d=mm&r=g\",\"url\":\"https:\\\/\\\/secure.gravatar.com\\\/avatar\\\/30d4f9723476a15f4da34d35fb3501f08d2357016c76051c6a85c354c7489589?s=96&d=mm&r=g\",\"contentUrl\":\"https:\\\/\\\/secure.gravatar.com\\\/avatar\\\/30d4f9723476a15f4da34d35fb3501f08d2357016c76051c6a85c354c7489589?s=96&d=mm&r=g\",\"caption\":\"Continuamos MX\"},\"sameAs\":[\"http:\\\/\\\/www.continuamos.mx\"],\"url\":\"https:\\\/\\\/continuamosmx.com\\\/index.php\\\/author\\\/continuamos\\\/\"}]}<\/script>\n<!-- \/ Yoast SEO plugin. -->","yoast_head_json":{"title":"URGE ARMONIZAR ACCIONES DE PROTECCI\u00d3N A PERIODISTAS -","robots":{"index":"index","follow":"follow","max-snippet":"max-snippet:-1","max-image-preview":"max-image-preview:large","max-video-preview":"max-video-preview:-1"},"canonical":"https:\/\/continuamosmx.com\/index.php\/2022\/02\/02\/urge-armonizar-acciones-de-proteccion-a-periodistas\/","og_locale":"es_ES","og_type":"article","og_title":"URGE ARMONIZAR ACCIONES DE PROTECCI\u00d3N A PERIODISTAS -","og_description":".- El Estado mexicano debe homologar sus acciones de gobierno pues el periodista debe tener las m\u00ednimas prestaciones de Ley, as\u00ed como Seguro de vida y gastos mayores cuando se ocupen coberturas de riesgo, demanda el Centro de Derechos Humanos Zeferino Ladrillero.\u00a0ESTADO DE M\u00c9XICO.- Para garantizar el eficiente ejercicio de la libertad de prensa bajo [&hellip;]","og_url":"https:\/\/continuamosmx.com\/index.php\/2022\/02\/02\/urge-armonizar-acciones-de-proteccion-a-periodistas\/","article_published_time":"2022-02-02T07:26:42+00:00","author":"Continuamos MX","twitter_card":"summary_large_image","twitter_misc":{"Escrito por":"Continuamos MX","Tiempo de lectura":"3 minutos"},"schema":{"@context":"https:\/\/schema.org","@graph":[{"@type":"Article","@id":"https:\/\/continuamosmx.com\/index.php\/2022\/02\/02\/urge-armonizar-acciones-de-proteccion-a-periodistas\/#article","isPartOf":{"@id":"https:\/\/continuamosmx.com\/index.php\/2022\/02\/02\/urge-armonizar-acciones-de-proteccion-a-periodistas\/"},"author":{"name":"Continuamos MX","@id":"https:\/\/continuamosmx.com\/#\/schema\/person\/5eb5356acb1fad784da407d14f0e8d89"},"headline":"URGE ARMONIZAR ACCIONES DE PROTECCI\u00d3N A PERIODISTAS","datePublished":"2022-02-02T07:26:42+00:00","mainEntityOfPage":{"@id":"https:\/\/continuamosmx.com\/index.php\/2022\/02\/02\/urge-armonizar-acciones-de-proteccion-a-periodistas\/"},"wordCount":593,"publisher":{"@id":"https:\/\/continuamosmx.com\/#organization"},"image":{"@id":"https:\/\/continuamosmx.com\/index.php\/2022\/02\/02\/urge-armonizar-acciones-de-proteccion-a-periodistas\/#primaryimage"},"thumbnailUrl":"https:\/\/continuamosmx.com\/wp-content\/uploads\/2022\/02\/zefe.jpg","articleSection":["EDOMEX"],"inLanguage":"es"},{"@type":"WebPage","@id":"https:\/\/continuamosmx.com\/index.php\/2022\/02\/02\/urge-armonizar-acciones-de-proteccion-a-periodistas\/","url":"https:\/\/continuamosmx.com\/index.php\/2022\/02\/02\/urge-armonizar-acciones-de-proteccion-a-periodistas\/","name":"URGE ARMONIZAR ACCIONES DE PROTECCI\u00d3N A PERIODISTAS -","isPartOf":{"@id":"https:\/\/continuamosmx.com\/#website"},"primaryImageOfPage":{"@id":"https:\/\/continuamosmx.com\/index.php\/2022\/02\/02\/urge-armonizar-acciones-de-proteccion-a-periodistas\/#primaryimage"},"image":{"@id":"https:\/\/continuamosmx.com\/index.php\/2022\/02\/02\/urge-armonizar-acciones-de-proteccion-a-periodistas\/#primaryimage"},"thumbnailUrl":"https:\/\/continuamosmx.com\/wp-content\/uploads\/2022\/02\/zefe.jpg","datePublished":"2022-02-02T07:26:42+00:00","breadcrumb":{"@id":"https:\/\/continuamosmx.com\/index.php\/2022\/02\/02\/urge-armonizar-acciones-de-proteccion-a-periodistas\/#breadcrumb"},"inLanguage":"es","potentialAction":[{"@type":"ReadAction","target":["https:\/\/continuamosmx.com\/index.php\/2022\/02\/02\/urge-armonizar-acciones-de-proteccion-a-periodistas\/"]}]},{"@type":"ImageObject","inLanguage":"es","@id":"https:\/\/continuamosmx.com\/index.php\/2022\/02\/02\/urge-armonizar-acciones-de-proteccion-a-periodistas\/#primaryimage","url":"https:\/\/continuamosmx.com\/wp-content\/uploads\/2022\/02\/zefe.jpg","contentUrl":"https:\/\/continuamosmx.com\/wp-content\/uploads\/2022\/02\/zefe.jpg","width":640,"height":426},{"@type":"BreadcrumbList","@id":"https:\/\/continuamosmx.com\/index.php\/2022\/02\/02\/urge-armonizar-acciones-de-proteccion-a-periodistas\/#breadcrumb","itemListElement":[{"@type":"ListItem","position":1,"name":"Inicio","item":"https:\/\/continuamosmx.com\/"},{"@type":"ListItem","position":2,"name":"URGE ARMONIZAR ACCIONES DE PROTECCI\u00d3N A PERIODISTAS"}]},{"@type":"WebSite","@id":"https:\/\/continuamosmx.com\/#website","url":"https:\/\/continuamosmx.com\/","name":"www.continuamosmx.com","description":"","publisher":{"@id":"https:\/\/continuamosmx.com\/#organization"},"potentialAction":[{"@type":"SearchAction","target":{"@type":"EntryPoint","urlTemplate":"https:\/\/continuamosmx.com\/?s={search_term_string}"},"query-input":{"@type":"PropertyValueSpecification","valueRequired":true,"valueName":"search_term_string"}}],"inLanguage":"es"},{"@type":"Organization","@id":"https:\/\/continuamosmx.com\/#organization","name":"ContinuamosMX","url":"https:\/\/continuamosmx.com\/","logo":{"@type":"ImageObject","inLanguage":"es","@id":"https:\/\/continuamosmx.com\/#\/schema\/logo\/image\/","url":"https:\/\/continuamosmx.com\/wp-content\/uploads\/2023\/04\/cropped-LOGO-CONTI-NUEVO.png","contentUrl":"https:\/\/continuamosmx.com\/wp-content\/uploads\/2023\/04\/cropped-LOGO-CONTI-NUEVO.png","width":1257,"height":430,"caption":"ContinuamosMX"},"image":{"@id":"https:\/\/continuamosmx.com\/#\/schema\/logo\/image\/"}},{"@type":"Person","@id":"https:\/\/continuamosmx.com\/#\/schema\/person\/5eb5356acb1fad784da407d14f0e8d89","name":"Continuamos MX","image":{"@type":"ImageObject","inLanguage":"es","@id":"https:\/\/secure.gravatar.com\/avatar\/30d4f9723476a15f4da34d35fb3501f08d2357016c76051c6a85c354c7489589?s=96&d=mm&r=g","url":"https:\/\/secure.gravatar.com\/avatar\/30d4f9723476a15f4da34d35fb3501f08d2357016c76051c6a85c354c7489589?s=96&d=mm&r=g","contentUrl":"https:\/\/secure.gravatar.com\/avatar\/30d4f9723476a15f4da34d35fb3501f08d2357016c76051c6a85c354c7489589?s=96&d=mm&r=g","caption":"Continuamos MX"},"sameAs":["http:\/\/www.continuamos.mx"],"url":"https:\/\/continuamosmx.com\/index.php\/author\/continuamos\/"}]}},"_links":{"self":[{"href":"https:\/\/continuamosmx.com\/index.php\/wp-json\/wp\/v2\/posts\/33543","targetHints":{"allow":["GET"]}}],"collection":[{"href":"https:\/\/continuamosmx.com\/index.php\/wp-json\/wp\/v2\/posts"}],"about":[{"href":"https:\/\/continuamosmx.com\/index.php\/wp-json\/wp\/v2\/types\/post"}],"author":[{"embeddable":true,"href":"https:\/\/continuamosmx.com\/index.php\/wp-json\/wp\/v2\/users\/6"}],"replies":[{"embeddable":true,"href":"https:\/\/continuamosmx.com\/index.php\/wp-json\/wp\/v2\/comments?post=33543"}],"version-history":[{"count":0,"href":"https:\/\/continuamosmx.com\/index.php\/wp-json\/wp\/v2\/posts\/33543\/revisions"}],"wp:featuredmedia":[{"embeddable":true,"href":"https:\/\/continuamosmx.com\/index.php\/wp-json\/wp\/v2\/media\/33544"}],"wp:attachment":[{"href":"https:\/\/continuamosmx.com\/index.php\/wp-json\/wp\/v2\/media?parent=33543"}],"wp:term":[{"taxonomy":"category","embeddable":true,"href":"https:\/\/continuamosmx.com\/index.php\/wp-json\/wp\/v2\/categories?post=33543"},{"taxonomy":"post_tag","embeddable":true,"href":"https:\/\/continuamosmx.com\/index.php\/wp-json\/wp\/v2\/tags?post=33543"}],"curies":[{"name":"wp","href":"https:\/\/api.w.org\/{rel}","templated":true}]}}