{"id":33528,"date":"2022-02-02T07:03:16","date_gmt":"2022-02-02T07:03:16","guid":{"rendered":"https:\/\/continuamos.mx\/?p=33528"},"modified":"2022-02-02T07:03:16","modified_gmt":"2022-02-02T07:03:16","slug":"prd-edomex-con-capacidad-y-vanguardismo","status":"publish","type":"post","link":"https:\/\/continuamosmx.com\/index.php\/2022\/02\/02\/prd-edomex-con-capacidad-y-vanguardismo\/","title":{"rendered":"PRD EDOMEX CON CAPACIDAD Y VANGUARDISMO"},"content":{"rendered":"\n<p>.- <strong>Presenta Sol Azteca 26 iniciativas y ahora trabaja para su productividad.<\/strong><\/p>\n\n\n\n<p>.- La dirigencia estatal del PRD es pieza fundamental para las labores en todas las regiones de la entidad; negociaci\u00f3n, capacidad y vanguardia se respira en cada militante del PRD.<\/p>\n\n\n\n<p>ESTADO DE M\u00c9XICO.- Desde la LXI Legislatura del Estado de M\u00e9xico, los tres diputados del PRD trabajan con iniciativas a favor de las causas de las y los mexiquenses, las cuales quienes dieron a conocer en la Plenaria del Grupo Parlamentario del PRD.<\/p>\n\n\n\n<p>\u201cLos tres integrantes del PRD, \u00fanico y verdadero partido de izquierda que representa la lucha por las causas de la gente, trabajamos por los ideales del partido para dar mejores resultados\u201d, dijo Omar Ortega, coordinador de la bancada del Sol Azteca de la Legislatura mexiquense.<\/p>\n\n\n\n<p>En este Primer Periodo Legislativo, se constat\u00f3 el trabajo realizado con 26 iniciativas, trabajadas con base a las necesidades y el bienestar de los ciudadanos; temas como Matrimonio igualitario, Salud mental, Gobierno de coalici\u00f3n, Protecci\u00f3n y Atenci\u00f3n a las Mujeres, entre otras.<\/p>\n\n\n\n<p>\u201cTenemos un gran coordinador y sabe muy bien negociar; estoy segura que van a salir aprobadas las iniciativas, porque adem\u00e1s hacemos equipo con todos los representantes del PRD del directivo estatal\u201d, dijo la legisladora de la zona sur de la entidad, Elida Castel\u00e1n Mondrag\u00f3n.<\/p>\n\n\n\n<p>En tanto la diputada Viridiana Fuentes Cruz, se\u00f1al\u00f3 que marcan la agenda legislativa, con temas como la Ley vicaria; adem\u00e1s de exponer las iniciativas en diversas regiones para que los ciudadanos se sumen cada vez m\u00e1s al Sol Azteca.<\/p>\n\n\n\n<p>Ante el trabajo realizado desde el Congreso local, el presidente del partido estatal, Agust\u00edn Barrera Soriano reconoci\u00f3 las labores que realizan mismas que fortalecen y deja latente cu\u00e1l es la importancia del partido siempre a favor de las causas de la gente.<\/p>\n\n\n\n<p>El secretario general del PRD, Javier Rivera Escalona, secund\u00f3 la capacidad de los legisladores de su partido, quienes trabajan en todo momento.<\/p>\n\n\n\n<p>\u201cQueremos que el PRD tenga un trato a la altura de sus ideales y trabajo de este verdadero partido de izquierda, adem\u00e1s de dignificar las labores que cada perredista realiza en todas las representaciones del Sol Azteca, a todos los niveles de gobierno\u201d, coment\u00f3.<\/p>\n\n\n\n<p>En tanto, X\u00f3chitl Lim\u00f3n Pintado, Secretaria de Pol\u00edticas de Gobierno y Agenda Legislativa, enalteci\u00f3 el trabajo realizado por los tres legisladores.<\/p>\n\n\n\n<p>\u201cSon poquitos pero entrones y es de gran valor difundir todo el trabajo que hacen por y para los ciudadanos mexiquenses\u201d, dijo Lim\u00f3n Pintado.<\/p>\n","protected":false},"excerpt":{"rendered":"<p>.- Presenta Sol Azteca 26 iniciativas y ahora trabaja para su productividad. .- La dirigencia estatal del PRD es pieza fundamental para las labores en todas las regiones de la entidad; negociaci\u00f3n, capacidad y vanguardia se respira en cada militante del PRD. ESTADO DE M\u00c9XICO.- Desde la LXI Legislatura del Estado de M\u00e9xico, los tres [&hellip;]<\/p>\n","protected":false},"author":6,"featured_media":33529,"comment_status":"closed","ping_status":"open","sticky":false,"template":"","format":"standard","meta":{"footnotes":""},"categories":[2,3],"tags":[],"class_list":["post-33528","post","type-post","status-publish","format-standard","has-post-thumbnail","hentry","category-edomex","category-politica"],"yoast_head":"<!-- This site is optimized with the Yoast SEO plugin v27.5 - https:\/\/yoast.com\/product\/yoast-seo-wordpress\/ -->\n<title>PRD EDOMEX CON CAPACIDAD Y VANGUARDISMO -<\/title>\n<meta name=\"robots\" content=\"index, follow, max-snippet:-1, max-image-preview:large, max-video-preview:-1\" \/>\n<link rel=\"canonical\" href=\"https:\/\/continuamosmx.com\/index.php\/2022\/02\/02\/prd-edomex-con-capacidad-y-vanguardismo\/\" \/>\n<meta property=\"og:locale\" content=\"es_ES\" \/>\n<meta property=\"og:type\" content=\"article\" \/>\n<meta property=\"og:title\" content=\"PRD EDOMEX CON CAPACIDAD Y VANGUARDISMO -\" \/>\n<meta property=\"og:description\" content=\".- Presenta Sol Azteca 26 iniciativas y ahora trabaja para su productividad. .- La dirigencia estatal del PRD es pieza fundamental para las labores en todas las regiones de la entidad; negociaci\u00f3n, capacidad y vanguardia se respira en cada militante del PRD. ESTADO DE M\u00c9XICO.- Desde la LXI Legislatura del Estado de M\u00e9xico, los tres [&hellip;]\" \/>\n<meta property=\"og:url\" content=\"https:\/\/continuamosmx.com\/index.php\/2022\/02\/02\/prd-edomex-con-capacidad-y-vanguardismo\/\" \/>\n<meta property=\"article:published_time\" content=\"2022-02-02T07:03:16+00:00\" \/>\n<meta name=\"author\" content=\"Continuamos MX\" \/>\n<meta name=\"twitter:card\" content=\"summary_large_image\" \/>\n<meta name=\"twitter:label1\" content=\"Escrito por\" \/>\n\t<meta name=\"twitter:data1\" content=\"Continuamos MX\" \/>\n\t<meta name=\"twitter:label2\" content=\"Tiempo de lectura\" \/>\n\t<meta name=\"twitter:data2\" content=\"2 minutos\" \/>\n<script type=\"application\/ld+json\" class=\"yoast-schema-graph\">{\"@context\":\"https:\\\/\\\/schema.org\",\"@graph\":[{\"@type\":\"Article\",\"@id\":\"https:\\\/\\\/continuamosmx.com\\\/index.php\\\/2022\\\/02\\\/02\\\/prd-edomex-con-capacidad-y-vanguardismo\\\/#article\",\"isPartOf\":{\"@id\":\"https:\\\/\\\/continuamosmx.com\\\/index.php\\\/2022\\\/02\\\/02\\\/prd-edomex-con-capacidad-y-vanguardismo\\\/\"},\"author\":{\"name\":\"Continuamos MX\",\"@id\":\"https:\\\/\\\/continuamosmx.com\\\/#\\\/schema\\\/person\\\/5eb5356acb1fad784da407d14f0e8d89\"},\"headline\":\"PRD EDOMEX CON CAPACIDAD Y VANGUARDISMO\",\"datePublished\":\"2022-02-02T07:03:16+00:00\",\"mainEntityOfPage\":{\"@id\":\"https:\\\/\\\/continuamosmx.com\\\/index.php\\\/2022\\\/02\\\/02\\\/prd-edomex-con-capacidad-y-vanguardismo\\\/\"},\"wordCount\":432,\"publisher\":{\"@id\":\"https:\\\/\\\/continuamosmx.com\\\/#organization\"},\"image\":{\"@id\":\"https:\\\/\\\/continuamosmx.com\\\/index.php\\\/2022\\\/02\\\/02\\\/prd-edomex-con-capacidad-y-vanguardismo\\\/#primaryimage\"},\"thumbnailUrl\":\"https:\\\/\\\/continuamosmx.com\\\/wp-content\\\/uploads\\\/2022\\\/02\\\/prd.jpg\",\"articleSection\":[\"EDOMEX\",\"POL\u00cdTICA\"],\"inLanguage\":\"es\"},{\"@type\":\"WebPage\",\"@id\":\"https:\\\/\\\/continuamosmx.com\\\/index.php\\\/2022\\\/02\\\/02\\\/prd-edomex-con-capacidad-y-vanguardismo\\\/\",\"url\":\"https:\\\/\\\/continuamosmx.com\\\/index.php\\\/2022\\\/02\\\/02\\\/prd-edomex-con-capacidad-y-vanguardismo\\\/\",\"name\":\"PRD EDOMEX CON CAPACIDAD Y VANGUARDISMO -\",\"isPartOf\":{\"@id\":\"https:\\\/\\\/continuamosmx.com\\\/#website\"},\"primaryImageOfPage\":{\"@id\":\"https:\\\/\\\/continuamosmx.com\\\/index.php\\\/2022\\\/02\\\/02\\\/prd-edomex-con-capacidad-y-vanguardismo\\\/#primaryimage\"},\"image\":{\"@id\":\"https:\\\/\\\/continuamosmx.com\\\/index.php\\\/2022\\\/02\\\/02\\\/prd-edomex-con-capacidad-y-vanguardismo\\\/#primaryimage\"},\"thumbnailUrl\":\"https:\\\/\\\/continuamosmx.com\\\/wp-content\\\/uploads\\\/2022\\\/02\\\/prd.jpg\",\"datePublished\":\"2022-02-02T07:03:16+00:00\",\"breadcrumb\":{\"@id\":\"https:\\\/\\\/continuamosmx.com\\\/index.php\\\/2022\\\/02\\\/02\\\/prd-edomex-con-capacidad-y-vanguardismo\\\/#breadcrumb\"},\"inLanguage\":\"es\",\"potentialAction\":[{\"@type\":\"ReadAction\",\"target\":[\"https:\\\/\\\/continuamosmx.com\\\/index.php\\\/2022\\\/02\\\/02\\\/prd-edomex-con-capacidad-y-vanguardismo\\\/\"]}]},{\"@type\":\"ImageObject\",\"inLanguage\":\"es\",\"@id\":\"https:\\\/\\\/continuamosmx.com\\\/index.php\\\/2022\\\/02\\\/02\\\/prd-edomex-con-capacidad-y-vanguardismo\\\/#primaryimage\",\"url\":\"https:\\\/\\\/continuamosmx.com\\\/wp-content\\\/uploads\\\/2022\\\/02\\\/prd.jpg\",\"contentUrl\":\"https:\\\/\\\/continuamosmx.com\\\/wp-content\\\/uploads\\\/2022\\\/02\\\/prd.jpg\",\"width\":1600,\"height\":899},{\"@type\":\"BreadcrumbList\",\"@id\":\"https:\\\/\\\/continuamosmx.com\\\/index.php\\\/2022\\\/02\\\/02\\\/prd-edomex-con-capacidad-y-vanguardismo\\\/#breadcrumb\",\"itemListElement\":[{\"@type\":\"ListItem\",\"position\":1,\"name\":\"Inicio\",\"item\":\"https:\\\/\\\/continuamosmx.com\\\/\"},{\"@type\":\"ListItem\",\"position\":2,\"name\":\"PRD EDOMEX CON CAPACIDAD Y VANGUARDISMO\"}]},{\"@type\":\"WebSite\",\"@id\":\"https:\\\/\\\/continuamosmx.com\\\/#website\",\"url\":\"https:\\\/\\\/continuamosmx.com\\\/\",\"name\":\"www.continuamosmx.com\",\"description\":\"\",\"publisher\":{\"@id\":\"https:\\\/\\\/continuamosmx.com\\\/#organization\"},\"potentialAction\":[{\"@type\":\"SearchAction\",\"target\":{\"@type\":\"EntryPoint\",\"urlTemplate\":\"https:\\\/\\\/continuamosmx.com\\\/?s={search_term_string}\"},\"query-input\":{\"@type\":\"PropertyValueSpecification\",\"valueRequired\":true,\"valueName\":\"search_term_string\"}}],\"inLanguage\":\"es\"},{\"@type\":\"Organization\",\"@id\":\"https:\\\/\\\/continuamosmx.com\\\/#organization\",\"name\":\"ContinuamosMX\",\"url\":\"https:\\\/\\\/continuamosmx.com\\\/\",\"logo\":{\"@type\":\"ImageObject\",\"inLanguage\":\"es\",\"@id\":\"https:\\\/\\\/continuamosmx.com\\\/#\\\/schema\\\/logo\\\/image\\\/\",\"url\":\"https:\\\/\\\/continuamosmx.com\\\/wp-content\\\/uploads\\\/2023\\\/04\\\/cropped-LOGO-CONTI-NUEVO.png\",\"contentUrl\":\"https:\\\/\\\/continuamosmx.com\\\/wp-content\\\/uploads\\\/2023\\\/04\\\/cropped-LOGO-CONTI-NUEVO.png\",\"width\":1257,\"height\":430,\"caption\":\"ContinuamosMX\"},\"image\":{\"@id\":\"https:\\\/\\\/continuamosmx.com\\\/#\\\/schema\\\/logo\\\/image\\\/\"}},{\"@type\":\"Person\",\"@id\":\"https:\\\/\\\/continuamosmx.com\\\/#\\\/schema\\\/person\\\/5eb5356acb1fad784da407d14f0e8d89\",\"name\":\"Continuamos MX\",\"image\":{\"@type\":\"ImageObject\",\"inLanguage\":\"es\",\"@id\":\"https:\\\/\\\/secure.gravatar.com\\\/avatar\\\/30d4f9723476a15f4da34d35fb3501f08d2357016c76051c6a85c354c7489589?s=96&d=mm&r=g\",\"url\":\"https:\\\/\\\/secure.gravatar.com\\\/avatar\\\/30d4f9723476a15f4da34d35fb3501f08d2357016c76051c6a85c354c7489589?s=96&d=mm&r=g\",\"contentUrl\":\"https:\\\/\\\/secure.gravatar.com\\\/avatar\\\/30d4f9723476a15f4da34d35fb3501f08d2357016c76051c6a85c354c7489589?s=96&d=mm&r=g\",\"caption\":\"Continuamos MX\"},\"sameAs\":[\"http:\\\/\\\/www.continuamos.mx\"],\"url\":\"https:\\\/\\\/continuamosmx.com\\\/index.php\\\/author\\\/continuamos\\\/\"}]}<\/script>\n<!-- \/ Yoast SEO plugin. -->","yoast_head_json":{"title":"PRD EDOMEX CON CAPACIDAD Y VANGUARDISMO -","robots":{"index":"index","follow":"follow","max-snippet":"max-snippet:-1","max-image-preview":"max-image-preview:large","max-video-preview":"max-video-preview:-1"},"canonical":"https:\/\/continuamosmx.com\/index.php\/2022\/02\/02\/prd-edomex-con-capacidad-y-vanguardismo\/","og_locale":"es_ES","og_type":"article","og_title":"PRD EDOMEX CON CAPACIDAD Y VANGUARDISMO -","og_description":".- Presenta Sol Azteca 26 iniciativas y ahora trabaja para su productividad. .- La dirigencia estatal del PRD es pieza fundamental para las labores en todas las regiones de la entidad; negociaci\u00f3n, capacidad y vanguardia se respira en cada militante del PRD. ESTADO DE M\u00c9XICO.- Desde la LXI Legislatura del Estado de M\u00e9xico, los tres [&hellip;]","og_url":"https:\/\/continuamosmx.com\/index.php\/2022\/02\/02\/prd-edomex-con-capacidad-y-vanguardismo\/","article_published_time":"2022-02-02T07:03:16+00:00","author":"Continuamos MX","twitter_card":"summary_large_image","twitter_misc":{"Escrito por":"Continuamos MX","Tiempo de lectura":"2 minutos"},"schema":{"@context":"https:\/\/schema.org","@graph":[{"@type":"Article","@id":"https:\/\/continuamosmx.com\/index.php\/2022\/02\/02\/prd-edomex-con-capacidad-y-vanguardismo\/#article","isPartOf":{"@id":"https:\/\/continuamosmx.com\/index.php\/2022\/02\/02\/prd-edomex-con-capacidad-y-vanguardismo\/"},"author":{"name":"Continuamos MX","@id":"https:\/\/continuamosmx.com\/#\/schema\/person\/5eb5356acb1fad784da407d14f0e8d89"},"headline":"PRD EDOMEX CON CAPACIDAD Y VANGUARDISMO","datePublished":"2022-02-02T07:03:16+00:00","mainEntityOfPage":{"@id":"https:\/\/continuamosmx.com\/index.php\/2022\/02\/02\/prd-edomex-con-capacidad-y-vanguardismo\/"},"wordCount":432,"publisher":{"@id":"https:\/\/continuamosmx.com\/#organization"},"image":{"@id":"https:\/\/continuamosmx.com\/index.php\/2022\/02\/02\/prd-edomex-con-capacidad-y-vanguardismo\/#primaryimage"},"thumbnailUrl":"https:\/\/continuamosmx.com\/wp-content\/uploads\/2022\/02\/prd.jpg","articleSection":["EDOMEX","POL\u00cdTICA"],"inLanguage":"es"},{"@type":"WebPage","@id":"https:\/\/continuamosmx.com\/index.php\/2022\/02\/02\/prd-edomex-con-capacidad-y-vanguardismo\/","url":"https:\/\/continuamosmx.com\/index.php\/2022\/02\/02\/prd-edomex-con-capacidad-y-vanguardismo\/","name":"PRD EDOMEX CON CAPACIDAD Y VANGUARDISMO -","isPartOf":{"@id":"https:\/\/continuamosmx.com\/#website"},"primaryImageOfPage":{"@id":"https:\/\/continuamosmx.com\/index.php\/2022\/02\/02\/prd-edomex-con-capacidad-y-vanguardismo\/#primaryimage"},"image":{"@id":"https:\/\/continuamosmx.com\/index.php\/2022\/02\/02\/prd-edomex-con-capacidad-y-vanguardismo\/#primaryimage"},"thumbnailUrl":"https:\/\/continuamosmx.com\/wp-content\/uploads\/2022\/02\/prd.jpg","datePublished":"2022-02-02T07:03:16+00:00","breadcrumb":{"@id":"https:\/\/continuamosmx.com\/index.php\/2022\/02\/02\/prd-edomex-con-capacidad-y-vanguardismo\/#breadcrumb"},"inLanguage":"es","potentialAction":[{"@type":"ReadAction","target":["https:\/\/continuamosmx.com\/index.php\/2022\/02\/02\/prd-edomex-con-capacidad-y-vanguardismo\/"]}]},{"@type":"ImageObject","inLanguage":"es","@id":"https:\/\/continuamosmx.com\/index.php\/2022\/02\/02\/prd-edomex-con-capacidad-y-vanguardismo\/#primaryimage","url":"https:\/\/continuamosmx.com\/wp-content\/uploads\/2022\/02\/prd.jpg","contentUrl":"https:\/\/continuamosmx.com\/wp-content\/uploads\/2022\/02\/prd.jpg","width":1600,"height":899},{"@type":"BreadcrumbList","@id":"https:\/\/continuamosmx.com\/index.php\/2022\/02\/02\/prd-edomex-con-capacidad-y-vanguardismo\/#breadcrumb","itemListElement":[{"@type":"ListItem","position":1,"name":"Inicio","item":"https:\/\/continuamosmx.com\/"},{"@type":"ListItem","position":2,"name":"PRD EDOMEX CON CAPACIDAD Y VANGUARDISMO"}]},{"@type":"WebSite","@id":"https:\/\/continuamosmx.com\/#website","url":"https:\/\/continuamosmx.com\/","name":"www.continuamosmx.com","description":"","publisher":{"@id":"https:\/\/continuamosmx.com\/#organization"},"potentialAction":[{"@type":"SearchAction","target":{"@type":"EntryPoint","urlTemplate":"https:\/\/continuamosmx.com\/?s={search_term_string}"},"query-input":{"@type":"PropertyValueSpecification","valueRequired":true,"valueName":"search_term_string"}}],"inLanguage":"es"},{"@type":"Organization","@id":"https:\/\/continuamosmx.com\/#organization","name":"ContinuamosMX","url":"https:\/\/continuamosmx.com\/","logo":{"@type":"ImageObject","inLanguage":"es","@id":"https:\/\/continuamosmx.com\/#\/schema\/logo\/image\/","url":"https:\/\/continuamosmx.com\/wp-content\/uploads\/2023\/04\/cropped-LOGO-CONTI-NUEVO.png","contentUrl":"https:\/\/continuamosmx.com\/wp-content\/uploads\/2023\/04\/cropped-LOGO-CONTI-NUEVO.png","width":1257,"height":430,"caption":"ContinuamosMX"},"image":{"@id":"https:\/\/continuamosmx.com\/#\/schema\/logo\/image\/"}},{"@type":"Person","@id":"https:\/\/continuamosmx.com\/#\/schema\/person\/5eb5356acb1fad784da407d14f0e8d89","name":"Continuamos MX","image":{"@type":"ImageObject","inLanguage":"es","@id":"https:\/\/secure.gravatar.com\/avatar\/30d4f9723476a15f4da34d35fb3501f08d2357016c76051c6a85c354c7489589?s=96&d=mm&r=g","url":"https:\/\/secure.gravatar.com\/avatar\/30d4f9723476a15f4da34d35fb3501f08d2357016c76051c6a85c354c7489589?s=96&d=mm&r=g","contentUrl":"https:\/\/secure.gravatar.com\/avatar\/30d4f9723476a15f4da34d35fb3501f08d2357016c76051c6a85c354c7489589?s=96&d=mm&r=g","caption":"Continuamos MX"},"sameAs":["http:\/\/www.continuamos.mx"],"url":"https:\/\/continuamosmx.com\/index.php\/author\/continuamos\/"}]}},"_links":{"self":[{"href":"https:\/\/continuamosmx.com\/index.php\/wp-json\/wp\/v2\/posts\/33528","targetHints":{"allow":["GET"]}}],"collection":[{"href":"https:\/\/continuamosmx.com\/index.php\/wp-json\/wp\/v2\/posts"}],"about":[{"href":"https:\/\/continuamosmx.com\/index.php\/wp-json\/wp\/v2\/types\/post"}],"author":[{"embeddable":true,"href":"https:\/\/continuamosmx.com\/index.php\/wp-json\/wp\/v2\/users\/6"}],"replies":[{"embeddable":true,"href":"https:\/\/continuamosmx.com\/index.php\/wp-json\/wp\/v2\/comments?post=33528"}],"version-history":[{"count":0,"href":"https:\/\/continuamosmx.com\/index.php\/wp-json\/wp\/v2\/posts\/33528\/revisions"}],"wp:featuredmedia":[{"embeddable":true,"href":"https:\/\/continuamosmx.com\/index.php\/wp-json\/wp\/v2\/media\/33529"}],"wp:attachment":[{"href":"https:\/\/continuamosmx.com\/index.php\/wp-json\/wp\/v2\/media?parent=33528"}],"wp:term":[{"taxonomy":"category","embeddable":true,"href":"https:\/\/continuamosmx.com\/index.php\/wp-json\/wp\/v2\/categories?post=33528"},{"taxonomy":"post_tag","embeddable":true,"href":"https:\/\/continuamosmx.com\/index.php\/wp-json\/wp\/v2\/tags?post=33528"}],"curies":[{"name":"wp","href":"https:\/\/api.w.org\/{rel}","templated":true}]}}