{"id":33519,"date":"2022-02-02T06:48:50","date_gmt":"2022-02-02T06:48:50","guid":{"rendered":"https:\/\/continuamos.mx\/?p=33519"},"modified":"2022-02-02T06:48:50","modified_gmt":"2022-02-02T06:48:50","slug":"regidora-de-acolman-deja-al-pt-y-se-une-a-morena","status":"publish","type":"post","link":"https:\/\/continuamosmx.com\/index.php\/2022\/02\/02\/regidora-de-acolman-deja-al-pt-y-se-une-a-morena\/","title":{"rendered":"REGIDORA DE ACOLMAN DEJA AL PT Y SE UNE A MORENA"},"content":{"rendered":"\n<blockquote class=\"wp-block-quote is-layout-flow wp-block-quote-is-layout-flow\"><p>.- <strong>Rigoberto Cort\u00e9s Melgoza destaca la importancia de sumar liderazgos para cambiar el rumbo del Estado de M\u00e9xico.<\/strong><\/p><\/blockquote>\n\n\n\n<p>ACOLMAN, M\u00e9x.- \u201cMorena suma a un miembro m\u00e1s; sustancial en la transformaci\u00f3n de Acolman\u201d puntualiz\u00f3 el presidente municipal Rigoberto Cort\u00e9s Melgoza, luego de que la cuarta regidora, T\u00e9cnico Diana Manzano Galicia anunciara su retiro del Partido del Trabajo (PT).<\/p>\n\n\n\n<p>Reunidos en conferencia de prensa, la T\u00e9cnico Diana Manzano Galicia refiri\u00f3 que su incorporaci\u00f3n a las filas del Movimiento de Regeneraci\u00f3n Nacional (MORENA), se debe a que \u201clas pol\u00edticas sociales han cobrado impulso en el municipio, acciones que demuestran cual es la prioridad de este gobierno\u201d.<\/p>\n\n\n\n<p>Agradecida y reconociendo el cobijo pol\u00edtico del Licenciado Rigoberto Cort\u00e9s Melgoza, a quien asume como el l\u00edder pol\u00edtico de la regi\u00f3n, a\u00f1adi\u00f3 que se suma al esfuerzo de alcanzar la consolidaci\u00f3n del proyecto de Naci\u00f3n que encabeza el Presidente Andr\u00e9s Manuel L\u00f3pez Obrador.<\/p>\n\n\n\n<p>Complement\u00f3 que se mantendr\u00e1 en la transformaci\u00f3n de Acolman, impulsando la construcci\u00f3n de un municipio m\u00e1s justo y equitativo, donde primero se encuentren los que menos tienen. \u201cPor mi parte, desde el cabildo, como cuarta regidora impulsar\u00e9 las pol\u00edticas p\u00fablicas que induzcan a la transformaci\u00f3n del municipio de Acolman\u201d, puntualiz\u00f3.<\/p>\n\n\n\n<p>Tras darle la bienvenida reconociendo su valor para manifestar de manera p\u00fablica su incorporaci\u00f3n a las filas de MORENA, el mandatario local dijo que es tiempo de definiciones, \u201ctenemos en puerta un proyecto del Estado de M\u00e9xico y es importante sumar liderazgos, porque en breve cambiar\u00e1 de rumbo de la entidad\u201d<\/p>\n\n\n\n<p>Cabe destacar que, la Cuarta regidora y el edil estuvieron acompa\u00f1ados de la S\u00edndico Municipal, Lic. Blanca Guadalupe S\u00e1nchez Osorio y del Presidente Honorario del Sistema DIF Municipal, C.P. Osvaldo Cort\u00e9s Contreras.<\/p>\n","protected":false},"excerpt":{"rendered":"<p>.- Rigoberto Cort\u00e9s Melgoza destaca la importancia de sumar liderazgos para cambiar el rumbo del Estado de M\u00e9xico. ACOLMAN, M\u00e9x.- \u201cMorena suma a un miembro m\u00e1s; sustancial en la transformaci\u00f3n de Acolman\u201d puntualiz\u00f3 el presidente municipal Rigoberto Cort\u00e9s Melgoza, luego de que la cuarta regidora, T\u00e9cnico Diana Manzano Galicia anunciara su retiro del Partido del [&hellip;]<\/p>\n","protected":false},"author":6,"featured_media":33520,"comment_status":"closed","ping_status":"open","sticky":false,"template":"","format":"standard","meta":{"footnotes":""},"categories":[13,4,43,70],"tags":[],"class_list":["post-33519","post","type-post","status-publish","format-standard","has-post-thumbnail","hentry","category-acolman","category-locales","category-tenango-del-aire","category-teoloyucan"],"yoast_head":"<!-- This site is optimized with the Yoast SEO plugin v27.5 - https:\/\/yoast.com\/product\/yoast-seo-wordpress\/ -->\n<title>REGIDORA DE ACOLMAN DEJA AL PT Y SE UNE A MORENA -<\/title>\n<meta name=\"robots\" content=\"index, follow, max-snippet:-1, max-image-preview:large, max-video-preview:-1\" \/>\n<link rel=\"canonical\" href=\"https:\/\/continuamosmx.com\/index.php\/2022\/02\/02\/regidora-de-acolman-deja-al-pt-y-se-une-a-morena\/\" \/>\n<meta property=\"og:locale\" content=\"es_ES\" \/>\n<meta property=\"og:type\" content=\"article\" \/>\n<meta property=\"og:title\" content=\"REGIDORA DE ACOLMAN DEJA AL PT Y SE UNE A MORENA -\" \/>\n<meta property=\"og:description\" content=\".- Rigoberto Cort\u00e9s Melgoza destaca la importancia de sumar liderazgos para cambiar el rumbo del Estado de M\u00e9xico. ACOLMAN, M\u00e9x.- \u201cMorena suma a un miembro m\u00e1s; sustancial en la transformaci\u00f3n de Acolman\u201d puntualiz\u00f3 el presidente municipal Rigoberto Cort\u00e9s Melgoza, luego de que la cuarta regidora, T\u00e9cnico Diana Manzano Galicia anunciara su retiro del Partido del [&hellip;]\" \/>\n<meta property=\"og:url\" content=\"https:\/\/continuamosmx.com\/index.php\/2022\/02\/02\/regidora-de-acolman-deja-al-pt-y-se-une-a-morena\/\" \/>\n<meta property=\"article:published_time\" content=\"2022-02-02T06:48:50+00:00\" \/>\n<meta name=\"author\" content=\"Continuamos MX\" \/>\n<meta name=\"twitter:card\" content=\"summary_large_image\" \/>\n<meta name=\"twitter:label1\" content=\"Escrito por\" \/>\n\t<meta name=\"twitter:data1\" content=\"Continuamos MX\" \/>\n\t<meta name=\"twitter:label2\" content=\"Tiempo de lectura\" \/>\n\t<meta name=\"twitter:data2\" content=\"2 minutos\" \/>\n<script type=\"application\/ld+json\" class=\"yoast-schema-graph\">{\"@context\":\"https:\\\/\\\/schema.org\",\"@graph\":[{\"@type\":\"Article\",\"@id\":\"https:\\\/\\\/continuamosmx.com\\\/index.php\\\/2022\\\/02\\\/02\\\/regidora-de-acolman-deja-al-pt-y-se-une-a-morena\\\/#article\",\"isPartOf\":{\"@id\":\"https:\\\/\\\/continuamosmx.com\\\/index.php\\\/2022\\\/02\\\/02\\\/regidora-de-acolman-deja-al-pt-y-se-une-a-morena\\\/\"},\"author\":{\"name\":\"Continuamos MX\",\"@id\":\"https:\\\/\\\/continuamosmx.com\\\/#\\\/schema\\\/person\\\/5eb5356acb1fad784da407d14f0e8d89\"},\"headline\":\"REGIDORA DE ACOLMAN DEJA AL PT Y SE UNE A MORENA\",\"datePublished\":\"2022-02-02T06:48:50+00:00\",\"mainEntityOfPage\":{\"@id\":\"https:\\\/\\\/continuamosmx.com\\\/index.php\\\/2022\\\/02\\\/02\\\/regidora-de-acolman-deja-al-pt-y-se-une-a-morena\\\/\"},\"wordCount\":326,\"publisher\":{\"@id\":\"https:\\\/\\\/continuamosmx.com\\\/#organization\"},\"image\":{\"@id\":\"https:\\\/\\\/continuamosmx.com\\\/index.php\\\/2022\\\/02\\\/02\\\/regidora-de-acolman-deja-al-pt-y-se-une-a-morena\\\/#primaryimage\"},\"thumbnailUrl\":\"https:\\\/\\\/continuamosmx.com\\\/wp-content\\\/uploads\\\/2022\\\/02\\\/acolman.jpg\",\"articleSection\":[\"ACOLMAN\",\"LOCALES\",\"TENANGO DEL AIRE\",\"TEOLOYUCAN\"],\"inLanguage\":\"es\"},{\"@type\":\"WebPage\",\"@id\":\"https:\\\/\\\/continuamosmx.com\\\/index.php\\\/2022\\\/02\\\/02\\\/regidora-de-acolman-deja-al-pt-y-se-une-a-morena\\\/\",\"url\":\"https:\\\/\\\/continuamosmx.com\\\/index.php\\\/2022\\\/02\\\/02\\\/regidora-de-acolman-deja-al-pt-y-se-une-a-morena\\\/\",\"name\":\"REGIDORA DE ACOLMAN DEJA AL PT Y SE UNE A MORENA -\",\"isPartOf\":{\"@id\":\"https:\\\/\\\/continuamosmx.com\\\/#website\"},\"primaryImageOfPage\":{\"@id\":\"https:\\\/\\\/continuamosmx.com\\\/index.php\\\/2022\\\/02\\\/02\\\/regidora-de-acolman-deja-al-pt-y-se-une-a-morena\\\/#primaryimage\"},\"image\":{\"@id\":\"https:\\\/\\\/continuamosmx.com\\\/index.php\\\/2022\\\/02\\\/02\\\/regidora-de-acolman-deja-al-pt-y-se-une-a-morena\\\/#primaryimage\"},\"thumbnailUrl\":\"https:\\\/\\\/continuamosmx.com\\\/wp-content\\\/uploads\\\/2022\\\/02\\\/acolman.jpg\",\"datePublished\":\"2022-02-02T06:48:50+00:00\",\"breadcrumb\":{\"@id\":\"https:\\\/\\\/continuamosmx.com\\\/index.php\\\/2022\\\/02\\\/02\\\/regidora-de-acolman-deja-al-pt-y-se-une-a-morena\\\/#breadcrumb\"},\"inLanguage\":\"es\",\"potentialAction\":[{\"@type\":\"ReadAction\",\"target\":[\"https:\\\/\\\/continuamosmx.com\\\/index.php\\\/2022\\\/02\\\/02\\\/regidora-de-acolman-deja-al-pt-y-se-une-a-morena\\\/\"]}]},{\"@type\":\"ImageObject\",\"inLanguage\":\"es\",\"@id\":\"https:\\\/\\\/continuamosmx.com\\\/index.php\\\/2022\\\/02\\\/02\\\/regidora-de-acolman-deja-al-pt-y-se-une-a-morena\\\/#primaryimage\",\"url\":\"https:\\\/\\\/continuamosmx.com\\\/wp-content\\\/uploads\\\/2022\\\/02\\\/acolman.jpg\",\"contentUrl\":\"https:\\\/\\\/continuamosmx.com\\\/wp-content\\\/uploads\\\/2022\\\/02\\\/acolman.jpg\",\"width\":1280,\"height\":853},{\"@type\":\"BreadcrumbList\",\"@id\":\"https:\\\/\\\/continuamosmx.com\\\/index.php\\\/2022\\\/02\\\/02\\\/regidora-de-acolman-deja-al-pt-y-se-une-a-morena\\\/#breadcrumb\",\"itemListElement\":[{\"@type\":\"ListItem\",\"position\":1,\"name\":\"Inicio\",\"item\":\"https:\\\/\\\/continuamosmx.com\\\/\"},{\"@type\":\"ListItem\",\"position\":2,\"name\":\"REGIDORA DE ACOLMAN DEJA AL PT Y SE UNE A MORENA\"}]},{\"@type\":\"WebSite\",\"@id\":\"https:\\\/\\\/continuamosmx.com\\\/#website\",\"url\":\"https:\\\/\\\/continuamosmx.com\\\/\",\"name\":\"www.continuamosmx.com\",\"description\":\"\",\"publisher\":{\"@id\":\"https:\\\/\\\/continuamosmx.com\\\/#organization\"},\"potentialAction\":[{\"@type\":\"SearchAction\",\"target\":{\"@type\":\"EntryPoint\",\"urlTemplate\":\"https:\\\/\\\/continuamosmx.com\\\/?s={search_term_string}\"},\"query-input\":{\"@type\":\"PropertyValueSpecification\",\"valueRequired\":true,\"valueName\":\"search_term_string\"}}],\"inLanguage\":\"es\"},{\"@type\":\"Organization\",\"@id\":\"https:\\\/\\\/continuamosmx.com\\\/#organization\",\"name\":\"ContinuamosMX\",\"url\":\"https:\\\/\\\/continuamosmx.com\\\/\",\"logo\":{\"@type\":\"ImageObject\",\"inLanguage\":\"es\",\"@id\":\"https:\\\/\\\/continuamosmx.com\\\/#\\\/schema\\\/logo\\\/image\\\/\",\"url\":\"https:\\\/\\\/continuamosmx.com\\\/wp-content\\\/uploads\\\/2023\\\/04\\\/cropped-LOGO-CONTI-NUEVO.png\",\"contentUrl\":\"https:\\\/\\\/continuamosmx.com\\\/wp-content\\\/uploads\\\/2023\\\/04\\\/cropped-LOGO-CONTI-NUEVO.png\",\"width\":1257,\"height\":430,\"caption\":\"ContinuamosMX\"},\"image\":{\"@id\":\"https:\\\/\\\/continuamosmx.com\\\/#\\\/schema\\\/logo\\\/image\\\/\"}},{\"@type\":\"Person\",\"@id\":\"https:\\\/\\\/continuamosmx.com\\\/#\\\/schema\\\/person\\\/5eb5356acb1fad784da407d14f0e8d89\",\"name\":\"Continuamos MX\",\"image\":{\"@type\":\"ImageObject\",\"inLanguage\":\"es\",\"@id\":\"https:\\\/\\\/secure.gravatar.com\\\/avatar\\\/30d4f9723476a15f4da34d35fb3501f08d2357016c76051c6a85c354c7489589?s=96&d=mm&r=g\",\"url\":\"https:\\\/\\\/secure.gravatar.com\\\/avatar\\\/30d4f9723476a15f4da34d35fb3501f08d2357016c76051c6a85c354c7489589?s=96&d=mm&r=g\",\"contentUrl\":\"https:\\\/\\\/secure.gravatar.com\\\/avatar\\\/30d4f9723476a15f4da34d35fb3501f08d2357016c76051c6a85c354c7489589?s=96&d=mm&r=g\",\"caption\":\"Continuamos MX\"},\"sameAs\":[\"http:\\\/\\\/www.continuamos.mx\"],\"url\":\"https:\\\/\\\/continuamosmx.com\\\/index.php\\\/author\\\/continuamos\\\/\"}]}<\/script>\n<!-- \/ Yoast SEO plugin. -->","yoast_head_json":{"title":"REGIDORA DE ACOLMAN DEJA AL PT Y SE UNE A MORENA -","robots":{"index":"index","follow":"follow","max-snippet":"max-snippet:-1","max-image-preview":"max-image-preview:large","max-video-preview":"max-video-preview:-1"},"canonical":"https:\/\/continuamosmx.com\/index.php\/2022\/02\/02\/regidora-de-acolman-deja-al-pt-y-se-une-a-morena\/","og_locale":"es_ES","og_type":"article","og_title":"REGIDORA DE ACOLMAN DEJA AL PT Y SE UNE A MORENA -","og_description":".- Rigoberto Cort\u00e9s Melgoza destaca la importancia de sumar liderazgos para cambiar el rumbo del Estado de M\u00e9xico. ACOLMAN, M\u00e9x.- \u201cMorena suma a un miembro m\u00e1s; sustancial en la transformaci\u00f3n de Acolman\u201d puntualiz\u00f3 el presidente municipal Rigoberto Cort\u00e9s Melgoza, luego de que la cuarta regidora, T\u00e9cnico Diana Manzano Galicia anunciara su retiro del Partido del [&hellip;]","og_url":"https:\/\/continuamosmx.com\/index.php\/2022\/02\/02\/regidora-de-acolman-deja-al-pt-y-se-une-a-morena\/","article_published_time":"2022-02-02T06:48:50+00:00","author":"Continuamos MX","twitter_card":"summary_large_image","twitter_misc":{"Escrito por":"Continuamos MX","Tiempo de lectura":"2 minutos"},"schema":{"@context":"https:\/\/schema.org","@graph":[{"@type":"Article","@id":"https:\/\/continuamosmx.com\/index.php\/2022\/02\/02\/regidora-de-acolman-deja-al-pt-y-se-une-a-morena\/#article","isPartOf":{"@id":"https:\/\/continuamosmx.com\/index.php\/2022\/02\/02\/regidora-de-acolman-deja-al-pt-y-se-une-a-morena\/"},"author":{"name":"Continuamos MX","@id":"https:\/\/continuamosmx.com\/#\/schema\/person\/5eb5356acb1fad784da407d14f0e8d89"},"headline":"REGIDORA DE ACOLMAN DEJA AL PT Y SE UNE A MORENA","datePublished":"2022-02-02T06:48:50+00:00","mainEntityOfPage":{"@id":"https:\/\/continuamosmx.com\/index.php\/2022\/02\/02\/regidora-de-acolman-deja-al-pt-y-se-une-a-morena\/"},"wordCount":326,"publisher":{"@id":"https:\/\/continuamosmx.com\/#organization"},"image":{"@id":"https:\/\/continuamosmx.com\/index.php\/2022\/02\/02\/regidora-de-acolman-deja-al-pt-y-se-une-a-morena\/#primaryimage"},"thumbnailUrl":"https:\/\/continuamosmx.com\/wp-content\/uploads\/2022\/02\/acolman.jpg","articleSection":["ACOLMAN","LOCALES","TENANGO DEL AIRE","TEOLOYUCAN"],"inLanguage":"es"},{"@type":"WebPage","@id":"https:\/\/continuamosmx.com\/index.php\/2022\/02\/02\/regidora-de-acolman-deja-al-pt-y-se-une-a-morena\/","url":"https:\/\/continuamosmx.com\/index.php\/2022\/02\/02\/regidora-de-acolman-deja-al-pt-y-se-une-a-morena\/","name":"REGIDORA DE ACOLMAN DEJA AL PT Y SE UNE A MORENA -","isPartOf":{"@id":"https:\/\/continuamosmx.com\/#website"},"primaryImageOfPage":{"@id":"https:\/\/continuamosmx.com\/index.php\/2022\/02\/02\/regidora-de-acolman-deja-al-pt-y-se-une-a-morena\/#primaryimage"},"image":{"@id":"https:\/\/continuamosmx.com\/index.php\/2022\/02\/02\/regidora-de-acolman-deja-al-pt-y-se-une-a-morena\/#primaryimage"},"thumbnailUrl":"https:\/\/continuamosmx.com\/wp-content\/uploads\/2022\/02\/acolman.jpg","datePublished":"2022-02-02T06:48:50+00:00","breadcrumb":{"@id":"https:\/\/continuamosmx.com\/index.php\/2022\/02\/02\/regidora-de-acolman-deja-al-pt-y-se-une-a-morena\/#breadcrumb"},"inLanguage":"es","potentialAction":[{"@type":"ReadAction","target":["https:\/\/continuamosmx.com\/index.php\/2022\/02\/02\/regidora-de-acolman-deja-al-pt-y-se-une-a-morena\/"]}]},{"@type":"ImageObject","inLanguage":"es","@id":"https:\/\/continuamosmx.com\/index.php\/2022\/02\/02\/regidora-de-acolman-deja-al-pt-y-se-une-a-morena\/#primaryimage","url":"https:\/\/continuamosmx.com\/wp-content\/uploads\/2022\/02\/acolman.jpg","contentUrl":"https:\/\/continuamosmx.com\/wp-content\/uploads\/2022\/02\/acolman.jpg","width":1280,"height":853},{"@type":"BreadcrumbList","@id":"https:\/\/continuamosmx.com\/index.php\/2022\/02\/02\/regidora-de-acolman-deja-al-pt-y-se-une-a-morena\/#breadcrumb","itemListElement":[{"@type":"ListItem","position":1,"name":"Inicio","item":"https:\/\/continuamosmx.com\/"},{"@type":"ListItem","position":2,"name":"REGIDORA DE ACOLMAN DEJA AL PT Y SE UNE A MORENA"}]},{"@type":"WebSite","@id":"https:\/\/continuamosmx.com\/#website","url":"https:\/\/continuamosmx.com\/","name":"www.continuamosmx.com","description":"","publisher":{"@id":"https:\/\/continuamosmx.com\/#organization"},"potentialAction":[{"@type":"SearchAction","target":{"@type":"EntryPoint","urlTemplate":"https:\/\/continuamosmx.com\/?s={search_term_string}"},"query-input":{"@type":"PropertyValueSpecification","valueRequired":true,"valueName":"search_term_string"}}],"inLanguage":"es"},{"@type":"Organization","@id":"https:\/\/continuamosmx.com\/#organization","name":"ContinuamosMX","url":"https:\/\/continuamosmx.com\/","logo":{"@type":"ImageObject","inLanguage":"es","@id":"https:\/\/continuamosmx.com\/#\/schema\/logo\/image\/","url":"https:\/\/continuamosmx.com\/wp-content\/uploads\/2023\/04\/cropped-LOGO-CONTI-NUEVO.png","contentUrl":"https:\/\/continuamosmx.com\/wp-content\/uploads\/2023\/04\/cropped-LOGO-CONTI-NUEVO.png","width":1257,"height":430,"caption":"ContinuamosMX"},"image":{"@id":"https:\/\/continuamosmx.com\/#\/schema\/logo\/image\/"}},{"@type":"Person","@id":"https:\/\/continuamosmx.com\/#\/schema\/person\/5eb5356acb1fad784da407d14f0e8d89","name":"Continuamos MX","image":{"@type":"ImageObject","inLanguage":"es","@id":"https:\/\/secure.gravatar.com\/avatar\/30d4f9723476a15f4da34d35fb3501f08d2357016c76051c6a85c354c7489589?s=96&d=mm&r=g","url":"https:\/\/secure.gravatar.com\/avatar\/30d4f9723476a15f4da34d35fb3501f08d2357016c76051c6a85c354c7489589?s=96&d=mm&r=g","contentUrl":"https:\/\/secure.gravatar.com\/avatar\/30d4f9723476a15f4da34d35fb3501f08d2357016c76051c6a85c354c7489589?s=96&d=mm&r=g","caption":"Continuamos MX"},"sameAs":["http:\/\/www.continuamos.mx"],"url":"https:\/\/continuamosmx.com\/index.php\/author\/continuamos\/"}]}},"_links":{"self":[{"href":"https:\/\/continuamosmx.com\/index.php\/wp-json\/wp\/v2\/posts\/33519","targetHints":{"allow":["GET"]}}],"collection":[{"href":"https:\/\/continuamosmx.com\/index.php\/wp-json\/wp\/v2\/posts"}],"about":[{"href":"https:\/\/continuamosmx.com\/index.php\/wp-json\/wp\/v2\/types\/post"}],"author":[{"embeddable":true,"href":"https:\/\/continuamosmx.com\/index.php\/wp-json\/wp\/v2\/users\/6"}],"replies":[{"embeddable":true,"href":"https:\/\/continuamosmx.com\/index.php\/wp-json\/wp\/v2\/comments?post=33519"}],"version-history":[{"count":0,"href":"https:\/\/continuamosmx.com\/index.php\/wp-json\/wp\/v2\/posts\/33519\/revisions"}],"wp:featuredmedia":[{"embeddable":true,"href":"https:\/\/continuamosmx.com\/index.php\/wp-json\/wp\/v2\/media\/33520"}],"wp:attachment":[{"href":"https:\/\/continuamosmx.com\/index.php\/wp-json\/wp\/v2\/media?parent=33519"}],"wp:term":[{"taxonomy":"category","embeddable":true,"href":"https:\/\/continuamosmx.com\/index.php\/wp-json\/wp\/v2\/categories?post=33519"},{"taxonomy":"post_tag","embeddable":true,"href":"https:\/\/continuamosmx.com\/index.php\/wp-json\/wp\/v2\/tags?post=33519"}],"curies":[{"name":"wp","href":"https:\/\/api.w.org\/{rel}","templated":true}]}}