{"id":33499,"date":"2022-02-01T14:38:28","date_gmt":"2022-02-01T14:38:28","guid":{"rendered":"https:\/\/continuamos.mx\/?p=33499"},"modified":"2022-02-01T14:38:28","modified_gmt":"2022-02-01T14:38:28","slug":"grupo-parlamentario-de-accion-nacional-presenta-su-agenda-legislativa-para-edomex","status":"publish","type":"post","link":"https:\/\/continuamosmx.com\/index.php\/2022\/02\/01\/grupo-parlamentario-de-accion-nacional-presenta-su-agenda-legislativa-para-edomex\/","title":{"rendered":"GRUPO PARLAMENTARIO DE ACCI\u00d3N NACIONAL PRESENTA SU AGENDA LEGISLATIVA PARA EDOMEX"},"content":{"rendered":"\n<p>.-\u00a0<strong>Es un plan rector que pone en el centro a las y los mexiquenses generando pol\u00edticas p\u00fablicas innovadoras que abonen al bienestar de los habitantes del Estado de M\u00e9xico.<\/strong><\/p>\n\n\n\n<p>ESTADO DE M\u00c9XICO.- Seguridad y Justicia; Salud; Educaci\u00f3n; Grupos Vulnerables; Agua y Medio Ambiente, as\u00ed como derechos pol\u00edticos y electorales de las y los mexiquenses, forman parte de la agenda que trabajaran los Diputados de la fracci\u00f3n parlamentaria del PAN en el Congreso del Estado de M\u00e9xico, en este segundo periodo ordinario de sesiones de la LXI Legislatura<\/p>\n\n\n\n<p>Encabezados por el coordinador del grupo parlamentario de Acci\u00f3n Nacional en el Congreso del Estado de M\u00e9xico, Enrique Vargas del Villar, la diputada Ingrid Schemelensky Castro, dijo que se trata de un plan rector que pone en el centro a las familias mexiquenses con pol\u00edticas p\u00fablicas innovadoras y de trascendencia social.<\/p>\n\n\n\n<p>En el tema de salud se busca fortalecer los servicios m\u00e9dicos e infraestructura para que el Estado se encuentre a la altura de las circunstancias y necesidades de la poblaci\u00f3n que requiere de un servicio de salud gratuito y de calidad para ni\u00f1os, ni\u00f1as y adolescentes; atenci\u00f3n integral al c\u00e1ncer de mama, as\u00ed como la realizaci\u00f3n de mesas de trabajo con las dependencias de salud federal y estatal por el tema covid 19.<\/p>\n\n\n\n<p>Tambi\u00e9n incluye exhortar al gobierno estatal para generar acciones en favor de la educaci\u00f3n para la salud; fomentar la correcta disposici\u00f3n de colillas y residuos de producto de tabaco, as\u00ed como su recolecci\u00f3n, reciclaje y uso, as\u00ed como atender el derecho humano a la salud de las personas con diabetes mellitus.<\/p>\n\n\n\n<p>En el tema de seguridad se impulsar\u00e1n sanciones a facilitadores de armas a menores; increment\u00f3 de penas al delito de incumplimiento de obligaciones; imprescriptibilidad de delitos de naturaleza sexual infantil; aumentar la pena en el delito de sustracci\u00f3n de hijos e impulsar una reparaci\u00f3n de da\u00f1o en el delito de robo de celulares.<\/p>\n\n\n\n<p>El coordinador parlamentario de Acci\u00f3n Nacional, Enrique Vargas del Villar, record\u00f3 que la seguridad es la exigencia n\u00famero uno de la ciudadan\u00eda, y en el caso de la entidad, dijo, son los municipios que gobern\u00f3 Morena los que tienen los mayores \u00edndices delictivos, adem\u00e1s de la falta de recursos y equipamiento. Tema que desde el Congreso se enfrentar\u00e1.<\/p>\n\n\n\n<p>En lo referente al tema educativo, se promover\u00e1 la educaci\u00f3n digital entre personal docente, padres de familia y estudiantes, a ra\u00edz de las nuevas formas de aprendizaje que provoc\u00f3 la llegada del SARS-COV-2 que puso en evidencia la falta de capacidad para que todos los estudiantes pudieran acceder a sus clases mediante las tecnolog\u00edas de la informaci\u00f3n. Por ello los Diputados de Acci\u00f3n Nacional, dise\u00f1ar\u00e1 pol\u00edticas p\u00fablicas para que ning\u00fan alumno abandone sus estudios por falta de herramientas digitales.<\/p>\n\n\n\n<p>Otro de los temas que impulsar\u00e1 Acci\u00f3n Nacional, ser\u00e1 mejorar las condiciones de vida y desarrollo de los grupos vulnerables, por ello se buscar\u00e1 asegurar la certificaci\u00f3n de Procuradores de Protecci\u00f3n de Derechos de las ni\u00f1as, ni\u00f1os y adolescentes Estatal y municipales; brindar protecci\u00f3n patrimonial a las mujeres agredidas; garantizar el derecho a una menstruaci\u00f3n digna; promover acciones afirmativas en favor de la mujer a trav\u00e9s de la certificaci\u00f3n de servidores p\u00fablicos y fortalecer la integraci\u00f3n del Sistema Estatal de Protecci\u00f3n Integral considerando al Instituto de la Juventud, entre otras.<\/p>\n\n\n\n<p>En cuanto al tema de Agua y Medio Ambiente, el albiazul fortalecer\u00e1 la recolecci\u00f3n, almacenamiento y aprovechamiento de agua de lluvia; promover la instalaci\u00f3n de sistemas de captaci\u00f3n de agua pluvial en todos los edificios de gobierno y establecer acciones que protejan a personas defensoras del medio ambiente.<\/p>\n\n\n\n<p>Finalmente, en lo referente a derechos pol\u00edticos y electorales, Acci\u00f3n Nacional propondr\u00e1 que las y los mexiquenses en el exterior puedan votar por voto postal o por Internet.<\/p>\n","protected":false},"excerpt":{"rendered":"<p>.-\u00a0Es un plan rector que pone en el centro a las y los mexiquenses generando pol\u00edticas p\u00fablicas innovadoras que abonen al bienestar de los habitantes del Estado de M\u00e9xico. ESTADO DE M\u00c9XICO.- Seguridad y Justicia; Salud; Educaci\u00f3n; Grupos Vulnerables; Agua y Medio Ambiente, as\u00ed como derechos pol\u00edticos y electorales de las y los mexiquenses, forman [&hellip;]<\/p>\n","protected":false},"author":6,"featured_media":33500,"comment_status":"closed","ping_status":"open","sticky":false,"template":"","format":"standard","meta":{"footnotes":""},"categories":[2],"tags":[],"class_list":["post-33499","post","type-post","status-publish","format-standard","has-post-thumbnail","hentry","category-edomex"],"yoast_head":"<!-- This site is optimized with the Yoast SEO plugin v27.5 - https:\/\/yoast.com\/product\/yoast-seo-wordpress\/ -->\n<title>GRUPO PARLAMENTARIO DE ACCI\u00d3N NACIONAL PRESENTA SU AGENDA LEGISLATIVA PARA EDOMEX -<\/title>\n<meta name=\"robots\" content=\"index, follow, max-snippet:-1, max-image-preview:large, max-video-preview:-1\" \/>\n<link rel=\"canonical\" href=\"https:\/\/continuamosmx.com\/index.php\/2022\/02\/01\/grupo-parlamentario-de-accion-nacional-presenta-su-agenda-legislativa-para-edomex\/\" \/>\n<meta property=\"og:locale\" content=\"es_ES\" \/>\n<meta property=\"og:type\" content=\"article\" \/>\n<meta property=\"og:title\" content=\"GRUPO PARLAMENTARIO DE ACCI\u00d3N NACIONAL PRESENTA SU AGENDA LEGISLATIVA PARA EDOMEX -\" \/>\n<meta property=\"og:description\" content=\".-\u00a0Es un plan rector que pone en el centro a las y los mexiquenses generando pol\u00edticas p\u00fablicas innovadoras que abonen al bienestar de los habitantes del Estado de M\u00e9xico. ESTADO DE M\u00c9XICO.- Seguridad y Justicia; Salud; Educaci\u00f3n; Grupos Vulnerables; Agua y Medio Ambiente, as\u00ed como derechos pol\u00edticos y electorales de las y los mexiquenses, forman [&hellip;]\" \/>\n<meta property=\"og:url\" content=\"https:\/\/continuamosmx.com\/index.php\/2022\/02\/01\/grupo-parlamentario-de-accion-nacional-presenta-su-agenda-legislativa-para-edomex\/\" \/>\n<meta property=\"article:published_time\" content=\"2022-02-01T14:38:28+00:00\" \/>\n<meta name=\"author\" content=\"Continuamos MX\" \/>\n<meta name=\"twitter:card\" content=\"summary_large_image\" \/>\n<meta name=\"twitter:label1\" content=\"Escrito por\" \/>\n\t<meta name=\"twitter:data1\" content=\"Continuamos MX\" \/>\n\t<meta name=\"twitter:label2\" content=\"Tiempo de lectura\" \/>\n\t<meta name=\"twitter:data2\" content=\"3 minutos\" \/>\n<script type=\"application\/ld+json\" class=\"yoast-schema-graph\">{\"@context\":\"https:\\\/\\\/schema.org\",\"@graph\":[{\"@type\":\"Article\",\"@id\":\"https:\\\/\\\/continuamosmx.com\\\/index.php\\\/2022\\\/02\\\/01\\\/grupo-parlamentario-de-accion-nacional-presenta-su-agenda-legislativa-para-edomex\\\/#article\",\"isPartOf\":{\"@id\":\"https:\\\/\\\/continuamosmx.com\\\/index.php\\\/2022\\\/02\\\/01\\\/grupo-parlamentario-de-accion-nacional-presenta-su-agenda-legislativa-para-edomex\\\/\"},\"author\":{\"name\":\"Continuamos MX\",\"@id\":\"https:\\\/\\\/continuamosmx.com\\\/#\\\/schema\\\/person\\\/5eb5356acb1fad784da407d14f0e8d89\"},\"headline\":\"GRUPO PARLAMENTARIO DE ACCI\u00d3N NACIONAL PRESENTA SU AGENDA LEGISLATIVA PARA EDOMEX\",\"datePublished\":\"2022-02-01T14:38:28+00:00\",\"mainEntityOfPage\":{\"@id\":\"https:\\\/\\\/continuamosmx.com\\\/index.php\\\/2022\\\/02\\\/01\\\/grupo-parlamentario-de-accion-nacional-presenta-su-agenda-legislativa-para-edomex\\\/\"},\"wordCount\":688,\"publisher\":{\"@id\":\"https:\\\/\\\/continuamosmx.com\\\/#organization\"},\"image\":{\"@id\":\"https:\\\/\\\/continuamosmx.com\\\/index.php\\\/2022\\\/02\\\/01\\\/grupo-parlamentario-de-accion-nacional-presenta-su-agenda-legislativa-para-edomex\\\/#primaryimage\"},\"thumbnailUrl\":\"https:\\\/\\\/continuamosmx.com\\\/wp-content\\\/uploads\\\/2022\\\/02\\\/6AFD01C4-37AA-4C05-9D35-F886E5DF99B6.jpeg\",\"articleSection\":[\"EDOMEX\"],\"inLanguage\":\"es\"},{\"@type\":\"WebPage\",\"@id\":\"https:\\\/\\\/continuamosmx.com\\\/index.php\\\/2022\\\/02\\\/01\\\/grupo-parlamentario-de-accion-nacional-presenta-su-agenda-legislativa-para-edomex\\\/\",\"url\":\"https:\\\/\\\/continuamosmx.com\\\/index.php\\\/2022\\\/02\\\/01\\\/grupo-parlamentario-de-accion-nacional-presenta-su-agenda-legislativa-para-edomex\\\/\",\"name\":\"GRUPO PARLAMENTARIO DE ACCI\u00d3N NACIONAL PRESENTA SU AGENDA LEGISLATIVA PARA EDOMEX -\",\"isPartOf\":{\"@id\":\"https:\\\/\\\/continuamosmx.com\\\/#website\"},\"primaryImageOfPage\":{\"@id\":\"https:\\\/\\\/continuamosmx.com\\\/index.php\\\/2022\\\/02\\\/01\\\/grupo-parlamentario-de-accion-nacional-presenta-su-agenda-legislativa-para-edomex\\\/#primaryimage\"},\"image\":{\"@id\":\"https:\\\/\\\/continuamosmx.com\\\/index.php\\\/2022\\\/02\\\/01\\\/grupo-parlamentario-de-accion-nacional-presenta-su-agenda-legislativa-para-edomex\\\/#primaryimage\"},\"thumbnailUrl\":\"https:\\\/\\\/continuamosmx.com\\\/wp-content\\\/uploads\\\/2022\\\/02\\\/6AFD01C4-37AA-4C05-9D35-F886E5DF99B6.jpeg\",\"datePublished\":\"2022-02-01T14:38:28+00:00\",\"breadcrumb\":{\"@id\":\"https:\\\/\\\/continuamosmx.com\\\/index.php\\\/2022\\\/02\\\/01\\\/grupo-parlamentario-de-accion-nacional-presenta-su-agenda-legislativa-para-edomex\\\/#breadcrumb\"},\"inLanguage\":\"es\",\"potentialAction\":[{\"@type\":\"ReadAction\",\"target\":[\"https:\\\/\\\/continuamosmx.com\\\/index.php\\\/2022\\\/02\\\/01\\\/grupo-parlamentario-de-accion-nacional-presenta-su-agenda-legislativa-para-edomex\\\/\"]}]},{\"@type\":\"ImageObject\",\"inLanguage\":\"es\",\"@id\":\"https:\\\/\\\/continuamosmx.com\\\/index.php\\\/2022\\\/02\\\/01\\\/grupo-parlamentario-de-accion-nacional-presenta-su-agenda-legislativa-para-edomex\\\/#primaryimage\",\"url\":\"https:\\\/\\\/continuamosmx.com\\\/wp-content\\\/uploads\\\/2022\\\/02\\\/6AFD01C4-37AA-4C05-9D35-F886E5DF99B6.jpeg\",\"contentUrl\":\"https:\\\/\\\/continuamosmx.com\\\/wp-content\\\/uploads\\\/2022\\\/02\\\/6AFD01C4-37AA-4C05-9D35-F886E5DF99B6.jpeg\",\"width\":1280,\"height\":855},{\"@type\":\"BreadcrumbList\",\"@id\":\"https:\\\/\\\/continuamosmx.com\\\/index.php\\\/2022\\\/02\\\/01\\\/grupo-parlamentario-de-accion-nacional-presenta-su-agenda-legislativa-para-edomex\\\/#breadcrumb\",\"itemListElement\":[{\"@type\":\"ListItem\",\"position\":1,\"name\":\"Inicio\",\"item\":\"https:\\\/\\\/continuamosmx.com\\\/\"},{\"@type\":\"ListItem\",\"position\":2,\"name\":\"GRUPO PARLAMENTARIO DE ACCI\u00d3N NACIONAL PRESENTA SU AGENDA LEGISLATIVA PARA EDOMEX\"}]},{\"@type\":\"WebSite\",\"@id\":\"https:\\\/\\\/continuamosmx.com\\\/#website\",\"url\":\"https:\\\/\\\/continuamosmx.com\\\/\",\"name\":\"www.continuamosmx.com\",\"description\":\"\",\"publisher\":{\"@id\":\"https:\\\/\\\/continuamosmx.com\\\/#organization\"},\"potentialAction\":[{\"@type\":\"SearchAction\",\"target\":{\"@type\":\"EntryPoint\",\"urlTemplate\":\"https:\\\/\\\/continuamosmx.com\\\/?s={search_term_string}\"},\"query-input\":{\"@type\":\"PropertyValueSpecification\",\"valueRequired\":true,\"valueName\":\"search_term_string\"}}],\"inLanguage\":\"es\"},{\"@type\":\"Organization\",\"@id\":\"https:\\\/\\\/continuamosmx.com\\\/#organization\",\"name\":\"ContinuamosMX\",\"url\":\"https:\\\/\\\/continuamosmx.com\\\/\",\"logo\":{\"@type\":\"ImageObject\",\"inLanguage\":\"es\",\"@id\":\"https:\\\/\\\/continuamosmx.com\\\/#\\\/schema\\\/logo\\\/image\\\/\",\"url\":\"https:\\\/\\\/continuamosmx.com\\\/wp-content\\\/uploads\\\/2023\\\/04\\\/cropped-LOGO-CONTI-NUEVO.png\",\"contentUrl\":\"https:\\\/\\\/continuamosmx.com\\\/wp-content\\\/uploads\\\/2023\\\/04\\\/cropped-LOGO-CONTI-NUEVO.png\",\"width\":1257,\"height\":430,\"caption\":\"ContinuamosMX\"},\"image\":{\"@id\":\"https:\\\/\\\/continuamosmx.com\\\/#\\\/schema\\\/logo\\\/image\\\/\"}},{\"@type\":\"Person\",\"@id\":\"https:\\\/\\\/continuamosmx.com\\\/#\\\/schema\\\/person\\\/5eb5356acb1fad784da407d14f0e8d89\",\"name\":\"Continuamos MX\",\"image\":{\"@type\":\"ImageObject\",\"inLanguage\":\"es\",\"@id\":\"https:\\\/\\\/secure.gravatar.com\\\/avatar\\\/30d4f9723476a15f4da34d35fb3501f08d2357016c76051c6a85c354c7489589?s=96&d=mm&r=g\",\"url\":\"https:\\\/\\\/secure.gravatar.com\\\/avatar\\\/30d4f9723476a15f4da34d35fb3501f08d2357016c76051c6a85c354c7489589?s=96&d=mm&r=g\",\"contentUrl\":\"https:\\\/\\\/secure.gravatar.com\\\/avatar\\\/30d4f9723476a15f4da34d35fb3501f08d2357016c76051c6a85c354c7489589?s=96&d=mm&r=g\",\"caption\":\"Continuamos MX\"},\"sameAs\":[\"http:\\\/\\\/www.continuamos.mx\"],\"url\":\"https:\\\/\\\/continuamosmx.com\\\/index.php\\\/author\\\/continuamos\\\/\"}]}<\/script>\n<!-- \/ Yoast SEO plugin. -->","yoast_head_json":{"title":"GRUPO PARLAMENTARIO DE ACCI\u00d3N NACIONAL PRESENTA SU AGENDA LEGISLATIVA PARA EDOMEX -","robots":{"index":"index","follow":"follow","max-snippet":"max-snippet:-1","max-image-preview":"max-image-preview:large","max-video-preview":"max-video-preview:-1"},"canonical":"https:\/\/continuamosmx.com\/index.php\/2022\/02\/01\/grupo-parlamentario-de-accion-nacional-presenta-su-agenda-legislativa-para-edomex\/","og_locale":"es_ES","og_type":"article","og_title":"GRUPO PARLAMENTARIO DE ACCI\u00d3N NACIONAL PRESENTA SU AGENDA LEGISLATIVA PARA EDOMEX -","og_description":".-\u00a0Es un plan rector que pone en el centro a las y los mexiquenses generando pol\u00edticas p\u00fablicas innovadoras que abonen al bienestar de los habitantes del Estado de M\u00e9xico. ESTADO DE M\u00c9XICO.- Seguridad y Justicia; Salud; Educaci\u00f3n; Grupos Vulnerables; Agua y Medio Ambiente, as\u00ed como derechos pol\u00edticos y electorales de las y los mexiquenses, forman [&hellip;]","og_url":"https:\/\/continuamosmx.com\/index.php\/2022\/02\/01\/grupo-parlamentario-de-accion-nacional-presenta-su-agenda-legislativa-para-edomex\/","article_published_time":"2022-02-01T14:38:28+00:00","author":"Continuamos MX","twitter_card":"summary_large_image","twitter_misc":{"Escrito por":"Continuamos MX","Tiempo de lectura":"3 minutos"},"schema":{"@context":"https:\/\/schema.org","@graph":[{"@type":"Article","@id":"https:\/\/continuamosmx.com\/index.php\/2022\/02\/01\/grupo-parlamentario-de-accion-nacional-presenta-su-agenda-legislativa-para-edomex\/#article","isPartOf":{"@id":"https:\/\/continuamosmx.com\/index.php\/2022\/02\/01\/grupo-parlamentario-de-accion-nacional-presenta-su-agenda-legislativa-para-edomex\/"},"author":{"name":"Continuamos MX","@id":"https:\/\/continuamosmx.com\/#\/schema\/person\/5eb5356acb1fad784da407d14f0e8d89"},"headline":"GRUPO PARLAMENTARIO DE ACCI\u00d3N NACIONAL PRESENTA SU AGENDA LEGISLATIVA PARA EDOMEX","datePublished":"2022-02-01T14:38:28+00:00","mainEntityOfPage":{"@id":"https:\/\/continuamosmx.com\/index.php\/2022\/02\/01\/grupo-parlamentario-de-accion-nacional-presenta-su-agenda-legislativa-para-edomex\/"},"wordCount":688,"publisher":{"@id":"https:\/\/continuamosmx.com\/#organization"},"image":{"@id":"https:\/\/continuamosmx.com\/index.php\/2022\/02\/01\/grupo-parlamentario-de-accion-nacional-presenta-su-agenda-legislativa-para-edomex\/#primaryimage"},"thumbnailUrl":"https:\/\/continuamosmx.com\/wp-content\/uploads\/2022\/02\/6AFD01C4-37AA-4C05-9D35-F886E5DF99B6.jpeg","articleSection":["EDOMEX"],"inLanguage":"es"},{"@type":"WebPage","@id":"https:\/\/continuamosmx.com\/index.php\/2022\/02\/01\/grupo-parlamentario-de-accion-nacional-presenta-su-agenda-legislativa-para-edomex\/","url":"https:\/\/continuamosmx.com\/index.php\/2022\/02\/01\/grupo-parlamentario-de-accion-nacional-presenta-su-agenda-legislativa-para-edomex\/","name":"GRUPO PARLAMENTARIO DE ACCI\u00d3N NACIONAL PRESENTA SU AGENDA LEGISLATIVA PARA EDOMEX -","isPartOf":{"@id":"https:\/\/continuamosmx.com\/#website"},"primaryImageOfPage":{"@id":"https:\/\/continuamosmx.com\/index.php\/2022\/02\/01\/grupo-parlamentario-de-accion-nacional-presenta-su-agenda-legislativa-para-edomex\/#primaryimage"},"image":{"@id":"https:\/\/continuamosmx.com\/index.php\/2022\/02\/01\/grupo-parlamentario-de-accion-nacional-presenta-su-agenda-legislativa-para-edomex\/#primaryimage"},"thumbnailUrl":"https:\/\/continuamosmx.com\/wp-content\/uploads\/2022\/02\/6AFD01C4-37AA-4C05-9D35-F886E5DF99B6.jpeg","datePublished":"2022-02-01T14:38:28+00:00","breadcrumb":{"@id":"https:\/\/continuamosmx.com\/index.php\/2022\/02\/01\/grupo-parlamentario-de-accion-nacional-presenta-su-agenda-legislativa-para-edomex\/#breadcrumb"},"inLanguage":"es","potentialAction":[{"@type":"ReadAction","target":["https:\/\/continuamosmx.com\/index.php\/2022\/02\/01\/grupo-parlamentario-de-accion-nacional-presenta-su-agenda-legislativa-para-edomex\/"]}]},{"@type":"ImageObject","inLanguage":"es","@id":"https:\/\/continuamosmx.com\/index.php\/2022\/02\/01\/grupo-parlamentario-de-accion-nacional-presenta-su-agenda-legislativa-para-edomex\/#primaryimage","url":"https:\/\/continuamosmx.com\/wp-content\/uploads\/2022\/02\/6AFD01C4-37AA-4C05-9D35-F886E5DF99B6.jpeg","contentUrl":"https:\/\/continuamosmx.com\/wp-content\/uploads\/2022\/02\/6AFD01C4-37AA-4C05-9D35-F886E5DF99B6.jpeg","width":1280,"height":855},{"@type":"BreadcrumbList","@id":"https:\/\/continuamosmx.com\/index.php\/2022\/02\/01\/grupo-parlamentario-de-accion-nacional-presenta-su-agenda-legislativa-para-edomex\/#breadcrumb","itemListElement":[{"@type":"ListItem","position":1,"name":"Inicio","item":"https:\/\/continuamosmx.com\/"},{"@type":"ListItem","position":2,"name":"GRUPO PARLAMENTARIO DE ACCI\u00d3N NACIONAL PRESENTA SU AGENDA LEGISLATIVA PARA EDOMEX"}]},{"@type":"WebSite","@id":"https:\/\/continuamosmx.com\/#website","url":"https:\/\/continuamosmx.com\/","name":"www.continuamosmx.com","description":"","publisher":{"@id":"https:\/\/continuamosmx.com\/#organization"},"potentialAction":[{"@type":"SearchAction","target":{"@type":"EntryPoint","urlTemplate":"https:\/\/continuamosmx.com\/?s={search_term_string}"},"query-input":{"@type":"PropertyValueSpecification","valueRequired":true,"valueName":"search_term_string"}}],"inLanguage":"es"},{"@type":"Organization","@id":"https:\/\/continuamosmx.com\/#organization","name":"ContinuamosMX","url":"https:\/\/continuamosmx.com\/","logo":{"@type":"ImageObject","inLanguage":"es","@id":"https:\/\/continuamosmx.com\/#\/schema\/logo\/image\/","url":"https:\/\/continuamosmx.com\/wp-content\/uploads\/2023\/04\/cropped-LOGO-CONTI-NUEVO.png","contentUrl":"https:\/\/continuamosmx.com\/wp-content\/uploads\/2023\/04\/cropped-LOGO-CONTI-NUEVO.png","width":1257,"height":430,"caption":"ContinuamosMX"},"image":{"@id":"https:\/\/continuamosmx.com\/#\/schema\/logo\/image\/"}},{"@type":"Person","@id":"https:\/\/continuamosmx.com\/#\/schema\/person\/5eb5356acb1fad784da407d14f0e8d89","name":"Continuamos MX","image":{"@type":"ImageObject","inLanguage":"es","@id":"https:\/\/secure.gravatar.com\/avatar\/30d4f9723476a15f4da34d35fb3501f08d2357016c76051c6a85c354c7489589?s=96&d=mm&r=g","url":"https:\/\/secure.gravatar.com\/avatar\/30d4f9723476a15f4da34d35fb3501f08d2357016c76051c6a85c354c7489589?s=96&d=mm&r=g","contentUrl":"https:\/\/secure.gravatar.com\/avatar\/30d4f9723476a15f4da34d35fb3501f08d2357016c76051c6a85c354c7489589?s=96&d=mm&r=g","caption":"Continuamos MX"},"sameAs":["http:\/\/www.continuamos.mx"],"url":"https:\/\/continuamosmx.com\/index.php\/author\/continuamos\/"}]}},"_links":{"self":[{"href":"https:\/\/continuamosmx.com\/index.php\/wp-json\/wp\/v2\/posts\/33499","targetHints":{"allow":["GET"]}}],"collection":[{"href":"https:\/\/continuamosmx.com\/index.php\/wp-json\/wp\/v2\/posts"}],"about":[{"href":"https:\/\/continuamosmx.com\/index.php\/wp-json\/wp\/v2\/types\/post"}],"author":[{"embeddable":true,"href":"https:\/\/continuamosmx.com\/index.php\/wp-json\/wp\/v2\/users\/6"}],"replies":[{"embeddable":true,"href":"https:\/\/continuamosmx.com\/index.php\/wp-json\/wp\/v2\/comments?post=33499"}],"version-history":[{"count":0,"href":"https:\/\/continuamosmx.com\/index.php\/wp-json\/wp\/v2\/posts\/33499\/revisions"}],"wp:featuredmedia":[{"embeddable":true,"href":"https:\/\/continuamosmx.com\/index.php\/wp-json\/wp\/v2\/media\/33500"}],"wp:attachment":[{"href":"https:\/\/continuamosmx.com\/index.php\/wp-json\/wp\/v2\/media?parent=33499"}],"wp:term":[{"taxonomy":"category","embeddable":true,"href":"https:\/\/continuamosmx.com\/index.php\/wp-json\/wp\/v2\/categories?post=33499"},{"taxonomy":"post_tag","embeddable":true,"href":"https:\/\/continuamosmx.com\/index.php\/wp-json\/wp\/v2\/tags?post=33499"}],"curies":[{"name":"wp","href":"https:\/\/api.w.org\/{rel}","templated":true}]}}