{"id":33455,"date":"2022-01-31T14:44:43","date_gmt":"2022-01-31T14:44:43","guid":{"rendered":"https:\/\/continuamos.mx\/?p=33455"},"modified":"2022-01-31T14:44:43","modified_gmt":"2022-01-31T14:44:43","slug":"el-prian-y-su-rechazo-a-los-adultos-mayores","status":"publish","type":"post","link":"https:\/\/continuamosmx.com\/index.php\/2022\/01\/31\/el-prian-y-su-rechazo-a-los-adultos-mayores\/","title":{"rendered":"EL PRIAN Y SU RECHAZO A LOS ADULTOS MAYORES"},"content":{"rendered":"\n<figure class=\"wp-block-pullquote\"><blockquote><p><strong>El rinc\u00f3n de la Reflexi\u00f3n<\/strong><\/p><cite><strong>Por Alfredo Elizarraras<\/strong><\/cite><\/blockquote><\/figure>\n\n\n\n<p><strong>La oposici\u00f3n y el miedo a la vejez<\/strong><\/p>\n\n\n\n<p>La gerontofobia, es aquel temor o malestar irracional en contra de personas de la tercera edad.&nbsp;<\/p>\n\n\n\n<p>Sobre todo, es un sentimiento de repulsi\u00f3n, hacia todo aquello que se relacione de manera directa o indirecta con la vejez.&nbsp;<\/p>\n\n\n\n<p>Es decir, aspectos tales como la muerte, la enfermedad, la improductividad y la inmovilidad, son los que, en su mayor\u00eda, suelen relacionarse con la vejez y est\u00e1n dentro de la mente de un gerontof\u00f3bico.&nbsp;<\/p>\n\n\n\n<p>M\u00e1s a\u00fan, si las personas de la tercera edad, suelen estar en situaci\u00f3n de pobreza, o provenir de una comunidad ind\u00edgena, ya que, la gerontofobia, combinada con la aporof\u00f3bia, terminan por hacer una mezcla explosiva, en la mente de quienes las padecen. Dando como resultado, denostaciones burdas, que, tan solo buscan humillar a qui\u00e9n van dirigidas, haciendo \u00e9nfasis en su aspecto f\u00edsico, edad y condici\u00f3n social.<\/p>\n\n\n\n<p>De ah\u00ed que, un gerontofobico, suele pensar a las personas de la tercera edad, como gastos innecesarios que est\u00e1n ocupando un espacio que ya no les corresponde y consumiendo ox\u00edgeno que ya no necesitan.&nbsp;<\/p>\n\n\n\n<p>Dicho sentimiento, por lo regular, suele darse en sociedades consideradas como \u201cdesarrolladas\u201d. Ya que, una persona de la tercera edad, por l\u00f3gica, no puede alcanzar el mismo ritmo productivo y laboral, que otra con menor edad o en plena juventud y, por ende, mientras mayor sea su edad, menor capacidad productiva tendr\u00e1 y entre menos producci\u00f3n, menos valor social.&nbsp;<\/p>\n\n\n\n<p>Lo anterior, visto desde el neoliberalismo.<\/p>\n\n\n\n<p>Sin embargo, existieron sociedades a lo largo de la historia de la humanidad, que ve\u00edan de otra manera a la vejez.&nbsp;<\/p>\n\n\n\n<p>Esta, era m\u00e1s bien, sin\u00f3nimo de sabidur\u00eda y conocimiento de la vida. Pensemos en el nuevo Testamento o bien, en aquellas sociedades existentes durante la prehistoria, en las cuales, si bien, muchas veces los adultos mayores no ten\u00edan la misma capacidad de cacer\u00eda que los m\u00e1s j\u00f3venes, la vejez en aquel entonces, se relacionaba de manera directa con el prestigio y el poder.<\/p>\n\n\n\n<p>Sin embargo, en M\u00e9xico, la oposici\u00f3n ha reducido el concepto de vejez, a un mero sin\u00f3nimo de burla y desprecio.&nbsp;<\/p>\n\n\n\n<p>Sin\u00f3nimo que lejos de mostrar a una oposici\u00f3n integra, digna y ecu\u00e1nime, la reflejan, como aquella oposici\u00f3n enferma y carente de luces.&nbsp;<\/p>\n\n\n\n<p>Alejada de toda madurez pol\u00edtica y de la cual, han surgido incluso deseos de muerte para el presidente, ya sea por contagio de COVID o alg\u00fan problema de salud, relacionado \u00edntimamente con la edad. &nbsp;<\/p>\n\n\n\n<p>Sin embargo, lo m\u00e1s preocupante, es que esa oposici\u00f3n, llena de rencor, resentimiento y prejuicios, tan s\u00f3lo busca el poder, para verter todas sus fobias, en el ejercicio de los cargos p\u00fablicos.&nbsp;<\/p>\n\n\n\n<p>\u00bfO acaso ya olvidaron el controvertido spot de campa\u00f1a de Ricardo Anaya, en el que se burlaba de Andr\u00e9s Manuel y trataba de humillarlo por su edad?&nbsp;<\/p>\n\n\n\n<p>O tambi\u00e9n, las constantes quejas de la oposici\u00f3n, cuando \u00e9ste (Andr\u00e9s Manuel), design\u00f3 una parte del presupuesto para otorgar la pensi\u00f3n a los adultos mayores y que fue tal su molestia, que no solo votaron en contra de la asignaci\u00f3n de dicho presupuesto, sino que adem\u00e1s, trataron de boicotearlo y votaron en contra, de que se convirtiera en un derecho constitucional.<\/p>\n\n\n\n<p>En pocas palabras, tenemos a una oposici\u00f3n en estado de descomposici\u00f3n, que no solamente arrastra el fantasma de la aporofobia, sino que, adem\u00e1s, desprecia a sus adultos mayores.&nbsp;<\/p>\n\n\n\n<p>Pero es un desprecio que solo va encaminado hacia aquellos adultos mayores que no pertenecen a un grupo de poder, ya sea pol\u00edtico, econ\u00f3mico o social.&nbsp;<\/p>\n\n\n\n<p>Debido a que, mientras que, por un lado, van en contra de los programas sociales a los m\u00e1s pobres (incluyendo a los adultos mayores), ir\u00f3nicamente por el otro, mantienen secuestrada las pol\u00edticas internas de sus partidos pol\u00edticos y son ellos quienes se han encargado de perpetuarse en el poder.<\/p>\n\n\n\n<p>De ah\u00ed, la importancia de mantener a la sociedad informada, con la vida p\u00fablica de su pa\u00eds. Ya que, es a partir de la democracia participativa, que un pa\u00eds puede avanzar y volverse plenamente pr\u00f3spero.&nbsp;<\/p>\n\n\n\n<p>Y es a partir de la informaci\u00f3n, cuando una sociedad, puede hacer una mejor elecci\u00f3n, para que no tenga que lidiar, con una oposici\u00f3n, plenamente autoproclamada, enemiga del pueblo.<\/p>\n","protected":false},"excerpt":{"rendered":"<p>El rinc\u00f3n de la Reflexi\u00f3n Por Alfredo Elizarraras La oposici\u00f3n y el miedo a la vejez La gerontofobia, es aquel temor o malestar irracional en contra de personas de la tercera edad.&nbsp; Sobre todo, es un sentimiento de repulsi\u00f3n, hacia todo aquello que se relacione de manera directa o indirecta con la vejez.&nbsp; Es decir, [&hellip;]<\/p>\n","protected":false},"author":6,"featured_media":33456,"comment_status":"closed","ping_status":"open","sticky":false,"template":"","format":"standard","meta":{"footnotes":""},"categories":[10,9],"tags":[],"class_list":["post-33455","post","type-post","status-publish","format-standard","has-post-thumbnail","hentry","category-articulo-de-contenido","category-columnas"],"yoast_head":"<!-- This site is optimized with the Yoast SEO plugin v27.5 - https:\/\/yoast.com\/product\/yoast-seo-wordpress\/ -->\n<title>EL PRIAN Y SU RECHAZO A LOS ADULTOS MAYORES -<\/title>\n<meta name=\"robots\" content=\"index, follow, max-snippet:-1, max-image-preview:large, max-video-preview:-1\" \/>\n<link rel=\"canonical\" href=\"https:\/\/continuamosmx.com\/index.php\/2022\/01\/31\/el-prian-y-su-rechazo-a-los-adultos-mayores\/\" \/>\n<meta property=\"og:locale\" content=\"es_ES\" \/>\n<meta property=\"og:type\" content=\"article\" \/>\n<meta property=\"og:title\" content=\"EL PRIAN Y SU RECHAZO A LOS ADULTOS MAYORES -\" \/>\n<meta property=\"og:description\" content=\"El rinc\u00f3n de la Reflexi\u00f3n Por Alfredo Elizarraras La oposici\u00f3n y el miedo a la vejez La gerontofobia, es aquel temor o malestar irracional en contra de personas de la tercera edad.&nbsp; Sobre todo, es un sentimiento de repulsi\u00f3n, hacia todo aquello que se relacione de manera directa o indirecta con la vejez.&nbsp; Es decir, [&hellip;]\" \/>\n<meta property=\"og:url\" content=\"https:\/\/continuamosmx.com\/index.php\/2022\/01\/31\/el-prian-y-su-rechazo-a-los-adultos-mayores\/\" \/>\n<meta property=\"article:published_time\" content=\"2022-01-31T14:44:43+00:00\" \/>\n<meta name=\"author\" content=\"Continuamos MX\" \/>\n<meta name=\"twitter:card\" content=\"summary_large_image\" \/>\n<meta name=\"twitter:label1\" content=\"Escrito por\" \/>\n\t<meta name=\"twitter:data1\" content=\"Continuamos MX\" \/>\n\t<meta name=\"twitter:label2\" content=\"Tiempo de lectura\" \/>\n\t<meta name=\"twitter:data2\" content=\"4 minutos\" \/>\n<script type=\"application\/ld+json\" class=\"yoast-schema-graph\">{\"@context\":\"https:\\\/\\\/schema.org\",\"@graph\":[{\"@type\":\"Article\",\"@id\":\"https:\\\/\\\/continuamosmx.com\\\/index.php\\\/2022\\\/01\\\/31\\\/el-prian-y-su-rechazo-a-los-adultos-mayores\\\/#article\",\"isPartOf\":{\"@id\":\"https:\\\/\\\/continuamosmx.com\\\/index.php\\\/2022\\\/01\\\/31\\\/el-prian-y-su-rechazo-a-los-adultos-mayores\\\/\"},\"author\":{\"name\":\"Continuamos MX\",\"@id\":\"https:\\\/\\\/continuamosmx.com\\\/#\\\/schema\\\/person\\\/5eb5356acb1fad784da407d14f0e8d89\"},\"headline\":\"EL PRIAN Y SU RECHAZO A LOS ADULTOS MAYORES\",\"datePublished\":\"2022-01-31T14:44:43+00:00\",\"mainEntityOfPage\":{\"@id\":\"https:\\\/\\\/continuamosmx.com\\\/index.php\\\/2022\\\/01\\\/31\\\/el-prian-y-su-rechazo-a-los-adultos-mayores\\\/\"},\"wordCount\":786,\"publisher\":{\"@id\":\"https:\\\/\\\/continuamosmx.com\\\/#organization\"},\"image\":{\"@id\":\"https:\\\/\\\/continuamosmx.com\\\/index.php\\\/2022\\\/01\\\/31\\\/el-prian-y-su-rechazo-a-los-adultos-mayores\\\/#primaryimage\"},\"thumbnailUrl\":\"https:\\\/\\\/continuamosmx.com\\\/wp-content\\\/uploads\\\/2022\\\/01\\\/E81ADE70-B639-45F4-B8B7-F35CC064E837.jpeg\",\"articleSection\":[\"ART\u00cdCULO DE CONTENIDO\",\"COLUMNAS\"],\"inLanguage\":\"es\"},{\"@type\":\"WebPage\",\"@id\":\"https:\\\/\\\/continuamosmx.com\\\/index.php\\\/2022\\\/01\\\/31\\\/el-prian-y-su-rechazo-a-los-adultos-mayores\\\/\",\"url\":\"https:\\\/\\\/continuamosmx.com\\\/index.php\\\/2022\\\/01\\\/31\\\/el-prian-y-su-rechazo-a-los-adultos-mayores\\\/\",\"name\":\"EL PRIAN Y SU RECHAZO A LOS ADULTOS MAYORES -\",\"isPartOf\":{\"@id\":\"https:\\\/\\\/continuamosmx.com\\\/#website\"},\"primaryImageOfPage\":{\"@id\":\"https:\\\/\\\/continuamosmx.com\\\/index.php\\\/2022\\\/01\\\/31\\\/el-prian-y-su-rechazo-a-los-adultos-mayores\\\/#primaryimage\"},\"image\":{\"@id\":\"https:\\\/\\\/continuamosmx.com\\\/index.php\\\/2022\\\/01\\\/31\\\/el-prian-y-su-rechazo-a-los-adultos-mayores\\\/#primaryimage\"},\"thumbnailUrl\":\"https:\\\/\\\/continuamosmx.com\\\/wp-content\\\/uploads\\\/2022\\\/01\\\/E81ADE70-B639-45F4-B8B7-F35CC064E837.jpeg\",\"datePublished\":\"2022-01-31T14:44:43+00:00\",\"breadcrumb\":{\"@id\":\"https:\\\/\\\/continuamosmx.com\\\/index.php\\\/2022\\\/01\\\/31\\\/el-prian-y-su-rechazo-a-los-adultos-mayores\\\/#breadcrumb\"},\"inLanguage\":\"es\",\"potentialAction\":[{\"@type\":\"ReadAction\",\"target\":[\"https:\\\/\\\/continuamosmx.com\\\/index.php\\\/2022\\\/01\\\/31\\\/el-prian-y-su-rechazo-a-los-adultos-mayores\\\/\"]}]},{\"@type\":\"ImageObject\",\"inLanguage\":\"es\",\"@id\":\"https:\\\/\\\/continuamosmx.com\\\/index.php\\\/2022\\\/01\\\/31\\\/el-prian-y-su-rechazo-a-los-adultos-mayores\\\/#primaryimage\",\"url\":\"https:\\\/\\\/continuamosmx.com\\\/wp-content\\\/uploads\\\/2022\\\/01\\\/E81ADE70-B639-45F4-B8B7-F35CC064E837.jpeg\",\"contentUrl\":\"https:\\\/\\\/continuamosmx.com\\\/wp-content\\\/uploads\\\/2022\\\/01\\\/E81ADE70-B639-45F4-B8B7-F35CC064E837.jpeg\",\"width\":768,\"height\":719},{\"@type\":\"BreadcrumbList\",\"@id\":\"https:\\\/\\\/continuamosmx.com\\\/index.php\\\/2022\\\/01\\\/31\\\/el-prian-y-su-rechazo-a-los-adultos-mayores\\\/#breadcrumb\",\"itemListElement\":[{\"@type\":\"ListItem\",\"position\":1,\"name\":\"Inicio\",\"item\":\"https:\\\/\\\/continuamosmx.com\\\/\"},{\"@type\":\"ListItem\",\"position\":2,\"name\":\"EL PRIAN Y SU RECHAZO A LOS ADULTOS MAYORES\"}]},{\"@type\":\"WebSite\",\"@id\":\"https:\\\/\\\/continuamosmx.com\\\/#website\",\"url\":\"https:\\\/\\\/continuamosmx.com\\\/\",\"name\":\"www.continuamosmx.com\",\"description\":\"\",\"publisher\":{\"@id\":\"https:\\\/\\\/continuamosmx.com\\\/#organization\"},\"potentialAction\":[{\"@type\":\"SearchAction\",\"target\":{\"@type\":\"EntryPoint\",\"urlTemplate\":\"https:\\\/\\\/continuamosmx.com\\\/?s={search_term_string}\"},\"query-input\":{\"@type\":\"PropertyValueSpecification\",\"valueRequired\":true,\"valueName\":\"search_term_string\"}}],\"inLanguage\":\"es\"},{\"@type\":\"Organization\",\"@id\":\"https:\\\/\\\/continuamosmx.com\\\/#organization\",\"name\":\"ContinuamosMX\",\"url\":\"https:\\\/\\\/continuamosmx.com\\\/\",\"logo\":{\"@type\":\"ImageObject\",\"inLanguage\":\"es\",\"@id\":\"https:\\\/\\\/continuamosmx.com\\\/#\\\/schema\\\/logo\\\/image\\\/\",\"url\":\"https:\\\/\\\/continuamosmx.com\\\/wp-content\\\/uploads\\\/2023\\\/04\\\/cropped-LOGO-CONTI-NUEVO.png\",\"contentUrl\":\"https:\\\/\\\/continuamosmx.com\\\/wp-content\\\/uploads\\\/2023\\\/04\\\/cropped-LOGO-CONTI-NUEVO.png\",\"width\":1257,\"height\":430,\"caption\":\"ContinuamosMX\"},\"image\":{\"@id\":\"https:\\\/\\\/continuamosmx.com\\\/#\\\/schema\\\/logo\\\/image\\\/\"}},{\"@type\":\"Person\",\"@id\":\"https:\\\/\\\/continuamosmx.com\\\/#\\\/schema\\\/person\\\/5eb5356acb1fad784da407d14f0e8d89\",\"name\":\"Continuamos MX\",\"image\":{\"@type\":\"ImageObject\",\"inLanguage\":\"es\",\"@id\":\"https:\\\/\\\/secure.gravatar.com\\\/avatar\\\/30d4f9723476a15f4da34d35fb3501f08d2357016c76051c6a85c354c7489589?s=96&d=mm&r=g\",\"url\":\"https:\\\/\\\/secure.gravatar.com\\\/avatar\\\/30d4f9723476a15f4da34d35fb3501f08d2357016c76051c6a85c354c7489589?s=96&d=mm&r=g\",\"contentUrl\":\"https:\\\/\\\/secure.gravatar.com\\\/avatar\\\/30d4f9723476a15f4da34d35fb3501f08d2357016c76051c6a85c354c7489589?s=96&d=mm&r=g\",\"caption\":\"Continuamos MX\"},\"sameAs\":[\"http:\\\/\\\/www.continuamos.mx\"],\"url\":\"https:\\\/\\\/continuamosmx.com\\\/index.php\\\/author\\\/continuamos\\\/\"}]}<\/script>\n<!-- \/ Yoast SEO plugin. -->","yoast_head_json":{"title":"EL PRIAN Y SU RECHAZO A LOS ADULTOS MAYORES -","robots":{"index":"index","follow":"follow","max-snippet":"max-snippet:-1","max-image-preview":"max-image-preview:large","max-video-preview":"max-video-preview:-1"},"canonical":"https:\/\/continuamosmx.com\/index.php\/2022\/01\/31\/el-prian-y-su-rechazo-a-los-adultos-mayores\/","og_locale":"es_ES","og_type":"article","og_title":"EL PRIAN Y SU RECHAZO A LOS ADULTOS MAYORES -","og_description":"El rinc\u00f3n de la Reflexi\u00f3n Por Alfredo Elizarraras La oposici\u00f3n y el miedo a la vejez La gerontofobia, es aquel temor o malestar irracional en contra de personas de la tercera edad.&nbsp; Sobre todo, es un sentimiento de repulsi\u00f3n, hacia todo aquello que se relacione de manera directa o indirecta con la vejez.&nbsp; Es decir, [&hellip;]","og_url":"https:\/\/continuamosmx.com\/index.php\/2022\/01\/31\/el-prian-y-su-rechazo-a-los-adultos-mayores\/","article_published_time":"2022-01-31T14:44:43+00:00","author":"Continuamos MX","twitter_card":"summary_large_image","twitter_misc":{"Escrito por":"Continuamos MX","Tiempo de lectura":"4 minutos"},"schema":{"@context":"https:\/\/schema.org","@graph":[{"@type":"Article","@id":"https:\/\/continuamosmx.com\/index.php\/2022\/01\/31\/el-prian-y-su-rechazo-a-los-adultos-mayores\/#article","isPartOf":{"@id":"https:\/\/continuamosmx.com\/index.php\/2022\/01\/31\/el-prian-y-su-rechazo-a-los-adultos-mayores\/"},"author":{"name":"Continuamos MX","@id":"https:\/\/continuamosmx.com\/#\/schema\/person\/5eb5356acb1fad784da407d14f0e8d89"},"headline":"EL PRIAN Y SU RECHAZO A LOS ADULTOS MAYORES","datePublished":"2022-01-31T14:44:43+00:00","mainEntityOfPage":{"@id":"https:\/\/continuamosmx.com\/index.php\/2022\/01\/31\/el-prian-y-su-rechazo-a-los-adultos-mayores\/"},"wordCount":786,"publisher":{"@id":"https:\/\/continuamosmx.com\/#organization"},"image":{"@id":"https:\/\/continuamosmx.com\/index.php\/2022\/01\/31\/el-prian-y-su-rechazo-a-los-adultos-mayores\/#primaryimage"},"thumbnailUrl":"https:\/\/continuamosmx.com\/wp-content\/uploads\/2022\/01\/E81ADE70-B639-45F4-B8B7-F35CC064E837.jpeg","articleSection":["ART\u00cdCULO DE CONTENIDO","COLUMNAS"],"inLanguage":"es"},{"@type":"WebPage","@id":"https:\/\/continuamosmx.com\/index.php\/2022\/01\/31\/el-prian-y-su-rechazo-a-los-adultos-mayores\/","url":"https:\/\/continuamosmx.com\/index.php\/2022\/01\/31\/el-prian-y-su-rechazo-a-los-adultos-mayores\/","name":"EL PRIAN Y SU RECHAZO A LOS ADULTOS MAYORES -","isPartOf":{"@id":"https:\/\/continuamosmx.com\/#website"},"primaryImageOfPage":{"@id":"https:\/\/continuamosmx.com\/index.php\/2022\/01\/31\/el-prian-y-su-rechazo-a-los-adultos-mayores\/#primaryimage"},"image":{"@id":"https:\/\/continuamosmx.com\/index.php\/2022\/01\/31\/el-prian-y-su-rechazo-a-los-adultos-mayores\/#primaryimage"},"thumbnailUrl":"https:\/\/continuamosmx.com\/wp-content\/uploads\/2022\/01\/E81ADE70-B639-45F4-B8B7-F35CC064E837.jpeg","datePublished":"2022-01-31T14:44:43+00:00","breadcrumb":{"@id":"https:\/\/continuamosmx.com\/index.php\/2022\/01\/31\/el-prian-y-su-rechazo-a-los-adultos-mayores\/#breadcrumb"},"inLanguage":"es","potentialAction":[{"@type":"ReadAction","target":["https:\/\/continuamosmx.com\/index.php\/2022\/01\/31\/el-prian-y-su-rechazo-a-los-adultos-mayores\/"]}]},{"@type":"ImageObject","inLanguage":"es","@id":"https:\/\/continuamosmx.com\/index.php\/2022\/01\/31\/el-prian-y-su-rechazo-a-los-adultos-mayores\/#primaryimage","url":"https:\/\/continuamosmx.com\/wp-content\/uploads\/2022\/01\/E81ADE70-B639-45F4-B8B7-F35CC064E837.jpeg","contentUrl":"https:\/\/continuamosmx.com\/wp-content\/uploads\/2022\/01\/E81ADE70-B639-45F4-B8B7-F35CC064E837.jpeg","width":768,"height":719},{"@type":"BreadcrumbList","@id":"https:\/\/continuamosmx.com\/index.php\/2022\/01\/31\/el-prian-y-su-rechazo-a-los-adultos-mayores\/#breadcrumb","itemListElement":[{"@type":"ListItem","position":1,"name":"Inicio","item":"https:\/\/continuamosmx.com\/"},{"@type":"ListItem","position":2,"name":"EL PRIAN Y SU RECHAZO A LOS ADULTOS MAYORES"}]},{"@type":"WebSite","@id":"https:\/\/continuamosmx.com\/#website","url":"https:\/\/continuamosmx.com\/","name":"www.continuamosmx.com","description":"","publisher":{"@id":"https:\/\/continuamosmx.com\/#organization"},"potentialAction":[{"@type":"SearchAction","target":{"@type":"EntryPoint","urlTemplate":"https:\/\/continuamosmx.com\/?s={search_term_string}"},"query-input":{"@type":"PropertyValueSpecification","valueRequired":true,"valueName":"search_term_string"}}],"inLanguage":"es"},{"@type":"Organization","@id":"https:\/\/continuamosmx.com\/#organization","name":"ContinuamosMX","url":"https:\/\/continuamosmx.com\/","logo":{"@type":"ImageObject","inLanguage":"es","@id":"https:\/\/continuamosmx.com\/#\/schema\/logo\/image\/","url":"https:\/\/continuamosmx.com\/wp-content\/uploads\/2023\/04\/cropped-LOGO-CONTI-NUEVO.png","contentUrl":"https:\/\/continuamosmx.com\/wp-content\/uploads\/2023\/04\/cropped-LOGO-CONTI-NUEVO.png","width":1257,"height":430,"caption":"ContinuamosMX"},"image":{"@id":"https:\/\/continuamosmx.com\/#\/schema\/logo\/image\/"}},{"@type":"Person","@id":"https:\/\/continuamosmx.com\/#\/schema\/person\/5eb5356acb1fad784da407d14f0e8d89","name":"Continuamos MX","image":{"@type":"ImageObject","inLanguage":"es","@id":"https:\/\/secure.gravatar.com\/avatar\/30d4f9723476a15f4da34d35fb3501f08d2357016c76051c6a85c354c7489589?s=96&d=mm&r=g","url":"https:\/\/secure.gravatar.com\/avatar\/30d4f9723476a15f4da34d35fb3501f08d2357016c76051c6a85c354c7489589?s=96&d=mm&r=g","contentUrl":"https:\/\/secure.gravatar.com\/avatar\/30d4f9723476a15f4da34d35fb3501f08d2357016c76051c6a85c354c7489589?s=96&d=mm&r=g","caption":"Continuamos MX"},"sameAs":["http:\/\/www.continuamos.mx"],"url":"https:\/\/continuamosmx.com\/index.php\/author\/continuamos\/"}]}},"_links":{"self":[{"href":"https:\/\/continuamosmx.com\/index.php\/wp-json\/wp\/v2\/posts\/33455","targetHints":{"allow":["GET"]}}],"collection":[{"href":"https:\/\/continuamosmx.com\/index.php\/wp-json\/wp\/v2\/posts"}],"about":[{"href":"https:\/\/continuamosmx.com\/index.php\/wp-json\/wp\/v2\/types\/post"}],"author":[{"embeddable":true,"href":"https:\/\/continuamosmx.com\/index.php\/wp-json\/wp\/v2\/users\/6"}],"replies":[{"embeddable":true,"href":"https:\/\/continuamosmx.com\/index.php\/wp-json\/wp\/v2\/comments?post=33455"}],"version-history":[{"count":0,"href":"https:\/\/continuamosmx.com\/index.php\/wp-json\/wp\/v2\/posts\/33455\/revisions"}],"wp:featuredmedia":[{"embeddable":true,"href":"https:\/\/continuamosmx.com\/index.php\/wp-json\/wp\/v2\/media\/33456"}],"wp:attachment":[{"href":"https:\/\/continuamosmx.com\/index.php\/wp-json\/wp\/v2\/media?parent=33455"}],"wp:term":[{"taxonomy":"category","embeddable":true,"href":"https:\/\/continuamosmx.com\/index.php\/wp-json\/wp\/v2\/categories?post=33455"},{"taxonomy":"post_tag","embeddable":true,"href":"https:\/\/continuamosmx.com\/index.php\/wp-json\/wp\/v2\/tags?post=33455"}],"curies":[{"name":"wp","href":"https:\/\/api.w.org\/{rel}","templated":true}]}}