{"id":33395,"date":"2022-01-30T15:10:12","date_gmt":"2022-01-30T15:10:12","guid":{"rendered":"https:\/\/continuamos.mx\/?p=33395"},"modified":"2022-01-30T15:10:12","modified_gmt":"2022-01-30T15:10:12","slug":"atencion-inmediata-para-familiares-con-reporte-de-desaparicion-en-cuautitlan-izcalli","status":"publish","type":"post","link":"https:\/\/continuamosmx.com\/index.php\/2022\/01\/30\/atencion-inmediata-para-familiares-con-reporte-de-desaparicion-en-cuautitlan-izcalli\/","title":{"rendered":"ATENCI\u00d3N INMEDIATA PARA FAMILIARES CON REPORTE DE DESAPARICI\u00d3N EN CUAUTITL\u00c1N IZCALLI"},"content":{"rendered":"\n<p>.- <strong>El Gobierno de Cuautitl\u00e1n Izcalli capacita y asesora a su personal policiaco para prevenir y eficientar la localizaci\u00f3n de personas.<\/strong><\/p>\n\n\n\n<p>.- <strong>La Unidad de Atenci\u00f3n apoya con asesor\u00eda psicol\u00f3gica a v\u00edctimas de desaparici\u00f3n, inform\u00f3 la Alcaldesa Karla Fiesco Garc\u00eda.<\/strong><\/p>\n\n\n\n<p>CUAUTITL\u00c1N IZCALLI, M\u00e9x.- La Comisar\u00eda de Seguridad Ciudadana a trav\u00e9s de la Unidad de Atenci\u00f3n a V\u00edctimas del Delito de Violencia a Mujeres por Raz\u00f3n de G\u00e9nero, logr\u00f3 la localizaci\u00f3n de 24 personas con reporte de desaparici\u00f3n durante los primeros 27 d\u00edas del gobierno municipal que encabeza Karla Leticia Fiesco Garc\u00eda.<\/p>\n\n\n\n<p>La seguridad de las y los izcallenses ha sido uno de los principales compromisos de la titular del Poder Ejecutivo Municipal, Karla Leticia Fiesco Garc\u00eda, por tal motivo se han implementado diversas estrategias entre las que destacan pl\u00e1ticas informativas, asesor\u00edas, capacitaci\u00f3n para los elementos y la aplicaci\u00f3n de diversos operativos.&nbsp;<\/p>\n\n\n\n<p>En el mismo sentido se han ofrecido pl\u00e1ticas informativas en escuelas, as\u00ed como capacitaci\u00f3n a servidores p\u00fablicos en temas como \u201cAtenci\u00f3n de Primer Contacto a Mujeres V\u00edctimas de Violencia de G\u00e9nero\u201d.<\/p>\n\n\n\n<p>Entre los trabajos que lleva a cabo la Unidad, se encuentra la alerta para localizar a personas, la localizaci\u00f3n con c\u00e1maras de video vigilancia, el patrullaje de localizaci\u00f3n, sondeo y entrevistas con vecinos del lugar. Adem\u00e1s de brindar atenci\u00f3n a la ciudadan\u00eda con acompa\u00f1amiento, canalizaci\u00f3n, traslado, as\u00ed como la difusi\u00f3n de c\u00e9lulas de b\u00fasqueda con los protocolos Alba, alerta Amber, Odisea y COBUPEM.<\/p>\n\n\n\n<p>Este trabajo se realiza de manera coordinada con la Procuradur\u00eda Municipal de Protecci\u00f3n de Ni\u00f1as, Ni\u00f1os y Adolescentes del DIF Municipal, el Instituto Municipal para la Equidad de G\u00e9nero y Desarrollo de las Mujeres para su contenci\u00f3n y asesor\u00eda psicol\u00f3gica y la Unidad de Atenci\u00f3n a V\u00edctimas del Delito de Violencia a Mujeres por Raz\u00f3n de G\u00e9nero de la Comisar\u00eda.<\/p>\n","protected":false},"excerpt":{"rendered":"<p>.- El Gobierno de Cuautitl\u00e1n Izcalli capacita y asesora a su personal policiaco para prevenir y eficientar la localizaci\u00f3n de personas. .- La Unidad de Atenci\u00f3n apoya con asesor\u00eda psicol\u00f3gica a v\u00edctimas de desaparici\u00f3n, inform\u00f3 la Alcaldesa Karla Fiesco Garc\u00eda. CUAUTITL\u00c1N IZCALLI, M\u00e9x.- La Comisar\u00eda de Seguridad Ciudadana a trav\u00e9s de la Unidad de Atenci\u00f3n [&hellip;]<\/p>\n","protected":false},"author":6,"featured_media":33396,"comment_status":"closed","ping_status":"open","sticky":false,"template":"","format":"standard","meta":{"footnotes":""},"categories":[22,4],"tags":[],"class_list":["post-33395","post","type-post","status-publish","format-standard","has-post-thumbnail","hentry","category-c-izcalli","category-locales"],"yoast_head":"<!-- This site is optimized with the Yoast SEO plugin v27.5 - https:\/\/yoast.com\/product\/yoast-seo-wordpress\/ -->\n<title>ATENCI\u00d3N INMEDIATA PARA FAMILIARES CON REPORTE DE DESAPARICI\u00d3N EN CUAUTITL\u00c1N IZCALLI -<\/title>\n<meta name=\"robots\" content=\"index, follow, max-snippet:-1, max-image-preview:large, max-video-preview:-1\" \/>\n<link rel=\"canonical\" href=\"https:\/\/continuamosmx.com\/index.php\/2022\/01\/30\/atencion-inmediata-para-familiares-con-reporte-de-desaparicion-en-cuautitlan-izcalli\/\" \/>\n<meta property=\"og:locale\" content=\"es_ES\" \/>\n<meta property=\"og:type\" content=\"article\" \/>\n<meta property=\"og:title\" content=\"ATENCI\u00d3N INMEDIATA PARA FAMILIARES CON REPORTE DE DESAPARICI\u00d3N EN CUAUTITL\u00c1N IZCALLI -\" \/>\n<meta property=\"og:description\" content=\".- El Gobierno de Cuautitl\u00e1n Izcalli capacita y asesora a su personal policiaco para prevenir y eficientar la localizaci\u00f3n de personas. .- La Unidad de Atenci\u00f3n apoya con asesor\u00eda psicol\u00f3gica a v\u00edctimas de desaparici\u00f3n, inform\u00f3 la Alcaldesa Karla Fiesco Garc\u00eda. CUAUTITL\u00c1N IZCALLI, M\u00e9x.- La Comisar\u00eda de Seguridad Ciudadana a trav\u00e9s de la Unidad de Atenci\u00f3n [&hellip;]\" \/>\n<meta property=\"og:url\" content=\"https:\/\/continuamosmx.com\/index.php\/2022\/01\/30\/atencion-inmediata-para-familiares-con-reporte-de-desaparicion-en-cuautitlan-izcalli\/\" \/>\n<meta property=\"article:published_time\" content=\"2022-01-30T15:10:12+00:00\" \/>\n<meta name=\"author\" content=\"Continuamos MX\" \/>\n<meta name=\"twitter:card\" content=\"summary_large_image\" \/>\n<meta name=\"twitter:label1\" content=\"Escrito por\" \/>\n\t<meta name=\"twitter:data1\" content=\"Continuamos MX\" \/>\n\t<meta name=\"twitter:label2\" content=\"Tiempo de lectura\" \/>\n\t<meta name=\"twitter:data2\" content=\"2 minutos\" \/>\n<script type=\"application\/ld+json\" class=\"yoast-schema-graph\">{\"@context\":\"https:\\\/\\\/schema.org\",\"@graph\":[{\"@type\":\"Article\",\"@id\":\"https:\\\/\\\/continuamosmx.com\\\/index.php\\\/2022\\\/01\\\/30\\\/atencion-inmediata-para-familiares-con-reporte-de-desaparicion-en-cuautitlan-izcalli\\\/#article\",\"isPartOf\":{\"@id\":\"https:\\\/\\\/continuamosmx.com\\\/index.php\\\/2022\\\/01\\\/30\\\/atencion-inmediata-para-familiares-con-reporte-de-desaparicion-en-cuautitlan-izcalli\\\/\"},\"author\":{\"name\":\"Continuamos MX\",\"@id\":\"https:\\\/\\\/continuamosmx.com\\\/#\\\/schema\\\/person\\\/5eb5356acb1fad784da407d14f0e8d89\"},\"headline\":\"ATENCI\u00d3N INMEDIATA PARA FAMILIARES CON REPORTE DE DESAPARICI\u00d3N EN CUAUTITL\u00c1N IZCALLI\",\"datePublished\":\"2022-01-30T15:10:12+00:00\",\"mainEntityOfPage\":{\"@id\":\"https:\\\/\\\/continuamosmx.com\\\/index.php\\\/2022\\\/01\\\/30\\\/atencion-inmediata-para-familiares-con-reporte-de-desaparicion-en-cuautitlan-izcalli\\\/\"},\"wordCount\":364,\"publisher\":{\"@id\":\"https:\\\/\\\/continuamosmx.com\\\/#organization\"},\"image\":{\"@id\":\"https:\\\/\\\/continuamosmx.com\\\/index.php\\\/2022\\\/01\\\/30\\\/atencion-inmediata-para-familiares-con-reporte-de-desaparicion-en-cuautitlan-izcalli\\\/#primaryimage\"},\"thumbnailUrl\":\"https:\\\/\\\/continuamosmx.com\\\/wp-content\\\/uploads\\\/2022\\\/01\\\/C2C74F36-C723-4FF9-8B65-70C4626A19DF.jpeg\",\"articleSection\":[\"C. IZCALLI\",\"LOCALES\"],\"inLanguage\":\"es\"},{\"@type\":\"WebPage\",\"@id\":\"https:\\\/\\\/continuamosmx.com\\\/index.php\\\/2022\\\/01\\\/30\\\/atencion-inmediata-para-familiares-con-reporte-de-desaparicion-en-cuautitlan-izcalli\\\/\",\"url\":\"https:\\\/\\\/continuamosmx.com\\\/index.php\\\/2022\\\/01\\\/30\\\/atencion-inmediata-para-familiares-con-reporte-de-desaparicion-en-cuautitlan-izcalli\\\/\",\"name\":\"ATENCI\u00d3N INMEDIATA PARA FAMILIARES CON REPORTE DE DESAPARICI\u00d3N EN CUAUTITL\u00c1N IZCALLI -\",\"isPartOf\":{\"@id\":\"https:\\\/\\\/continuamosmx.com\\\/#website\"},\"primaryImageOfPage\":{\"@id\":\"https:\\\/\\\/continuamosmx.com\\\/index.php\\\/2022\\\/01\\\/30\\\/atencion-inmediata-para-familiares-con-reporte-de-desaparicion-en-cuautitlan-izcalli\\\/#primaryimage\"},\"image\":{\"@id\":\"https:\\\/\\\/continuamosmx.com\\\/index.php\\\/2022\\\/01\\\/30\\\/atencion-inmediata-para-familiares-con-reporte-de-desaparicion-en-cuautitlan-izcalli\\\/#primaryimage\"},\"thumbnailUrl\":\"https:\\\/\\\/continuamosmx.com\\\/wp-content\\\/uploads\\\/2022\\\/01\\\/C2C74F36-C723-4FF9-8B65-70C4626A19DF.jpeg\",\"datePublished\":\"2022-01-30T15:10:12+00:00\",\"breadcrumb\":{\"@id\":\"https:\\\/\\\/continuamosmx.com\\\/index.php\\\/2022\\\/01\\\/30\\\/atencion-inmediata-para-familiares-con-reporte-de-desaparicion-en-cuautitlan-izcalli\\\/#breadcrumb\"},\"inLanguage\":\"es\",\"potentialAction\":[{\"@type\":\"ReadAction\",\"target\":[\"https:\\\/\\\/continuamosmx.com\\\/index.php\\\/2022\\\/01\\\/30\\\/atencion-inmediata-para-familiares-con-reporte-de-desaparicion-en-cuautitlan-izcalli\\\/\"]}]},{\"@type\":\"ImageObject\",\"inLanguage\":\"es\",\"@id\":\"https:\\\/\\\/continuamosmx.com\\\/index.php\\\/2022\\\/01\\\/30\\\/atencion-inmediata-para-familiares-con-reporte-de-desaparicion-en-cuautitlan-izcalli\\\/#primaryimage\",\"url\":\"https:\\\/\\\/continuamosmx.com\\\/wp-content\\\/uploads\\\/2022\\\/01\\\/C2C74F36-C723-4FF9-8B65-70C4626A19DF.jpeg\",\"contentUrl\":\"https:\\\/\\\/continuamosmx.com\\\/wp-content\\\/uploads\\\/2022\\\/01\\\/C2C74F36-C723-4FF9-8B65-70C4626A19DF.jpeg\",\"width\":1280,\"height\":895},{\"@type\":\"BreadcrumbList\",\"@id\":\"https:\\\/\\\/continuamosmx.com\\\/index.php\\\/2022\\\/01\\\/30\\\/atencion-inmediata-para-familiares-con-reporte-de-desaparicion-en-cuautitlan-izcalli\\\/#breadcrumb\",\"itemListElement\":[{\"@type\":\"ListItem\",\"position\":1,\"name\":\"Inicio\",\"item\":\"https:\\\/\\\/continuamosmx.com\\\/\"},{\"@type\":\"ListItem\",\"position\":2,\"name\":\"ATENCI\u00d3N INMEDIATA PARA FAMILIARES CON REPORTE DE DESAPARICI\u00d3N EN CUAUTITL\u00c1N IZCALLI\"}]},{\"@type\":\"WebSite\",\"@id\":\"https:\\\/\\\/continuamosmx.com\\\/#website\",\"url\":\"https:\\\/\\\/continuamosmx.com\\\/\",\"name\":\"www.continuamosmx.com\",\"description\":\"\",\"publisher\":{\"@id\":\"https:\\\/\\\/continuamosmx.com\\\/#organization\"},\"potentialAction\":[{\"@type\":\"SearchAction\",\"target\":{\"@type\":\"EntryPoint\",\"urlTemplate\":\"https:\\\/\\\/continuamosmx.com\\\/?s={search_term_string}\"},\"query-input\":{\"@type\":\"PropertyValueSpecification\",\"valueRequired\":true,\"valueName\":\"search_term_string\"}}],\"inLanguage\":\"es\"},{\"@type\":\"Organization\",\"@id\":\"https:\\\/\\\/continuamosmx.com\\\/#organization\",\"name\":\"ContinuamosMX\",\"url\":\"https:\\\/\\\/continuamosmx.com\\\/\",\"logo\":{\"@type\":\"ImageObject\",\"inLanguage\":\"es\",\"@id\":\"https:\\\/\\\/continuamosmx.com\\\/#\\\/schema\\\/logo\\\/image\\\/\",\"url\":\"https:\\\/\\\/continuamosmx.com\\\/wp-content\\\/uploads\\\/2023\\\/04\\\/cropped-LOGO-CONTI-NUEVO.png\",\"contentUrl\":\"https:\\\/\\\/continuamosmx.com\\\/wp-content\\\/uploads\\\/2023\\\/04\\\/cropped-LOGO-CONTI-NUEVO.png\",\"width\":1257,\"height\":430,\"caption\":\"ContinuamosMX\"},\"image\":{\"@id\":\"https:\\\/\\\/continuamosmx.com\\\/#\\\/schema\\\/logo\\\/image\\\/\"}},{\"@type\":\"Person\",\"@id\":\"https:\\\/\\\/continuamosmx.com\\\/#\\\/schema\\\/person\\\/5eb5356acb1fad784da407d14f0e8d89\",\"name\":\"Continuamos MX\",\"image\":{\"@type\":\"ImageObject\",\"inLanguage\":\"es\",\"@id\":\"https:\\\/\\\/secure.gravatar.com\\\/avatar\\\/30d4f9723476a15f4da34d35fb3501f08d2357016c76051c6a85c354c7489589?s=96&d=mm&r=g\",\"url\":\"https:\\\/\\\/secure.gravatar.com\\\/avatar\\\/30d4f9723476a15f4da34d35fb3501f08d2357016c76051c6a85c354c7489589?s=96&d=mm&r=g\",\"contentUrl\":\"https:\\\/\\\/secure.gravatar.com\\\/avatar\\\/30d4f9723476a15f4da34d35fb3501f08d2357016c76051c6a85c354c7489589?s=96&d=mm&r=g\",\"caption\":\"Continuamos MX\"},\"sameAs\":[\"http:\\\/\\\/www.continuamos.mx\"],\"url\":\"https:\\\/\\\/continuamosmx.com\\\/index.php\\\/author\\\/continuamos\\\/\"}]}<\/script>\n<!-- \/ Yoast SEO plugin. -->","yoast_head_json":{"title":"ATENCI\u00d3N INMEDIATA PARA FAMILIARES CON REPORTE DE DESAPARICI\u00d3N EN CUAUTITL\u00c1N IZCALLI -","robots":{"index":"index","follow":"follow","max-snippet":"max-snippet:-1","max-image-preview":"max-image-preview:large","max-video-preview":"max-video-preview:-1"},"canonical":"https:\/\/continuamosmx.com\/index.php\/2022\/01\/30\/atencion-inmediata-para-familiares-con-reporte-de-desaparicion-en-cuautitlan-izcalli\/","og_locale":"es_ES","og_type":"article","og_title":"ATENCI\u00d3N INMEDIATA PARA FAMILIARES CON REPORTE DE DESAPARICI\u00d3N EN CUAUTITL\u00c1N IZCALLI -","og_description":".- El Gobierno de Cuautitl\u00e1n Izcalli capacita y asesora a su personal policiaco para prevenir y eficientar la localizaci\u00f3n de personas. .- La Unidad de Atenci\u00f3n apoya con asesor\u00eda psicol\u00f3gica a v\u00edctimas de desaparici\u00f3n, inform\u00f3 la Alcaldesa Karla Fiesco Garc\u00eda. CUAUTITL\u00c1N IZCALLI, M\u00e9x.- La Comisar\u00eda de Seguridad Ciudadana a trav\u00e9s de la Unidad de Atenci\u00f3n [&hellip;]","og_url":"https:\/\/continuamosmx.com\/index.php\/2022\/01\/30\/atencion-inmediata-para-familiares-con-reporte-de-desaparicion-en-cuautitlan-izcalli\/","article_published_time":"2022-01-30T15:10:12+00:00","author":"Continuamos MX","twitter_card":"summary_large_image","twitter_misc":{"Escrito por":"Continuamos MX","Tiempo de lectura":"2 minutos"},"schema":{"@context":"https:\/\/schema.org","@graph":[{"@type":"Article","@id":"https:\/\/continuamosmx.com\/index.php\/2022\/01\/30\/atencion-inmediata-para-familiares-con-reporte-de-desaparicion-en-cuautitlan-izcalli\/#article","isPartOf":{"@id":"https:\/\/continuamosmx.com\/index.php\/2022\/01\/30\/atencion-inmediata-para-familiares-con-reporte-de-desaparicion-en-cuautitlan-izcalli\/"},"author":{"name":"Continuamos MX","@id":"https:\/\/continuamosmx.com\/#\/schema\/person\/5eb5356acb1fad784da407d14f0e8d89"},"headline":"ATENCI\u00d3N INMEDIATA PARA FAMILIARES CON REPORTE DE DESAPARICI\u00d3N EN CUAUTITL\u00c1N IZCALLI","datePublished":"2022-01-30T15:10:12+00:00","mainEntityOfPage":{"@id":"https:\/\/continuamosmx.com\/index.php\/2022\/01\/30\/atencion-inmediata-para-familiares-con-reporte-de-desaparicion-en-cuautitlan-izcalli\/"},"wordCount":364,"publisher":{"@id":"https:\/\/continuamosmx.com\/#organization"},"image":{"@id":"https:\/\/continuamosmx.com\/index.php\/2022\/01\/30\/atencion-inmediata-para-familiares-con-reporte-de-desaparicion-en-cuautitlan-izcalli\/#primaryimage"},"thumbnailUrl":"https:\/\/continuamosmx.com\/wp-content\/uploads\/2022\/01\/C2C74F36-C723-4FF9-8B65-70C4626A19DF.jpeg","articleSection":["C. IZCALLI","LOCALES"],"inLanguage":"es"},{"@type":"WebPage","@id":"https:\/\/continuamosmx.com\/index.php\/2022\/01\/30\/atencion-inmediata-para-familiares-con-reporte-de-desaparicion-en-cuautitlan-izcalli\/","url":"https:\/\/continuamosmx.com\/index.php\/2022\/01\/30\/atencion-inmediata-para-familiares-con-reporte-de-desaparicion-en-cuautitlan-izcalli\/","name":"ATENCI\u00d3N INMEDIATA PARA FAMILIARES CON REPORTE DE DESAPARICI\u00d3N EN CUAUTITL\u00c1N IZCALLI -","isPartOf":{"@id":"https:\/\/continuamosmx.com\/#website"},"primaryImageOfPage":{"@id":"https:\/\/continuamosmx.com\/index.php\/2022\/01\/30\/atencion-inmediata-para-familiares-con-reporte-de-desaparicion-en-cuautitlan-izcalli\/#primaryimage"},"image":{"@id":"https:\/\/continuamosmx.com\/index.php\/2022\/01\/30\/atencion-inmediata-para-familiares-con-reporte-de-desaparicion-en-cuautitlan-izcalli\/#primaryimage"},"thumbnailUrl":"https:\/\/continuamosmx.com\/wp-content\/uploads\/2022\/01\/C2C74F36-C723-4FF9-8B65-70C4626A19DF.jpeg","datePublished":"2022-01-30T15:10:12+00:00","breadcrumb":{"@id":"https:\/\/continuamosmx.com\/index.php\/2022\/01\/30\/atencion-inmediata-para-familiares-con-reporte-de-desaparicion-en-cuautitlan-izcalli\/#breadcrumb"},"inLanguage":"es","potentialAction":[{"@type":"ReadAction","target":["https:\/\/continuamosmx.com\/index.php\/2022\/01\/30\/atencion-inmediata-para-familiares-con-reporte-de-desaparicion-en-cuautitlan-izcalli\/"]}]},{"@type":"ImageObject","inLanguage":"es","@id":"https:\/\/continuamosmx.com\/index.php\/2022\/01\/30\/atencion-inmediata-para-familiares-con-reporte-de-desaparicion-en-cuautitlan-izcalli\/#primaryimage","url":"https:\/\/continuamosmx.com\/wp-content\/uploads\/2022\/01\/C2C74F36-C723-4FF9-8B65-70C4626A19DF.jpeg","contentUrl":"https:\/\/continuamosmx.com\/wp-content\/uploads\/2022\/01\/C2C74F36-C723-4FF9-8B65-70C4626A19DF.jpeg","width":1280,"height":895},{"@type":"BreadcrumbList","@id":"https:\/\/continuamosmx.com\/index.php\/2022\/01\/30\/atencion-inmediata-para-familiares-con-reporte-de-desaparicion-en-cuautitlan-izcalli\/#breadcrumb","itemListElement":[{"@type":"ListItem","position":1,"name":"Inicio","item":"https:\/\/continuamosmx.com\/"},{"@type":"ListItem","position":2,"name":"ATENCI\u00d3N INMEDIATA PARA FAMILIARES CON REPORTE DE DESAPARICI\u00d3N EN CUAUTITL\u00c1N IZCALLI"}]},{"@type":"WebSite","@id":"https:\/\/continuamosmx.com\/#website","url":"https:\/\/continuamosmx.com\/","name":"www.continuamosmx.com","description":"","publisher":{"@id":"https:\/\/continuamosmx.com\/#organization"},"potentialAction":[{"@type":"SearchAction","target":{"@type":"EntryPoint","urlTemplate":"https:\/\/continuamosmx.com\/?s={search_term_string}"},"query-input":{"@type":"PropertyValueSpecification","valueRequired":true,"valueName":"search_term_string"}}],"inLanguage":"es"},{"@type":"Organization","@id":"https:\/\/continuamosmx.com\/#organization","name":"ContinuamosMX","url":"https:\/\/continuamosmx.com\/","logo":{"@type":"ImageObject","inLanguage":"es","@id":"https:\/\/continuamosmx.com\/#\/schema\/logo\/image\/","url":"https:\/\/continuamosmx.com\/wp-content\/uploads\/2023\/04\/cropped-LOGO-CONTI-NUEVO.png","contentUrl":"https:\/\/continuamosmx.com\/wp-content\/uploads\/2023\/04\/cropped-LOGO-CONTI-NUEVO.png","width":1257,"height":430,"caption":"ContinuamosMX"},"image":{"@id":"https:\/\/continuamosmx.com\/#\/schema\/logo\/image\/"}},{"@type":"Person","@id":"https:\/\/continuamosmx.com\/#\/schema\/person\/5eb5356acb1fad784da407d14f0e8d89","name":"Continuamos MX","image":{"@type":"ImageObject","inLanguage":"es","@id":"https:\/\/secure.gravatar.com\/avatar\/30d4f9723476a15f4da34d35fb3501f08d2357016c76051c6a85c354c7489589?s=96&d=mm&r=g","url":"https:\/\/secure.gravatar.com\/avatar\/30d4f9723476a15f4da34d35fb3501f08d2357016c76051c6a85c354c7489589?s=96&d=mm&r=g","contentUrl":"https:\/\/secure.gravatar.com\/avatar\/30d4f9723476a15f4da34d35fb3501f08d2357016c76051c6a85c354c7489589?s=96&d=mm&r=g","caption":"Continuamos MX"},"sameAs":["http:\/\/www.continuamos.mx"],"url":"https:\/\/continuamosmx.com\/index.php\/author\/continuamos\/"}]}},"_links":{"self":[{"href":"https:\/\/continuamosmx.com\/index.php\/wp-json\/wp\/v2\/posts\/33395","targetHints":{"allow":["GET"]}}],"collection":[{"href":"https:\/\/continuamosmx.com\/index.php\/wp-json\/wp\/v2\/posts"}],"about":[{"href":"https:\/\/continuamosmx.com\/index.php\/wp-json\/wp\/v2\/types\/post"}],"author":[{"embeddable":true,"href":"https:\/\/continuamosmx.com\/index.php\/wp-json\/wp\/v2\/users\/6"}],"replies":[{"embeddable":true,"href":"https:\/\/continuamosmx.com\/index.php\/wp-json\/wp\/v2\/comments?post=33395"}],"version-history":[{"count":0,"href":"https:\/\/continuamosmx.com\/index.php\/wp-json\/wp\/v2\/posts\/33395\/revisions"}],"wp:featuredmedia":[{"embeddable":true,"href":"https:\/\/continuamosmx.com\/index.php\/wp-json\/wp\/v2\/media\/33396"}],"wp:attachment":[{"href":"https:\/\/continuamosmx.com\/index.php\/wp-json\/wp\/v2\/media?parent=33395"}],"wp:term":[{"taxonomy":"category","embeddable":true,"href":"https:\/\/continuamosmx.com\/index.php\/wp-json\/wp\/v2\/categories?post=33395"},{"taxonomy":"post_tag","embeddable":true,"href":"https:\/\/continuamosmx.com\/index.php\/wp-json\/wp\/v2\/tags?post=33395"}],"curies":[{"name":"wp","href":"https:\/\/api.w.org\/{rel}","templated":true}]}}