{"id":33305,"date":"2022-01-28T08:00:21","date_gmt":"2022-01-28T08:00:21","guid":{"rendered":"https:\/\/continuamos.mx\/?p=33305"},"modified":"2022-01-28T08:00:21","modified_gmt":"2022-01-28T08:00:21","slug":"entregan-aparatos-auditivos","status":"publish","type":"post","link":"https:\/\/continuamosmx.com\/index.php\/2022\/01\/28\/entregan-aparatos-auditivos\/","title":{"rendered":"ENTREGAN APARATOS AUDITIVOS"},"content":{"rendered":"\n<p>* <strong>El DIF Acolman Acolman en coordinaci\u00f3n con la Beneficencia P\u00fablica del ISEM, realizaron la entrega a personas de diversos municipios<\/strong><\/p>\n\n\n\n<p>ACOLMAN, M\u00e9x.- \u201cLa sinergia que generemos entre los diferentes \u00f3rdenes de gobierno nos da para sacar adelante la problem\u00e1tica que viven nuestros municipios y todo el Estado de M\u00e9xico\u201d, puntualiz\u00f3 el presidente municipal Rigoberto Cort\u00e9s Melgoza durante una entrega de aparatos auditivos, donde Acolman fungi\u00f3 como sede.<\/p>\n\n\n\n<p>En ese sentido, el Sistema Municipal de Desarrollo Integral de la Familia en Acolman en coordinaci\u00f3n con la Beneficencia P\u00fablica del Instituto de Salud del Estado de M\u00e9xico (ISEM), realizaron la entrega de aparatos funcionales a personas de municipios como Ecatepec, Tlanepantla, Nezahualc\u00f3yotl, Chalco, Ixtapaluca y Acolman.<\/p>\n\n\n\n<p>El presidente del Sistema Municipal DIF, Osvaldo Cort\u00e9s Contreras destac\u00f3 la importancia de sumar esfuerzos como una de las formas en las que se pueden beneficiar a m\u00e1s familias;&nbsp; \u201choy nos toc\u00f3 ser anfitriones en esta entrega de aparatos auditivos para diversos municipios y estamos contentos de recibirlos\u201d, subray\u00f3.<\/p>\n\n\n\n<p>Asimismo, se\u00f1al\u00f3 que la entrega de estos aparatos cumple con el compromiso de ofrecer mejores condiciones de vida acercando servicios de salud de calidad y atenci\u00f3n m\u00e9dica especializada.<\/p>\n\n\n\n<p>\u201cEsta entrega marca el inter\u00e9s que ha puesto el DIF municipal a favor de las personas, apoy\u00e1ndolos en las necesidades primordiales\u201d, indic\u00f3 el funcionario honorario.<\/p>\n\n\n\n<p>Tras emitir su mensaje, las autoridades municipales hicieron la entrega simb\u00f3lica a los beneficiarios, a quienes posteriormente les realizaron su audiometr\u00eda y recibieron sus aparatos a la medida exacta.<\/p>\n\n\n\n<p>Cabe destacar que la Beneficencia P\u00fablica del Estado M\u00e9xico, busca apoyar a los mexiquenses en situaci\u00f3n vulnerable y de escasos recursos que padecen alguna discapacidad auditiva, quienes no est\u00e1n en posibilidad de adquirir un auxiliar auditivo.<\/p>\n\n\n\n<p>El evento estuvo presidido por Itzel F\u00e1tima Villeda Osorio, directora del DIF Municipall; \u00a0Marco Antonio Casta\u00f1eda Garc\u00eda, Jefe del Departamento de Asistencia Social de la entidad; Mar\u00eda Antonieta S\u00e1nchez Rivera, trabajadora social del municipio de Ixtapaluca; y del T\u00e9cnico, Jos\u00e9 Guadalupe Peralta Guerrero, coordinador del programa \u201cAparatos Funcionales\u201d en el municipio.<\/p>\n\n\n\n<figure class=\"wp-block-gallery columns-2 is-cropped wp-block-gallery-1 is-layout-flex wp-block-gallery-is-layout-flex\"><ul class=\"blocks-gallery-grid\"><li class=\"blocks-gallery-item\"><figure><img loading=\"lazy\" decoding=\"async\" width=\"480\" height=\"319\" src=\"http:\/\/continuamos.mx\/wp-content\/uploads\/2022\/01\/acolman-3-4.jpg\" alt=\"\" data-id=\"33308\" data-full-url=\"http:\/\/continuamos.mx\/wp-content\/uploads\/2022\/01\/acolman-3-4.jpg\" data-link=\"https:\/\/continuamos.mx\/?attachment_id=33308\" class=\"wp-image-33308\" srcset=\"https:\/\/continuamosmx.com\/wp-content\/uploads\/2022\/01\/acolman-3-4.jpg 480w, https:\/\/continuamosmx.com\/wp-content\/uploads\/2022\/01\/acolman-3-4-300x199.jpg 300w\" sizes=\"auto, (max-width: 480px) 100vw, 480px\" \/><\/figure><\/li><li class=\"blocks-gallery-item\"><figure><img loading=\"lazy\" decoding=\"async\" width=\"480\" height=\"319\" src=\"http:\/\/continuamos.mx\/wp-content\/uploads\/2022\/01\/acolman-2-8.jpg\" alt=\"\" data-id=\"33307\" data-full-url=\"http:\/\/continuamos.mx\/wp-content\/uploads\/2022\/01\/acolman-2-8.jpg\" data-link=\"https:\/\/continuamos.mx\/?attachment_id=33307\" class=\"wp-image-33307\" srcset=\"https:\/\/continuamosmx.com\/wp-content\/uploads\/2022\/01\/acolman-2-8.jpg 480w, https:\/\/continuamosmx.com\/wp-content\/uploads\/2022\/01\/acolman-2-8-300x199.jpg 300w\" sizes=\"auto, (max-width: 480px) 100vw, 480px\" \/><\/figure><\/li><\/ul><\/figure>\n","protected":false},"excerpt":{"rendered":"<p>* El DIF Acolman Acolman en coordinaci\u00f3n con la Beneficencia P\u00fablica del ISEM, realizaron la entrega a personas de diversos municipios ACOLMAN, M\u00e9x.- \u201cLa sinergia que generemos entre los diferentes \u00f3rdenes de gobierno nos da para sacar adelante la problem\u00e1tica que viven nuestros municipios y todo el Estado de M\u00e9xico\u201d, puntualiz\u00f3 el presidente municipal Rigoberto [&hellip;]<\/p>\n","protected":false},"author":6,"featured_media":33306,"comment_status":"closed","ping_status":"open","sticky":false,"template":"","format":"standard","meta":{"footnotes":""},"categories":[13,4],"tags":[],"class_list":["post-33305","post","type-post","status-publish","format-standard","has-post-thumbnail","hentry","category-acolman","category-locales"],"yoast_head":"<!-- This site is optimized with the Yoast SEO plugin v27.5 - https:\/\/yoast.com\/product\/yoast-seo-wordpress\/ -->\n<title>ENTREGAN APARATOS AUDITIVOS -<\/title>\n<meta name=\"robots\" content=\"index, follow, max-snippet:-1, max-image-preview:large, max-video-preview:-1\" \/>\n<link rel=\"canonical\" href=\"https:\/\/continuamosmx.com\/index.php\/2022\/01\/28\/entregan-aparatos-auditivos\/\" \/>\n<meta property=\"og:locale\" content=\"es_ES\" \/>\n<meta property=\"og:type\" content=\"article\" \/>\n<meta property=\"og:title\" content=\"ENTREGAN APARATOS AUDITIVOS -\" \/>\n<meta property=\"og:description\" content=\"* El DIF Acolman Acolman en coordinaci\u00f3n con la Beneficencia P\u00fablica del ISEM, realizaron la entrega a personas de diversos municipios ACOLMAN, M\u00e9x.- \u201cLa sinergia que generemos entre los diferentes \u00f3rdenes de gobierno nos da para sacar adelante la problem\u00e1tica que viven nuestros municipios y todo el Estado de M\u00e9xico\u201d, puntualiz\u00f3 el presidente municipal Rigoberto [&hellip;]\" \/>\n<meta property=\"og:url\" content=\"https:\/\/continuamosmx.com\/index.php\/2022\/01\/28\/entregan-aparatos-auditivos\/\" \/>\n<meta property=\"article:published_time\" content=\"2022-01-28T08:00:21+00:00\" \/>\n<meta property=\"og:image\" content=\"http:\/\/continuamos.mx\/wp-content\/uploads\/2022\/01\/acolman-3-4.jpg\" \/>\n<meta name=\"author\" content=\"Continuamos MX\" \/>\n<meta name=\"twitter:card\" content=\"summary_large_image\" \/>\n<meta name=\"twitter:label1\" content=\"Escrito por\" \/>\n\t<meta name=\"twitter:data1\" content=\"Continuamos MX\" \/>\n\t<meta name=\"twitter:label2\" content=\"Tiempo de lectura\" \/>\n\t<meta name=\"twitter:data2\" content=\"2 minutos\" \/>\n<script type=\"application\/ld+json\" class=\"yoast-schema-graph\">{\"@context\":\"https:\\\/\\\/schema.org\",\"@graph\":[{\"@type\":\"Article\",\"@id\":\"https:\\\/\\\/continuamosmx.com\\\/index.php\\\/2022\\\/01\\\/28\\\/entregan-aparatos-auditivos\\\/#article\",\"isPartOf\":{\"@id\":\"https:\\\/\\\/continuamosmx.com\\\/index.php\\\/2022\\\/01\\\/28\\\/entregan-aparatos-auditivos\\\/\"},\"author\":{\"name\":\"Continuamos MX\",\"@id\":\"https:\\\/\\\/continuamosmx.com\\\/#\\\/schema\\\/person\\\/5eb5356acb1fad784da407d14f0e8d89\"},\"headline\":\"ENTREGAN APARATOS AUDITIVOS\",\"datePublished\":\"2022-01-28T08:00:21+00:00\",\"mainEntityOfPage\":{\"@id\":\"https:\\\/\\\/continuamosmx.com\\\/index.php\\\/2022\\\/01\\\/28\\\/entregan-aparatos-auditivos\\\/\"},\"wordCount\":366,\"publisher\":{\"@id\":\"https:\\\/\\\/continuamosmx.com\\\/#organization\"},\"image\":{\"@id\":\"https:\\\/\\\/continuamosmx.com\\\/index.php\\\/2022\\\/01\\\/28\\\/entregan-aparatos-auditivos\\\/#primaryimage\"},\"thumbnailUrl\":\"https:\\\/\\\/continuamosmx.com\\\/wp-content\\\/uploads\\\/2022\\\/01\\\/acolman-1-7.jpg\",\"articleSection\":[\"ACOLMAN\",\"LOCALES\"],\"inLanguage\":\"es\"},{\"@type\":\"WebPage\",\"@id\":\"https:\\\/\\\/continuamosmx.com\\\/index.php\\\/2022\\\/01\\\/28\\\/entregan-aparatos-auditivos\\\/\",\"url\":\"https:\\\/\\\/continuamosmx.com\\\/index.php\\\/2022\\\/01\\\/28\\\/entregan-aparatos-auditivos\\\/\",\"name\":\"ENTREGAN APARATOS AUDITIVOS -\",\"isPartOf\":{\"@id\":\"https:\\\/\\\/continuamosmx.com\\\/#website\"},\"primaryImageOfPage\":{\"@id\":\"https:\\\/\\\/continuamosmx.com\\\/index.php\\\/2022\\\/01\\\/28\\\/entregan-aparatos-auditivos\\\/#primaryimage\"},\"image\":{\"@id\":\"https:\\\/\\\/continuamosmx.com\\\/index.php\\\/2022\\\/01\\\/28\\\/entregan-aparatos-auditivos\\\/#primaryimage\"},\"thumbnailUrl\":\"https:\\\/\\\/continuamosmx.com\\\/wp-content\\\/uploads\\\/2022\\\/01\\\/acolman-1-7.jpg\",\"datePublished\":\"2022-01-28T08:00:21+00:00\",\"breadcrumb\":{\"@id\":\"https:\\\/\\\/continuamosmx.com\\\/index.php\\\/2022\\\/01\\\/28\\\/entregan-aparatos-auditivos\\\/#breadcrumb\"},\"inLanguage\":\"es\",\"potentialAction\":[{\"@type\":\"ReadAction\",\"target\":[\"https:\\\/\\\/continuamosmx.com\\\/index.php\\\/2022\\\/01\\\/28\\\/entregan-aparatos-auditivos\\\/\"]}]},{\"@type\":\"ImageObject\",\"inLanguage\":\"es\",\"@id\":\"https:\\\/\\\/continuamosmx.com\\\/index.php\\\/2022\\\/01\\\/28\\\/entregan-aparatos-auditivos\\\/#primaryimage\",\"url\":\"https:\\\/\\\/continuamosmx.com\\\/wp-content\\\/uploads\\\/2022\\\/01\\\/acolman-1-7.jpg\",\"contentUrl\":\"https:\\\/\\\/continuamosmx.com\\\/wp-content\\\/uploads\\\/2022\\\/01\\\/acolman-1-7.jpg\",\"width\":480,\"height\":319},{\"@type\":\"BreadcrumbList\",\"@id\":\"https:\\\/\\\/continuamosmx.com\\\/index.php\\\/2022\\\/01\\\/28\\\/entregan-aparatos-auditivos\\\/#breadcrumb\",\"itemListElement\":[{\"@type\":\"ListItem\",\"position\":1,\"name\":\"Inicio\",\"item\":\"https:\\\/\\\/continuamosmx.com\\\/\"},{\"@type\":\"ListItem\",\"position\":2,\"name\":\"ENTREGAN APARATOS AUDITIVOS\"}]},{\"@type\":\"WebSite\",\"@id\":\"https:\\\/\\\/continuamosmx.com\\\/#website\",\"url\":\"https:\\\/\\\/continuamosmx.com\\\/\",\"name\":\"www.continuamosmx.com\",\"description\":\"\",\"publisher\":{\"@id\":\"https:\\\/\\\/continuamosmx.com\\\/#organization\"},\"potentialAction\":[{\"@type\":\"SearchAction\",\"target\":{\"@type\":\"EntryPoint\",\"urlTemplate\":\"https:\\\/\\\/continuamosmx.com\\\/?s={search_term_string}\"},\"query-input\":{\"@type\":\"PropertyValueSpecification\",\"valueRequired\":true,\"valueName\":\"search_term_string\"}}],\"inLanguage\":\"es\"},{\"@type\":\"Organization\",\"@id\":\"https:\\\/\\\/continuamosmx.com\\\/#organization\",\"name\":\"ContinuamosMX\",\"url\":\"https:\\\/\\\/continuamosmx.com\\\/\",\"logo\":{\"@type\":\"ImageObject\",\"inLanguage\":\"es\",\"@id\":\"https:\\\/\\\/continuamosmx.com\\\/#\\\/schema\\\/logo\\\/image\\\/\",\"url\":\"https:\\\/\\\/continuamosmx.com\\\/wp-content\\\/uploads\\\/2023\\\/04\\\/cropped-LOGO-CONTI-NUEVO.png\",\"contentUrl\":\"https:\\\/\\\/continuamosmx.com\\\/wp-content\\\/uploads\\\/2023\\\/04\\\/cropped-LOGO-CONTI-NUEVO.png\",\"width\":1257,\"height\":430,\"caption\":\"ContinuamosMX\"},\"image\":{\"@id\":\"https:\\\/\\\/continuamosmx.com\\\/#\\\/schema\\\/logo\\\/image\\\/\"}},{\"@type\":\"Person\",\"@id\":\"https:\\\/\\\/continuamosmx.com\\\/#\\\/schema\\\/person\\\/5eb5356acb1fad784da407d14f0e8d89\",\"name\":\"Continuamos MX\",\"image\":{\"@type\":\"ImageObject\",\"inLanguage\":\"es\",\"@id\":\"https:\\\/\\\/secure.gravatar.com\\\/avatar\\\/30d4f9723476a15f4da34d35fb3501f08d2357016c76051c6a85c354c7489589?s=96&d=mm&r=g\",\"url\":\"https:\\\/\\\/secure.gravatar.com\\\/avatar\\\/30d4f9723476a15f4da34d35fb3501f08d2357016c76051c6a85c354c7489589?s=96&d=mm&r=g\",\"contentUrl\":\"https:\\\/\\\/secure.gravatar.com\\\/avatar\\\/30d4f9723476a15f4da34d35fb3501f08d2357016c76051c6a85c354c7489589?s=96&d=mm&r=g\",\"caption\":\"Continuamos MX\"},\"sameAs\":[\"http:\\\/\\\/www.continuamos.mx\"],\"url\":\"https:\\\/\\\/continuamosmx.com\\\/index.php\\\/author\\\/continuamos\\\/\"}]}<\/script>\n<!-- \/ Yoast SEO plugin. -->","yoast_head_json":{"title":"ENTREGAN APARATOS AUDITIVOS -","robots":{"index":"index","follow":"follow","max-snippet":"max-snippet:-1","max-image-preview":"max-image-preview:large","max-video-preview":"max-video-preview:-1"},"canonical":"https:\/\/continuamosmx.com\/index.php\/2022\/01\/28\/entregan-aparatos-auditivos\/","og_locale":"es_ES","og_type":"article","og_title":"ENTREGAN APARATOS AUDITIVOS -","og_description":"* El DIF Acolman Acolman en coordinaci\u00f3n con la Beneficencia P\u00fablica del ISEM, realizaron la entrega a personas de diversos municipios ACOLMAN, M\u00e9x.- \u201cLa sinergia que generemos entre los diferentes \u00f3rdenes de gobierno nos da para sacar adelante la problem\u00e1tica que viven nuestros municipios y todo el Estado de M\u00e9xico\u201d, puntualiz\u00f3 el presidente municipal Rigoberto [&hellip;]","og_url":"https:\/\/continuamosmx.com\/index.php\/2022\/01\/28\/entregan-aparatos-auditivos\/","article_published_time":"2022-01-28T08:00:21+00:00","og_image":[{"url":"http:\/\/continuamos.mx\/wp-content\/uploads\/2022\/01\/acolman-3-4.jpg","type":"","width":"","height":""}],"author":"Continuamos MX","twitter_card":"summary_large_image","twitter_misc":{"Escrito por":"Continuamos MX","Tiempo de lectura":"2 minutos"},"schema":{"@context":"https:\/\/schema.org","@graph":[{"@type":"Article","@id":"https:\/\/continuamosmx.com\/index.php\/2022\/01\/28\/entregan-aparatos-auditivos\/#article","isPartOf":{"@id":"https:\/\/continuamosmx.com\/index.php\/2022\/01\/28\/entregan-aparatos-auditivos\/"},"author":{"name":"Continuamos MX","@id":"https:\/\/continuamosmx.com\/#\/schema\/person\/5eb5356acb1fad784da407d14f0e8d89"},"headline":"ENTREGAN APARATOS AUDITIVOS","datePublished":"2022-01-28T08:00:21+00:00","mainEntityOfPage":{"@id":"https:\/\/continuamosmx.com\/index.php\/2022\/01\/28\/entregan-aparatos-auditivos\/"},"wordCount":366,"publisher":{"@id":"https:\/\/continuamosmx.com\/#organization"},"image":{"@id":"https:\/\/continuamosmx.com\/index.php\/2022\/01\/28\/entregan-aparatos-auditivos\/#primaryimage"},"thumbnailUrl":"https:\/\/continuamosmx.com\/wp-content\/uploads\/2022\/01\/acolman-1-7.jpg","articleSection":["ACOLMAN","LOCALES"],"inLanguage":"es"},{"@type":"WebPage","@id":"https:\/\/continuamosmx.com\/index.php\/2022\/01\/28\/entregan-aparatos-auditivos\/","url":"https:\/\/continuamosmx.com\/index.php\/2022\/01\/28\/entregan-aparatos-auditivos\/","name":"ENTREGAN APARATOS AUDITIVOS -","isPartOf":{"@id":"https:\/\/continuamosmx.com\/#website"},"primaryImageOfPage":{"@id":"https:\/\/continuamosmx.com\/index.php\/2022\/01\/28\/entregan-aparatos-auditivos\/#primaryimage"},"image":{"@id":"https:\/\/continuamosmx.com\/index.php\/2022\/01\/28\/entregan-aparatos-auditivos\/#primaryimage"},"thumbnailUrl":"https:\/\/continuamosmx.com\/wp-content\/uploads\/2022\/01\/acolman-1-7.jpg","datePublished":"2022-01-28T08:00:21+00:00","breadcrumb":{"@id":"https:\/\/continuamosmx.com\/index.php\/2022\/01\/28\/entregan-aparatos-auditivos\/#breadcrumb"},"inLanguage":"es","potentialAction":[{"@type":"ReadAction","target":["https:\/\/continuamosmx.com\/index.php\/2022\/01\/28\/entregan-aparatos-auditivos\/"]}]},{"@type":"ImageObject","inLanguage":"es","@id":"https:\/\/continuamosmx.com\/index.php\/2022\/01\/28\/entregan-aparatos-auditivos\/#primaryimage","url":"https:\/\/continuamosmx.com\/wp-content\/uploads\/2022\/01\/acolman-1-7.jpg","contentUrl":"https:\/\/continuamosmx.com\/wp-content\/uploads\/2022\/01\/acolman-1-7.jpg","width":480,"height":319},{"@type":"BreadcrumbList","@id":"https:\/\/continuamosmx.com\/index.php\/2022\/01\/28\/entregan-aparatos-auditivos\/#breadcrumb","itemListElement":[{"@type":"ListItem","position":1,"name":"Inicio","item":"https:\/\/continuamosmx.com\/"},{"@type":"ListItem","position":2,"name":"ENTREGAN APARATOS AUDITIVOS"}]},{"@type":"WebSite","@id":"https:\/\/continuamosmx.com\/#website","url":"https:\/\/continuamosmx.com\/","name":"www.continuamosmx.com","description":"","publisher":{"@id":"https:\/\/continuamosmx.com\/#organization"},"potentialAction":[{"@type":"SearchAction","target":{"@type":"EntryPoint","urlTemplate":"https:\/\/continuamosmx.com\/?s={search_term_string}"},"query-input":{"@type":"PropertyValueSpecification","valueRequired":true,"valueName":"search_term_string"}}],"inLanguage":"es"},{"@type":"Organization","@id":"https:\/\/continuamosmx.com\/#organization","name":"ContinuamosMX","url":"https:\/\/continuamosmx.com\/","logo":{"@type":"ImageObject","inLanguage":"es","@id":"https:\/\/continuamosmx.com\/#\/schema\/logo\/image\/","url":"https:\/\/continuamosmx.com\/wp-content\/uploads\/2023\/04\/cropped-LOGO-CONTI-NUEVO.png","contentUrl":"https:\/\/continuamosmx.com\/wp-content\/uploads\/2023\/04\/cropped-LOGO-CONTI-NUEVO.png","width":1257,"height":430,"caption":"ContinuamosMX"},"image":{"@id":"https:\/\/continuamosmx.com\/#\/schema\/logo\/image\/"}},{"@type":"Person","@id":"https:\/\/continuamosmx.com\/#\/schema\/person\/5eb5356acb1fad784da407d14f0e8d89","name":"Continuamos MX","image":{"@type":"ImageObject","inLanguage":"es","@id":"https:\/\/secure.gravatar.com\/avatar\/30d4f9723476a15f4da34d35fb3501f08d2357016c76051c6a85c354c7489589?s=96&d=mm&r=g","url":"https:\/\/secure.gravatar.com\/avatar\/30d4f9723476a15f4da34d35fb3501f08d2357016c76051c6a85c354c7489589?s=96&d=mm&r=g","contentUrl":"https:\/\/secure.gravatar.com\/avatar\/30d4f9723476a15f4da34d35fb3501f08d2357016c76051c6a85c354c7489589?s=96&d=mm&r=g","caption":"Continuamos MX"},"sameAs":["http:\/\/www.continuamos.mx"],"url":"https:\/\/continuamosmx.com\/index.php\/author\/continuamos\/"}]}},"_links":{"self":[{"href":"https:\/\/continuamosmx.com\/index.php\/wp-json\/wp\/v2\/posts\/33305","targetHints":{"allow":["GET"]}}],"collection":[{"href":"https:\/\/continuamosmx.com\/index.php\/wp-json\/wp\/v2\/posts"}],"about":[{"href":"https:\/\/continuamosmx.com\/index.php\/wp-json\/wp\/v2\/types\/post"}],"author":[{"embeddable":true,"href":"https:\/\/continuamosmx.com\/index.php\/wp-json\/wp\/v2\/users\/6"}],"replies":[{"embeddable":true,"href":"https:\/\/continuamosmx.com\/index.php\/wp-json\/wp\/v2\/comments?post=33305"}],"version-history":[{"count":0,"href":"https:\/\/continuamosmx.com\/index.php\/wp-json\/wp\/v2\/posts\/33305\/revisions"}],"wp:featuredmedia":[{"embeddable":true,"href":"https:\/\/continuamosmx.com\/index.php\/wp-json\/wp\/v2\/media\/33306"}],"wp:attachment":[{"href":"https:\/\/continuamosmx.com\/index.php\/wp-json\/wp\/v2\/media?parent=33305"}],"wp:term":[{"taxonomy":"category","embeddable":true,"href":"https:\/\/continuamosmx.com\/index.php\/wp-json\/wp\/v2\/categories?post=33305"},{"taxonomy":"post_tag","embeddable":true,"href":"https:\/\/continuamosmx.com\/index.php\/wp-json\/wp\/v2\/tags?post=33305"}],"curies":[{"name":"wp","href":"https:\/\/api.w.org\/{rel}","templated":true}]}}