{"id":33303,"date":"2022-01-28T07:55:29","date_gmt":"2022-01-28T07:55:29","guid":{"rendered":"https:\/\/continuamos.mx\/?p=33303"},"modified":"2022-01-28T07:55:29","modified_gmt":"2022-01-28T07:55:29","slug":"cotidianidades-350","status":"publish","type":"post","link":"https:\/\/continuamosmx.com\/index.php\/2022\/01\/28\/cotidianidades-350\/","title":{"rendered":"COTIDIANIDADES"},"content":{"rendered":"\n<p>.- <strong>Sociedad a\u00a0 la deriva ante insensibilidad gubernamental<\/strong><\/p>\n\n\n\n<p>Por: SAUL HERNANDEZ<\/p>\n\n\n\n<p>AL PARECER los tres niveles de gobierno, federal, estatal y municipal, si est\u00e1n viendo otros datos que no concuerdan con lo que se dice en materia de efectos causados por la pandemia del Coronavirus, donde se ha llegado a un punto cr\u00edtico con respecto a los decesos que en los \u00faltimos d\u00edas lleg\u00f3 a registrar los 532 al d\u00eda.<\/p>\n\n\n\n<p>Y sus n\u00fameros alegres se debe, seg\u00fan ellos, a que no existe saturaci\u00f3n de hospitales, y aqu\u00ed algunos datos ya que nuestro pa\u00eds ocupa el d\u00e9cimo cuarto a nivel de contagios mundialmente, pero el quinto en decesos detr\u00e1s de Estados Unidos, Brasil, India y Rusia, y donde el manejo de la pandemia la siguen defendiendo a capa y espada.<\/p>\n\n\n\n<p>Obvio no van a reconocer su falta de atenci\u00f3n, el problema es que no hacen m\u00e1s.<\/p>\n\n\n\n<p>El zar de la salud, Hugo L\u00f3pez Gatlle, se\u00f1al\u00f3 que esta cuarta ola como que ya se empieza a disminuir, pero s\u00f3lo c\u00f3mo que se cree, no que suceda y de plano la variante \u00d3micron ha sido m\u00e1s letal y mucho se debe al relajamiento de las medidas sanitarias y protocolarias, donde de plano ya no se hace nada, situaci\u00f3n a la que le hemos dado seguimiento, donde los tres niveles de gobierno siguen demostrando o falta de capacidad o de ingenio para realizar acciones que le ayude a la sociedad a enfrentar tal situaci\u00f3n.<\/p>\n\n\n\n<p>De igual manera diremos que el Coronavirus ha venido impactando en todos los aspectos y en todos los rubros, siendo la econom\u00eda una de las partes m\u00e1s preocupantes, donde se hablaba de n\u00famero alegres en materia de crecimiento nacional, esto all\u00e1 por el mes de noviembre del a\u00f1o pasado, porque hoy las nuevas estimaciones y de acuerdo a la inflaci\u00f3n, tenemos que ese crecimiento se calcula que ser\u00e1 tan s\u00f3lo del 2.6 por ciento y eso a reserva de que baje a\u00fan m\u00e1s si el asunto de la inflaci\u00f3n no se controla.<\/p>\n\n\n\n<p>Si bien la econom\u00eda es un tema, diremos que la salud hoy por hoy se vuelve prioritaria y pese a las afectaciones, la autoridad sigue defendiendo su estrategia, donde por ejemplo el sector educativo seguir\u00e1 bajo la misma condici\u00f3n y as\u00ed otras tantas actividades diarias como el transporte p\u00fablico o centros de consumo.<\/p>\n\n\n\n<p>Tales n\u00fameros siguen dando muestra del mal manejo de la pandemia y de la poca sensibilidad de la autoridad para asistir a la poblaci\u00f3n, pero tambi\u00e9n se aboga a que la sociedad haga su parte que esperemos suceda a menos que tampoco les importe mucho la muerte de sus seres queridos.<\/p>\n\n\n\n<p>Esta situaci\u00f3n y el protocolo que se maneja con las defunciones nos han estado encaminando a una normalizaci\u00f3n de la muerte, que sumada con la inseguridad, nos genera otra forma de condicionar la vida, que ante los efectos, quiz\u00e1 muchos no piensan en trascender y s\u00ed ser parte de la inmediatez algo que sin duda tambi\u00e9n a afectado a la sociedad en su deseo de superaci\u00f3n.<\/p>\n\n\n\n<p>Se supone que nuestra mejor apuesta para ello son los j\u00f3venes, pero debido a las circunstancias y a los cambios de valores en muchos aspectos, tales como la permisibilidad que ha existido, ahora esa autonom\u00eda no va encaminada a la mejora del individuo, sino a tener condiciones de visi\u00f3n corta y a poco espacio, por lo tanto esa normalizaci\u00f3n de la muerte no s\u00f3lo nos acerca a otras condicionante sociales y morales, sino a la poca visi\u00f3n de j\u00f3venes que tambi\u00e9n se encuentran a la deriva y en el abandono de una autoridad, peor a\u00fan, de sus propios familiares que es lo m\u00e1s grave y que se observa esa descomposici\u00f3n social, donde la apuesta a la reconstrucci\u00f3n de un tejido social ha sido letra muerta desde hace ya tiempo y debido a esa insensibilidad gubernamental que sumada con la incapacidad demostrada, pues tenemos condiciones sociales muy agrestes.<\/p>\n\n\n\n<p>Esas situaciones hacen m\u00e1s d\u00edficles la aplicaci\u00f3n de una cultura de la prevenci\u00f3n en todos los aspectos, por lo que los cambios a\u00fan se antojan lejos y dif\u00edciles, mientras no se asienten esas condiciones, sobre todo de credibilidad y confianza.<\/p>\n\n\n\n<p>Y ya dije.<\/p>\n","protected":false},"excerpt":{"rendered":"<p>.- Sociedad a\u00a0 la deriva ante insensibilidad gubernamental Por: SAUL HERNANDEZ AL PARECER los tres niveles de gobierno, federal, estatal y municipal, si est\u00e1n viendo otros datos que no concuerdan con lo que se dice en materia de efectos causados por la pandemia del Coronavirus, donde se ha llegado a un punto cr\u00edtico con respecto [&hellip;]<\/p>\n","protected":false},"author":6,"featured_media":11582,"comment_status":"closed","ping_status":"open","sticky":false,"template":"","format":"standard","meta":{"footnotes":""},"categories":[10,9],"tags":[],"class_list":["post-33303","post","type-post","status-publish","format-standard","has-post-thumbnail","hentry","category-articulo-de-contenido","category-columnas"],"yoast_head":"<!-- This site is optimized with the Yoast SEO plugin v27.5 - https:\/\/yoast.com\/product\/yoast-seo-wordpress\/ -->\n<title>COTIDIANIDADES -<\/title>\n<meta name=\"robots\" content=\"index, follow, max-snippet:-1, max-image-preview:large, max-video-preview:-1\" \/>\n<link rel=\"canonical\" href=\"https:\/\/continuamosmx.com\/index.php\/2022\/01\/28\/cotidianidades-350\/\" \/>\n<meta property=\"og:locale\" content=\"es_ES\" \/>\n<meta property=\"og:type\" content=\"article\" \/>\n<meta property=\"og:title\" content=\"COTIDIANIDADES -\" \/>\n<meta property=\"og:description\" content=\".- Sociedad a\u00a0 la deriva ante insensibilidad gubernamental Por: SAUL HERNANDEZ AL PARECER los tres niveles de gobierno, federal, estatal y municipal, si est\u00e1n viendo otros datos que no concuerdan con lo que se dice en materia de efectos causados por la pandemia del Coronavirus, donde se ha llegado a un punto cr\u00edtico con respecto [&hellip;]\" \/>\n<meta property=\"og:url\" content=\"https:\/\/continuamosmx.com\/index.php\/2022\/01\/28\/cotidianidades-350\/\" \/>\n<meta property=\"article:published_time\" content=\"2022-01-28T07:55:29+00:00\" \/>\n<meta name=\"author\" content=\"Continuamos MX\" \/>\n<meta name=\"twitter:card\" content=\"summary_large_image\" \/>\n<meta name=\"twitter:label1\" content=\"Escrito por\" \/>\n\t<meta name=\"twitter:data1\" content=\"Continuamos MX\" \/>\n\t<meta name=\"twitter:label2\" content=\"Tiempo de lectura\" \/>\n\t<meta name=\"twitter:data2\" content=\"4 minutos\" \/>\n<script type=\"application\/ld+json\" class=\"yoast-schema-graph\">{\"@context\":\"https:\\\/\\\/schema.org\",\"@graph\":[{\"@type\":\"Article\",\"@id\":\"https:\\\/\\\/continuamosmx.com\\\/index.php\\\/2022\\\/01\\\/28\\\/cotidianidades-350\\\/#article\",\"isPartOf\":{\"@id\":\"https:\\\/\\\/continuamosmx.com\\\/index.php\\\/2022\\\/01\\\/28\\\/cotidianidades-350\\\/\"},\"author\":{\"name\":\"Continuamos MX\",\"@id\":\"https:\\\/\\\/continuamosmx.com\\\/#\\\/schema\\\/person\\\/5eb5356acb1fad784da407d14f0e8d89\"},\"headline\":\"COTIDIANIDADES\",\"datePublished\":\"2022-01-28T07:55:29+00:00\",\"mainEntityOfPage\":{\"@id\":\"https:\\\/\\\/continuamosmx.com\\\/index.php\\\/2022\\\/01\\\/28\\\/cotidianidades-350\\\/\"},\"wordCount\":747,\"publisher\":{\"@id\":\"https:\\\/\\\/continuamosmx.com\\\/#organization\"},\"image\":{\"@id\":\"https:\\\/\\\/continuamosmx.com\\\/index.php\\\/2022\\\/01\\\/28\\\/cotidianidades-350\\\/#primaryimage\"},\"thumbnailUrl\":\"https:\\\/\\\/continuamosmx.com\\\/wp-content\\\/uploads\\\/2021\\\/02\\\/saul.jpg\",\"articleSection\":[\"ART\u00cdCULO DE CONTENIDO\",\"COLUMNAS\"],\"inLanguage\":\"es\"},{\"@type\":\"WebPage\",\"@id\":\"https:\\\/\\\/continuamosmx.com\\\/index.php\\\/2022\\\/01\\\/28\\\/cotidianidades-350\\\/\",\"url\":\"https:\\\/\\\/continuamosmx.com\\\/index.php\\\/2022\\\/01\\\/28\\\/cotidianidades-350\\\/\",\"name\":\"COTIDIANIDADES -\",\"isPartOf\":{\"@id\":\"https:\\\/\\\/continuamosmx.com\\\/#website\"},\"primaryImageOfPage\":{\"@id\":\"https:\\\/\\\/continuamosmx.com\\\/index.php\\\/2022\\\/01\\\/28\\\/cotidianidades-350\\\/#primaryimage\"},\"image\":{\"@id\":\"https:\\\/\\\/continuamosmx.com\\\/index.php\\\/2022\\\/01\\\/28\\\/cotidianidades-350\\\/#primaryimage\"},\"thumbnailUrl\":\"https:\\\/\\\/continuamosmx.com\\\/wp-content\\\/uploads\\\/2021\\\/02\\\/saul.jpg\",\"datePublished\":\"2022-01-28T07:55:29+00:00\",\"breadcrumb\":{\"@id\":\"https:\\\/\\\/continuamosmx.com\\\/index.php\\\/2022\\\/01\\\/28\\\/cotidianidades-350\\\/#breadcrumb\"},\"inLanguage\":\"es\",\"potentialAction\":[{\"@type\":\"ReadAction\",\"target\":[\"https:\\\/\\\/continuamosmx.com\\\/index.php\\\/2022\\\/01\\\/28\\\/cotidianidades-350\\\/\"]}]},{\"@type\":\"ImageObject\",\"inLanguage\":\"es\",\"@id\":\"https:\\\/\\\/continuamosmx.com\\\/index.php\\\/2022\\\/01\\\/28\\\/cotidianidades-350\\\/#primaryimage\",\"url\":\"https:\\\/\\\/continuamosmx.com\\\/wp-content\\\/uploads\\\/2021\\\/02\\\/saul.jpg\",\"contentUrl\":\"https:\\\/\\\/continuamosmx.com\\\/wp-content\\\/uploads\\\/2021\\\/02\\\/saul.jpg\",\"width\":337,\"height\":480},{\"@type\":\"BreadcrumbList\",\"@id\":\"https:\\\/\\\/continuamosmx.com\\\/index.php\\\/2022\\\/01\\\/28\\\/cotidianidades-350\\\/#breadcrumb\",\"itemListElement\":[{\"@type\":\"ListItem\",\"position\":1,\"name\":\"Inicio\",\"item\":\"https:\\\/\\\/continuamosmx.com\\\/\"},{\"@type\":\"ListItem\",\"position\":2,\"name\":\"COTIDIANIDADES\"}]},{\"@type\":\"WebSite\",\"@id\":\"https:\\\/\\\/continuamosmx.com\\\/#website\",\"url\":\"https:\\\/\\\/continuamosmx.com\\\/\",\"name\":\"www.continuamosmx.com\",\"description\":\"\",\"publisher\":{\"@id\":\"https:\\\/\\\/continuamosmx.com\\\/#organization\"},\"potentialAction\":[{\"@type\":\"SearchAction\",\"target\":{\"@type\":\"EntryPoint\",\"urlTemplate\":\"https:\\\/\\\/continuamosmx.com\\\/?s={search_term_string}\"},\"query-input\":{\"@type\":\"PropertyValueSpecification\",\"valueRequired\":true,\"valueName\":\"search_term_string\"}}],\"inLanguage\":\"es\"},{\"@type\":\"Organization\",\"@id\":\"https:\\\/\\\/continuamosmx.com\\\/#organization\",\"name\":\"ContinuamosMX\",\"url\":\"https:\\\/\\\/continuamosmx.com\\\/\",\"logo\":{\"@type\":\"ImageObject\",\"inLanguage\":\"es\",\"@id\":\"https:\\\/\\\/continuamosmx.com\\\/#\\\/schema\\\/logo\\\/image\\\/\",\"url\":\"https:\\\/\\\/continuamosmx.com\\\/wp-content\\\/uploads\\\/2023\\\/04\\\/cropped-LOGO-CONTI-NUEVO.png\",\"contentUrl\":\"https:\\\/\\\/continuamosmx.com\\\/wp-content\\\/uploads\\\/2023\\\/04\\\/cropped-LOGO-CONTI-NUEVO.png\",\"width\":1257,\"height\":430,\"caption\":\"ContinuamosMX\"},\"image\":{\"@id\":\"https:\\\/\\\/continuamosmx.com\\\/#\\\/schema\\\/logo\\\/image\\\/\"}},{\"@type\":\"Person\",\"@id\":\"https:\\\/\\\/continuamosmx.com\\\/#\\\/schema\\\/person\\\/5eb5356acb1fad784da407d14f0e8d89\",\"name\":\"Continuamos MX\",\"image\":{\"@type\":\"ImageObject\",\"inLanguage\":\"es\",\"@id\":\"https:\\\/\\\/secure.gravatar.com\\\/avatar\\\/30d4f9723476a15f4da34d35fb3501f08d2357016c76051c6a85c354c7489589?s=96&d=mm&r=g\",\"url\":\"https:\\\/\\\/secure.gravatar.com\\\/avatar\\\/30d4f9723476a15f4da34d35fb3501f08d2357016c76051c6a85c354c7489589?s=96&d=mm&r=g\",\"contentUrl\":\"https:\\\/\\\/secure.gravatar.com\\\/avatar\\\/30d4f9723476a15f4da34d35fb3501f08d2357016c76051c6a85c354c7489589?s=96&d=mm&r=g\",\"caption\":\"Continuamos MX\"},\"sameAs\":[\"http:\\\/\\\/www.continuamos.mx\"],\"url\":\"https:\\\/\\\/continuamosmx.com\\\/index.php\\\/author\\\/continuamos\\\/\"}]}<\/script>\n<!-- \/ Yoast SEO plugin. -->","yoast_head_json":{"title":"COTIDIANIDADES -","robots":{"index":"index","follow":"follow","max-snippet":"max-snippet:-1","max-image-preview":"max-image-preview:large","max-video-preview":"max-video-preview:-1"},"canonical":"https:\/\/continuamosmx.com\/index.php\/2022\/01\/28\/cotidianidades-350\/","og_locale":"es_ES","og_type":"article","og_title":"COTIDIANIDADES -","og_description":".- Sociedad a\u00a0 la deriva ante insensibilidad gubernamental Por: SAUL HERNANDEZ AL PARECER los tres niveles de gobierno, federal, estatal y municipal, si est\u00e1n viendo otros datos que no concuerdan con lo que se dice en materia de efectos causados por la pandemia del Coronavirus, donde se ha llegado a un punto cr\u00edtico con respecto [&hellip;]","og_url":"https:\/\/continuamosmx.com\/index.php\/2022\/01\/28\/cotidianidades-350\/","article_published_time":"2022-01-28T07:55:29+00:00","author":"Continuamos MX","twitter_card":"summary_large_image","twitter_misc":{"Escrito por":"Continuamos MX","Tiempo de lectura":"4 minutos"},"schema":{"@context":"https:\/\/schema.org","@graph":[{"@type":"Article","@id":"https:\/\/continuamosmx.com\/index.php\/2022\/01\/28\/cotidianidades-350\/#article","isPartOf":{"@id":"https:\/\/continuamosmx.com\/index.php\/2022\/01\/28\/cotidianidades-350\/"},"author":{"name":"Continuamos MX","@id":"https:\/\/continuamosmx.com\/#\/schema\/person\/5eb5356acb1fad784da407d14f0e8d89"},"headline":"COTIDIANIDADES","datePublished":"2022-01-28T07:55:29+00:00","mainEntityOfPage":{"@id":"https:\/\/continuamosmx.com\/index.php\/2022\/01\/28\/cotidianidades-350\/"},"wordCount":747,"publisher":{"@id":"https:\/\/continuamosmx.com\/#organization"},"image":{"@id":"https:\/\/continuamosmx.com\/index.php\/2022\/01\/28\/cotidianidades-350\/#primaryimage"},"thumbnailUrl":"https:\/\/continuamosmx.com\/wp-content\/uploads\/2021\/02\/saul.jpg","articleSection":["ART\u00cdCULO DE CONTENIDO","COLUMNAS"],"inLanguage":"es"},{"@type":"WebPage","@id":"https:\/\/continuamosmx.com\/index.php\/2022\/01\/28\/cotidianidades-350\/","url":"https:\/\/continuamosmx.com\/index.php\/2022\/01\/28\/cotidianidades-350\/","name":"COTIDIANIDADES -","isPartOf":{"@id":"https:\/\/continuamosmx.com\/#website"},"primaryImageOfPage":{"@id":"https:\/\/continuamosmx.com\/index.php\/2022\/01\/28\/cotidianidades-350\/#primaryimage"},"image":{"@id":"https:\/\/continuamosmx.com\/index.php\/2022\/01\/28\/cotidianidades-350\/#primaryimage"},"thumbnailUrl":"https:\/\/continuamosmx.com\/wp-content\/uploads\/2021\/02\/saul.jpg","datePublished":"2022-01-28T07:55:29+00:00","breadcrumb":{"@id":"https:\/\/continuamosmx.com\/index.php\/2022\/01\/28\/cotidianidades-350\/#breadcrumb"},"inLanguage":"es","potentialAction":[{"@type":"ReadAction","target":["https:\/\/continuamosmx.com\/index.php\/2022\/01\/28\/cotidianidades-350\/"]}]},{"@type":"ImageObject","inLanguage":"es","@id":"https:\/\/continuamosmx.com\/index.php\/2022\/01\/28\/cotidianidades-350\/#primaryimage","url":"https:\/\/continuamosmx.com\/wp-content\/uploads\/2021\/02\/saul.jpg","contentUrl":"https:\/\/continuamosmx.com\/wp-content\/uploads\/2021\/02\/saul.jpg","width":337,"height":480},{"@type":"BreadcrumbList","@id":"https:\/\/continuamosmx.com\/index.php\/2022\/01\/28\/cotidianidades-350\/#breadcrumb","itemListElement":[{"@type":"ListItem","position":1,"name":"Inicio","item":"https:\/\/continuamosmx.com\/"},{"@type":"ListItem","position":2,"name":"COTIDIANIDADES"}]},{"@type":"WebSite","@id":"https:\/\/continuamosmx.com\/#website","url":"https:\/\/continuamosmx.com\/","name":"www.continuamosmx.com","description":"","publisher":{"@id":"https:\/\/continuamosmx.com\/#organization"},"potentialAction":[{"@type":"SearchAction","target":{"@type":"EntryPoint","urlTemplate":"https:\/\/continuamosmx.com\/?s={search_term_string}"},"query-input":{"@type":"PropertyValueSpecification","valueRequired":true,"valueName":"search_term_string"}}],"inLanguage":"es"},{"@type":"Organization","@id":"https:\/\/continuamosmx.com\/#organization","name":"ContinuamosMX","url":"https:\/\/continuamosmx.com\/","logo":{"@type":"ImageObject","inLanguage":"es","@id":"https:\/\/continuamosmx.com\/#\/schema\/logo\/image\/","url":"https:\/\/continuamosmx.com\/wp-content\/uploads\/2023\/04\/cropped-LOGO-CONTI-NUEVO.png","contentUrl":"https:\/\/continuamosmx.com\/wp-content\/uploads\/2023\/04\/cropped-LOGO-CONTI-NUEVO.png","width":1257,"height":430,"caption":"ContinuamosMX"},"image":{"@id":"https:\/\/continuamosmx.com\/#\/schema\/logo\/image\/"}},{"@type":"Person","@id":"https:\/\/continuamosmx.com\/#\/schema\/person\/5eb5356acb1fad784da407d14f0e8d89","name":"Continuamos MX","image":{"@type":"ImageObject","inLanguage":"es","@id":"https:\/\/secure.gravatar.com\/avatar\/30d4f9723476a15f4da34d35fb3501f08d2357016c76051c6a85c354c7489589?s=96&d=mm&r=g","url":"https:\/\/secure.gravatar.com\/avatar\/30d4f9723476a15f4da34d35fb3501f08d2357016c76051c6a85c354c7489589?s=96&d=mm&r=g","contentUrl":"https:\/\/secure.gravatar.com\/avatar\/30d4f9723476a15f4da34d35fb3501f08d2357016c76051c6a85c354c7489589?s=96&d=mm&r=g","caption":"Continuamos MX"},"sameAs":["http:\/\/www.continuamos.mx"],"url":"https:\/\/continuamosmx.com\/index.php\/author\/continuamos\/"}]}},"_links":{"self":[{"href":"https:\/\/continuamosmx.com\/index.php\/wp-json\/wp\/v2\/posts\/33303","targetHints":{"allow":["GET"]}}],"collection":[{"href":"https:\/\/continuamosmx.com\/index.php\/wp-json\/wp\/v2\/posts"}],"about":[{"href":"https:\/\/continuamosmx.com\/index.php\/wp-json\/wp\/v2\/types\/post"}],"author":[{"embeddable":true,"href":"https:\/\/continuamosmx.com\/index.php\/wp-json\/wp\/v2\/users\/6"}],"replies":[{"embeddable":true,"href":"https:\/\/continuamosmx.com\/index.php\/wp-json\/wp\/v2\/comments?post=33303"}],"version-history":[{"count":0,"href":"https:\/\/continuamosmx.com\/index.php\/wp-json\/wp\/v2\/posts\/33303\/revisions"}],"wp:featuredmedia":[{"embeddable":true,"href":"https:\/\/continuamosmx.com\/index.php\/wp-json\/wp\/v2\/media\/11582"}],"wp:attachment":[{"href":"https:\/\/continuamosmx.com\/index.php\/wp-json\/wp\/v2\/media?parent=33303"}],"wp:term":[{"taxonomy":"category","embeddable":true,"href":"https:\/\/continuamosmx.com\/index.php\/wp-json\/wp\/v2\/categories?post=33303"},{"taxonomy":"post_tag","embeddable":true,"href":"https:\/\/continuamosmx.com\/index.php\/wp-json\/wp\/v2\/tags?post=33303"}],"curies":[{"name":"wp","href":"https:\/\/api.w.org\/{rel}","templated":true}]}}