{"id":33263,"date":"2022-01-27T13:27:47","date_gmt":"2022-01-27T13:27:47","guid":{"rendered":"https:\/\/continuamos.mx\/?p=33263"},"modified":"2022-01-27T13:27:47","modified_gmt":"2022-01-27T13:27:47","slug":"prioriza-gobierno-de-atizapan-de-zaragoza-la-atencion-a-ninas-ninos-y-adolescentes","status":"publish","type":"post","link":"https:\/\/continuamosmx.com\/index.php\/2022\/01\/27\/prioriza-gobierno-de-atizapan-de-zaragoza-la-atencion-a-ninas-ninos-y-adolescentes\/","title":{"rendered":"PRIORIZA GOBIERNO DE ATIZAP\u00c1N DE ZARAGOZA LA ATENCI\u00d3N A NI\u00d1AS, NI\u00d1OS Y ADOLESCENTES"},"content":{"rendered":"\n<p><strong>.- El Alcalde Pedro Rodr\u00edguez Villegas, anunci\u00f3 la creaci\u00f3n de la Oficina de Presidencia para la Gesti\u00f3n y Atenci\u00f3n del Inter\u00e9s Superior de la Ni\u00f1ez, instancia \u00fanica en su tipo a nivel estatal y que atender\u00e1 de manera directa temas relacionados a la ni\u00f1ez y la adolescencia.\u00a0<\/strong><\/p>\n\n\n\n<p>ATIZAPAN DE ZARAGOZA, M\u00e9x.- En la Instalaci\u00f3n del Sistema de Protecci\u00f3n Integral a Ni\u00f1as, Ni\u00f1os y Adolescentes (SIPINNA), el Presidente Municipal de Atizap\u00e1n de Zaragoza, Pedro Rodr\u00edguez Villegas, anunci\u00f3 la creaci\u00f3n de la Oficina de Presidencia para la Gesti\u00f3n y Atenci\u00f3n del Inter\u00e9s Superior de la Ni\u00f1ez, instancia \u00fanica en su tipo a nivel estatal y que atender\u00e1 de manera directa temas relacionados a la ni\u00f1ez y la adolescencia.&nbsp;<\/p>\n\n\n\n<p>\u00abBuscamos atender, entre otros objetivos, los temas de pobreza, adicciones, trabajo infantil, discriminaci\u00f3n, violencia, salud, educaci\u00f3n y embarazo adolescente\u00bb, explic\u00f3 el Alcalde.&nbsp;<\/p>\n\n\n\n<p>Pedro Rodr\u00edguez, quien en su Gesti\u00f3n anterior brind\u00f3 especial atenci\u00f3n a los menores, dijo que para esta Administraci\u00f3n, se trabajar\u00e1 de forma transversal con los distintos \u00f3rdenes de Gobierno para garantizar la mejora en la calidad de vida de los infantes.&nbsp;<\/p>\n\n\n\n<p>\u00abNuestro Municipio cuenta con 132 mil 412 ni\u00f1as, ni\u00f1os y adolescentes, es decir el 25.28% del total de la poblaci\u00f3n atizapense, es por ello que desde el primer minuto del primero de enero del 2022 he girado indicaciones a todas las \u00e1reas de la Administraci\u00f3n para convertirnos en un Municipio responsable, comprometido, innovador y ejemplar en la aplicaci\u00f3n de las pol\u00edticas p\u00fablicas con perspectiva de derechos de la infancia y la adolescencia\u00bb, apunt\u00f3 el Presidente Municipal.&nbsp;<\/p>\n\n\n\n<p>Rodr\u00edguez Villegas agreg\u00f3 que como Presidente Municipal y Presidente del SIPINNA har\u00e1 todo lo que est\u00e9 en sus manos para que en Atizap\u00e1n de Zaragoza existan espacios seguros, escuelas dignas, familias s\u00f3lidas, pero sobre todo,&nbsp;&nbsp;que existan ni\u00f1as, ni\u00f1os y adolescentes felices y sanos y con esperanza en el presente para un mejor ma\u00f1ana.<\/p>\n\n\n\n<p>En su intervenci\u00f3n, Olga Mar\u00eda Hern\u00e1ndez Esquivel, Secretaria Ejecutiva del SIPINNA estatal, destac\u00f3 que Atizap\u00e1n de Zaragoza es el primer Ayuntamiento en renovar a los integrantes de su SIPINNA&nbsp;&nbsp;y tomar acuerdos en su primera sesi\u00f3n. Tambi\u00e9n dijo que es importante la convocatoria que lanza el Municipio a organizaciones de la sociedad civil para formar parte de dicho Sistema.<\/p>\n\n\n\n<p>\u00abTenemos que reconocer que ni\u00f1as, ni\u00f1os y adolescentes son sujetos de derechos al igual que nosotros y no son sujetos solo de protecci\u00f3n\u00bb, agreg\u00f3.<\/p>\n","protected":false},"excerpt":{"rendered":"<p>.- El Alcalde Pedro Rodr\u00edguez Villegas, anunci\u00f3 la creaci\u00f3n de la Oficina de Presidencia para la Gesti\u00f3n y Atenci\u00f3n del Inter\u00e9s Superior de la Ni\u00f1ez, instancia \u00fanica en su tipo a nivel estatal y que atender\u00e1 de manera directa temas relacionados a la ni\u00f1ez y la adolescencia.\u00a0 ATIZAPAN DE ZARAGOZA, M\u00e9x.- En la Instalaci\u00f3n del [&hellip;]<\/p>\n","protected":false},"author":6,"featured_media":33264,"comment_status":"closed","ping_status":"open","sticky":false,"template":"","format":"standard","meta":{"footnotes":""},"categories":[20,4],"tags":[],"class_list":["post-33263","post","type-post","status-publish","format-standard","has-post-thumbnail","hentry","category-atizapan-de-zaragoza","category-locales"],"yoast_head":"<!-- This site is optimized with the Yoast SEO plugin v27.5 - https:\/\/yoast.com\/product\/yoast-seo-wordpress\/ -->\n<title>PRIORIZA GOBIERNO DE ATIZAP\u00c1N DE ZARAGOZA LA ATENCI\u00d3N A NI\u00d1AS, NI\u00d1OS Y ADOLESCENTES -<\/title>\n<meta name=\"robots\" content=\"index, follow, max-snippet:-1, max-image-preview:large, max-video-preview:-1\" \/>\n<link rel=\"canonical\" href=\"https:\/\/continuamosmx.com\/index.php\/2022\/01\/27\/prioriza-gobierno-de-atizapan-de-zaragoza-la-atencion-a-ninas-ninos-y-adolescentes\/\" \/>\n<meta property=\"og:locale\" content=\"es_ES\" \/>\n<meta property=\"og:type\" content=\"article\" \/>\n<meta property=\"og:title\" content=\"PRIORIZA GOBIERNO DE ATIZAP\u00c1N DE ZARAGOZA LA ATENCI\u00d3N A NI\u00d1AS, NI\u00d1OS Y ADOLESCENTES -\" \/>\n<meta property=\"og:description\" content=\".- El Alcalde Pedro Rodr\u00edguez Villegas, anunci\u00f3 la creaci\u00f3n de la Oficina de Presidencia para la Gesti\u00f3n y Atenci\u00f3n del Inter\u00e9s Superior de la Ni\u00f1ez, instancia \u00fanica en su tipo a nivel estatal y que atender\u00e1 de manera directa temas relacionados a la ni\u00f1ez y la adolescencia.\u00a0 ATIZAPAN DE ZARAGOZA, M\u00e9x.- En la Instalaci\u00f3n del [&hellip;]\" \/>\n<meta property=\"og:url\" content=\"https:\/\/continuamosmx.com\/index.php\/2022\/01\/27\/prioriza-gobierno-de-atizapan-de-zaragoza-la-atencion-a-ninas-ninos-y-adolescentes\/\" \/>\n<meta property=\"article:published_time\" content=\"2022-01-27T13:27:47+00:00\" \/>\n<meta name=\"author\" content=\"Continuamos MX\" \/>\n<meta name=\"twitter:card\" content=\"summary_large_image\" \/>\n<meta name=\"twitter:label1\" content=\"Escrito por\" \/>\n\t<meta name=\"twitter:data1\" content=\"Continuamos MX\" \/>\n\t<meta name=\"twitter:label2\" content=\"Tiempo de lectura\" \/>\n\t<meta name=\"twitter:data2\" content=\"2 minutos\" \/>\n<script type=\"application\/ld+json\" class=\"yoast-schema-graph\">{\"@context\":\"https:\\\/\\\/schema.org\",\"@graph\":[{\"@type\":\"Article\",\"@id\":\"https:\\\/\\\/continuamosmx.com\\\/index.php\\\/2022\\\/01\\\/27\\\/prioriza-gobierno-de-atizapan-de-zaragoza-la-atencion-a-ninas-ninos-y-adolescentes\\\/#article\",\"isPartOf\":{\"@id\":\"https:\\\/\\\/continuamosmx.com\\\/index.php\\\/2022\\\/01\\\/27\\\/prioriza-gobierno-de-atizapan-de-zaragoza-la-atencion-a-ninas-ninos-y-adolescentes\\\/\"},\"author\":{\"name\":\"Continuamos MX\",\"@id\":\"https:\\\/\\\/continuamosmx.com\\\/#\\\/schema\\\/person\\\/5eb5356acb1fad784da407d14f0e8d89\"},\"headline\":\"PRIORIZA GOBIERNO DE ATIZAP\u00c1N DE ZARAGOZA LA ATENCI\u00d3N A NI\u00d1AS, NI\u00d1OS Y ADOLESCENTES\",\"datePublished\":\"2022-01-27T13:27:47+00:00\",\"mainEntityOfPage\":{\"@id\":\"https:\\\/\\\/continuamosmx.com\\\/index.php\\\/2022\\\/01\\\/27\\\/prioriza-gobierno-de-atizapan-de-zaragoza-la-atencion-a-ninas-ninos-y-adolescentes\\\/\"},\"wordCount\":462,\"publisher\":{\"@id\":\"https:\\\/\\\/continuamosmx.com\\\/#organization\"},\"image\":{\"@id\":\"https:\\\/\\\/continuamosmx.com\\\/index.php\\\/2022\\\/01\\\/27\\\/prioriza-gobierno-de-atizapan-de-zaragoza-la-atencion-a-ninas-ninos-y-adolescentes\\\/#primaryimage\"},\"thumbnailUrl\":\"https:\\\/\\\/continuamosmx.com\\\/wp-content\\\/uploads\\\/2022\\\/01\\\/D54A1096-E36F-4091-92D3-EEF3756F0D7F.jpeg\",\"articleSection\":[\"ATIZAPAN DE ZARAGOZA\",\"LOCALES\"],\"inLanguage\":\"es\"},{\"@type\":\"WebPage\",\"@id\":\"https:\\\/\\\/continuamosmx.com\\\/index.php\\\/2022\\\/01\\\/27\\\/prioriza-gobierno-de-atizapan-de-zaragoza-la-atencion-a-ninas-ninos-y-adolescentes\\\/\",\"url\":\"https:\\\/\\\/continuamosmx.com\\\/index.php\\\/2022\\\/01\\\/27\\\/prioriza-gobierno-de-atizapan-de-zaragoza-la-atencion-a-ninas-ninos-y-adolescentes\\\/\",\"name\":\"PRIORIZA GOBIERNO DE ATIZAP\u00c1N DE ZARAGOZA LA ATENCI\u00d3N A NI\u00d1AS, NI\u00d1OS Y ADOLESCENTES -\",\"isPartOf\":{\"@id\":\"https:\\\/\\\/continuamosmx.com\\\/#website\"},\"primaryImageOfPage\":{\"@id\":\"https:\\\/\\\/continuamosmx.com\\\/index.php\\\/2022\\\/01\\\/27\\\/prioriza-gobierno-de-atizapan-de-zaragoza-la-atencion-a-ninas-ninos-y-adolescentes\\\/#primaryimage\"},\"image\":{\"@id\":\"https:\\\/\\\/continuamosmx.com\\\/index.php\\\/2022\\\/01\\\/27\\\/prioriza-gobierno-de-atizapan-de-zaragoza-la-atencion-a-ninas-ninos-y-adolescentes\\\/#primaryimage\"},\"thumbnailUrl\":\"https:\\\/\\\/continuamosmx.com\\\/wp-content\\\/uploads\\\/2022\\\/01\\\/D54A1096-E36F-4091-92D3-EEF3756F0D7F.jpeg\",\"datePublished\":\"2022-01-27T13:27:47+00:00\",\"breadcrumb\":{\"@id\":\"https:\\\/\\\/continuamosmx.com\\\/index.php\\\/2022\\\/01\\\/27\\\/prioriza-gobierno-de-atizapan-de-zaragoza-la-atencion-a-ninas-ninos-y-adolescentes\\\/#breadcrumb\"},\"inLanguage\":\"es\",\"potentialAction\":[{\"@type\":\"ReadAction\",\"target\":[\"https:\\\/\\\/continuamosmx.com\\\/index.php\\\/2022\\\/01\\\/27\\\/prioriza-gobierno-de-atizapan-de-zaragoza-la-atencion-a-ninas-ninos-y-adolescentes\\\/\"]}]},{\"@type\":\"ImageObject\",\"inLanguage\":\"es\",\"@id\":\"https:\\\/\\\/continuamosmx.com\\\/index.php\\\/2022\\\/01\\\/27\\\/prioriza-gobierno-de-atizapan-de-zaragoza-la-atencion-a-ninas-ninos-y-adolescentes\\\/#primaryimage\",\"url\":\"https:\\\/\\\/continuamosmx.com\\\/wp-content\\\/uploads\\\/2022\\\/01\\\/D54A1096-E36F-4091-92D3-EEF3756F0D7F.jpeg\",\"contentUrl\":\"https:\\\/\\\/continuamosmx.com\\\/wp-content\\\/uploads\\\/2022\\\/01\\\/D54A1096-E36F-4091-92D3-EEF3756F0D7F.jpeg\",\"width\":1280,\"height\":869},{\"@type\":\"BreadcrumbList\",\"@id\":\"https:\\\/\\\/continuamosmx.com\\\/index.php\\\/2022\\\/01\\\/27\\\/prioriza-gobierno-de-atizapan-de-zaragoza-la-atencion-a-ninas-ninos-y-adolescentes\\\/#breadcrumb\",\"itemListElement\":[{\"@type\":\"ListItem\",\"position\":1,\"name\":\"Inicio\",\"item\":\"https:\\\/\\\/continuamosmx.com\\\/\"},{\"@type\":\"ListItem\",\"position\":2,\"name\":\"PRIORIZA GOBIERNO DE ATIZAP\u00c1N DE ZARAGOZA LA ATENCI\u00d3N A NI\u00d1AS, NI\u00d1OS Y ADOLESCENTES\"}]},{\"@type\":\"WebSite\",\"@id\":\"https:\\\/\\\/continuamosmx.com\\\/#website\",\"url\":\"https:\\\/\\\/continuamosmx.com\\\/\",\"name\":\"www.continuamosmx.com\",\"description\":\"\",\"publisher\":{\"@id\":\"https:\\\/\\\/continuamosmx.com\\\/#organization\"},\"potentialAction\":[{\"@type\":\"SearchAction\",\"target\":{\"@type\":\"EntryPoint\",\"urlTemplate\":\"https:\\\/\\\/continuamosmx.com\\\/?s={search_term_string}\"},\"query-input\":{\"@type\":\"PropertyValueSpecification\",\"valueRequired\":true,\"valueName\":\"search_term_string\"}}],\"inLanguage\":\"es\"},{\"@type\":\"Organization\",\"@id\":\"https:\\\/\\\/continuamosmx.com\\\/#organization\",\"name\":\"ContinuamosMX\",\"url\":\"https:\\\/\\\/continuamosmx.com\\\/\",\"logo\":{\"@type\":\"ImageObject\",\"inLanguage\":\"es\",\"@id\":\"https:\\\/\\\/continuamosmx.com\\\/#\\\/schema\\\/logo\\\/image\\\/\",\"url\":\"https:\\\/\\\/continuamosmx.com\\\/wp-content\\\/uploads\\\/2023\\\/04\\\/cropped-LOGO-CONTI-NUEVO.png\",\"contentUrl\":\"https:\\\/\\\/continuamosmx.com\\\/wp-content\\\/uploads\\\/2023\\\/04\\\/cropped-LOGO-CONTI-NUEVO.png\",\"width\":1257,\"height\":430,\"caption\":\"ContinuamosMX\"},\"image\":{\"@id\":\"https:\\\/\\\/continuamosmx.com\\\/#\\\/schema\\\/logo\\\/image\\\/\"}},{\"@type\":\"Person\",\"@id\":\"https:\\\/\\\/continuamosmx.com\\\/#\\\/schema\\\/person\\\/5eb5356acb1fad784da407d14f0e8d89\",\"name\":\"Continuamos MX\",\"image\":{\"@type\":\"ImageObject\",\"inLanguage\":\"es\",\"@id\":\"https:\\\/\\\/secure.gravatar.com\\\/avatar\\\/30d4f9723476a15f4da34d35fb3501f08d2357016c76051c6a85c354c7489589?s=96&d=mm&r=g\",\"url\":\"https:\\\/\\\/secure.gravatar.com\\\/avatar\\\/30d4f9723476a15f4da34d35fb3501f08d2357016c76051c6a85c354c7489589?s=96&d=mm&r=g\",\"contentUrl\":\"https:\\\/\\\/secure.gravatar.com\\\/avatar\\\/30d4f9723476a15f4da34d35fb3501f08d2357016c76051c6a85c354c7489589?s=96&d=mm&r=g\",\"caption\":\"Continuamos MX\"},\"sameAs\":[\"http:\\\/\\\/www.continuamos.mx\"],\"url\":\"https:\\\/\\\/continuamosmx.com\\\/index.php\\\/author\\\/continuamos\\\/\"}]}<\/script>\n<!-- \/ Yoast SEO plugin. -->","yoast_head_json":{"title":"PRIORIZA GOBIERNO DE ATIZAP\u00c1N DE ZARAGOZA LA ATENCI\u00d3N A NI\u00d1AS, NI\u00d1OS Y ADOLESCENTES -","robots":{"index":"index","follow":"follow","max-snippet":"max-snippet:-1","max-image-preview":"max-image-preview:large","max-video-preview":"max-video-preview:-1"},"canonical":"https:\/\/continuamosmx.com\/index.php\/2022\/01\/27\/prioriza-gobierno-de-atizapan-de-zaragoza-la-atencion-a-ninas-ninos-y-adolescentes\/","og_locale":"es_ES","og_type":"article","og_title":"PRIORIZA GOBIERNO DE ATIZAP\u00c1N DE ZARAGOZA LA ATENCI\u00d3N A NI\u00d1AS, NI\u00d1OS Y ADOLESCENTES -","og_description":".- El Alcalde Pedro Rodr\u00edguez Villegas, anunci\u00f3 la creaci\u00f3n de la Oficina de Presidencia para la Gesti\u00f3n y Atenci\u00f3n del Inter\u00e9s Superior de la Ni\u00f1ez, instancia \u00fanica en su tipo a nivel estatal y que atender\u00e1 de manera directa temas relacionados a la ni\u00f1ez y la adolescencia.\u00a0 ATIZAPAN DE ZARAGOZA, M\u00e9x.- En la Instalaci\u00f3n del [&hellip;]","og_url":"https:\/\/continuamosmx.com\/index.php\/2022\/01\/27\/prioriza-gobierno-de-atizapan-de-zaragoza-la-atencion-a-ninas-ninos-y-adolescentes\/","article_published_time":"2022-01-27T13:27:47+00:00","author":"Continuamos MX","twitter_card":"summary_large_image","twitter_misc":{"Escrito por":"Continuamos MX","Tiempo de lectura":"2 minutos"},"schema":{"@context":"https:\/\/schema.org","@graph":[{"@type":"Article","@id":"https:\/\/continuamosmx.com\/index.php\/2022\/01\/27\/prioriza-gobierno-de-atizapan-de-zaragoza-la-atencion-a-ninas-ninos-y-adolescentes\/#article","isPartOf":{"@id":"https:\/\/continuamosmx.com\/index.php\/2022\/01\/27\/prioriza-gobierno-de-atizapan-de-zaragoza-la-atencion-a-ninas-ninos-y-adolescentes\/"},"author":{"name":"Continuamos MX","@id":"https:\/\/continuamosmx.com\/#\/schema\/person\/5eb5356acb1fad784da407d14f0e8d89"},"headline":"PRIORIZA GOBIERNO DE ATIZAP\u00c1N DE ZARAGOZA LA ATENCI\u00d3N A NI\u00d1AS, NI\u00d1OS Y ADOLESCENTES","datePublished":"2022-01-27T13:27:47+00:00","mainEntityOfPage":{"@id":"https:\/\/continuamosmx.com\/index.php\/2022\/01\/27\/prioriza-gobierno-de-atizapan-de-zaragoza-la-atencion-a-ninas-ninos-y-adolescentes\/"},"wordCount":462,"publisher":{"@id":"https:\/\/continuamosmx.com\/#organization"},"image":{"@id":"https:\/\/continuamosmx.com\/index.php\/2022\/01\/27\/prioriza-gobierno-de-atizapan-de-zaragoza-la-atencion-a-ninas-ninos-y-adolescentes\/#primaryimage"},"thumbnailUrl":"https:\/\/continuamosmx.com\/wp-content\/uploads\/2022\/01\/D54A1096-E36F-4091-92D3-EEF3756F0D7F.jpeg","articleSection":["ATIZAPAN DE ZARAGOZA","LOCALES"],"inLanguage":"es"},{"@type":"WebPage","@id":"https:\/\/continuamosmx.com\/index.php\/2022\/01\/27\/prioriza-gobierno-de-atizapan-de-zaragoza-la-atencion-a-ninas-ninos-y-adolescentes\/","url":"https:\/\/continuamosmx.com\/index.php\/2022\/01\/27\/prioriza-gobierno-de-atizapan-de-zaragoza-la-atencion-a-ninas-ninos-y-adolescentes\/","name":"PRIORIZA GOBIERNO DE ATIZAP\u00c1N DE ZARAGOZA LA ATENCI\u00d3N A NI\u00d1AS, NI\u00d1OS Y ADOLESCENTES -","isPartOf":{"@id":"https:\/\/continuamosmx.com\/#website"},"primaryImageOfPage":{"@id":"https:\/\/continuamosmx.com\/index.php\/2022\/01\/27\/prioriza-gobierno-de-atizapan-de-zaragoza-la-atencion-a-ninas-ninos-y-adolescentes\/#primaryimage"},"image":{"@id":"https:\/\/continuamosmx.com\/index.php\/2022\/01\/27\/prioriza-gobierno-de-atizapan-de-zaragoza-la-atencion-a-ninas-ninos-y-adolescentes\/#primaryimage"},"thumbnailUrl":"https:\/\/continuamosmx.com\/wp-content\/uploads\/2022\/01\/D54A1096-E36F-4091-92D3-EEF3756F0D7F.jpeg","datePublished":"2022-01-27T13:27:47+00:00","breadcrumb":{"@id":"https:\/\/continuamosmx.com\/index.php\/2022\/01\/27\/prioriza-gobierno-de-atizapan-de-zaragoza-la-atencion-a-ninas-ninos-y-adolescentes\/#breadcrumb"},"inLanguage":"es","potentialAction":[{"@type":"ReadAction","target":["https:\/\/continuamosmx.com\/index.php\/2022\/01\/27\/prioriza-gobierno-de-atizapan-de-zaragoza-la-atencion-a-ninas-ninos-y-adolescentes\/"]}]},{"@type":"ImageObject","inLanguage":"es","@id":"https:\/\/continuamosmx.com\/index.php\/2022\/01\/27\/prioriza-gobierno-de-atizapan-de-zaragoza-la-atencion-a-ninas-ninos-y-adolescentes\/#primaryimage","url":"https:\/\/continuamosmx.com\/wp-content\/uploads\/2022\/01\/D54A1096-E36F-4091-92D3-EEF3756F0D7F.jpeg","contentUrl":"https:\/\/continuamosmx.com\/wp-content\/uploads\/2022\/01\/D54A1096-E36F-4091-92D3-EEF3756F0D7F.jpeg","width":1280,"height":869},{"@type":"BreadcrumbList","@id":"https:\/\/continuamosmx.com\/index.php\/2022\/01\/27\/prioriza-gobierno-de-atizapan-de-zaragoza-la-atencion-a-ninas-ninos-y-adolescentes\/#breadcrumb","itemListElement":[{"@type":"ListItem","position":1,"name":"Inicio","item":"https:\/\/continuamosmx.com\/"},{"@type":"ListItem","position":2,"name":"PRIORIZA GOBIERNO DE ATIZAP\u00c1N DE ZARAGOZA LA ATENCI\u00d3N A NI\u00d1AS, NI\u00d1OS Y ADOLESCENTES"}]},{"@type":"WebSite","@id":"https:\/\/continuamosmx.com\/#website","url":"https:\/\/continuamosmx.com\/","name":"www.continuamosmx.com","description":"","publisher":{"@id":"https:\/\/continuamosmx.com\/#organization"},"potentialAction":[{"@type":"SearchAction","target":{"@type":"EntryPoint","urlTemplate":"https:\/\/continuamosmx.com\/?s={search_term_string}"},"query-input":{"@type":"PropertyValueSpecification","valueRequired":true,"valueName":"search_term_string"}}],"inLanguage":"es"},{"@type":"Organization","@id":"https:\/\/continuamosmx.com\/#organization","name":"ContinuamosMX","url":"https:\/\/continuamosmx.com\/","logo":{"@type":"ImageObject","inLanguage":"es","@id":"https:\/\/continuamosmx.com\/#\/schema\/logo\/image\/","url":"https:\/\/continuamosmx.com\/wp-content\/uploads\/2023\/04\/cropped-LOGO-CONTI-NUEVO.png","contentUrl":"https:\/\/continuamosmx.com\/wp-content\/uploads\/2023\/04\/cropped-LOGO-CONTI-NUEVO.png","width":1257,"height":430,"caption":"ContinuamosMX"},"image":{"@id":"https:\/\/continuamosmx.com\/#\/schema\/logo\/image\/"}},{"@type":"Person","@id":"https:\/\/continuamosmx.com\/#\/schema\/person\/5eb5356acb1fad784da407d14f0e8d89","name":"Continuamos MX","image":{"@type":"ImageObject","inLanguage":"es","@id":"https:\/\/secure.gravatar.com\/avatar\/30d4f9723476a15f4da34d35fb3501f08d2357016c76051c6a85c354c7489589?s=96&d=mm&r=g","url":"https:\/\/secure.gravatar.com\/avatar\/30d4f9723476a15f4da34d35fb3501f08d2357016c76051c6a85c354c7489589?s=96&d=mm&r=g","contentUrl":"https:\/\/secure.gravatar.com\/avatar\/30d4f9723476a15f4da34d35fb3501f08d2357016c76051c6a85c354c7489589?s=96&d=mm&r=g","caption":"Continuamos MX"},"sameAs":["http:\/\/www.continuamos.mx"],"url":"https:\/\/continuamosmx.com\/index.php\/author\/continuamos\/"}]}},"_links":{"self":[{"href":"https:\/\/continuamosmx.com\/index.php\/wp-json\/wp\/v2\/posts\/33263","targetHints":{"allow":["GET"]}}],"collection":[{"href":"https:\/\/continuamosmx.com\/index.php\/wp-json\/wp\/v2\/posts"}],"about":[{"href":"https:\/\/continuamosmx.com\/index.php\/wp-json\/wp\/v2\/types\/post"}],"author":[{"embeddable":true,"href":"https:\/\/continuamosmx.com\/index.php\/wp-json\/wp\/v2\/users\/6"}],"replies":[{"embeddable":true,"href":"https:\/\/continuamosmx.com\/index.php\/wp-json\/wp\/v2\/comments?post=33263"}],"version-history":[{"count":0,"href":"https:\/\/continuamosmx.com\/index.php\/wp-json\/wp\/v2\/posts\/33263\/revisions"}],"wp:featuredmedia":[{"embeddable":true,"href":"https:\/\/continuamosmx.com\/index.php\/wp-json\/wp\/v2\/media\/33264"}],"wp:attachment":[{"href":"https:\/\/continuamosmx.com\/index.php\/wp-json\/wp\/v2\/media?parent=33263"}],"wp:term":[{"taxonomy":"category","embeddable":true,"href":"https:\/\/continuamosmx.com\/index.php\/wp-json\/wp\/v2\/categories?post=33263"},{"taxonomy":"post_tag","embeddable":true,"href":"https:\/\/continuamosmx.com\/index.php\/wp-json\/wp\/v2\/tags?post=33263"}],"curies":[{"name":"wp","href":"https:\/\/api.w.org\/{rel}","templated":true}]}}