{"id":33246,"date":"2022-01-27T06:38:51","date_gmt":"2022-01-27T06:38:51","guid":{"rendered":"https:\/\/continuamos.mx\/?p=33246"},"modified":"2022-01-27T06:38:51","modified_gmt":"2022-01-27T06:38:51","slug":"necesario-garantizar-atencion-a-derechohabientes-del-issemym","status":"publish","type":"post","link":"https:\/\/continuamosmx.com\/index.php\/2022\/01\/27\/necesario-garantizar-atencion-a-derechohabientes-del-issemym\/","title":{"rendered":"NECESARIO GARANTIZAR ATENCI\u00d3N A DERECHOHABIENTES DEL ISSEMYM"},"content":{"rendered":"\n<p>* <strong>Denuncian maestros que se agudiza crisis de este instituto de salud, al no contar con medicamento para tratamiento Covid<\/strong><\/p>\n\n\n\n<p>TOLUCA.- El diputado local de Morena, Abraham Saron\u00e9 Campos hizo un llamado a las autoridades administrativas responsables de garantizar la salud, de los derechohabientes del Instituto de Seguridad Social del Estado de M\u00e9xico y Municipios (ISSEMYM), ante la falta de atenci\u00f3n que padecen en los diferentes hospitales y cl\u00ednicas de este instituto de salud, tras las denuncias de las maestras y maestros del Estado de M\u00e9xico quienes solicitaron la intervenci\u00f3n del legislador.<\/p>\n\n\n\n<p>El integrante del partido de la Esperanza reiter\u00f3, los maestros no s\u00f3lo se han visto afectados econ\u00f3micamente, sino tambi\u00e9n laboral y f\u00edsicamente, en tal sentido exigimos que se atiendan de manera eficaz y eficiente los servicios de salud que el ISSEMYM debe brindar a los derechohabientes.<\/p>\n\n\n\n<p>El morenista apunt\u00f3 \u201cno hay que perder de vista a los profesores en situaci\u00f3n de vulnerabilidad, puesto que la desatenci\u00f3n pone en riesgo los derechos humanos a la vida, a la salud y a la integridad personal de la parte trabajadora, adem\u00e1s de que constituye un riesgo al bienestar de la comunidad\u201d.<\/p>\n\n\n\n<p>El presidente de la Comisi\u00f3n Legislativa de Educaci\u00f3n, Cultura, Ciencia y Tecnolog\u00eda refiri\u00f3, es cierto que, existe una corresponsabilidad entre la autoridad y los gobernados para sumar esfuerzos en b\u00fasqueda de mitigar los contagios y prevenir las complicaciones por la enfermedad, pero si la autoridad se ve rebasada en su competencia, falla con su mandato constitucional de garantizar la salud a su poblaci\u00f3n.<\/p>\n\n\n\n<p>El malestar de los profesores se ha agudizado recientemente, ya que durante esta cuarta ola de la pandemia que se vive a nivel mundial y que ha azotado a la poblaci\u00f3n, uno de los mentores, Luis Arturo denunci\u00f3 que \u201cla semana pasada ante la falta de aplicaci\u00f3n de pruebas Covid-19 en ISSEMyM, acud\u00ed a un laboratorio particular a realizar la prueba y el resultado fue positivo, proced\u00ed a enviar como evidencia el resultado del laboratorio, v\u00eda correo electr\u00f3nico, para que me generaran la incapacidad, por 7 d\u00edas\u201d.<\/p>\n\n\n\n<p>Continu\u00f3, \u201cy para requerir la ampliaci\u00f3n de la incapacidad se debe acudir a valoraci\u00f3n presencial, pero para alcanzar consulta hay derechohabientes que est\u00e1n formados (o sus familiares) desde las 2 \u00f3 3 de la ma\u00f1ana, ante lo cual, el estado de salud tiende a agravarse, pues la mayor\u00eda presenta cuadros de enfermedad respiratoria\u201d.<\/p>\n\n\n\n<p>Recientemente los derechohabientes tambi\u00e9n han denunciado la escasez de medicamento en las farmacias de las cl\u00ednicas ISSEMyM y sobre todo para tratamientos COVID, en este sentido otro de los afectados, el maestro Emilio, asegur\u00f3 que quienes requieren y necesitan el f\u00e1rmaco terminan compr\u00e1ndolo con sus propios recursos.<\/p>\n\n\n\n<p>El morenista agreg\u00f3, los mentores exigen la atenci\u00f3n m\u00e9dica, porque las largas e interminables filas se realizan desde la madrugada pero no hay certeza de que vayan a recibir la atenci\u00f3n, porque el n\u00famero de citas var\u00eda de acuerdo al d\u00eda, y hay quienes no alcanzan, por lo que son cientos de familias las afectadas, concluy\u00f3.<\/p>\n","protected":false},"excerpt":{"rendered":"<p>* Denuncian maestros que se agudiza crisis de este instituto de salud, al no contar con medicamento para tratamiento Covid TOLUCA.- El diputado local de Morena, Abraham Saron\u00e9 Campos hizo un llamado a las autoridades administrativas responsables de garantizar la salud, de los derechohabientes del Instituto de Seguridad Social del Estado de M\u00e9xico y Municipios [&hellip;]<\/p>\n","protected":false},"author":6,"featured_media":33247,"comment_status":"closed","ping_status":"open","sticky":false,"template":"","format":"standard","meta":{"footnotes":""},"categories":[2,48],"tags":[],"class_list":["post-33246","post","type-post","status-publish","format-standard","has-post-thumbnail","hentry","category-edomex","category-policiaca"],"yoast_head":"<!-- This site is optimized with the Yoast SEO plugin v27.5 - https:\/\/yoast.com\/product\/yoast-seo-wordpress\/ -->\n<title>NECESARIO GARANTIZAR ATENCI\u00d3N A DERECHOHABIENTES DEL ISSEMYM -<\/title>\n<meta name=\"robots\" content=\"index, follow, max-snippet:-1, max-image-preview:large, max-video-preview:-1\" \/>\n<link rel=\"canonical\" href=\"https:\/\/continuamosmx.com\/index.php\/2022\/01\/27\/necesario-garantizar-atencion-a-derechohabientes-del-issemym\/\" \/>\n<meta property=\"og:locale\" content=\"es_ES\" \/>\n<meta property=\"og:type\" content=\"article\" \/>\n<meta property=\"og:title\" content=\"NECESARIO GARANTIZAR ATENCI\u00d3N A DERECHOHABIENTES DEL ISSEMYM -\" \/>\n<meta property=\"og:description\" content=\"* Denuncian maestros que se agudiza crisis de este instituto de salud, al no contar con medicamento para tratamiento Covid TOLUCA.- El diputado local de Morena, Abraham Saron\u00e9 Campos hizo un llamado a las autoridades administrativas responsables de garantizar la salud, de los derechohabientes del Instituto de Seguridad Social del Estado de M\u00e9xico y Municipios [&hellip;]\" \/>\n<meta property=\"og:url\" content=\"https:\/\/continuamosmx.com\/index.php\/2022\/01\/27\/necesario-garantizar-atencion-a-derechohabientes-del-issemym\/\" \/>\n<meta property=\"article:published_time\" content=\"2022-01-27T06:38:51+00:00\" \/>\n<meta name=\"author\" content=\"Continuamos MX\" \/>\n<meta name=\"twitter:card\" content=\"summary_large_image\" \/>\n<meta name=\"twitter:label1\" content=\"Escrito por\" \/>\n\t<meta name=\"twitter:data1\" content=\"Continuamos MX\" \/>\n\t<meta name=\"twitter:label2\" content=\"Tiempo de lectura\" \/>\n\t<meta name=\"twitter:data2\" content=\"3 minutos\" \/>\n<script type=\"application\/ld+json\" class=\"yoast-schema-graph\">{\"@context\":\"https:\\\/\\\/schema.org\",\"@graph\":[{\"@type\":\"Article\",\"@id\":\"https:\\\/\\\/continuamosmx.com\\\/index.php\\\/2022\\\/01\\\/27\\\/necesario-garantizar-atencion-a-derechohabientes-del-issemym\\\/#article\",\"isPartOf\":{\"@id\":\"https:\\\/\\\/continuamosmx.com\\\/index.php\\\/2022\\\/01\\\/27\\\/necesario-garantizar-atencion-a-derechohabientes-del-issemym\\\/\"},\"author\":{\"name\":\"Continuamos MX\",\"@id\":\"https:\\\/\\\/continuamosmx.com\\\/#\\\/schema\\\/person\\\/5eb5356acb1fad784da407d14f0e8d89\"},\"headline\":\"NECESARIO GARANTIZAR ATENCI\u00d3N A DERECHOHABIENTES DEL ISSEMYM\",\"datePublished\":\"2022-01-27T06:38:51+00:00\",\"mainEntityOfPage\":{\"@id\":\"https:\\\/\\\/continuamosmx.com\\\/index.php\\\/2022\\\/01\\\/27\\\/necesario-garantizar-atencion-a-derechohabientes-del-issemym\\\/\"},\"wordCount\":537,\"publisher\":{\"@id\":\"https:\\\/\\\/continuamosmx.com\\\/#organization\"},\"image\":{\"@id\":\"https:\\\/\\\/continuamosmx.com\\\/index.php\\\/2022\\\/01\\\/27\\\/necesario-garantizar-atencion-a-derechohabientes-del-issemym\\\/#primaryimage\"},\"thumbnailUrl\":\"https:\\\/\\\/continuamosmx.com\\\/wp-content\\\/uploads\\\/2022\\\/01\\\/sarone-nota-tres-portada.jpg\",\"articleSection\":[\"EDOMEX\",\"POLICIACA\"],\"inLanguage\":\"es\"},{\"@type\":\"WebPage\",\"@id\":\"https:\\\/\\\/continuamosmx.com\\\/index.php\\\/2022\\\/01\\\/27\\\/necesario-garantizar-atencion-a-derechohabientes-del-issemym\\\/\",\"url\":\"https:\\\/\\\/continuamosmx.com\\\/index.php\\\/2022\\\/01\\\/27\\\/necesario-garantizar-atencion-a-derechohabientes-del-issemym\\\/\",\"name\":\"NECESARIO GARANTIZAR ATENCI\u00d3N A DERECHOHABIENTES DEL ISSEMYM -\",\"isPartOf\":{\"@id\":\"https:\\\/\\\/continuamosmx.com\\\/#website\"},\"primaryImageOfPage\":{\"@id\":\"https:\\\/\\\/continuamosmx.com\\\/index.php\\\/2022\\\/01\\\/27\\\/necesario-garantizar-atencion-a-derechohabientes-del-issemym\\\/#primaryimage\"},\"image\":{\"@id\":\"https:\\\/\\\/continuamosmx.com\\\/index.php\\\/2022\\\/01\\\/27\\\/necesario-garantizar-atencion-a-derechohabientes-del-issemym\\\/#primaryimage\"},\"thumbnailUrl\":\"https:\\\/\\\/continuamosmx.com\\\/wp-content\\\/uploads\\\/2022\\\/01\\\/sarone-nota-tres-portada.jpg\",\"datePublished\":\"2022-01-27T06:38:51+00:00\",\"breadcrumb\":{\"@id\":\"https:\\\/\\\/continuamosmx.com\\\/index.php\\\/2022\\\/01\\\/27\\\/necesario-garantizar-atencion-a-derechohabientes-del-issemym\\\/#breadcrumb\"},\"inLanguage\":\"es\",\"potentialAction\":[{\"@type\":\"ReadAction\",\"target\":[\"https:\\\/\\\/continuamosmx.com\\\/index.php\\\/2022\\\/01\\\/27\\\/necesario-garantizar-atencion-a-derechohabientes-del-issemym\\\/\"]}]},{\"@type\":\"ImageObject\",\"inLanguage\":\"es\",\"@id\":\"https:\\\/\\\/continuamosmx.com\\\/index.php\\\/2022\\\/01\\\/27\\\/necesario-garantizar-atencion-a-derechohabientes-del-issemym\\\/#primaryimage\",\"url\":\"https:\\\/\\\/continuamosmx.com\\\/wp-content\\\/uploads\\\/2022\\\/01\\\/sarone-nota-tres-portada.jpg\",\"contentUrl\":\"https:\\\/\\\/continuamosmx.com\\\/wp-content\\\/uploads\\\/2022\\\/01\\\/sarone-nota-tres-portada.jpg\",\"width\":319,\"height\":480},{\"@type\":\"BreadcrumbList\",\"@id\":\"https:\\\/\\\/continuamosmx.com\\\/index.php\\\/2022\\\/01\\\/27\\\/necesario-garantizar-atencion-a-derechohabientes-del-issemym\\\/#breadcrumb\",\"itemListElement\":[{\"@type\":\"ListItem\",\"position\":1,\"name\":\"Inicio\",\"item\":\"https:\\\/\\\/continuamosmx.com\\\/\"},{\"@type\":\"ListItem\",\"position\":2,\"name\":\"NECESARIO GARANTIZAR ATENCI\u00d3N A DERECHOHABIENTES DEL ISSEMYM\"}]},{\"@type\":\"WebSite\",\"@id\":\"https:\\\/\\\/continuamosmx.com\\\/#website\",\"url\":\"https:\\\/\\\/continuamosmx.com\\\/\",\"name\":\"www.continuamosmx.com\",\"description\":\"\",\"publisher\":{\"@id\":\"https:\\\/\\\/continuamosmx.com\\\/#organization\"},\"potentialAction\":[{\"@type\":\"SearchAction\",\"target\":{\"@type\":\"EntryPoint\",\"urlTemplate\":\"https:\\\/\\\/continuamosmx.com\\\/?s={search_term_string}\"},\"query-input\":{\"@type\":\"PropertyValueSpecification\",\"valueRequired\":true,\"valueName\":\"search_term_string\"}}],\"inLanguage\":\"es\"},{\"@type\":\"Organization\",\"@id\":\"https:\\\/\\\/continuamosmx.com\\\/#organization\",\"name\":\"ContinuamosMX\",\"url\":\"https:\\\/\\\/continuamosmx.com\\\/\",\"logo\":{\"@type\":\"ImageObject\",\"inLanguage\":\"es\",\"@id\":\"https:\\\/\\\/continuamosmx.com\\\/#\\\/schema\\\/logo\\\/image\\\/\",\"url\":\"https:\\\/\\\/continuamosmx.com\\\/wp-content\\\/uploads\\\/2023\\\/04\\\/cropped-LOGO-CONTI-NUEVO.png\",\"contentUrl\":\"https:\\\/\\\/continuamosmx.com\\\/wp-content\\\/uploads\\\/2023\\\/04\\\/cropped-LOGO-CONTI-NUEVO.png\",\"width\":1257,\"height\":430,\"caption\":\"ContinuamosMX\"},\"image\":{\"@id\":\"https:\\\/\\\/continuamosmx.com\\\/#\\\/schema\\\/logo\\\/image\\\/\"}},{\"@type\":\"Person\",\"@id\":\"https:\\\/\\\/continuamosmx.com\\\/#\\\/schema\\\/person\\\/5eb5356acb1fad784da407d14f0e8d89\",\"name\":\"Continuamos MX\",\"image\":{\"@type\":\"ImageObject\",\"inLanguage\":\"es\",\"@id\":\"https:\\\/\\\/secure.gravatar.com\\\/avatar\\\/30d4f9723476a15f4da34d35fb3501f08d2357016c76051c6a85c354c7489589?s=96&d=mm&r=g\",\"url\":\"https:\\\/\\\/secure.gravatar.com\\\/avatar\\\/30d4f9723476a15f4da34d35fb3501f08d2357016c76051c6a85c354c7489589?s=96&d=mm&r=g\",\"contentUrl\":\"https:\\\/\\\/secure.gravatar.com\\\/avatar\\\/30d4f9723476a15f4da34d35fb3501f08d2357016c76051c6a85c354c7489589?s=96&d=mm&r=g\",\"caption\":\"Continuamos MX\"},\"sameAs\":[\"http:\\\/\\\/www.continuamos.mx\"],\"url\":\"https:\\\/\\\/continuamosmx.com\\\/index.php\\\/author\\\/continuamos\\\/\"}]}<\/script>\n<!-- \/ Yoast SEO plugin. -->","yoast_head_json":{"title":"NECESARIO GARANTIZAR ATENCI\u00d3N A DERECHOHABIENTES DEL ISSEMYM -","robots":{"index":"index","follow":"follow","max-snippet":"max-snippet:-1","max-image-preview":"max-image-preview:large","max-video-preview":"max-video-preview:-1"},"canonical":"https:\/\/continuamosmx.com\/index.php\/2022\/01\/27\/necesario-garantizar-atencion-a-derechohabientes-del-issemym\/","og_locale":"es_ES","og_type":"article","og_title":"NECESARIO GARANTIZAR ATENCI\u00d3N A DERECHOHABIENTES DEL ISSEMYM -","og_description":"* Denuncian maestros que se agudiza crisis de este instituto de salud, al no contar con medicamento para tratamiento Covid TOLUCA.- El diputado local de Morena, Abraham Saron\u00e9 Campos hizo un llamado a las autoridades administrativas responsables de garantizar la salud, de los derechohabientes del Instituto de Seguridad Social del Estado de M\u00e9xico y Municipios [&hellip;]","og_url":"https:\/\/continuamosmx.com\/index.php\/2022\/01\/27\/necesario-garantizar-atencion-a-derechohabientes-del-issemym\/","article_published_time":"2022-01-27T06:38:51+00:00","author":"Continuamos MX","twitter_card":"summary_large_image","twitter_misc":{"Escrito por":"Continuamos MX","Tiempo de lectura":"3 minutos"},"schema":{"@context":"https:\/\/schema.org","@graph":[{"@type":"Article","@id":"https:\/\/continuamosmx.com\/index.php\/2022\/01\/27\/necesario-garantizar-atencion-a-derechohabientes-del-issemym\/#article","isPartOf":{"@id":"https:\/\/continuamosmx.com\/index.php\/2022\/01\/27\/necesario-garantizar-atencion-a-derechohabientes-del-issemym\/"},"author":{"name":"Continuamos MX","@id":"https:\/\/continuamosmx.com\/#\/schema\/person\/5eb5356acb1fad784da407d14f0e8d89"},"headline":"NECESARIO GARANTIZAR ATENCI\u00d3N A DERECHOHABIENTES DEL ISSEMYM","datePublished":"2022-01-27T06:38:51+00:00","mainEntityOfPage":{"@id":"https:\/\/continuamosmx.com\/index.php\/2022\/01\/27\/necesario-garantizar-atencion-a-derechohabientes-del-issemym\/"},"wordCount":537,"publisher":{"@id":"https:\/\/continuamosmx.com\/#organization"},"image":{"@id":"https:\/\/continuamosmx.com\/index.php\/2022\/01\/27\/necesario-garantizar-atencion-a-derechohabientes-del-issemym\/#primaryimage"},"thumbnailUrl":"https:\/\/continuamosmx.com\/wp-content\/uploads\/2022\/01\/sarone-nota-tres-portada.jpg","articleSection":["EDOMEX","POLICIACA"],"inLanguage":"es"},{"@type":"WebPage","@id":"https:\/\/continuamosmx.com\/index.php\/2022\/01\/27\/necesario-garantizar-atencion-a-derechohabientes-del-issemym\/","url":"https:\/\/continuamosmx.com\/index.php\/2022\/01\/27\/necesario-garantizar-atencion-a-derechohabientes-del-issemym\/","name":"NECESARIO GARANTIZAR ATENCI\u00d3N A DERECHOHABIENTES DEL ISSEMYM -","isPartOf":{"@id":"https:\/\/continuamosmx.com\/#website"},"primaryImageOfPage":{"@id":"https:\/\/continuamosmx.com\/index.php\/2022\/01\/27\/necesario-garantizar-atencion-a-derechohabientes-del-issemym\/#primaryimage"},"image":{"@id":"https:\/\/continuamosmx.com\/index.php\/2022\/01\/27\/necesario-garantizar-atencion-a-derechohabientes-del-issemym\/#primaryimage"},"thumbnailUrl":"https:\/\/continuamosmx.com\/wp-content\/uploads\/2022\/01\/sarone-nota-tres-portada.jpg","datePublished":"2022-01-27T06:38:51+00:00","breadcrumb":{"@id":"https:\/\/continuamosmx.com\/index.php\/2022\/01\/27\/necesario-garantizar-atencion-a-derechohabientes-del-issemym\/#breadcrumb"},"inLanguage":"es","potentialAction":[{"@type":"ReadAction","target":["https:\/\/continuamosmx.com\/index.php\/2022\/01\/27\/necesario-garantizar-atencion-a-derechohabientes-del-issemym\/"]}]},{"@type":"ImageObject","inLanguage":"es","@id":"https:\/\/continuamosmx.com\/index.php\/2022\/01\/27\/necesario-garantizar-atencion-a-derechohabientes-del-issemym\/#primaryimage","url":"https:\/\/continuamosmx.com\/wp-content\/uploads\/2022\/01\/sarone-nota-tres-portada.jpg","contentUrl":"https:\/\/continuamosmx.com\/wp-content\/uploads\/2022\/01\/sarone-nota-tres-portada.jpg","width":319,"height":480},{"@type":"BreadcrumbList","@id":"https:\/\/continuamosmx.com\/index.php\/2022\/01\/27\/necesario-garantizar-atencion-a-derechohabientes-del-issemym\/#breadcrumb","itemListElement":[{"@type":"ListItem","position":1,"name":"Inicio","item":"https:\/\/continuamosmx.com\/"},{"@type":"ListItem","position":2,"name":"NECESARIO GARANTIZAR ATENCI\u00d3N A DERECHOHABIENTES DEL ISSEMYM"}]},{"@type":"WebSite","@id":"https:\/\/continuamosmx.com\/#website","url":"https:\/\/continuamosmx.com\/","name":"www.continuamosmx.com","description":"","publisher":{"@id":"https:\/\/continuamosmx.com\/#organization"},"potentialAction":[{"@type":"SearchAction","target":{"@type":"EntryPoint","urlTemplate":"https:\/\/continuamosmx.com\/?s={search_term_string}"},"query-input":{"@type":"PropertyValueSpecification","valueRequired":true,"valueName":"search_term_string"}}],"inLanguage":"es"},{"@type":"Organization","@id":"https:\/\/continuamosmx.com\/#organization","name":"ContinuamosMX","url":"https:\/\/continuamosmx.com\/","logo":{"@type":"ImageObject","inLanguage":"es","@id":"https:\/\/continuamosmx.com\/#\/schema\/logo\/image\/","url":"https:\/\/continuamosmx.com\/wp-content\/uploads\/2023\/04\/cropped-LOGO-CONTI-NUEVO.png","contentUrl":"https:\/\/continuamosmx.com\/wp-content\/uploads\/2023\/04\/cropped-LOGO-CONTI-NUEVO.png","width":1257,"height":430,"caption":"ContinuamosMX"},"image":{"@id":"https:\/\/continuamosmx.com\/#\/schema\/logo\/image\/"}},{"@type":"Person","@id":"https:\/\/continuamosmx.com\/#\/schema\/person\/5eb5356acb1fad784da407d14f0e8d89","name":"Continuamos MX","image":{"@type":"ImageObject","inLanguage":"es","@id":"https:\/\/secure.gravatar.com\/avatar\/30d4f9723476a15f4da34d35fb3501f08d2357016c76051c6a85c354c7489589?s=96&d=mm&r=g","url":"https:\/\/secure.gravatar.com\/avatar\/30d4f9723476a15f4da34d35fb3501f08d2357016c76051c6a85c354c7489589?s=96&d=mm&r=g","contentUrl":"https:\/\/secure.gravatar.com\/avatar\/30d4f9723476a15f4da34d35fb3501f08d2357016c76051c6a85c354c7489589?s=96&d=mm&r=g","caption":"Continuamos MX"},"sameAs":["http:\/\/www.continuamos.mx"],"url":"https:\/\/continuamosmx.com\/index.php\/author\/continuamos\/"}]}},"_links":{"self":[{"href":"https:\/\/continuamosmx.com\/index.php\/wp-json\/wp\/v2\/posts\/33246","targetHints":{"allow":["GET"]}}],"collection":[{"href":"https:\/\/continuamosmx.com\/index.php\/wp-json\/wp\/v2\/posts"}],"about":[{"href":"https:\/\/continuamosmx.com\/index.php\/wp-json\/wp\/v2\/types\/post"}],"author":[{"embeddable":true,"href":"https:\/\/continuamosmx.com\/index.php\/wp-json\/wp\/v2\/users\/6"}],"replies":[{"embeddable":true,"href":"https:\/\/continuamosmx.com\/index.php\/wp-json\/wp\/v2\/comments?post=33246"}],"version-history":[{"count":0,"href":"https:\/\/continuamosmx.com\/index.php\/wp-json\/wp\/v2\/posts\/33246\/revisions"}],"wp:featuredmedia":[{"embeddable":true,"href":"https:\/\/continuamosmx.com\/index.php\/wp-json\/wp\/v2\/media\/33247"}],"wp:attachment":[{"href":"https:\/\/continuamosmx.com\/index.php\/wp-json\/wp\/v2\/media?parent=33246"}],"wp:term":[{"taxonomy":"category","embeddable":true,"href":"https:\/\/continuamosmx.com\/index.php\/wp-json\/wp\/v2\/categories?post=33246"},{"taxonomy":"post_tag","embeddable":true,"href":"https:\/\/continuamosmx.com\/index.php\/wp-json\/wp\/v2\/tags?post=33246"}],"curies":[{"name":"wp","href":"https:\/\/api.w.org\/{rel}","templated":true}]}}