{"id":33205,"date":"2022-01-27T05:35:34","date_gmt":"2022-01-27T05:35:34","guid":{"rendered":"https:\/\/continuamos.mx\/?p=33205"},"modified":"2022-01-27T05:35:34","modified_gmt":"2022-01-27T05:35:34","slug":"promueven-capacitacion-para-todos-los-sectores-de-la-poblacion","status":"publish","type":"post","link":"https:\/\/continuamosmx.com\/index.php\/2022\/01\/27\/promueven-capacitacion-para-todos-los-sectores-de-la-poblacion\/","title":{"rendered":"PROMUEVEN CAPACITACI\u00d3N PARA TODOS LOS SECTORES DE LA POBLACI\u00d3N"},"content":{"rendered":"\n<p>* <strong>Firma Director General del ICATI, Jaime Rebollo, convenios con el Ayuntamiento de Zinacantepec y la Red de Polit\u00f3logos de la UAEM<\/strong><\/p>\n\n\n\n<p>* <strong>Tienen como objetivo privilegiar la capacitaci\u00f3n para y en el trabajo, a fin de impulsar la empleabilidad de las y los mexiquenses<\/strong><\/p>\n\n\n\n<p>ZINACANTEPEC.- El Director General del Instituto de Capacitaci\u00f3n y Adiestramiento para el Trabajo Industrial (ICATI), Jaime Rebollo Hern\u00e1ndez, firm\u00f3 convenios de colaboraci\u00f3n con la Red de Polit\u00f3logos de la Universidad Aut\u00f3noma del Estado de M\u00e9xico (UAEM) y el Ayuntamiento de Zinacantepec, en materia de capacitaci\u00f3n, como parte de las acciones interinstitucionales que promueve la administraci\u00f3n mexiquense, para beneficio de la poblaci\u00f3n.<\/p>\n\n\n\n<p>Durante la firma de los convenios, el Director General del ICATI dio a conocer que se brindar\u00e1n cursos a los habitantes de Zinacantepec, as\u00ed como a los integrantes de las Red de Polit\u00f3logos de la UAEM.<\/p>\n\n\n\n<p>Con estas acciones, agreg\u00f3, se cumplen las instrucciones del Gobernador Alfredo Del Mazo Maza y la Secretaria del Trabajo, Martha Hilda Gonz\u00e1lez Calder\u00f3n, en materia de impulso de la empleabilidad y mejora de condiciones laborales a favor de los diversos sectores de la poblaci\u00f3n del Estado de M\u00e9xico.<\/p>\n\n\n\n<p>\u201cEn esta administraci\u00f3n, m\u00e1s que nunca, hemos impulsado la colaboraci\u00f3n interinstitucional, y es a trav\u00e9s de esta suma de esfuerzos, con empresas, asociaciones, organizaciones, dependencias, sindicatos y Ayuntamientos, que este instituto contribuye al fortalecimiento de la fuerza productiva mexiquense, la m\u00e1s grande del pa\u00eds\u201d, expres\u00f3 el funcionario.<\/p>\n\n\n\n<p>En presencia del Alcalde de Zinacantepec, Manuel Vilchis Viveros, agradeci\u00f3 la demanda de cursos de capacitaci\u00f3n solicitados para los habitantes del municipio, y asegur\u00f3 que la firma de este convenio de colaboraci\u00f3n compromete a dar buenos resultados a quienes demandan los conocimientos como herramientas para acceder al mercado laboral y procurarse un mayor bienestar.<\/p>\n\n\n\n<p>En evento por separado, con la Red de Polit\u00f3logos de la UAEM, se\u00f1al\u00f3 que uno de los retos del ICATI para este 2022 es la detecci\u00f3n de las demandas particulares de capacitaci\u00f3n, que tienen sectores poblacionales espec\u00edficos.<\/p>\n\n\n\n<p>Indic\u00f3 que, en este caso, a los polit\u00f3logos les impartir\u00e1n cursos dise\u00f1ados a la medida de sus necesidades, en los esquemas de Capacitaci\u00f3n Espec\u00edfica para el Autoempleo (CEA) y de Capacitaci\u00f3n Acelerada Espec\u00edfica (CAE).<\/p>\n\n\n\n<p>Asimismo, Rebollo Hern\u00e1ndez destac\u00f3 que este centro capacitador trabaja para que en la entidad mexiquense exista mayor diversidad en la capacitaci\u00f3n.<\/p>\n\n\n\n<p>El convenio fue firmado por Irma Carolina \u00c1lvarez, integrante de la Red de Polit\u00f3logos de la UAEM, el Director General del ICATI, Jaime Rebollo, y la Diputada local, Paola Jim\u00e9nez, como testigo de honor.<\/p>\n","protected":false},"excerpt":{"rendered":"<p>* Firma Director General del ICATI, Jaime Rebollo, convenios con el Ayuntamiento de Zinacantepec y la Red de Polit\u00f3logos de la UAEM * Tienen como objetivo privilegiar la capacitaci\u00f3n para y en el trabajo, a fin de impulsar la empleabilidad de las y los mexiquenses ZINACANTEPEC.- El Director General del Instituto de Capacitaci\u00f3n y Adiestramiento [&hellip;]<\/p>\n","protected":false},"author":6,"featured_media":33206,"comment_status":"closed","ping_status":"open","sticky":false,"template":"","format":"standard","meta":{"footnotes":""},"categories":[2],"tags":[],"class_list":["post-33205","post","type-post","status-publish","format-standard","has-post-thumbnail","hentry","category-edomex"],"yoast_head":"<!-- This site is optimized with the Yoast SEO plugin v27.5 - https:\/\/yoast.com\/product\/yoast-seo-wordpress\/ -->\n<title>PROMUEVEN CAPACITACI\u00d3N PARA TODOS LOS SECTORES DE LA POBLACI\u00d3N -<\/title>\n<meta name=\"robots\" content=\"index, follow, max-snippet:-1, max-image-preview:large, max-video-preview:-1\" \/>\n<link rel=\"canonical\" href=\"https:\/\/continuamosmx.com\/index.php\/2022\/01\/27\/promueven-capacitacion-para-todos-los-sectores-de-la-poblacion\/\" \/>\n<meta property=\"og:locale\" content=\"es_ES\" \/>\n<meta property=\"og:type\" content=\"article\" \/>\n<meta property=\"og:title\" content=\"PROMUEVEN CAPACITACI\u00d3N PARA TODOS LOS SECTORES DE LA POBLACI\u00d3N -\" \/>\n<meta property=\"og:description\" content=\"* Firma Director General del ICATI, Jaime Rebollo, convenios con el Ayuntamiento de Zinacantepec y la Red de Polit\u00f3logos de la UAEM * Tienen como objetivo privilegiar la capacitaci\u00f3n para y en el trabajo, a fin de impulsar la empleabilidad de las y los mexiquenses ZINACANTEPEC.- El Director General del Instituto de Capacitaci\u00f3n y Adiestramiento [&hellip;]\" \/>\n<meta property=\"og:url\" content=\"https:\/\/continuamosmx.com\/index.php\/2022\/01\/27\/promueven-capacitacion-para-todos-los-sectores-de-la-poblacion\/\" \/>\n<meta property=\"article:published_time\" content=\"2022-01-27T05:35:34+00:00\" \/>\n<meta name=\"author\" content=\"Continuamos MX\" \/>\n<meta name=\"twitter:card\" content=\"summary_large_image\" \/>\n<meta name=\"twitter:label1\" content=\"Escrito por\" \/>\n\t<meta name=\"twitter:data1\" content=\"Continuamos MX\" \/>\n\t<meta name=\"twitter:label2\" content=\"Tiempo de lectura\" \/>\n\t<meta name=\"twitter:data2\" content=\"2 minutos\" \/>\n<script type=\"application\/ld+json\" class=\"yoast-schema-graph\">{\"@context\":\"https:\\\/\\\/schema.org\",\"@graph\":[{\"@type\":\"Article\",\"@id\":\"https:\\\/\\\/continuamosmx.com\\\/index.php\\\/2022\\\/01\\\/27\\\/promueven-capacitacion-para-todos-los-sectores-de-la-poblacion\\\/#article\",\"isPartOf\":{\"@id\":\"https:\\\/\\\/continuamosmx.com\\\/index.php\\\/2022\\\/01\\\/27\\\/promueven-capacitacion-para-todos-los-sectores-de-la-poblacion\\\/\"},\"author\":{\"name\":\"Continuamos MX\",\"@id\":\"https:\\\/\\\/continuamosmx.com\\\/#\\\/schema\\\/person\\\/5eb5356acb1fad784da407d14f0e8d89\"},\"headline\":\"PROMUEVEN CAPACITACI\u00d3N PARA TODOS LOS SECTORES DE LA POBLACI\u00d3N\",\"datePublished\":\"2022-01-27T05:35:34+00:00\",\"mainEntityOfPage\":{\"@id\":\"https:\\\/\\\/continuamosmx.com\\\/index.php\\\/2022\\\/01\\\/27\\\/promueven-capacitacion-para-todos-los-sectores-de-la-poblacion\\\/\"},\"wordCount\":467,\"publisher\":{\"@id\":\"https:\\\/\\\/continuamosmx.com\\\/#organization\"},\"image\":{\"@id\":\"https:\\\/\\\/continuamosmx.com\\\/index.php\\\/2022\\\/01\\\/27\\\/promueven-capacitacion-para-todos-los-sectores-de-la-poblacion\\\/#primaryimage\"},\"thumbnailUrl\":\"https:\\\/\\\/continuamosmx.com\\\/wp-content\\\/uploads\\\/2022\\\/01\\\/icati.jpg\",\"articleSection\":[\"EDOMEX\"],\"inLanguage\":\"es\"},{\"@type\":\"WebPage\",\"@id\":\"https:\\\/\\\/continuamosmx.com\\\/index.php\\\/2022\\\/01\\\/27\\\/promueven-capacitacion-para-todos-los-sectores-de-la-poblacion\\\/\",\"url\":\"https:\\\/\\\/continuamosmx.com\\\/index.php\\\/2022\\\/01\\\/27\\\/promueven-capacitacion-para-todos-los-sectores-de-la-poblacion\\\/\",\"name\":\"PROMUEVEN CAPACITACI\u00d3N PARA TODOS LOS SECTORES DE LA POBLACI\u00d3N -\",\"isPartOf\":{\"@id\":\"https:\\\/\\\/continuamosmx.com\\\/#website\"},\"primaryImageOfPage\":{\"@id\":\"https:\\\/\\\/continuamosmx.com\\\/index.php\\\/2022\\\/01\\\/27\\\/promueven-capacitacion-para-todos-los-sectores-de-la-poblacion\\\/#primaryimage\"},\"image\":{\"@id\":\"https:\\\/\\\/continuamosmx.com\\\/index.php\\\/2022\\\/01\\\/27\\\/promueven-capacitacion-para-todos-los-sectores-de-la-poblacion\\\/#primaryimage\"},\"thumbnailUrl\":\"https:\\\/\\\/continuamosmx.com\\\/wp-content\\\/uploads\\\/2022\\\/01\\\/icati.jpg\",\"datePublished\":\"2022-01-27T05:35:34+00:00\",\"breadcrumb\":{\"@id\":\"https:\\\/\\\/continuamosmx.com\\\/index.php\\\/2022\\\/01\\\/27\\\/promueven-capacitacion-para-todos-los-sectores-de-la-poblacion\\\/#breadcrumb\"},\"inLanguage\":\"es\",\"potentialAction\":[{\"@type\":\"ReadAction\",\"target\":[\"https:\\\/\\\/continuamosmx.com\\\/index.php\\\/2022\\\/01\\\/27\\\/promueven-capacitacion-para-todos-los-sectores-de-la-poblacion\\\/\"]}]},{\"@type\":\"ImageObject\",\"inLanguage\":\"es\",\"@id\":\"https:\\\/\\\/continuamosmx.com\\\/index.php\\\/2022\\\/01\\\/27\\\/promueven-capacitacion-para-todos-los-sectores-de-la-poblacion\\\/#primaryimage\",\"url\":\"https:\\\/\\\/continuamosmx.com\\\/wp-content\\\/uploads\\\/2022\\\/01\\\/icati.jpg\",\"contentUrl\":\"https:\\\/\\\/continuamosmx.com\\\/wp-content\\\/uploads\\\/2022\\\/01\\\/icati.jpg\",\"width\":480,\"height\":360},{\"@type\":\"BreadcrumbList\",\"@id\":\"https:\\\/\\\/continuamosmx.com\\\/index.php\\\/2022\\\/01\\\/27\\\/promueven-capacitacion-para-todos-los-sectores-de-la-poblacion\\\/#breadcrumb\",\"itemListElement\":[{\"@type\":\"ListItem\",\"position\":1,\"name\":\"Inicio\",\"item\":\"https:\\\/\\\/continuamosmx.com\\\/\"},{\"@type\":\"ListItem\",\"position\":2,\"name\":\"PROMUEVEN CAPACITACI\u00d3N PARA TODOS LOS SECTORES DE LA POBLACI\u00d3N\"}]},{\"@type\":\"WebSite\",\"@id\":\"https:\\\/\\\/continuamosmx.com\\\/#website\",\"url\":\"https:\\\/\\\/continuamosmx.com\\\/\",\"name\":\"www.continuamosmx.com\",\"description\":\"\",\"publisher\":{\"@id\":\"https:\\\/\\\/continuamosmx.com\\\/#organization\"},\"potentialAction\":[{\"@type\":\"SearchAction\",\"target\":{\"@type\":\"EntryPoint\",\"urlTemplate\":\"https:\\\/\\\/continuamosmx.com\\\/?s={search_term_string}\"},\"query-input\":{\"@type\":\"PropertyValueSpecification\",\"valueRequired\":true,\"valueName\":\"search_term_string\"}}],\"inLanguage\":\"es\"},{\"@type\":\"Organization\",\"@id\":\"https:\\\/\\\/continuamosmx.com\\\/#organization\",\"name\":\"ContinuamosMX\",\"url\":\"https:\\\/\\\/continuamosmx.com\\\/\",\"logo\":{\"@type\":\"ImageObject\",\"inLanguage\":\"es\",\"@id\":\"https:\\\/\\\/continuamosmx.com\\\/#\\\/schema\\\/logo\\\/image\\\/\",\"url\":\"https:\\\/\\\/continuamosmx.com\\\/wp-content\\\/uploads\\\/2023\\\/04\\\/cropped-LOGO-CONTI-NUEVO.png\",\"contentUrl\":\"https:\\\/\\\/continuamosmx.com\\\/wp-content\\\/uploads\\\/2023\\\/04\\\/cropped-LOGO-CONTI-NUEVO.png\",\"width\":1257,\"height\":430,\"caption\":\"ContinuamosMX\"},\"image\":{\"@id\":\"https:\\\/\\\/continuamosmx.com\\\/#\\\/schema\\\/logo\\\/image\\\/\"}},{\"@type\":\"Person\",\"@id\":\"https:\\\/\\\/continuamosmx.com\\\/#\\\/schema\\\/person\\\/5eb5356acb1fad784da407d14f0e8d89\",\"name\":\"Continuamos MX\",\"image\":{\"@type\":\"ImageObject\",\"inLanguage\":\"es\",\"@id\":\"https:\\\/\\\/secure.gravatar.com\\\/avatar\\\/30d4f9723476a15f4da34d35fb3501f08d2357016c76051c6a85c354c7489589?s=96&d=mm&r=g\",\"url\":\"https:\\\/\\\/secure.gravatar.com\\\/avatar\\\/30d4f9723476a15f4da34d35fb3501f08d2357016c76051c6a85c354c7489589?s=96&d=mm&r=g\",\"contentUrl\":\"https:\\\/\\\/secure.gravatar.com\\\/avatar\\\/30d4f9723476a15f4da34d35fb3501f08d2357016c76051c6a85c354c7489589?s=96&d=mm&r=g\",\"caption\":\"Continuamos MX\"},\"sameAs\":[\"http:\\\/\\\/www.continuamos.mx\"],\"url\":\"https:\\\/\\\/continuamosmx.com\\\/index.php\\\/author\\\/continuamos\\\/\"}]}<\/script>\n<!-- \/ Yoast SEO plugin. -->","yoast_head_json":{"title":"PROMUEVEN CAPACITACI\u00d3N PARA TODOS LOS SECTORES DE LA POBLACI\u00d3N -","robots":{"index":"index","follow":"follow","max-snippet":"max-snippet:-1","max-image-preview":"max-image-preview:large","max-video-preview":"max-video-preview:-1"},"canonical":"https:\/\/continuamosmx.com\/index.php\/2022\/01\/27\/promueven-capacitacion-para-todos-los-sectores-de-la-poblacion\/","og_locale":"es_ES","og_type":"article","og_title":"PROMUEVEN CAPACITACI\u00d3N PARA TODOS LOS SECTORES DE LA POBLACI\u00d3N -","og_description":"* Firma Director General del ICATI, Jaime Rebollo, convenios con el Ayuntamiento de Zinacantepec y la Red de Polit\u00f3logos de la UAEM * Tienen como objetivo privilegiar la capacitaci\u00f3n para y en el trabajo, a fin de impulsar la empleabilidad de las y los mexiquenses ZINACANTEPEC.- El Director General del Instituto de Capacitaci\u00f3n y Adiestramiento [&hellip;]","og_url":"https:\/\/continuamosmx.com\/index.php\/2022\/01\/27\/promueven-capacitacion-para-todos-los-sectores-de-la-poblacion\/","article_published_time":"2022-01-27T05:35:34+00:00","author":"Continuamos MX","twitter_card":"summary_large_image","twitter_misc":{"Escrito por":"Continuamos MX","Tiempo de lectura":"2 minutos"},"schema":{"@context":"https:\/\/schema.org","@graph":[{"@type":"Article","@id":"https:\/\/continuamosmx.com\/index.php\/2022\/01\/27\/promueven-capacitacion-para-todos-los-sectores-de-la-poblacion\/#article","isPartOf":{"@id":"https:\/\/continuamosmx.com\/index.php\/2022\/01\/27\/promueven-capacitacion-para-todos-los-sectores-de-la-poblacion\/"},"author":{"name":"Continuamos MX","@id":"https:\/\/continuamosmx.com\/#\/schema\/person\/5eb5356acb1fad784da407d14f0e8d89"},"headline":"PROMUEVEN CAPACITACI\u00d3N PARA TODOS LOS SECTORES DE LA POBLACI\u00d3N","datePublished":"2022-01-27T05:35:34+00:00","mainEntityOfPage":{"@id":"https:\/\/continuamosmx.com\/index.php\/2022\/01\/27\/promueven-capacitacion-para-todos-los-sectores-de-la-poblacion\/"},"wordCount":467,"publisher":{"@id":"https:\/\/continuamosmx.com\/#organization"},"image":{"@id":"https:\/\/continuamosmx.com\/index.php\/2022\/01\/27\/promueven-capacitacion-para-todos-los-sectores-de-la-poblacion\/#primaryimage"},"thumbnailUrl":"https:\/\/continuamosmx.com\/wp-content\/uploads\/2022\/01\/icati.jpg","articleSection":["EDOMEX"],"inLanguage":"es"},{"@type":"WebPage","@id":"https:\/\/continuamosmx.com\/index.php\/2022\/01\/27\/promueven-capacitacion-para-todos-los-sectores-de-la-poblacion\/","url":"https:\/\/continuamosmx.com\/index.php\/2022\/01\/27\/promueven-capacitacion-para-todos-los-sectores-de-la-poblacion\/","name":"PROMUEVEN CAPACITACI\u00d3N PARA TODOS LOS SECTORES DE LA POBLACI\u00d3N -","isPartOf":{"@id":"https:\/\/continuamosmx.com\/#website"},"primaryImageOfPage":{"@id":"https:\/\/continuamosmx.com\/index.php\/2022\/01\/27\/promueven-capacitacion-para-todos-los-sectores-de-la-poblacion\/#primaryimage"},"image":{"@id":"https:\/\/continuamosmx.com\/index.php\/2022\/01\/27\/promueven-capacitacion-para-todos-los-sectores-de-la-poblacion\/#primaryimage"},"thumbnailUrl":"https:\/\/continuamosmx.com\/wp-content\/uploads\/2022\/01\/icati.jpg","datePublished":"2022-01-27T05:35:34+00:00","breadcrumb":{"@id":"https:\/\/continuamosmx.com\/index.php\/2022\/01\/27\/promueven-capacitacion-para-todos-los-sectores-de-la-poblacion\/#breadcrumb"},"inLanguage":"es","potentialAction":[{"@type":"ReadAction","target":["https:\/\/continuamosmx.com\/index.php\/2022\/01\/27\/promueven-capacitacion-para-todos-los-sectores-de-la-poblacion\/"]}]},{"@type":"ImageObject","inLanguage":"es","@id":"https:\/\/continuamosmx.com\/index.php\/2022\/01\/27\/promueven-capacitacion-para-todos-los-sectores-de-la-poblacion\/#primaryimage","url":"https:\/\/continuamosmx.com\/wp-content\/uploads\/2022\/01\/icati.jpg","contentUrl":"https:\/\/continuamosmx.com\/wp-content\/uploads\/2022\/01\/icati.jpg","width":480,"height":360},{"@type":"BreadcrumbList","@id":"https:\/\/continuamosmx.com\/index.php\/2022\/01\/27\/promueven-capacitacion-para-todos-los-sectores-de-la-poblacion\/#breadcrumb","itemListElement":[{"@type":"ListItem","position":1,"name":"Inicio","item":"https:\/\/continuamosmx.com\/"},{"@type":"ListItem","position":2,"name":"PROMUEVEN CAPACITACI\u00d3N PARA TODOS LOS SECTORES DE LA POBLACI\u00d3N"}]},{"@type":"WebSite","@id":"https:\/\/continuamosmx.com\/#website","url":"https:\/\/continuamosmx.com\/","name":"www.continuamosmx.com","description":"","publisher":{"@id":"https:\/\/continuamosmx.com\/#organization"},"potentialAction":[{"@type":"SearchAction","target":{"@type":"EntryPoint","urlTemplate":"https:\/\/continuamosmx.com\/?s={search_term_string}"},"query-input":{"@type":"PropertyValueSpecification","valueRequired":true,"valueName":"search_term_string"}}],"inLanguage":"es"},{"@type":"Organization","@id":"https:\/\/continuamosmx.com\/#organization","name":"ContinuamosMX","url":"https:\/\/continuamosmx.com\/","logo":{"@type":"ImageObject","inLanguage":"es","@id":"https:\/\/continuamosmx.com\/#\/schema\/logo\/image\/","url":"https:\/\/continuamosmx.com\/wp-content\/uploads\/2023\/04\/cropped-LOGO-CONTI-NUEVO.png","contentUrl":"https:\/\/continuamosmx.com\/wp-content\/uploads\/2023\/04\/cropped-LOGO-CONTI-NUEVO.png","width":1257,"height":430,"caption":"ContinuamosMX"},"image":{"@id":"https:\/\/continuamosmx.com\/#\/schema\/logo\/image\/"}},{"@type":"Person","@id":"https:\/\/continuamosmx.com\/#\/schema\/person\/5eb5356acb1fad784da407d14f0e8d89","name":"Continuamos MX","image":{"@type":"ImageObject","inLanguage":"es","@id":"https:\/\/secure.gravatar.com\/avatar\/30d4f9723476a15f4da34d35fb3501f08d2357016c76051c6a85c354c7489589?s=96&d=mm&r=g","url":"https:\/\/secure.gravatar.com\/avatar\/30d4f9723476a15f4da34d35fb3501f08d2357016c76051c6a85c354c7489589?s=96&d=mm&r=g","contentUrl":"https:\/\/secure.gravatar.com\/avatar\/30d4f9723476a15f4da34d35fb3501f08d2357016c76051c6a85c354c7489589?s=96&d=mm&r=g","caption":"Continuamos MX"},"sameAs":["http:\/\/www.continuamos.mx"],"url":"https:\/\/continuamosmx.com\/index.php\/author\/continuamos\/"}]}},"_links":{"self":[{"href":"https:\/\/continuamosmx.com\/index.php\/wp-json\/wp\/v2\/posts\/33205","targetHints":{"allow":["GET"]}}],"collection":[{"href":"https:\/\/continuamosmx.com\/index.php\/wp-json\/wp\/v2\/posts"}],"about":[{"href":"https:\/\/continuamosmx.com\/index.php\/wp-json\/wp\/v2\/types\/post"}],"author":[{"embeddable":true,"href":"https:\/\/continuamosmx.com\/index.php\/wp-json\/wp\/v2\/users\/6"}],"replies":[{"embeddable":true,"href":"https:\/\/continuamosmx.com\/index.php\/wp-json\/wp\/v2\/comments?post=33205"}],"version-history":[{"count":0,"href":"https:\/\/continuamosmx.com\/index.php\/wp-json\/wp\/v2\/posts\/33205\/revisions"}],"wp:featuredmedia":[{"embeddable":true,"href":"https:\/\/continuamosmx.com\/index.php\/wp-json\/wp\/v2\/media\/33206"}],"wp:attachment":[{"href":"https:\/\/continuamosmx.com\/index.php\/wp-json\/wp\/v2\/media?parent=33205"}],"wp:term":[{"taxonomy":"category","embeddable":true,"href":"https:\/\/continuamosmx.com\/index.php\/wp-json\/wp\/v2\/categories?post=33205"},{"taxonomy":"post_tag","embeddable":true,"href":"https:\/\/continuamosmx.com\/index.php\/wp-json\/wp\/v2\/tags?post=33205"}],"curies":[{"name":"wp","href":"https:\/\/api.w.org\/{rel}","templated":true}]}}