{"id":33178,"date":"2022-01-26T06:53:00","date_gmt":"2022-01-26T06:53:00","guid":{"rendered":"https:\/\/continuamos.mx\/?p=33178"},"modified":"2022-01-26T06:53:00","modified_gmt":"2022-01-26T06:53:00","slug":"instalan-consejo-municipal-de-seguridad-publica-en-chalco","status":"publish","type":"post","link":"https:\/\/continuamosmx.com\/index.php\/2022\/01\/26\/instalan-consejo-municipal-de-seguridad-publica-en-chalco\/","title":{"rendered":"INSTALAN CONSEJO MUNICIPAL DE SEGURIDAD P\u00daBLICA EN CHALCO"},"content":{"rendered":"\n<blockquote class=\"wp-block-quote is-layout-flow wp-block-quote-is-layout-flow\"><p>*<strong>Acto encabezado por el alcalde Miguel Guti\u00e9rrez<\/strong><\/p><\/blockquote>\n\n\n\n<p>CHALCO,M\u00e9x.- El Presidente Municipal, Miguel Guti\u00e9rrez encabez\u00f3 la instalaci\u00f3n del Consejo Municipal de Seguridad P\u00fablica para el periodo 2022-2024, que est\u00e1 conformado por representantes de los tres niveles de gobierno, autoridades auxiliares, directores del Gobierno de Chalco y representantes de los sectores. Durante este primera sesi\u00f3n ordinaria del Consejo, los integrantes escucharon las peticiones de los delegados y Copacis de los barrios, pueblos, colonias y unidades habitacionales del municipio.<\/p>\n\n\n\n<p>En su intervenci\u00f3n, el Alcalde recalc\u00f3 que el Gobierno de Chalco cree firmemente en que la participaci\u00f3n de la ciudadan\u00eda en materia de seguridad p\u00fablica es de suma importancia para avanzar en la recuperaci\u00f3n de la paz social. Invit\u00f3 a los presentes a denunciar los hechos delictivos y conductas antisociales para que las autoridades competentes generen soluciones. Reconoci\u00f3 que hay muchos puntos que requieren la intervenci\u00f3n de los tres niveles de gobierno, pero que el avance es significativo, pues el Secretariado Ejecutivo del Sistema Nacional de Seguridad P\u00fablica reconoce una disminuci\u00f3m global de delitos del 11 por ciento, por lo que se comprometi\u00f3 a redoblar esfuerzo para que estas cifras contin\u00faen a la baja. Inform\u00f3 que una de las primeras acciones de esta administraci\u00f3n ser\u00e1 contratar y capacitar a 100 nuevos elementos policiacos, para seguir generando las condiciones que favorezcan la seguridad y recuperen la paz social.<\/p>\n\n\n\n<p>El Consejo Municipal de Seguridad qued\u00f3 conformado por el Presidente Municipal, el Secretario del Ayuntamiento, el titular de Seguridad P\u00fablica Municipal, la representante del Secretariado Ejecutivo de Seguridad del Estado de M\u00e9xico, el representante del Centro Nacional de Inteligencia, el Fiscal Regional, representantes de la Guardia Nacional, la 37a Zona Militar, la Jurisdicci\u00f3n Sanitaria, Preceptor\u00eda Juvenil y la Polic\u00eda Estatal. Uno de los primeros acuerdos tomados durante la sesi\u00f3n fue realizar ex\u00e1menes de control y confianza a los encargados de Seguridad P\u00fablica y el Centro de Mando, as\u00ed como la atenci\u00f3n inmediata a 17 peticiones de las autoridades auxiliares.<\/p>\n\n\n\n<figure class=\"wp-block-gallery columns-2 is-cropped wp-block-gallery-1 is-layout-flex wp-block-gallery-is-layout-flex\"><ul class=\"blocks-gallery-grid\"><li class=\"blocks-gallery-item\"><figure><img loading=\"lazy\" decoding=\"async\" width=\"1024\" height=\"682\" src=\"http:\/\/continuamos.mx\/wp-content\/uploads\/2022\/01\/chalco-3.jpg\" alt=\"\" data-id=\"33181\" data-full-url=\"http:\/\/continuamos.mx\/wp-content\/uploads\/2022\/01\/chalco-3.jpg\" data-link=\"https:\/\/continuamos.mx\/?attachment_id=33181\" class=\"wp-image-33181\" srcset=\"https:\/\/continuamosmx.com\/wp-content\/uploads\/2022\/01\/chalco-3.jpg 1024w, https:\/\/continuamosmx.com\/wp-content\/uploads\/2022\/01\/chalco-3-300x200.jpg 300w, https:\/\/continuamosmx.com\/wp-content\/uploads\/2022\/01\/chalco-3-768x512.jpg 768w\" sizes=\"auto, (max-width: 1024px) 100vw, 1024px\" \/><\/figure><\/li><li class=\"blocks-gallery-item\"><figure><img loading=\"lazy\" decoding=\"async\" width=\"1024\" height=\"575\" src=\"http:\/\/continuamos.mx\/wp-content\/uploads\/2022\/01\/chalco-1.jpg\" alt=\"\" data-id=\"33179\" data-full-url=\"http:\/\/continuamos.mx\/wp-content\/uploads\/2022\/01\/chalco-1.jpg\" data-link=\"https:\/\/continuamos.mx\/?attachment_id=33179\" class=\"wp-image-33179\" srcset=\"https:\/\/continuamosmx.com\/wp-content\/uploads\/2022\/01\/chalco-1.jpg 1024w, https:\/\/continuamosmx.com\/wp-content\/uploads\/2022\/01\/chalco-1-300x168.jpg 300w, https:\/\/continuamosmx.com\/wp-content\/uploads\/2022\/01\/chalco-1-768x431.jpg 768w\" sizes=\"auto, (max-width: 1024px) 100vw, 1024px\" \/><\/figure><\/li><\/ul><\/figure>\n","protected":false},"excerpt":{"rendered":"<p>*Acto encabezado por el alcalde Miguel Guti\u00e9rrez CHALCO,M\u00e9x.- El Presidente Municipal, Miguel Guti\u00e9rrez encabez\u00f3 la instalaci\u00f3n del Consejo Municipal de Seguridad P\u00fablica para el periodo 2022-2024, que est\u00e1 conformado por representantes de los tres niveles de gobierno, autoridades auxiliares, directores del Gobierno de Chalco y representantes de los sectores. Durante este primera sesi\u00f3n ordinaria del [&hellip;]<\/p>\n","protected":false},"author":6,"featured_media":33180,"comment_status":"closed","ping_status":"open","sticky":false,"template":"","format":"standard","meta":{"footnotes":""},"categories":[23,4],"tags":[],"class_list":["post-33178","post","type-post","status-publish","format-standard","has-post-thumbnail","hentry","category-chalco","category-locales"],"yoast_head":"<!-- This site is optimized with the Yoast SEO plugin v27.5 - https:\/\/yoast.com\/product\/yoast-seo-wordpress\/ -->\n<title>INSTALAN CONSEJO MUNICIPAL DE SEGURIDAD P\u00daBLICA EN CHALCO -<\/title>\n<meta name=\"robots\" content=\"index, follow, max-snippet:-1, max-image-preview:large, max-video-preview:-1\" \/>\n<link rel=\"canonical\" href=\"https:\/\/continuamosmx.com\/index.php\/2022\/01\/26\/instalan-consejo-municipal-de-seguridad-publica-en-chalco\/\" \/>\n<meta property=\"og:locale\" content=\"es_ES\" \/>\n<meta property=\"og:type\" content=\"article\" \/>\n<meta property=\"og:title\" content=\"INSTALAN CONSEJO MUNICIPAL DE SEGURIDAD P\u00daBLICA EN CHALCO -\" \/>\n<meta property=\"og:description\" content=\"*Acto encabezado por el alcalde Miguel Guti\u00e9rrez CHALCO,M\u00e9x.- El Presidente Municipal, Miguel Guti\u00e9rrez encabez\u00f3 la instalaci\u00f3n del Consejo Municipal de Seguridad P\u00fablica para el periodo 2022-2024, que est\u00e1 conformado por representantes de los tres niveles de gobierno, autoridades auxiliares, directores del Gobierno de Chalco y representantes de los sectores. Durante este primera sesi\u00f3n ordinaria del [&hellip;]\" \/>\n<meta property=\"og:url\" content=\"https:\/\/continuamosmx.com\/index.php\/2022\/01\/26\/instalan-consejo-municipal-de-seguridad-publica-en-chalco\/\" \/>\n<meta property=\"article:published_time\" content=\"2022-01-26T06:53:00+00:00\" \/>\n<meta property=\"og:image\" content=\"http:\/\/continuamos.mx\/wp-content\/uploads\/2022\/01\/chalco-3.jpg\" \/>\n<meta name=\"author\" content=\"Continuamos MX\" \/>\n<meta name=\"twitter:card\" content=\"summary_large_image\" \/>\n<meta name=\"twitter:label1\" content=\"Escrito por\" \/>\n\t<meta name=\"twitter:data1\" content=\"Continuamos MX\" \/>\n\t<meta name=\"twitter:label2\" content=\"Tiempo de lectura\" \/>\n\t<meta name=\"twitter:data2\" content=\"2 minutos\" \/>\n<script type=\"application\/ld+json\" class=\"yoast-schema-graph\">{\"@context\":\"https:\\\/\\\/schema.org\",\"@graph\":[{\"@type\":\"Article\",\"@id\":\"https:\\\/\\\/continuamosmx.com\\\/index.php\\\/2022\\\/01\\\/26\\\/instalan-consejo-municipal-de-seguridad-publica-en-chalco\\\/#article\",\"isPartOf\":{\"@id\":\"https:\\\/\\\/continuamosmx.com\\\/index.php\\\/2022\\\/01\\\/26\\\/instalan-consejo-municipal-de-seguridad-publica-en-chalco\\\/\"},\"author\":{\"name\":\"Continuamos MX\",\"@id\":\"https:\\\/\\\/continuamosmx.com\\\/#\\\/schema\\\/person\\\/5eb5356acb1fad784da407d14f0e8d89\"},\"headline\":\"INSTALAN CONSEJO MUNICIPAL DE SEGURIDAD P\u00daBLICA EN CHALCO\",\"datePublished\":\"2022-01-26T06:53:00+00:00\",\"mainEntityOfPage\":{\"@id\":\"https:\\\/\\\/continuamosmx.com\\\/index.php\\\/2022\\\/01\\\/26\\\/instalan-consejo-municipal-de-seguridad-publica-en-chalco\\\/\"},\"wordCount\":355,\"publisher\":{\"@id\":\"https:\\\/\\\/continuamosmx.com\\\/#organization\"},\"image\":{\"@id\":\"https:\\\/\\\/continuamosmx.com\\\/index.php\\\/2022\\\/01\\\/26\\\/instalan-consejo-municipal-de-seguridad-publica-en-chalco\\\/#primaryimage\"},\"thumbnailUrl\":\"https:\\\/\\\/continuamosmx.com\\\/wp-content\\\/uploads\\\/2022\\\/01\\\/chalco-2.jpg\",\"articleSection\":[\"CHALCO\",\"LOCALES\"],\"inLanguage\":\"es\"},{\"@type\":\"WebPage\",\"@id\":\"https:\\\/\\\/continuamosmx.com\\\/index.php\\\/2022\\\/01\\\/26\\\/instalan-consejo-municipal-de-seguridad-publica-en-chalco\\\/\",\"url\":\"https:\\\/\\\/continuamosmx.com\\\/index.php\\\/2022\\\/01\\\/26\\\/instalan-consejo-municipal-de-seguridad-publica-en-chalco\\\/\",\"name\":\"INSTALAN CONSEJO MUNICIPAL DE SEGURIDAD P\u00daBLICA EN CHALCO -\",\"isPartOf\":{\"@id\":\"https:\\\/\\\/continuamosmx.com\\\/#website\"},\"primaryImageOfPage\":{\"@id\":\"https:\\\/\\\/continuamosmx.com\\\/index.php\\\/2022\\\/01\\\/26\\\/instalan-consejo-municipal-de-seguridad-publica-en-chalco\\\/#primaryimage\"},\"image\":{\"@id\":\"https:\\\/\\\/continuamosmx.com\\\/index.php\\\/2022\\\/01\\\/26\\\/instalan-consejo-municipal-de-seguridad-publica-en-chalco\\\/#primaryimage\"},\"thumbnailUrl\":\"https:\\\/\\\/continuamosmx.com\\\/wp-content\\\/uploads\\\/2022\\\/01\\\/chalco-2.jpg\",\"datePublished\":\"2022-01-26T06:53:00+00:00\",\"breadcrumb\":{\"@id\":\"https:\\\/\\\/continuamosmx.com\\\/index.php\\\/2022\\\/01\\\/26\\\/instalan-consejo-municipal-de-seguridad-publica-en-chalco\\\/#breadcrumb\"},\"inLanguage\":\"es\",\"potentialAction\":[{\"@type\":\"ReadAction\",\"target\":[\"https:\\\/\\\/continuamosmx.com\\\/index.php\\\/2022\\\/01\\\/26\\\/instalan-consejo-municipal-de-seguridad-publica-en-chalco\\\/\"]}]},{\"@type\":\"ImageObject\",\"inLanguage\":\"es\",\"@id\":\"https:\\\/\\\/continuamosmx.com\\\/index.php\\\/2022\\\/01\\\/26\\\/instalan-consejo-municipal-de-seguridad-publica-en-chalco\\\/#primaryimage\",\"url\":\"https:\\\/\\\/continuamosmx.com\\\/wp-content\\\/uploads\\\/2022\\\/01\\\/chalco-2.jpg\",\"contentUrl\":\"https:\\\/\\\/continuamosmx.com\\\/wp-content\\\/uploads\\\/2022\\\/01\\\/chalco-2.jpg\",\"width\":1024,\"height\":575},{\"@type\":\"BreadcrumbList\",\"@id\":\"https:\\\/\\\/continuamosmx.com\\\/index.php\\\/2022\\\/01\\\/26\\\/instalan-consejo-municipal-de-seguridad-publica-en-chalco\\\/#breadcrumb\",\"itemListElement\":[{\"@type\":\"ListItem\",\"position\":1,\"name\":\"Inicio\",\"item\":\"https:\\\/\\\/continuamosmx.com\\\/\"},{\"@type\":\"ListItem\",\"position\":2,\"name\":\"INSTALAN CONSEJO MUNICIPAL DE SEGURIDAD P\u00daBLICA EN CHALCO\"}]},{\"@type\":\"WebSite\",\"@id\":\"https:\\\/\\\/continuamosmx.com\\\/#website\",\"url\":\"https:\\\/\\\/continuamosmx.com\\\/\",\"name\":\"www.continuamosmx.com\",\"description\":\"\",\"publisher\":{\"@id\":\"https:\\\/\\\/continuamosmx.com\\\/#organization\"},\"potentialAction\":[{\"@type\":\"SearchAction\",\"target\":{\"@type\":\"EntryPoint\",\"urlTemplate\":\"https:\\\/\\\/continuamosmx.com\\\/?s={search_term_string}\"},\"query-input\":{\"@type\":\"PropertyValueSpecification\",\"valueRequired\":true,\"valueName\":\"search_term_string\"}}],\"inLanguage\":\"es\"},{\"@type\":\"Organization\",\"@id\":\"https:\\\/\\\/continuamosmx.com\\\/#organization\",\"name\":\"ContinuamosMX\",\"url\":\"https:\\\/\\\/continuamosmx.com\\\/\",\"logo\":{\"@type\":\"ImageObject\",\"inLanguage\":\"es\",\"@id\":\"https:\\\/\\\/continuamosmx.com\\\/#\\\/schema\\\/logo\\\/image\\\/\",\"url\":\"https:\\\/\\\/continuamosmx.com\\\/wp-content\\\/uploads\\\/2023\\\/04\\\/cropped-LOGO-CONTI-NUEVO.png\",\"contentUrl\":\"https:\\\/\\\/continuamosmx.com\\\/wp-content\\\/uploads\\\/2023\\\/04\\\/cropped-LOGO-CONTI-NUEVO.png\",\"width\":1257,\"height\":430,\"caption\":\"ContinuamosMX\"},\"image\":{\"@id\":\"https:\\\/\\\/continuamosmx.com\\\/#\\\/schema\\\/logo\\\/image\\\/\"}},{\"@type\":\"Person\",\"@id\":\"https:\\\/\\\/continuamosmx.com\\\/#\\\/schema\\\/person\\\/5eb5356acb1fad784da407d14f0e8d89\",\"name\":\"Continuamos MX\",\"image\":{\"@type\":\"ImageObject\",\"inLanguage\":\"es\",\"@id\":\"https:\\\/\\\/secure.gravatar.com\\\/avatar\\\/30d4f9723476a15f4da34d35fb3501f08d2357016c76051c6a85c354c7489589?s=96&d=mm&r=g\",\"url\":\"https:\\\/\\\/secure.gravatar.com\\\/avatar\\\/30d4f9723476a15f4da34d35fb3501f08d2357016c76051c6a85c354c7489589?s=96&d=mm&r=g\",\"contentUrl\":\"https:\\\/\\\/secure.gravatar.com\\\/avatar\\\/30d4f9723476a15f4da34d35fb3501f08d2357016c76051c6a85c354c7489589?s=96&d=mm&r=g\",\"caption\":\"Continuamos MX\"},\"sameAs\":[\"http:\\\/\\\/www.continuamos.mx\"],\"url\":\"https:\\\/\\\/continuamosmx.com\\\/index.php\\\/author\\\/continuamos\\\/\"}]}<\/script>\n<!-- \/ Yoast SEO plugin. -->","yoast_head_json":{"title":"INSTALAN CONSEJO MUNICIPAL DE SEGURIDAD P\u00daBLICA EN CHALCO -","robots":{"index":"index","follow":"follow","max-snippet":"max-snippet:-1","max-image-preview":"max-image-preview:large","max-video-preview":"max-video-preview:-1"},"canonical":"https:\/\/continuamosmx.com\/index.php\/2022\/01\/26\/instalan-consejo-municipal-de-seguridad-publica-en-chalco\/","og_locale":"es_ES","og_type":"article","og_title":"INSTALAN CONSEJO MUNICIPAL DE SEGURIDAD P\u00daBLICA EN CHALCO -","og_description":"*Acto encabezado por el alcalde Miguel Guti\u00e9rrez CHALCO,M\u00e9x.- El Presidente Municipal, Miguel Guti\u00e9rrez encabez\u00f3 la instalaci\u00f3n del Consejo Municipal de Seguridad P\u00fablica para el periodo 2022-2024, que est\u00e1 conformado por representantes de los tres niveles de gobierno, autoridades auxiliares, directores del Gobierno de Chalco y representantes de los sectores. Durante este primera sesi\u00f3n ordinaria del [&hellip;]","og_url":"https:\/\/continuamosmx.com\/index.php\/2022\/01\/26\/instalan-consejo-municipal-de-seguridad-publica-en-chalco\/","article_published_time":"2022-01-26T06:53:00+00:00","og_image":[{"url":"http:\/\/continuamos.mx\/wp-content\/uploads\/2022\/01\/chalco-3.jpg","type":"","width":"","height":""}],"author":"Continuamos MX","twitter_card":"summary_large_image","twitter_misc":{"Escrito por":"Continuamos MX","Tiempo de lectura":"2 minutos"},"schema":{"@context":"https:\/\/schema.org","@graph":[{"@type":"Article","@id":"https:\/\/continuamosmx.com\/index.php\/2022\/01\/26\/instalan-consejo-municipal-de-seguridad-publica-en-chalco\/#article","isPartOf":{"@id":"https:\/\/continuamosmx.com\/index.php\/2022\/01\/26\/instalan-consejo-municipal-de-seguridad-publica-en-chalco\/"},"author":{"name":"Continuamos MX","@id":"https:\/\/continuamosmx.com\/#\/schema\/person\/5eb5356acb1fad784da407d14f0e8d89"},"headline":"INSTALAN CONSEJO MUNICIPAL DE SEGURIDAD P\u00daBLICA EN CHALCO","datePublished":"2022-01-26T06:53:00+00:00","mainEntityOfPage":{"@id":"https:\/\/continuamosmx.com\/index.php\/2022\/01\/26\/instalan-consejo-municipal-de-seguridad-publica-en-chalco\/"},"wordCount":355,"publisher":{"@id":"https:\/\/continuamosmx.com\/#organization"},"image":{"@id":"https:\/\/continuamosmx.com\/index.php\/2022\/01\/26\/instalan-consejo-municipal-de-seguridad-publica-en-chalco\/#primaryimage"},"thumbnailUrl":"https:\/\/continuamosmx.com\/wp-content\/uploads\/2022\/01\/chalco-2.jpg","articleSection":["CHALCO","LOCALES"],"inLanguage":"es"},{"@type":"WebPage","@id":"https:\/\/continuamosmx.com\/index.php\/2022\/01\/26\/instalan-consejo-municipal-de-seguridad-publica-en-chalco\/","url":"https:\/\/continuamosmx.com\/index.php\/2022\/01\/26\/instalan-consejo-municipal-de-seguridad-publica-en-chalco\/","name":"INSTALAN CONSEJO MUNICIPAL DE SEGURIDAD P\u00daBLICA EN CHALCO -","isPartOf":{"@id":"https:\/\/continuamosmx.com\/#website"},"primaryImageOfPage":{"@id":"https:\/\/continuamosmx.com\/index.php\/2022\/01\/26\/instalan-consejo-municipal-de-seguridad-publica-en-chalco\/#primaryimage"},"image":{"@id":"https:\/\/continuamosmx.com\/index.php\/2022\/01\/26\/instalan-consejo-municipal-de-seguridad-publica-en-chalco\/#primaryimage"},"thumbnailUrl":"https:\/\/continuamosmx.com\/wp-content\/uploads\/2022\/01\/chalco-2.jpg","datePublished":"2022-01-26T06:53:00+00:00","breadcrumb":{"@id":"https:\/\/continuamosmx.com\/index.php\/2022\/01\/26\/instalan-consejo-municipal-de-seguridad-publica-en-chalco\/#breadcrumb"},"inLanguage":"es","potentialAction":[{"@type":"ReadAction","target":["https:\/\/continuamosmx.com\/index.php\/2022\/01\/26\/instalan-consejo-municipal-de-seguridad-publica-en-chalco\/"]}]},{"@type":"ImageObject","inLanguage":"es","@id":"https:\/\/continuamosmx.com\/index.php\/2022\/01\/26\/instalan-consejo-municipal-de-seguridad-publica-en-chalco\/#primaryimage","url":"https:\/\/continuamosmx.com\/wp-content\/uploads\/2022\/01\/chalco-2.jpg","contentUrl":"https:\/\/continuamosmx.com\/wp-content\/uploads\/2022\/01\/chalco-2.jpg","width":1024,"height":575},{"@type":"BreadcrumbList","@id":"https:\/\/continuamosmx.com\/index.php\/2022\/01\/26\/instalan-consejo-municipal-de-seguridad-publica-en-chalco\/#breadcrumb","itemListElement":[{"@type":"ListItem","position":1,"name":"Inicio","item":"https:\/\/continuamosmx.com\/"},{"@type":"ListItem","position":2,"name":"INSTALAN CONSEJO MUNICIPAL DE SEGURIDAD P\u00daBLICA EN CHALCO"}]},{"@type":"WebSite","@id":"https:\/\/continuamosmx.com\/#website","url":"https:\/\/continuamosmx.com\/","name":"www.continuamosmx.com","description":"","publisher":{"@id":"https:\/\/continuamosmx.com\/#organization"},"potentialAction":[{"@type":"SearchAction","target":{"@type":"EntryPoint","urlTemplate":"https:\/\/continuamosmx.com\/?s={search_term_string}"},"query-input":{"@type":"PropertyValueSpecification","valueRequired":true,"valueName":"search_term_string"}}],"inLanguage":"es"},{"@type":"Organization","@id":"https:\/\/continuamosmx.com\/#organization","name":"ContinuamosMX","url":"https:\/\/continuamosmx.com\/","logo":{"@type":"ImageObject","inLanguage":"es","@id":"https:\/\/continuamosmx.com\/#\/schema\/logo\/image\/","url":"https:\/\/continuamosmx.com\/wp-content\/uploads\/2023\/04\/cropped-LOGO-CONTI-NUEVO.png","contentUrl":"https:\/\/continuamosmx.com\/wp-content\/uploads\/2023\/04\/cropped-LOGO-CONTI-NUEVO.png","width":1257,"height":430,"caption":"ContinuamosMX"},"image":{"@id":"https:\/\/continuamosmx.com\/#\/schema\/logo\/image\/"}},{"@type":"Person","@id":"https:\/\/continuamosmx.com\/#\/schema\/person\/5eb5356acb1fad784da407d14f0e8d89","name":"Continuamos MX","image":{"@type":"ImageObject","inLanguage":"es","@id":"https:\/\/secure.gravatar.com\/avatar\/30d4f9723476a15f4da34d35fb3501f08d2357016c76051c6a85c354c7489589?s=96&d=mm&r=g","url":"https:\/\/secure.gravatar.com\/avatar\/30d4f9723476a15f4da34d35fb3501f08d2357016c76051c6a85c354c7489589?s=96&d=mm&r=g","contentUrl":"https:\/\/secure.gravatar.com\/avatar\/30d4f9723476a15f4da34d35fb3501f08d2357016c76051c6a85c354c7489589?s=96&d=mm&r=g","caption":"Continuamos MX"},"sameAs":["http:\/\/www.continuamos.mx"],"url":"https:\/\/continuamosmx.com\/index.php\/author\/continuamos\/"}]}},"_links":{"self":[{"href":"https:\/\/continuamosmx.com\/index.php\/wp-json\/wp\/v2\/posts\/33178","targetHints":{"allow":["GET"]}}],"collection":[{"href":"https:\/\/continuamosmx.com\/index.php\/wp-json\/wp\/v2\/posts"}],"about":[{"href":"https:\/\/continuamosmx.com\/index.php\/wp-json\/wp\/v2\/types\/post"}],"author":[{"embeddable":true,"href":"https:\/\/continuamosmx.com\/index.php\/wp-json\/wp\/v2\/users\/6"}],"replies":[{"embeddable":true,"href":"https:\/\/continuamosmx.com\/index.php\/wp-json\/wp\/v2\/comments?post=33178"}],"version-history":[{"count":0,"href":"https:\/\/continuamosmx.com\/index.php\/wp-json\/wp\/v2\/posts\/33178\/revisions"}],"wp:featuredmedia":[{"embeddable":true,"href":"https:\/\/continuamosmx.com\/index.php\/wp-json\/wp\/v2\/media\/33180"}],"wp:attachment":[{"href":"https:\/\/continuamosmx.com\/index.php\/wp-json\/wp\/v2\/media?parent=33178"}],"wp:term":[{"taxonomy":"category","embeddable":true,"href":"https:\/\/continuamosmx.com\/index.php\/wp-json\/wp\/v2\/categories?post=33178"},{"taxonomy":"post_tag","embeddable":true,"href":"https:\/\/continuamosmx.com\/index.php\/wp-json\/wp\/v2\/tags?post=33178"}],"curies":[{"name":"wp","href":"https:\/\/api.w.org\/{rel}","templated":true}]}}