{"id":33166,"date":"2022-01-26T06:25:11","date_gmt":"2022-01-26T06:25:11","guid":{"rendered":"https:\/\/continuamos.mx\/?p=33166"},"modified":"2022-01-26T06:25:11","modified_gmt":"2022-01-26T06:25:11","slug":"exigen-garantias-para-ejercer-el-periodismo","status":"publish","type":"post","link":"https:\/\/continuamosmx.com\/index.php\/2022\/01\/26\/exigen-garantias-para-ejercer-el-periodismo\/","title":{"rendered":"EXIGEN GARANT\u00cdAS PARA EJERCER EL PERIODISMO"},"content":{"rendered":"\n<p>* <strong>Comunicadores en Texcoco se suman a las protestas tras los recientes asesinatos de periodistas en Baja California y Veracruz<\/strong><\/p>\n\n\n\n<p>Por: XAVIER SANDOVAL QUINTERO<\/p>\n\n\n\n<p>TEXCOCO, M\u00e9x.- Este municipio se sum\u00f3 a las protestas en contra de los recientes asesinatos de periodistas, donde diversos representantes de medios de comunicaci\u00f3n exigieron a los tres \u00f3rdenes de gobierno garant\u00edas a los comunicadores para poder ejercer la libertad de expresi\u00f3n.<\/p>\n\n\n\n<p>Alrededor de las 18:00 horas de ayer martes diversos comunicadores se reunieron en el kiosco del jard\u00edn municipal, para demandar el esclarecimiento de los tres asesinatos recientes de comunicadores, tales como; Lourdes Maldonado, Margarito Mart\u00ednez y Jos\u00e9 Luis Gamboa, los dos primeros en Tijuana y el otro en Veracruz, en d\u00f3nde, \u00aben este pa\u00eds de la impunidad, pueden matar a periodistas y no pasa nada\u00bb.<\/p>\n\n\n\n<p>Hasta el momento 47 periodistas han sido asesinados en la administraci\u00f3n del presidente Andr\u00e9s Manuel L\u00f3pez Obrador y casi todos siguen impunes, sin sentencia, ni detenidos y lo peor es que durante los primeros d\u00edas del 2022 ya van tres atentados certeros en contra de comunicadores, lo cual adem\u00e1s de lamentable refleja la nula justicia, d\u00f3nde se puede matar sin que haya repercusi\u00f3n alguna, se dijo durante el breve mitin, organizado de \u00faltima hora.<\/p>\n\n\n\n<p>A\u00fan as\u00ed, se\u00f1alaron que pese a todo se seguir\u00e1 ejerciendo la libertad de expresi\u00f3n, ya que matando periodistas, no se mata la verdad. Sin embargo, exigieron la intervenci\u00f3n urgente de las autoridades Federales, estatales y municipales para ejercer el periodismo libre y sin miedo a ser agredidos por los otros poderes f\u00e1cticos, ya que de otro modo, coartando de manera violenta la libertad de expresi\u00f3n corre la sociedad el peligro de detener la democracia y el sistema pol\u00edticos que actualmente rige al pa\u00eds.<\/p>\n","protected":false},"excerpt":{"rendered":"<p>* Comunicadores en Texcoco se suman a las protestas tras los recientes asesinatos de periodistas en Baja California y Veracruz Por: XAVIER SANDOVAL QUINTERO TEXCOCO, M\u00e9x.- Este municipio se sum\u00f3 a las protestas en contra de los recientes asesinatos de periodistas, donde diversos representantes de medios de comunicaci\u00f3n exigieron a los tres \u00f3rdenes de gobierno [&hellip;]<\/p>\n","protected":false},"author":6,"featured_media":33167,"comment_status":"closed","ping_status":"open","sticky":false,"template":"","format":"standard","meta":{"footnotes":""},"categories":[4,6],"tags":[],"class_list":["post-33166","post","type-post","status-publish","format-standard","has-post-thumbnail","hentry","category-locales","category-texcoco"],"yoast_head":"<!-- This site is optimized with the Yoast SEO plugin v27.5 - https:\/\/yoast.com\/product\/yoast-seo-wordpress\/ -->\n<title>EXIGEN GARANT\u00cdAS PARA EJERCER EL PERIODISMO -<\/title>\n<meta name=\"robots\" content=\"index, follow, max-snippet:-1, max-image-preview:large, max-video-preview:-1\" \/>\n<link rel=\"canonical\" href=\"https:\/\/continuamosmx.com\/index.php\/2022\/01\/26\/exigen-garantias-para-ejercer-el-periodismo\/\" \/>\n<meta property=\"og:locale\" content=\"es_ES\" \/>\n<meta property=\"og:type\" content=\"article\" \/>\n<meta property=\"og:title\" content=\"EXIGEN GARANT\u00cdAS PARA EJERCER EL PERIODISMO -\" \/>\n<meta property=\"og:description\" content=\"* Comunicadores en Texcoco se suman a las protestas tras los recientes asesinatos de periodistas en Baja California y Veracruz Por: XAVIER SANDOVAL QUINTERO TEXCOCO, M\u00e9x.- Este municipio se sum\u00f3 a las protestas en contra de los recientes asesinatos de periodistas, donde diversos representantes de medios de comunicaci\u00f3n exigieron a los tres \u00f3rdenes de gobierno [&hellip;]\" \/>\n<meta property=\"og:url\" content=\"https:\/\/continuamosmx.com\/index.php\/2022\/01\/26\/exigen-garantias-para-ejercer-el-periodismo\/\" \/>\n<meta property=\"article:published_time\" content=\"2022-01-26T06:25:11+00:00\" \/>\n<meta name=\"author\" content=\"Continuamos MX\" \/>\n<meta name=\"twitter:card\" content=\"summary_large_image\" \/>\n<meta name=\"twitter:label1\" content=\"Escrito por\" \/>\n\t<meta name=\"twitter:data1\" content=\"Continuamos MX\" \/>\n\t<meta name=\"twitter:label2\" content=\"Tiempo de lectura\" \/>\n\t<meta name=\"twitter:data2\" content=\"2 minutos\" \/>\n<script type=\"application\/ld+json\" class=\"yoast-schema-graph\">{\"@context\":\"https:\\\/\\\/schema.org\",\"@graph\":[{\"@type\":\"Article\",\"@id\":\"https:\\\/\\\/continuamosmx.com\\\/index.php\\\/2022\\\/01\\\/26\\\/exigen-garantias-para-ejercer-el-periodismo\\\/#article\",\"isPartOf\":{\"@id\":\"https:\\\/\\\/continuamosmx.com\\\/index.php\\\/2022\\\/01\\\/26\\\/exigen-garantias-para-ejercer-el-periodismo\\\/\"},\"author\":{\"name\":\"Continuamos MX\",\"@id\":\"https:\\\/\\\/continuamosmx.com\\\/#\\\/schema\\\/person\\\/5eb5356acb1fad784da407d14f0e8d89\"},\"headline\":\"EXIGEN GARANT\u00cdAS PARA EJERCER EL PERIODISMO\",\"datePublished\":\"2022-01-26T06:25:11+00:00\",\"mainEntityOfPage\":{\"@id\":\"https:\\\/\\\/continuamosmx.com\\\/index.php\\\/2022\\\/01\\\/26\\\/exigen-garantias-para-ejercer-el-periodismo\\\/\"},\"wordCount\":315,\"publisher\":{\"@id\":\"https:\\\/\\\/continuamosmx.com\\\/#organization\"},\"image\":{\"@id\":\"https:\\\/\\\/continuamosmx.com\\\/index.php\\\/2022\\\/01\\\/26\\\/exigen-garantias-para-ejercer-el-periodismo\\\/#primaryimage\"},\"thumbnailUrl\":\"https:\\\/\\\/continuamosmx.com\\\/wp-content\\\/uploads\\\/2022\\\/01\\\/suma-nota-dos-portada.jpg\",\"articleSection\":[\"LOCALES\",\"TEXCOCO\"],\"inLanguage\":\"es\"},{\"@type\":\"WebPage\",\"@id\":\"https:\\\/\\\/continuamosmx.com\\\/index.php\\\/2022\\\/01\\\/26\\\/exigen-garantias-para-ejercer-el-periodismo\\\/\",\"url\":\"https:\\\/\\\/continuamosmx.com\\\/index.php\\\/2022\\\/01\\\/26\\\/exigen-garantias-para-ejercer-el-periodismo\\\/\",\"name\":\"EXIGEN GARANT\u00cdAS PARA EJERCER EL PERIODISMO -\",\"isPartOf\":{\"@id\":\"https:\\\/\\\/continuamosmx.com\\\/#website\"},\"primaryImageOfPage\":{\"@id\":\"https:\\\/\\\/continuamosmx.com\\\/index.php\\\/2022\\\/01\\\/26\\\/exigen-garantias-para-ejercer-el-periodismo\\\/#primaryimage\"},\"image\":{\"@id\":\"https:\\\/\\\/continuamosmx.com\\\/index.php\\\/2022\\\/01\\\/26\\\/exigen-garantias-para-ejercer-el-periodismo\\\/#primaryimage\"},\"thumbnailUrl\":\"https:\\\/\\\/continuamosmx.com\\\/wp-content\\\/uploads\\\/2022\\\/01\\\/suma-nota-dos-portada.jpg\",\"datePublished\":\"2022-01-26T06:25:11+00:00\",\"breadcrumb\":{\"@id\":\"https:\\\/\\\/continuamosmx.com\\\/index.php\\\/2022\\\/01\\\/26\\\/exigen-garantias-para-ejercer-el-periodismo\\\/#breadcrumb\"},\"inLanguage\":\"es\",\"potentialAction\":[{\"@type\":\"ReadAction\",\"target\":[\"https:\\\/\\\/continuamosmx.com\\\/index.php\\\/2022\\\/01\\\/26\\\/exigen-garantias-para-ejercer-el-periodismo\\\/\"]}]},{\"@type\":\"ImageObject\",\"inLanguage\":\"es\",\"@id\":\"https:\\\/\\\/continuamosmx.com\\\/index.php\\\/2022\\\/01\\\/26\\\/exigen-garantias-para-ejercer-el-periodismo\\\/#primaryimage\",\"url\":\"https:\\\/\\\/continuamosmx.com\\\/wp-content\\\/uploads\\\/2022\\\/01\\\/suma-nota-dos-portada.jpg\",\"contentUrl\":\"https:\\\/\\\/continuamosmx.com\\\/wp-content\\\/uploads\\\/2022\\\/01\\\/suma-nota-dos-portada.jpg\",\"width\":1040,\"height\":780},{\"@type\":\"BreadcrumbList\",\"@id\":\"https:\\\/\\\/continuamosmx.com\\\/index.php\\\/2022\\\/01\\\/26\\\/exigen-garantias-para-ejercer-el-periodismo\\\/#breadcrumb\",\"itemListElement\":[{\"@type\":\"ListItem\",\"position\":1,\"name\":\"Inicio\",\"item\":\"https:\\\/\\\/continuamosmx.com\\\/\"},{\"@type\":\"ListItem\",\"position\":2,\"name\":\"EXIGEN GARANT\u00cdAS PARA EJERCER EL PERIODISMO\"}]},{\"@type\":\"WebSite\",\"@id\":\"https:\\\/\\\/continuamosmx.com\\\/#website\",\"url\":\"https:\\\/\\\/continuamosmx.com\\\/\",\"name\":\"www.continuamosmx.com\",\"description\":\"\",\"publisher\":{\"@id\":\"https:\\\/\\\/continuamosmx.com\\\/#organization\"},\"potentialAction\":[{\"@type\":\"SearchAction\",\"target\":{\"@type\":\"EntryPoint\",\"urlTemplate\":\"https:\\\/\\\/continuamosmx.com\\\/?s={search_term_string}\"},\"query-input\":{\"@type\":\"PropertyValueSpecification\",\"valueRequired\":true,\"valueName\":\"search_term_string\"}}],\"inLanguage\":\"es\"},{\"@type\":\"Organization\",\"@id\":\"https:\\\/\\\/continuamosmx.com\\\/#organization\",\"name\":\"ContinuamosMX\",\"url\":\"https:\\\/\\\/continuamosmx.com\\\/\",\"logo\":{\"@type\":\"ImageObject\",\"inLanguage\":\"es\",\"@id\":\"https:\\\/\\\/continuamosmx.com\\\/#\\\/schema\\\/logo\\\/image\\\/\",\"url\":\"https:\\\/\\\/continuamosmx.com\\\/wp-content\\\/uploads\\\/2023\\\/04\\\/cropped-LOGO-CONTI-NUEVO.png\",\"contentUrl\":\"https:\\\/\\\/continuamosmx.com\\\/wp-content\\\/uploads\\\/2023\\\/04\\\/cropped-LOGO-CONTI-NUEVO.png\",\"width\":1257,\"height\":430,\"caption\":\"ContinuamosMX\"},\"image\":{\"@id\":\"https:\\\/\\\/continuamosmx.com\\\/#\\\/schema\\\/logo\\\/image\\\/\"}},{\"@type\":\"Person\",\"@id\":\"https:\\\/\\\/continuamosmx.com\\\/#\\\/schema\\\/person\\\/5eb5356acb1fad784da407d14f0e8d89\",\"name\":\"Continuamos MX\",\"image\":{\"@type\":\"ImageObject\",\"inLanguage\":\"es\",\"@id\":\"https:\\\/\\\/secure.gravatar.com\\\/avatar\\\/30d4f9723476a15f4da34d35fb3501f08d2357016c76051c6a85c354c7489589?s=96&d=mm&r=g\",\"url\":\"https:\\\/\\\/secure.gravatar.com\\\/avatar\\\/30d4f9723476a15f4da34d35fb3501f08d2357016c76051c6a85c354c7489589?s=96&d=mm&r=g\",\"contentUrl\":\"https:\\\/\\\/secure.gravatar.com\\\/avatar\\\/30d4f9723476a15f4da34d35fb3501f08d2357016c76051c6a85c354c7489589?s=96&d=mm&r=g\",\"caption\":\"Continuamos MX\"},\"sameAs\":[\"http:\\\/\\\/www.continuamos.mx\"],\"url\":\"https:\\\/\\\/continuamosmx.com\\\/index.php\\\/author\\\/continuamos\\\/\"}]}<\/script>\n<!-- \/ Yoast SEO plugin. -->","yoast_head_json":{"title":"EXIGEN GARANT\u00cdAS PARA EJERCER EL PERIODISMO -","robots":{"index":"index","follow":"follow","max-snippet":"max-snippet:-1","max-image-preview":"max-image-preview:large","max-video-preview":"max-video-preview:-1"},"canonical":"https:\/\/continuamosmx.com\/index.php\/2022\/01\/26\/exigen-garantias-para-ejercer-el-periodismo\/","og_locale":"es_ES","og_type":"article","og_title":"EXIGEN GARANT\u00cdAS PARA EJERCER EL PERIODISMO -","og_description":"* Comunicadores en Texcoco se suman a las protestas tras los recientes asesinatos de periodistas en Baja California y Veracruz Por: XAVIER SANDOVAL QUINTERO TEXCOCO, M\u00e9x.- Este municipio se sum\u00f3 a las protestas en contra de los recientes asesinatos de periodistas, donde diversos representantes de medios de comunicaci\u00f3n exigieron a los tres \u00f3rdenes de gobierno [&hellip;]","og_url":"https:\/\/continuamosmx.com\/index.php\/2022\/01\/26\/exigen-garantias-para-ejercer-el-periodismo\/","article_published_time":"2022-01-26T06:25:11+00:00","author":"Continuamos MX","twitter_card":"summary_large_image","twitter_misc":{"Escrito por":"Continuamos MX","Tiempo de lectura":"2 minutos"},"schema":{"@context":"https:\/\/schema.org","@graph":[{"@type":"Article","@id":"https:\/\/continuamosmx.com\/index.php\/2022\/01\/26\/exigen-garantias-para-ejercer-el-periodismo\/#article","isPartOf":{"@id":"https:\/\/continuamosmx.com\/index.php\/2022\/01\/26\/exigen-garantias-para-ejercer-el-periodismo\/"},"author":{"name":"Continuamos MX","@id":"https:\/\/continuamosmx.com\/#\/schema\/person\/5eb5356acb1fad784da407d14f0e8d89"},"headline":"EXIGEN GARANT\u00cdAS PARA EJERCER EL PERIODISMO","datePublished":"2022-01-26T06:25:11+00:00","mainEntityOfPage":{"@id":"https:\/\/continuamosmx.com\/index.php\/2022\/01\/26\/exigen-garantias-para-ejercer-el-periodismo\/"},"wordCount":315,"publisher":{"@id":"https:\/\/continuamosmx.com\/#organization"},"image":{"@id":"https:\/\/continuamosmx.com\/index.php\/2022\/01\/26\/exigen-garantias-para-ejercer-el-periodismo\/#primaryimage"},"thumbnailUrl":"https:\/\/continuamosmx.com\/wp-content\/uploads\/2022\/01\/suma-nota-dos-portada.jpg","articleSection":["LOCALES","TEXCOCO"],"inLanguage":"es"},{"@type":"WebPage","@id":"https:\/\/continuamosmx.com\/index.php\/2022\/01\/26\/exigen-garantias-para-ejercer-el-periodismo\/","url":"https:\/\/continuamosmx.com\/index.php\/2022\/01\/26\/exigen-garantias-para-ejercer-el-periodismo\/","name":"EXIGEN GARANT\u00cdAS PARA EJERCER EL PERIODISMO -","isPartOf":{"@id":"https:\/\/continuamosmx.com\/#website"},"primaryImageOfPage":{"@id":"https:\/\/continuamosmx.com\/index.php\/2022\/01\/26\/exigen-garantias-para-ejercer-el-periodismo\/#primaryimage"},"image":{"@id":"https:\/\/continuamosmx.com\/index.php\/2022\/01\/26\/exigen-garantias-para-ejercer-el-periodismo\/#primaryimage"},"thumbnailUrl":"https:\/\/continuamosmx.com\/wp-content\/uploads\/2022\/01\/suma-nota-dos-portada.jpg","datePublished":"2022-01-26T06:25:11+00:00","breadcrumb":{"@id":"https:\/\/continuamosmx.com\/index.php\/2022\/01\/26\/exigen-garantias-para-ejercer-el-periodismo\/#breadcrumb"},"inLanguage":"es","potentialAction":[{"@type":"ReadAction","target":["https:\/\/continuamosmx.com\/index.php\/2022\/01\/26\/exigen-garantias-para-ejercer-el-periodismo\/"]}]},{"@type":"ImageObject","inLanguage":"es","@id":"https:\/\/continuamosmx.com\/index.php\/2022\/01\/26\/exigen-garantias-para-ejercer-el-periodismo\/#primaryimage","url":"https:\/\/continuamosmx.com\/wp-content\/uploads\/2022\/01\/suma-nota-dos-portada.jpg","contentUrl":"https:\/\/continuamosmx.com\/wp-content\/uploads\/2022\/01\/suma-nota-dos-portada.jpg","width":1040,"height":780},{"@type":"BreadcrumbList","@id":"https:\/\/continuamosmx.com\/index.php\/2022\/01\/26\/exigen-garantias-para-ejercer-el-periodismo\/#breadcrumb","itemListElement":[{"@type":"ListItem","position":1,"name":"Inicio","item":"https:\/\/continuamosmx.com\/"},{"@type":"ListItem","position":2,"name":"EXIGEN GARANT\u00cdAS PARA EJERCER EL PERIODISMO"}]},{"@type":"WebSite","@id":"https:\/\/continuamosmx.com\/#website","url":"https:\/\/continuamosmx.com\/","name":"www.continuamosmx.com","description":"","publisher":{"@id":"https:\/\/continuamosmx.com\/#organization"},"potentialAction":[{"@type":"SearchAction","target":{"@type":"EntryPoint","urlTemplate":"https:\/\/continuamosmx.com\/?s={search_term_string}"},"query-input":{"@type":"PropertyValueSpecification","valueRequired":true,"valueName":"search_term_string"}}],"inLanguage":"es"},{"@type":"Organization","@id":"https:\/\/continuamosmx.com\/#organization","name":"ContinuamosMX","url":"https:\/\/continuamosmx.com\/","logo":{"@type":"ImageObject","inLanguage":"es","@id":"https:\/\/continuamosmx.com\/#\/schema\/logo\/image\/","url":"https:\/\/continuamosmx.com\/wp-content\/uploads\/2023\/04\/cropped-LOGO-CONTI-NUEVO.png","contentUrl":"https:\/\/continuamosmx.com\/wp-content\/uploads\/2023\/04\/cropped-LOGO-CONTI-NUEVO.png","width":1257,"height":430,"caption":"ContinuamosMX"},"image":{"@id":"https:\/\/continuamosmx.com\/#\/schema\/logo\/image\/"}},{"@type":"Person","@id":"https:\/\/continuamosmx.com\/#\/schema\/person\/5eb5356acb1fad784da407d14f0e8d89","name":"Continuamos MX","image":{"@type":"ImageObject","inLanguage":"es","@id":"https:\/\/secure.gravatar.com\/avatar\/30d4f9723476a15f4da34d35fb3501f08d2357016c76051c6a85c354c7489589?s=96&d=mm&r=g","url":"https:\/\/secure.gravatar.com\/avatar\/30d4f9723476a15f4da34d35fb3501f08d2357016c76051c6a85c354c7489589?s=96&d=mm&r=g","contentUrl":"https:\/\/secure.gravatar.com\/avatar\/30d4f9723476a15f4da34d35fb3501f08d2357016c76051c6a85c354c7489589?s=96&d=mm&r=g","caption":"Continuamos MX"},"sameAs":["http:\/\/www.continuamos.mx"],"url":"https:\/\/continuamosmx.com\/index.php\/author\/continuamos\/"}]}},"_links":{"self":[{"href":"https:\/\/continuamosmx.com\/index.php\/wp-json\/wp\/v2\/posts\/33166","targetHints":{"allow":["GET"]}}],"collection":[{"href":"https:\/\/continuamosmx.com\/index.php\/wp-json\/wp\/v2\/posts"}],"about":[{"href":"https:\/\/continuamosmx.com\/index.php\/wp-json\/wp\/v2\/types\/post"}],"author":[{"embeddable":true,"href":"https:\/\/continuamosmx.com\/index.php\/wp-json\/wp\/v2\/users\/6"}],"replies":[{"embeddable":true,"href":"https:\/\/continuamosmx.com\/index.php\/wp-json\/wp\/v2\/comments?post=33166"}],"version-history":[{"count":0,"href":"https:\/\/continuamosmx.com\/index.php\/wp-json\/wp\/v2\/posts\/33166\/revisions"}],"wp:featuredmedia":[{"embeddable":true,"href":"https:\/\/continuamosmx.com\/index.php\/wp-json\/wp\/v2\/media\/33167"}],"wp:attachment":[{"href":"https:\/\/continuamosmx.com\/index.php\/wp-json\/wp\/v2\/media?parent=33166"}],"wp:term":[{"taxonomy":"category","embeddable":true,"href":"https:\/\/continuamosmx.com\/index.php\/wp-json\/wp\/v2\/categories?post=33166"},{"taxonomy":"post_tag","embeddable":true,"href":"https:\/\/continuamosmx.com\/index.php\/wp-json\/wp\/v2\/tags?post=33166"}],"curies":[{"name":"wp","href":"https:\/\/api.w.org\/{rel}","templated":true}]}}