{"id":33158,"date":"2022-01-26T06:13:58","date_gmt":"2022-01-26T06:13:58","guid":{"rendered":"https:\/\/continuamos.mx\/?p=33158"},"modified":"2022-01-26T06:13:58","modified_gmt":"2022-01-26T06:13:58","slug":"en-amecameca-aplican-mas-de-4-mil-vacunas-de-refuerzo","status":"publish","type":"post","link":"https:\/\/continuamosmx.com\/index.php\/2022\/01\/26\/en-amecameca-aplican-mas-de-4-mil-vacunas-de-refuerzo\/","title":{"rendered":"EN AMECAMECA APLICAN M\u00c1S DE 4 MIL VACUNAS DE REFUERZO"},"content":{"rendered":"\n<p>.-<strong> Destaca presidenta municipal la respuesta de la poblaci\u00f3n a la convocatoria de vacunaci\u00f3n contra covid-19<\/strong><\/p>\n\n\n\n<p>AMECAMECA, M\u00e9x.- Este martes 25 de enero se aplicaron cerca de cuatro mil vacunas de refuerzo contra COVID-19 en adultos de 50 a 59 a\u00f1os de edad, quienes hace m\u00e1s de seis meses completaron su esquema de inmunizaci\u00f3n o fueron vacunados con unidosis de CanSino, as\u00ed como a rezagados de primera y segunda dosis y mujeres embarazadas.<\/p>\n\n\n\n<p>La presidenta municipal, Ivette Topete Garc\u00eda, reconoci\u00f3 la importante respuesta de los amecamequenses de 50 a 59 a\u00f1os que acudieron al m\u00f3dulo de vacunaci\u00f3n instalado en la Unidad Deportiva Amecameca en un horario de 9 AM a 5 PM donde desde temprana hora y de manera ordenada acudieron a esperar su turno para la inyecci\u00f3n.<\/p>\n\n\n\n<p>Agradeci\u00f3 a las autoridades del sector salud, que autorizaron la aplicaci\u00f3n del biol\u00f3gico en personas rezagadas y mayores de 18 a\u00f1os de primera o segunda dosis de AstraZeneca, as\u00ed como para mujeres en estado de gestaci\u00f3n.<\/p>\n\n\n\n<p>La alcaldesa destac\u00f3 la importancia de completar el esquema de vacunaci\u00f3n pues \u201ccontar con el cuadro completo de vacunaci\u00f3n puede ser la diferencia entre presentar s\u00edntomas leves o graves en caso de un contagio, como lo han externado especialistas en temas de salud\u201d.<\/p>\n\n\n\n<p>Personal de Protecci\u00f3n Civil y Bomberos, polic\u00eda municipal, DIF, as\u00ed como de la jurisdicci\u00f3n Sanitaria Amecameca y voluntarios de otros departamentos del Ayuntamiento, implementaron el operativo para atender y hacer fluida la atenci\u00f3n de los adultos que acudieron a vacunarse.<\/p>\n\n\n\n<p>Por \u00faltimo, exhort\u00f3 a la poblaci\u00f3n en general a no bajar la guardia, a pesar de ya estar vacunada, pues el riesgo de contagio de covid-19 se mantiene, por lo que pidi\u00f3 seguir respetando la sana distancia, usar correctamente el cubrebocas, privilegiar el lavado constante de manos y evitar aglomeraciones.<\/p>\n\n\n\n<p>Para quienes en las redes sociales del Ayuntamiento que han preguntado por las jornadas de vacunaci\u00f3n para otros grupos etarios, la edil les pide estar atenta a los comunicados oficiales y cualquier informaci\u00f3n al respecto ser\u00e1 anunciada con tiempo en los canales de comunicaci\u00f3n del gobierno municipal.<\/p>\n\n\n\n<figure class=\"wp-block-image size-full is-resized\"><img loading=\"lazy\" decoding=\"async\" src=\"http:\/\/continuamos.mx\/wp-content\/uploads\/2022\/01\/VACUNA-AME-nota-uno-contra-1.jpg\" alt=\"\" class=\"wp-image-33159\" width=\"798\" height=\"599\" srcset=\"https:\/\/continuamosmx.com\/wp-content\/uploads\/2022\/01\/VACUNA-AME-nota-uno-contra-1.jpg 480w, https:\/\/continuamosmx.com\/wp-content\/uploads\/2022\/01\/VACUNA-AME-nota-uno-contra-1-300x225.jpg 300w\" sizes=\"auto, (max-width: 798px) 100vw, 798px\" \/><\/figure>\n","protected":false},"excerpt":{"rendered":"<p>.- Destaca presidenta municipal la respuesta de la poblaci\u00f3n a la convocatoria de vacunaci\u00f3n contra covid-19 AMECAMECA, M\u00e9x.- Este martes 25 de enero se aplicaron cerca de cuatro mil vacunas de refuerzo contra COVID-19 en adultos de 50 a 59 a\u00f1os de edad, quienes hace m\u00e1s de seis meses completaron su esquema de inmunizaci\u00f3n o [&hellip;]<\/p>\n","protected":false},"author":6,"featured_media":33160,"comment_status":"closed","ping_status":"open","sticky":false,"template":"","format":"standard","meta":{"footnotes":""},"categories":[18,4],"tags":[],"class_list":["post-33158","post","type-post","status-publish","format-standard","has-post-thumbnail","hentry","category-amecameca","category-locales"],"yoast_head":"<!-- This site is optimized with the Yoast SEO plugin v27.5 - https:\/\/yoast.com\/product\/yoast-seo-wordpress\/ -->\n<title>EN AMECAMECA APLICAN M\u00c1S DE 4 MIL VACUNAS DE REFUERZO -<\/title>\n<meta name=\"robots\" content=\"index, follow, max-snippet:-1, max-image-preview:large, max-video-preview:-1\" \/>\n<link rel=\"canonical\" href=\"https:\/\/continuamosmx.com\/index.php\/2022\/01\/26\/en-amecameca-aplican-mas-de-4-mil-vacunas-de-refuerzo\/\" \/>\n<meta property=\"og:locale\" content=\"es_ES\" \/>\n<meta property=\"og:type\" content=\"article\" \/>\n<meta property=\"og:title\" content=\"EN AMECAMECA APLICAN M\u00c1S DE 4 MIL VACUNAS DE REFUERZO -\" \/>\n<meta property=\"og:description\" content=\".- Destaca presidenta municipal la respuesta de la poblaci\u00f3n a la convocatoria de vacunaci\u00f3n contra covid-19 AMECAMECA, M\u00e9x.- Este martes 25 de enero se aplicaron cerca de cuatro mil vacunas de refuerzo contra COVID-19 en adultos de 50 a 59 a\u00f1os de edad, quienes hace m\u00e1s de seis meses completaron su esquema de inmunizaci\u00f3n o [&hellip;]\" \/>\n<meta property=\"og:url\" content=\"https:\/\/continuamosmx.com\/index.php\/2022\/01\/26\/en-amecameca-aplican-mas-de-4-mil-vacunas-de-refuerzo\/\" \/>\n<meta property=\"article:published_time\" content=\"2022-01-26T06:13:58+00:00\" \/>\n<meta property=\"og:image\" content=\"http:\/\/continuamos.mx\/wp-content\/uploads\/2022\/01\/VACUNA-AME-nota-uno-contra-1.jpg\" \/>\n<meta name=\"author\" content=\"Continuamos MX\" \/>\n<meta name=\"twitter:card\" content=\"summary_large_image\" \/>\n<meta name=\"twitter:label1\" content=\"Escrito por\" \/>\n\t<meta name=\"twitter:data1\" content=\"Continuamos MX\" \/>\n\t<meta name=\"twitter:label2\" content=\"Tiempo de lectura\" \/>\n\t<meta name=\"twitter:data2\" content=\"2 minutos\" \/>\n<script type=\"application\/ld+json\" class=\"yoast-schema-graph\">{\"@context\":\"https:\\\/\\\/schema.org\",\"@graph\":[{\"@type\":\"Article\",\"@id\":\"https:\\\/\\\/continuamosmx.com\\\/index.php\\\/2022\\\/01\\\/26\\\/en-amecameca-aplican-mas-de-4-mil-vacunas-de-refuerzo\\\/#article\",\"isPartOf\":{\"@id\":\"https:\\\/\\\/continuamosmx.com\\\/index.php\\\/2022\\\/01\\\/26\\\/en-amecameca-aplican-mas-de-4-mil-vacunas-de-refuerzo\\\/\"},\"author\":{\"name\":\"Continuamos MX\",\"@id\":\"https:\\\/\\\/continuamosmx.com\\\/#\\\/schema\\\/person\\\/5eb5356acb1fad784da407d14f0e8d89\"},\"headline\":\"EN AMECAMECA APLICAN M\u00c1S DE 4 MIL VACUNAS DE REFUERZO\",\"datePublished\":\"2022-01-26T06:13:58+00:00\",\"mainEntityOfPage\":{\"@id\":\"https:\\\/\\\/continuamosmx.com\\\/index.php\\\/2022\\\/01\\\/26\\\/en-amecameca-aplican-mas-de-4-mil-vacunas-de-refuerzo\\\/\"},\"wordCount\":373,\"publisher\":{\"@id\":\"https:\\\/\\\/continuamosmx.com\\\/#organization\"},\"image\":{\"@id\":\"https:\\\/\\\/continuamosmx.com\\\/index.php\\\/2022\\\/01\\\/26\\\/en-amecameca-aplican-mas-de-4-mil-vacunas-de-refuerzo\\\/#primaryimage\"},\"thumbnailUrl\":\"https:\\\/\\\/continuamosmx.com\\\/wp-content\\\/uploads\\\/2022\\\/01\\\/VACUNA-AME-nota-uno-contra-2.jpg\",\"articleSection\":[\"AMECAMECA\",\"LOCALES\"],\"inLanguage\":\"es\"},{\"@type\":\"WebPage\",\"@id\":\"https:\\\/\\\/continuamosmx.com\\\/index.php\\\/2022\\\/01\\\/26\\\/en-amecameca-aplican-mas-de-4-mil-vacunas-de-refuerzo\\\/\",\"url\":\"https:\\\/\\\/continuamosmx.com\\\/index.php\\\/2022\\\/01\\\/26\\\/en-amecameca-aplican-mas-de-4-mil-vacunas-de-refuerzo\\\/\",\"name\":\"EN AMECAMECA APLICAN M\u00c1S DE 4 MIL VACUNAS DE REFUERZO -\",\"isPartOf\":{\"@id\":\"https:\\\/\\\/continuamosmx.com\\\/#website\"},\"primaryImageOfPage\":{\"@id\":\"https:\\\/\\\/continuamosmx.com\\\/index.php\\\/2022\\\/01\\\/26\\\/en-amecameca-aplican-mas-de-4-mil-vacunas-de-refuerzo\\\/#primaryimage\"},\"image\":{\"@id\":\"https:\\\/\\\/continuamosmx.com\\\/index.php\\\/2022\\\/01\\\/26\\\/en-amecameca-aplican-mas-de-4-mil-vacunas-de-refuerzo\\\/#primaryimage\"},\"thumbnailUrl\":\"https:\\\/\\\/continuamosmx.com\\\/wp-content\\\/uploads\\\/2022\\\/01\\\/VACUNA-AME-nota-uno-contra-2.jpg\",\"datePublished\":\"2022-01-26T06:13:58+00:00\",\"breadcrumb\":{\"@id\":\"https:\\\/\\\/continuamosmx.com\\\/index.php\\\/2022\\\/01\\\/26\\\/en-amecameca-aplican-mas-de-4-mil-vacunas-de-refuerzo\\\/#breadcrumb\"},\"inLanguage\":\"es\",\"potentialAction\":[{\"@type\":\"ReadAction\",\"target\":[\"https:\\\/\\\/continuamosmx.com\\\/index.php\\\/2022\\\/01\\\/26\\\/en-amecameca-aplican-mas-de-4-mil-vacunas-de-refuerzo\\\/\"]}]},{\"@type\":\"ImageObject\",\"inLanguage\":\"es\",\"@id\":\"https:\\\/\\\/continuamosmx.com\\\/index.php\\\/2022\\\/01\\\/26\\\/en-amecameca-aplican-mas-de-4-mil-vacunas-de-refuerzo\\\/#primaryimage\",\"url\":\"https:\\\/\\\/continuamosmx.com\\\/wp-content\\\/uploads\\\/2022\\\/01\\\/VACUNA-AME-nota-uno-contra-2.jpg\",\"contentUrl\":\"https:\\\/\\\/continuamosmx.com\\\/wp-content\\\/uploads\\\/2022\\\/01\\\/VACUNA-AME-nota-uno-contra-2.jpg\",\"width\":480,\"height\":360},{\"@type\":\"BreadcrumbList\",\"@id\":\"https:\\\/\\\/continuamosmx.com\\\/index.php\\\/2022\\\/01\\\/26\\\/en-amecameca-aplican-mas-de-4-mil-vacunas-de-refuerzo\\\/#breadcrumb\",\"itemListElement\":[{\"@type\":\"ListItem\",\"position\":1,\"name\":\"Inicio\",\"item\":\"https:\\\/\\\/continuamosmx.com\\\/\"},{\"@type\":\"ListItem\",\"position\":2,\"name\":\"EN AMECAMECA APLICAN M\u00c1S DE 4 MIL VACUNAS DE REFUERZO\"}]},{\"@type\":\"WebSite\",\"@id\":\"https:\\\/\\\/continuamosmx.com\\\/#website\",\"url\":\"https:\\\/\\\/continuamosmx.com\\\/\",\"name\":\"www.continuamosmx.com\",\"description\":\"\",\"publisher\":{\"@id\":\"https:\\\/\\\/continuamosmx.com\\\/#organization\"},\"potentialAction\":[{\"@type\":\"SearchAction\",\"target\":{\"@type\":\"EntryPoint\",\"urlTemplate\":\"https:\\\/\\\/continuamosmx.com\\\/?s={search_term_string}\"},\"query-input\":{\"@type\":\"PropertyValueSpecification\",\"valueRequired\":true,\"valueName\":\"search_term_string\"}}],\"inLanguage\":\"es\"},{\"@type\":\"Organization\",\"@id\":\"https:\\\/\\\/continuamosmx.com\\\/#organization\",\"name\":\"ContinuamosMX\",\"url\":\"https:\\\/\\\/continuamosmx.com\\\/\",\"logo\":{\"@type\":\"ImageObject\",\"inLanguage\":\"es\",\"@id\":\"https:\\\/\\\/continuamosmx.com\\\/#\\\/schema\\\/logo\\\/image\\\/\",\"url\":\"https:\\\/\\\/continuamosmx.com\\\/wp-content\\\/uploads\\\/2023\\\/04\\\/cropped-LOGO-CONTI-NUEVO.png\",\"contentUrl\":\"https:\\\/\\\/continuamosmx.com\\\/wp-content\\\/uploads\\\/2023\\\/04\\\/cropped-LOGO-CONTI-NUEVO.png\",\"width\":1257,\"height\":430,\"caption\":\"ContinuamosMX\"},\"image\":{\"@id\":\"https:\\\/\\\/continuamosmx.com\\\/#\\\/schema\\\/logo\\\/image\\\/\"}},{\"@type\":\"Person\",\"@id\":\"https:\\\/\\\/continuamosmx.com\\\/#\\\/schema\\\/person\\\/5eb5356acb1fad784da407d14f0e8d89\",\"name\":\"Continuamos MX\",\"image\":{\"@type\":\"ImageObject\",\"inLanguage\":\"es\",\"@id\":\"https:\\\/\\\/secure.gravatar.com\\\/avatar\\\/30d4f9723476a15f4da34d35fb3501f08d2357016c76051c6a85c354c7489589?s=96&d=mm&r=g\",\"url\":\"https:\\\/\\\/secure.gravatar.com\\\/avatar\\\/30d4f9723476a15f4da34d35fb3501f08d2357016c76051c6a85c354c7489589?s=96&d=mm&r=g\",\"contentUrl\":\"https:\\\/\\\/secure.gravatar.com\\\/avatar\\\/30d4f9723476a15f4da34d35fb3501f08d2357016c76051c6a85c354c7489589?s=96&d=mm&r=g\",\"caption\":\"Continuamos MX\"},\"sameAs\":[\"http:\\\/\\\/www.continuamos.mx\"],\"url\":\"https:\\\/\\\/continuamosmx.com\\\/index.php\\\/author\\\/continuamos\\\/\"}]}<\/script>\n<!-- \/ Yoast SEO plugin. -->","yoast_head_json":{"title":"EN AMECAMECA APLICAN M\u00c1S DE 4 MIL VACUNAS DE REFUERZO -","robots":{"index":"index","follow":"follow","max-snippet":"max-snippet:-1","max-image-preview":"max-image-preview:large","max-video-preview":"max-video-preview:-1"},"canonical":"https:\/\/continuamosmx.com\/index.php\/2022\/01\/26\/en-amecameca-aplican-mas-de-4-mil-vacunas-de-refuerzo\/","og_locale":"es_ES","og_type":"article","og_title":"EN AMECAMECA APLICAN M\u00c1S DE 4 MIL VACUNAS DE REFUERZO -","og_description":".- Destaca presidenta municipal la respuesta de la poblaci\u00f3n a la convocatoria de vacunaci\u00f3n contra covid-19 AMECAMECA, M\u00e9x.- Este martes 25 de enero se aplicaron cerca de cuatro mil vacunas de refuerzo contra COVID-19 en adultos de 50 a 59 a\u00f1os de edad, quienes hace m\u00e1s de seis meses completaron su esquema de inmunizaci\u00f3n o [&hellip;]","og_url":"https:\/\/continuamosmx.com\/index.php\/2022\/01\/26\/en-amecameca-aplican-mas-de-4-mil-vacunas-de-refuerzo\/","article_published_time":"2022-01-26T06:13:58+00:00","og_image":[{"url":"http:\/\/continuamos.mx\/wp-content\/uploads\/2022\/01\/VACUNA-AME-nota-uno-contra-1.jpg","type":"","width":"","height":""}],"author":"Continuamos MX","twitter_card":"summary_large_image","twitter_misc":{"Escrito por":"Continuamos MX","Tiempo de lectura":"2 minutos"},"schema":{"@context":"https:\/\/schema.org","@graph":[{"@type":"Article","@id":"https:\/\/continuamosmx.com\/index.php\/2022\/01\/26\/en-amecameca-aplican-mas-de-4-mil-vacunas-de-refuerzo\/#article","isPartOf":{"@id":"https:\/\/continuamosmx.com\/index.php\/2022\/01\/26\/en-amecameca-aplican-mas-de-4-mil-vacunas-de-refuerzo\/"},"author":{"name":"Continuamos MX","@id":"https:\/\/continuamosmx.com\/#\/schema\/person\/5eb5356acb1fad784da407d14f0e8d89"},"headline":"EN AMECAMECA APLICAN M\u00c1S DE 4 MIL VACUNAS DE REFUERZO","datePublished":"2022-01-26T06:13:58+00:00","mainEntityOfPage":{"@id":"https:\/\/continuamosmx.com\/index.php\/2022\/01\/26\/en-amecameca-aplican-mas-de-4-mil-vacunas-de-refuerzo\/"},"wordCount":373,"publisher":{"@id":"https:\/\/continuamosmx.com\/#organization"},"image":{"@id":"https:\/\/continuamosmx.com\/index.php\/2022\/01\/26\/en-amecameca-aplican-mas-de-4-mil-vacunas-de-refuerzo\/#primaryimage"},"thumbnailUrl":"https:\/\/continuamosmx.com\/wp-content\/uploads\/2022\/01\/VACUNA-AME-nota-uno-contra-2.jpg","articleSection":["AMECAMECA","LOCALES"],"inLanguage":"es"},{"@type":"WebPage","@id":"https:\/\/continuamosmx.com\/index.php\/2022\/01\/26\/en-amecameca-aplican-mas-de-4-mil-vacunas-de-refuerzo\/","url":"https:\/\/continuamosmx.com\/index.php\/2022\/01\/26\/en-amecameca-aplican-mas-de-4-mil-vacunas-de-refuerzo\/","name":"EN AMECAMECA APLICAN M\u00c1S DE 4 MIL VACUNAS DE REFUERZO -","isPartOf":{"@id":"https:\/\/continuamosmx.com\/#website"},"primaryImageOfPage":{"@id":"https:\/\/continuamosmx.com\/index.php\/2022\/01\/26\/en-amecameca-aplican-mas-de-4-mil-vacunas-de-refuerzo\/#primaryimage"},"image":{"@id":"https:\/\/continuamosmx.com\/index.php\/2022\/01\/26\/en-amecameca-aplican-mas-de-4-mil-vacunas-de-refuerzo\/#primaryimage"},"thumbnailUrl":"https:\/\/continuamosmx.com\/wp-content\/uploads\/2022\/01\/VACUNA-AME-nota-uno-contra-2.jpg","datePublished":"2022-01-26T06:13:58+00:00","breadcrumb":{"@id":"https:\/\/continuamosmx.com\/index.php\/2022\/01\/26\/en-amecameca-aplican-mas-de-4-mil-vacunas-de-refuerzo\/#breadcrumb"},"inLanguage":"es","potentialAction":[{"@type":"ReadAction","target":["https:\/\/continuamosmx.com\/index.php\/2022\/01\/26\/en-amecameca-aplican-mas-de-4-mil-vacunas-de-refuerzo\/"]}]},{"@type":"ImageObject","inLanguage":"es","@id":"https:\/\/continuamosmx.com\/index.php\/2022\/01\/26\/en-amecameca-aplican-mas-de-4-mil-vacunas-de-refuerzo\/#primaryimage","url":"https:\/\/continuamosmx.com\/wp-content\/uploads\/2022\/01\/VACUNA-AME-nota-uno-contra-2.jpg","contentUrl":"https:\/\/continuamosmx.com\/wp-content\/uploads\/2022\/01\/VACUNA-AME-nota-uno-contra-2.jpg","width":480,"height":360},{"@type":"BreadcrumbList","@id":"https:\/\/continuamosmx.com\/index.php\/2022\/01\/26\/en-amecameca-aplican-mas-de-4-mil-vacunas-de-refuerzo\/#breadcrumb","itemListElement":[{"@type":"ListItem","position":1,"name":"Inicio","item":"https:\/\/continuamosmx.com\/"},{"@type":"ListItem","position":2,"name":"EN AMECAMECA APLICAN M\u00c1S DE 4 MIL VACUNAS DE REFUERZO"}]},{"@type":"WebSite","@id":"https:\/\/continuamosmx.com\/#website","url":"https:\/\/continuamosmx.com\/","name":"www.continuamosmx.com","description":"","publisher":{"@id":"https:\/\/continuamosmx.com\/#organization"},"potentialAction":[{"@type":"SearchAction","target":{"@type":"EntryPoint","urlTemplate":"https:\/\/continuamosmx.com\/?s={search_term_string}"},"query-input":{"@type":"PropertyValueSpecification","valueRequired":true,"valueName":"search_term_string"}}],"inLanguage":"es"},{"@type":"Organization","@id":"https:\/\/continuamosmx.com\/#organization","name":"ContinuamosMX","url":"https:\/\/continuamosmx.com\/","logo":{"@type":"ImageObject","inLanguage":"es","@id":"https:\/\/continuamosmx.com\/#\/schema\/logo\/image\/","url":"https:\/\/continuamosmx.com\/wp-content\/uploads\/2023\/04\/cropped-LOGO-CONTI-NUEVO.png","contentUrl":"https:\/\/continuamosmx.com\/wp-content\/uploads\/2023\/04\/cropped-LOGO-CONTI-NUEVO.png","width":1257,"height":430,"caption":"ContinuamosMX"},"image":{"@id":"https:\/\/continuamosmx.com\/#\/schema\/logo\/image\/"}},{"@type":"Person","@id":"https:\/\/continuamosmx.com\/#\/schema\/person\/5eb5356acb1fad784da407d14f0e8d89","name":"Continuamos MX","image":{"@type":"ImageObject","inLanguage":"es","@id":"https:\/\/secure.gravatar.com\/avatar\/30d4f9723476a15f4da34d35fb3501f08d2357016c76051c6a85c354c7489589?s=96&d=mm&r=g","url":"https:\/\/secure.gravatar.com\/avatar\/30d4f9723476a15f4da34d35fb3501f08d2357016c76051c6a85c354c7489589?s=96&d=mm&r=g","contentUrl":"https:\/\/secure.gravatar.com\/avatar\/30d4f9723476a15f4da34d35fb3501f08d2357016c76051c6a85c354c7489589?s=96&d=mm&r=g","caption":"Continuamos MX"},"sameAs":["http:\/\/www.continuamos.mx"],"url":"https:\/\/continuamosmx.com\/index.php\/author\/continuamos\/"}]}},"_links":{"self":[{"href":"https:\/\/continuamosmx.com\/index.php\/wp-json\/wp\/v2\/posts\/33158","targetHints":{"allow":["GET"]}}],"collection":[{"href":"https:\/\/continuamosmx.com\/index.php\/wp-json\/wp\/v2\/posts"}],"about":[{"href":"https:\/\/continuamosmx.com\/index.php\/wp-json\/wp\/v2\/types\/post"}],"author":[{"embeddable":true,"href":"https:\/\/continuamosmx.com\/index.php\/wp-json\/wp\/v2\/users\/6"}],"replies":[{"embeddable":true,"href":"https:\/\/continuamosmx.com\/index.php\/wp-json\/wp\/v2\/comments?post=33158"}],"version-history":[{"count":0,"href":"https:\/\/continuamosmx.com\/index.php\/wp-json\/wp\/v2\/posts\/33158\/revisions"}],"wp:featuredmedia":[{"embeddable":true,"href":"https:\/\/continuamosmx.com\/index.php\/wp-json\/wp\/v2\/media\/33160"}],"wp:attachment":[{"href":"https:\/\/continuamosmx.com\/index.php\/wp-json\/wp\/v2\/media?parent=33158"}],"wp:term":[{"taxonomy":"category","embeddable":true,"href":"https:\/\/continuamosmx.com\/index.php\/wp-json\/wp\/v2\/categories?post=33158"},{"taxonomy":"post_tag","embeddable":true,"href":"https:\/\/continuamosmx.com\/index.php\/wp-json\/wp\/v2\/tags?post=33158"}],"curies":[{"name":"wp","href":"https:\/\/api.w.org\/{rel}","templated":true}]}}