{"id":33155,"date":"2022-01-26T06:09:40","date_gmt":"2022-01-26T06:09:40","guid":{"rendered":"https:\/\/continuamos.mx\/?p=33155"},"modified":"2022-01-26T06:09:40","modified_gmt":"2022-01-26T06:09:40","slug":"en-tlalnepantla-inicio-aplicacion-de-refuerzo-anti-covid-a-personas-de-50-a-59-anos","status":"publish","type":"post","link":"https:\/\/continuamosmx.com\/index.php\/2022\/01\/26\/en-tlalnepantla-inicio-aplicacion-de-refuerzo-anti-covid-a-personas-de-50-a-59-anos\/","title":{"rendered":"EN TLALNEPANTLA INICI\u00d3 APLICACI\u00d3N DE REFUERZO ANTI COVID A PERSONAS DE 50 A 59 A\u00d1OS"},"content":{"rendered":"\n<p>* <strong>Se habilitaron cuatro puntos en los que se atender\u00e1 durante tres d\u00edas, de acuerdo a la inicial <\/strong>del primer apellido<\/p>\n\n\n\n<p>TLALNEPANTLA, M\u00e9x.- El Alcalde Marco Antonio Rodr\u00edguez Hurtado supervis\u00f3 la atenci\u00f3n que personal del sector salud y servidores p\u00fablicos brindan en la Jornada de Vacunaci\u00f3n contra el Covid-19, que se lleva a cabo en Tlalnepantla y en la que se aplica la dosis de refuerzo a personas de 50 a 59 a\u00f1os de edad.<\/p>\n\n\n\n<p>Como una medida de prevenci\u00f3n y para garantizar la salud de los asistentes, el Gobierno Municipal realiz\u00f3 previamente, pruebas r\u00e1pidas para la detecci\u00f3n del virus SARS-CoV-2 al personal que tendr\u00e1 contacto directo con los ciudadanos durante los tres d\u00edas.<\/p>\n\n\n\n<p>Para esta Jornada de Vacunaci\u00f3n se habilitaron cuatro sedes: Teatro Algarab\u00eda, Deportivo Santa Cecilia, Costco Gustavo Baz (cuyo acceso es vehicular) y en el Parque Hidalgo, en la Zona Oriente del municipio.<\/p>\n\n\n\n<p>Con la finalidad de agilizar la atenci\u00f3n de las personas y evitar aglomeraciones, en este primer d\u00eda se atendi\u00f3 a quienes su primer apellido inicia con las letras de la&nbsp; A a la I; este mi\u00e9rcoles 26 se recibir\u00e1 a los de la J a la Q; y el jueves 27 de enero de la R a la Z, en un horario de 9:00 a 17:00 horas.&nbsp;<\/p>\n\n\n\n<p>Es importante que los asistentes presenten INE, comprobante de domicilio, formato de registro con c\u00f3digo QR impreso y lleno, mismo que se puede descargar de la p\u00e1gina mivacuna.salud.gob.mx, as\u00ed como los comprobantes de las dos primeras dosis.<\/p>\n","protected":false},"excerpt":{"rendered":"<p>* Se habilitaron cuatro puntos en los que se atender\u00e1 durante tres d\u00edas, de acuerdo a la inicial del primer apellido TLALNEPANTLA, M\u00e9x.- El Alcalde Marco Antonio Rodr\u00edguez Hurtado supervis\u00f3 la atenci\u00f3n que personal del sector salud y servidores p\u00fablicos brindan en la Jornada de Vacunaci\u00f3n contra el Covid-19, que se lleva a cabo en [&hellip;]<\/p>\n","protected":false},"author":6,"featured_media":33156,"comment_status":"closed","ping_status":"open","sticky":false,"template":"","format":"standard","meta":{"footnotes":""},"categories":[4,49],"tags":[],"class_list":["post-33155","post","type-post","status-publish","format-standard","has-post-thumbnail","hentry","category-locales","category-tlalnepantla"],"yoast_head":"<!-- This site is optimized with the Yoast SEO plugin v27.5 - https:\/\/yoast.com\/product\/yoast-seo-wordpress\/ -->\n<title>EN TLALNEPANTLA INICI\u00d3 APLICACI\u00d3N DE REFUERZO ANTI COVID A PERSONAS DE 50 A 59 A\u00d1OS -<\/title>\n<meta name=\"robots\" content=\"index, follow, max-snippet:-1, max-image-preview:large, max-video-preview:-1\" \/>\n<link rel=\"canonical\" href=\"https:\/\/continuamosmx.com\/index.php\/2022\/01\/26\/en-tlalnepantla-inicio-aplicacion-de-refuerzo-anti-covid-a-personas-de-50-a-59-anos\/\" \/>\n<meta property=\"og:locale\" content=\"es_ES\" \/>\n<meta property=\"og:type\" content=\"article\" \/>\n<meta property=\"og:title\" content=\"EN TLALNEPANTLA INICI\u00d3 APLICACI\u00d3N DE REFUERZO ANTI COVID A PERSONAS DE 50 A 59 A\u00d1OS -\" \/>\n<meta property=\"og:description\" content=\"* Se habilitaron cuatro puntos en los que se atender\u00e1 durante tres d\u00edas, de acuerdo a la inicial del primer apellido TLALNEPANTLA, M\u00e9x.- El Alcalde Marco Antonio Rodr\u00edguez Hurtado supervis\u00f3 la atenci\u00f3n que personal del sector salud y servidores p\u00fablicos brindan en la Jornada de Vacunaci\u00f3n contra el Covid-19, que se lleva a cabo en [&hellip;]\" \/>\n<meta property=\"og:url\" content=\"https:\/\/continuamosmx.com\/index.php\/2022\/01\/26\/en-tlalnepantla-inicio-aplicacion-de-refuerzo-anti-covid-a-personas-de-50-a-59-anos\/\" \/>\n<meta property=\"article:published_time\" content=\"2022-01-26T06:09:40+00:00\" \/>\n<meta name=\"author\" content=\"Continuamos MX\" \/>\n<meta name=\"twitter:card\" content=\"summary_large_image\" \/>\n<meta name=\"twitter:label1\" content=\"Escrito por\" \/>\n\t<meta name=\"twitter:data1\" content=\"Continuamos MX\" \/>\n\t<meta name=\"twitter:label2\" content=\"Tiempo de lectura\" \/>\n\t<meta name=\"twitter:data2\" content=\"1 minuto\" \/>\n<script type=\"application\/ld+json\" class=\"yoast-schema-graph\">{\"@context\":\"https:\\\/\\\/schema.org\",\"@graph\":[{\"@type\":\"Article\",\"@id\":\"https:\\\/\\\/continuamosmx.com\\\/index.php\\\/2022\\\/01\\\/26\\\/en-tlalnepantla-inicio-aplicacion-de-refuerzo-anti-covid-a-personas-de-50-a-59-anos\\\/#article\",\"isPartOf\":{\"@id\":\"https:\\\/\\\/continuamosmx.com\\\/index.php\\\/2022\\\/01\\\/26\\\/en-tlalnepantla-inicio-aplicacion-de-refuerzo-anti-covid-a-personas-de-50-a-59-anos\\\/\"},\"author\":{\"name\":\"Continuamos MX\",\"@id\":\"https:\\\/\\\/continuamosmx.com\\\/#\\\/schema\\\/person\\\/5eb5356acb1fad784da407d14f0e8d89\"},\"headline\":\"EN TLALNEPANTLA INICI\u00d3 APLICACI\u00d3N DE REFUERZO ANTI COVID A PERSONAS DE 50 A 59 A\u00d1OS\",\"datePublished\":\"2022-01-26T06:09:40+00:00\",\"mainEntityOfPage\":{\"@id\":\"https:\\\/\\\/continuamosmx.com\\\/index.php\\\/2022\\\/01\\\/26\\\/en-tlalnepantla-inicio-aplicacion-de-refuerzo-anti-covid-a-personas-de-50-a-59-anos\\\/\"},\"wordCount\":282,\"publisher\":{\"@id\":\"https:\\\/\\\/continuamosmx.com\\\/#organization\"},\"image\":{\"@id\":\"https:\\\/\\\/continuamosmx.com\\\/index.php\\\/2022\\\/01\\\/26\\\/en-tlalnepantla-inicio-aplicacion-de-refuerzo-anti-covid-a-personas-de-50-a-59-anos\\\/#primaryimage\"},\"thumbnailUrl\":\"https:\\\/\\\/continuamosmx.com\\\/wp-content\\\/uploads\\\/2022\\\/01\\\/tlalne-nota-dos-contra.jpg\",\"articleSection\":[\"LOCALES\",\"TLALNEPANTLA\"],\"inLanguage\":\"es\"},{\"@type\":\"WebPage\",\"@id\":\"https:\\\/\\\/continuamosmx.com\\\/index.php\\\/2022\\\/01\\\/26\\\/en-tlalnepantla-inicio-aplicacion-de-refuerzo-anti-covid-a-personas-de-50-a-59-anos\\\/\",\"url\":\"https:\\\/\\\/continuamosmx.com\\\/index.php\\\/2022\\\/01\\\/26\\\/en-tlalnepantla-inicio-aplicacion-de-refuerzo-anti-covid-a-personas-de-50-a-59-anos\\\/\",\"name\":\"EN TLALNEPANTLA INICI\u00d3 APLICACI\u00d3N DE REFUERZO ANTI COVID A PERSONAS DE 50 A 59 A\u00d1OS -\",\"isPartOf\":{\"@id\":\"https:\\\/\\\/continuamosmx.com\\\/#website\"},\"primaryImageOfPage\":{\"@id\":\"https:\\\/\\\/continuamosmx.com\\\/index.php\\\/2022\\\/01\\\/26\\\/en-tlalnepantla-inicio-aplicacion-de-refuerzo-anti-covid-a-personas-de-50-a-59-anos\\\/#primaryimage\"},\"image\":{\"@id\":\"https:\\\/\\\/continuamosmx.com\\\/index.php\\\/2022\\\/01\\\/26\\\/en-tlalnepantla-inicio-aplicacion-de-refuerzo-anti-covid-a-personas-de-50-a-59-anos\\\/#primaryimage\"},\"thumbnailUrl\":\"https:\\\/\\\/continuamosmx.com\\\/wp-content\\\/uploads\\\/2022\\\/01\\\/tlalne-nota-dos-contra.jpg\",\"datePublished\":\"2022-01-26T06:09:40+00:00\",\"breadcrumb\":{\"@id\":\"https:\\\/\\\/continuamosmx.com\\\/index.php\\\/2022\\\/01\\\/26\\\/en-tlalnepantla-inicio-aplicacion-de-refuerzo-anti-covid-a-personas-de-50-a-59-anos\\\/#breadcrumb\"},\"inLanguage\":\"es\",\"potentialAction\":[{\"@type\":\"ReadAction\",\"target\":[\"https:\\\/\\\/continuamosmx.com\\\/index.php\\\/2022\\\/01\\\/26\\\/en-tlalnepantla-inicio-aplicacion-de-refuerzo-anti-covid-a-personas-de-50-a-59-anos\\\/\"]}]},{\"@type\":\"ImageObject\",\"inLanguage\":\"es\",\"@id\":\"https:\\\/\\\/continuamosmx.com\\\/index.php\\\/2022\\\/01\\\/26\\\/en-tlalnepantla-inicio-aplicacion-de-refuerzo-anti-covid-a-personas-de-50-a-59-anos\\\/#primaryimage\",\"url\":\"https:\\\/\\\/continuamosmx.com\\\/wp-content\\\/uploads\\\/2022\\\/01\\\/tlalne-nota-dos-contra.jpg\",\"contentUrl\":\"https:\\\/\\\/continuamosmx.com\\\/wp-content\\\/uploads\\\/2022\\\/01\\\/tlalne-nota-dos-contra.jpg\",\"width\":1280,\"height\":853},{\"@type\":\"BreadcrumbList\",\"@id\":\"https:\\\/\\\/continuamosmx.com\\\/index.php\\\/2022\\\/01\\\/26\\\/en-tlalnepantla-inicio-aplicacion-de-refuerzo-anti-covid-a-personas-de-50-a-59-anos\\\/#breadcrumb\",\"itemListElement\":[{\"@type\":\"ListItem\",\"position\":1,\"name\":\"Inicio\",\"item\":\"https:\\\/\\\/continuamosmx.com\\\/\"},{\"@type\":\"ListItem\",\"position\":2,\"name\":\"EN TLALNEPANTLA INICI\u00d3 APLICACI\u00d3N DE REFUERZO ANTI COVID A PERSONAS DE 50 A 59 A\u00d1OS\"}]},{\"@type\":\"WebSite\",\"@id\":\"https:\\\/\\\/continuamosmx.com\\\/#website\",\"url\":\"https:\\\/\\\/continuamosmx.com\\\/\",\"name\":\"www.continuamosmx.com\",\"description\":\"\",\"publisher\":{\"@id\":\"https:\\\/\\\/continuamosmx.com\\\/#organization\"},\"potentialAction\":[{\"@type\":\"SearchAction\",\"target\":{\"@type\":\"EntryPoint\",\"urlTemplate\":\"https:\\\/\\\/continuamosmx.com\\\/?s={search_term_string}\"},\"query-input\":{\"@type\":\"PropertyValueSpecification\",\"valueRequired\":true,\"valueName\":\"search_term_string\"}}],\"inLanguage\":\"es\"},{\"@type\":\"Organization\",\"@id\":\"https:\\\/\\\/continuamosmx.com\\\/#organization\",\"name\":\"ContinuamosMX\",\"url\":\"https:\\\/\\\/continuamosmx.com\\\/\",\"logo\":{\"@type\":\"ImageObject\",\"inLanguage\":\"es\",\"@id\":\"https:\\\/\\\/continuamosmx.com\\\/#\\\/schema\\\/logo\\\/image\\\/\",\"url\":\"https:\\\/\\\/continuamosmx.com\\\/wp-content\\\/uploads\\\/2023\\\/04\\\/cropped-LOGO-CONTI-NUEVO.png\",\"contentUrl\":\"https:\\\/\\\/continuamosmx.com\\\/wp-content\\\/uploads\\\/2023\\\/04\\\/cropped-LOGO-CONTI-NUEVO.png\",\"width\":1257,\"height\":430,\"caption\":\"ContinuamosMX\"},\"image\":{\"@id\":\"https:\\\/\\\/continuamosmx.com\\\/#\\\/schema\\\/logo\\\/image\\\/\"}},{\"@type\":\"Person\",\"@id\":\"https:\\\/\\\/continuamosmx.com\\\/#\\\/schema\\\/person\\\/5eb5356acb1fad784da407d14f0e8d89\",\"name\":\"Continuamos MX\",\"image\":{\"@type\":\"ImageObject\",\"inLanguage\":\"es\",\"@id\":\"https:\\\/\\\/secure.gravatar.com\\\/avatar\\\/30d4f9723476a15f4da34d35fb3501f08d2357016c76051c6a85c354c7489589?s=96&d=mm&r=g\",\"url\":\"https:\\\/\\\/secure.gravatar.com\\\/avatar\\\/30d4f9723476a15f4da34d35fb3501f08d2357016c76051c6a85c354c7489589?s=96&d=mm&r=g\",\"contentUrl\":\"https:\\\/\\\/secure.gravatar.com\\\/avatar\\\/30d4f9723476a15f4da34d35fb3501f08d2357016c76051c6a85c354c7489589?s=96&d=mm&r=g\",\"caption\":\"Continuamos MX\"},\"sameAs\":[\"http:\\\/\\\/www.continuamos.mx\"],\"url\":\"https:\\\/\\\/continuamosmx.com\\\/index.php\\\/author\\\/continuamos\\\/\"}]}<\/script>\n<!-- \/ Yoast SEO plugin. -->","yoast_head_json":{"title":"EN TLALNEPANTLA INICI\u00d3 APLICACI\u00d3N DE REFUERZO ANTI COVID A PERSONAS DE 50 A 59 A\u00d1OS -","robots":{"index":"index","follow":"follow","max-snippet":"max-snippet:-1","max-image-preview":"max-image-preview:large","max-video-preview":"max-video-preview:-1"},"canonical":"https:\/\/continuamosmx.com\/index.php\/2022\/01\/26\/en-tlalnepantla-inicio-aplicacion-de-refuerzo-anti-covid-a-personas-de-50-a-59-anos\/","og_locale":"es_ES","og_type":"article","og_title":"EN TLALNEPANTLA INICI\u00d3 APLICACI\u00d3N DE REFUERZO ANTI COVID A PERSONAS DE 50 A 59 A\u00d1OS -","og_description":"* Se habilitaron cuatro puntos en los que se atender\u00e1 durante tres d\u00edas, de acuerdo a la inicial del primer apellido TLALNEPANTLA, M\u00e9x.- El Alcalde Marco Antonio Rodr\u00edguez Hurtado supervis\u00f3 la atenci\u00f3n que personal del sector salud y servidores p\u00fablicos brindan en la Jornada de Vacunaci\u00f3n contra el Covid-19, que se lleva a cabo en [&hellip;]","og_url":"https:\/\/continuamosmx.com\/index.php\/2022\/01\/26\/en-tlalnepantla-inicio-aplicacion-de-refuerzo-anti-covid-a-personas-de-50-a-59-anos\/","article_published_time":"2022-01-26T06:09:40+00:00","author":"Continuamos MX","twitter_card":"summary_large_image","twitter_misc":{"Escrito por":"Continuamos MX","Tiempo de lectura":"1 minuto"},"schema":{"@context":"https:\/\/schema.org","@graph":[{"@type":"Article","@id":"https:\/\/continuamosmx.com\/index.php\/2022\/01\/26\/en-tlalnepantla-inicio-aplicacion-de-refuerzo-anti-covid-a-personas-de-50-a-59-anos\/#article","isPartOf":{"@id":"https:\/\/continuamosmx.com\/index.php\/2022\/01\/26\/en-tlalnepantla-inicio-aplicacion-de-refuerzo-anti-covid-a-personas-de-50-a-59-anos\/"},"author":{"name":"Continuamos MX","@id":"https:\/\/continuamosmx.com\/#\/schema\/person\/5eb5356acb1fad784da407d14f0e8d89"},"headline":"EN TLALNEPANTLA INICI\u00d3 APLICACI\u00d3N DE REFUERZO ANTI COVID A PERSONAS DE 50 A 59 A\u00d1OS","datePublished":"2022-01-26T06:09:40+00:00","mainEntityOfPage":{"@id":"https:\/\/continuamosmx.com\/index.php\/2022\/01\/26\/en-tlalnepantla-inicio-aplicacion-de-refuerzo-anti-covid-a-personas-de-50-a-59-anos\/"},"wordCount":282,"publisher":{"@id":"https:\/\/continuamosmx.com\/#organization"},"image":{"@id":"https:\/\/continuamosmx.com\/index.php\/2022\/01\/26\/en-tlalnepantla-inicio-aplicacion-de-refuerzo-anti-covid-a-personas-de-50-a-59-anos\/#primaryimage"},"thumbnailUrl":"https:\/\/continuamosmx.com\/wp-content\/uploads\/2022\/01\/tlalne-nota-dos-contra.jpg","articleSection":["LOCALES","TLALNEPANTLA"],"inLanguage":"es"},{"@type":"WebPage","@id":"https:\/\/continuamosmx.com\/index.php\/2022\/01\/26\/en-tlalnepantla-inicio-aplicacion-de-refuerzo-anti-covid-a-personas-de-50-a-59-anos\/","url":"https:\/\/continuamosmx.com\/index.php\/2022\/01\/26\/en-tlalnepantla-inicio-aplicacion-de-refuerzo-anti-covid-a-personas-de-50-a-59-anos\/","name":"EN TLALNEPANTLA INICI\u00d3 APLICACI\u00d3N DE REFUERZO ANTI COVID A PERSONAS DE 50 A 59 A\u00d1OS -","isPartOf":{"@id":"https:\/\/continuamosmx.com\/#website"},"primaryImageOfPage":{"@id":"https:\/\/continuamosmx.com\/index.php\/2022\/01\/26\/en-tlalnepantla-inicio-aplicacion-de-refuerzo-anti-covid-a-personas-de-50-a-59-anos\/#primaryimage"},"image":{"@id":"https:\/\/continuamosmx.com\/index.php\/2022\/01\/26\/en-tlalnepantla-inicio-aplicacion-de-refuerzo-anti-covid-a-personas-de-50-a-59-anos\/#primaryimage"},"thumbnailUrl":"https:\/\/continuamosmx.com\/wp-content\/uploads\/2022\/01\/tlalne-nota-dos-contra.jpg","datePublished":"2022-01-26T06:09:40+00:00","breadcrumb":{"@id":"https:\/\/continuamosmx.com\/index.php\/2022\/01\/26\/en-tlalnepantla-inicio-aplicacion-de-refuerzo-anti-covid-a-personas-de-50-a-59-anos\/#breadcrumb"},"inLanguage":"es","potentialAction":[{"@type":"ReadAction","target":["https:\/\/continuamosmx.com\/index.php\/2022\/01\/26\/en-tlalnepantla-inicio-aplicacion-de-refuerzo-anti-covid-a-personas-de-50-a-59-anos\/"]}]},{"@type":"ImageObject","inLanguage":"es","@id":"https:\/\/continuamosmx.com\/index.php\/2022\/01\/26\/en-tlalnepantla-inicio-aplicacion-de-refuerzo-anti-covid-a-personas-de-50-a-59-anos\/#primaryimage","url":"https:\/\/continuamosmx.com\/wp-content\/uploads\/2022\/01\/tlalne-nota-dos-contra.jpg","contentUrl":"https:\/\/continuamosmx.com\/wp-content\/uploads\/2022\/01\/tlalne-nota-dos-contra.jpg","width":1280,"height":853},{"@type":"BreadcrumbList","@id":"https:\/\/continuamosmx.com\/index.php\/2022\/01\/26\/en-tlalnepantla-inicio-aplicacion-de-refuerzo-anti-covid-a-personas-de-50-a-59-anos\/#breadcrumb","itemListElement":[{"@type":"ListItem","position":1,"name":"Inicio","item":"https:\/\/continuamosmx.com\/"},{"@type":"ListItem","position":2,"name":"EN TLALNEPANTLA INICI\u00d3 APLICACI\u00d3N DE REFUERZO ANTI COVID A PERSONAS DE 50 A 59 A\u00d1OS"}]},{"@type":"WebSite","@id":"https:\/\/continuamosmx.com\/#website","url":"https:\/\/continuamosmx.com\/","name":"www.continuamosmx.com","description":"","publisher":{"@id":"https:\/\/continuamosmx.com\/#organization"},"potentialAction":[{"@type":"SearchAction","target":{"@type":"EntryPoint","urlTemplate":"https:\/\/continuamosmx.com\/?s={search_term_string}"},"query-input":{"@type":"PropertyValueSpecification","valueRequired":true,"valueName":"search_term_string"}}],"inLanguage":"es"},{"@type":"Organization","@id":"https:\/\/continuamosmx.com\/#organization","name":"ContinuamosMX","url":"https:\/\/continuamosmx.com\/","logo":{"@type":"ImageObject","inLanguage":"es","@id":"https:\/\/continuamosmx.com\/#\/schema\/logo\/image\/","url":"https:\/\/continuamosmx.com\/wp-content\/uploads\/2023\/04\/cropped-LOGO-CONTI-NUEVO.png","contentUrl":"https:\/\/continuamosmx.com\/wp-content\/uploads\/2023\/04\/cropped-LOGO-CONTI-NUEVO.png","width":1257,"height":430,"caption":"ContinuamosMX"},"image":{"@id":"https:\/\/continuamosmx.com\/#\/schema\/logo\/image\/"}},{"@type":"Person","@id":"https:\/\/continuamosmx.com\/#\/schema\/person\/5eb5356acb1fad784da407d14f0e8d89","name":"Continuamos MX","image":{"@type":"ImageObject","inLanguage":"es","@id":"https:\/\/secure.gravatar.com\/avatar\/30d4f9723476a15f4da34d35fb3501f08d2357016c76051c6a85c354c7489589?s=96&d=mm&r=g","url":"https:\/\/secure.gravatar.com\/avatar\/30d4f9723476a15f4da34d35fb3501f08d2357016c76051c6a85c354c7489589?s=96&d=mm&r=g","contentUrl":"https:\/\/secure.gravatar.com\/avatar\/30d4f9723476a15f4da34d35fb3501f08d2357016c76051c6a85c354c7489589?s=96&d=mm&r=g","caption":"Continuamos MX"},"sameAs":["http:\/\/www.continuamos.mx"],"url":"https:\/\/continuamosmx.com\/index.php\/author\/continuamos\/"}]}},"_links":{"self":[{"href":"https:\/\/continuamosmx.com\/index.php\/wp-json\/wp\/v2\/posts\/33155","targetHints":{"allow":["GET"]}}],"collection":[{"href":"https:\/\/continuamosmx.com\/index.php\/wp-json\/wp\/v2\/posts"}],"about":[{"href":"https:\/\/continuamosmx.com\/index.php\/wp-json\/wp\/v2\/types\/post"}],"author":[{"embeddable":true,"href":"https:\/\/continuamosmx.com\/index.php\/wp-json\/wp\/v2\/users\/6"}],"replies":[{"embeddable":true,"href":"https:\/\/continuamosmx.com\/index.php\/wp-json\/wp\/v2\/comments?post=33155"}],"version-history":[{"count":0,"href":"https:\/\/continuamosmx.com\/index.php\/wp-json\/wp\/v2\/posts\/33155\/revisions"}],"wp:featuredmedia":[{"embeddable":true,"href":"https:\/\/continuamosmx.com\/index.php\/wp-json\/wp\/v2\/media\/33156"}],"wp:attachment":[{"href":"https:\/\/continuamosmx.com\/index.php\/wp-json\/wp\/v2\/media?parent=33155"}],"wp:term":[{"taxonomy":"category","embeddable":true,"href":"https:\/\/continuamosmx.com\/index.php\/wp-json\/wp\/v2\/categories?post=33155"},{"taxonomy":"post_tag","embeddable":true,"href":"https:\/\/continuamosmx.com\/index.php\/wp-json\/wp\/v2\/tags?post=33155"}],"curies":[{"name":"wp","href":"https:\/\/api.w.org\/{rel}","templated":true}]}}