{"id":33146,"date":"2022-01-26T06:02:50","date_gmt":"2022-01-26T06:02:50","guid":{"rendered":"https:\/\/continuamos.mx\/?p=33146"},"modified":"2022-01-26T06:02:50","modified_gmt":"2022-01-26T06:02:50","slug":"en-casa-de-cultura-de-ozumba-presentan-muestra-pictorica-del-maestro-cesar-estrada","status":"publish","type":"post","link":"https:\/\/continuamosmx.com\/index.php\/2022\/01\/26\/en-casa-de-cultura-de-ozumba-presentan-muestra-pictorica-del-maestro-cesar-estrada\/","title":{"rendered":"EN CASA DE CULTURA DE OZUMBA PRESENTAN MUESTRA PICT\u00d3RICA DEL MAESTRO C\u00c9SAR ESTRADA"},"content":{"rendered":"\n<p>.- \u00abcontradicci\u00f3n, lo bello y lo horrible de la humanidad\u00bb es la muestra que podr\u00e1n apreciar en dicho recinto<\/p>\n\n\n\n<p>Por: JOSE ALBERTO ZEA DOMINGUEZ<\/p>\n\n\n\n<p>OZUMBA, M\u00e9x.- Con gran \u00e9xito se est\u00e1 llevando en Casa de Cultura \u00abJos\u00e9 Antonio Alzate\u00bb, la obra pict\u00f3rica del pintor pl\u00e1stico C\u00e9sar Estrada, que podr\u00e1n verla de lunes a s\u00e1bado en un horario habitual y se sorprender\u00e1n del arte del pintor, C\u00e9sar Estrada, que le est\u00e1 dando vuelta no s\u00f3lo al Estado de M\u00e9xico, sino a nivel nacional.<\/p>\n\n\n\n<p>A la edad de 15 a\u00f1os, C\u00e9sar Estrada, artista pl\u00e1stico, se dedic\u00f3 a la pintura y al muralismo, el cual inici\u00f3 sus estudios en el taller del maestro, Rodolfo P\u00e9rez, en la poblaci\u00f3n de San Juan Tehuixtitlan, municipio de Atlautla, posteriormente ingres\u00f3 a la Universidad donde estudi\u00f3 la carrera de dise\u00f1o industrial.<\/p>\n\n\n\n<p>Durante la estancia en el taller del maestro, Rodolfo P\u00e9rez, el artista pl\u00e1stico, C\u00e9sar Estrada, aprendi\u00f3 diferentes t\u00e9cnicas pict\u00f3ricas y de restauraci\u00f3n, lo que ha realizado restauraciones en Valle de Bravo, Puebla y la CDMX, de la misma forma a lo largo de su carrera art\u00edstica ha quedado seleccionado en diversos concursos a nivel estatal y nacional.<\/p>\n\n\n\n<p>Ha participado en forma activa en encuentros de muralismo con el prop\u00f3sito de acercar el arte a las comunidades que no tienen acceso, con su obra pict\u00f3rica retoma el tema de la mujer y su entorno social, la fragilidad del medio ambiente, el planeta y las consecuencias de la acci\u00f3n humana sobre estos.<\/p>\n\n\n\n<p>La exposici\u00f3n pict\u00f3rica donde convergen la forma, textura y color de una manera gr\u00e1cil y sutil para darnos a conocer un discurso, una preocupaci\u00f3n frecuente en la mente de C\u00e9sar Estrada, discurso que nos lleva a sumergirnos en los problemas sociales en torno a la mujer y sus m\u00faltiples roles, siendo fr\u00e1gil pero a la vez fuerte y empoderada a trav\u00e9s de los desnudos que el artista nos presenta.<\/p>\n\n\n\n<p>As\u00ed mismo nos plantea la problem\u00e1tica social existente relacionada a la constante destrucci\u00f3n, mal aprovechamiento y sobre explotaci\u00f3n de los recursos naturales, sin olvidar el contexto social y sanitario a nivel mundial que estamos atravesando.<\/p>\n\n\n\n<p>Frida Alejandra Valencia Valencia, directora de Casa de Cultura \u00abJos\u00e9 Antonio Alzate\u00bb, invita al turismo nacional e internacional, as\u00ed como p\u00fablico en general a visitar la exposici\u00f3n pict\u00f3rica del artista pl\u00e1stico, C\u00e9sar Estrada, donde ofrece ver\u00e1 otro punto de vista del arte pl\u00e1stico.<\/p>\n\n\n\n<figure class=\"wp-block-image size-full is-resized\"><img loading=\"lazy\" decoding=\"async\" src=\"http:\/\/continuamos.mx\/wp-content\/uploads\/2022\/01\/arte-1.jpg\" alt=\"\" class=\"wp-image-33147\" width=\"822\" height=\"610\" srcset=\"https:\/\/continuamosmx.com\/wp-content\/uploads\/2022\/01\/arte-1.jpg 480w, https:\/\/continuamosmx.com\/wp-content\/uploads\/2022\/01\/arte-1-300x223.jpg 300w\" sizes=\"auto, (max-width: 822px) 100vw, 822px\" \/><\/figure>\n\n\n\n<p><\/p>\n","protected":false},"excerpt":{"rendered":"<p>.- \u00abcontradicci\u00f3n, lo bello y lo horrible de la humanidad\u00bb es la muestra que podr\u00e1n apreciar en dicho recinto Por: JOSE ALBERTO ZEA DOMINGUEZ OZUMBA, M\u00e9x.- Con gran \u00e9xito se est\u00e1 llevando en Casa de Cultura \u00abJos\u00e9 Antonio Alzate\u00bb, la obra pict\u00f3rica del pintor pl\u00e1stico C\u00e9sar Estrada, que podr\u00e1n verla de lunes a s\u00e1bado en [&hellip;]<\/p>\n","protected":false},"author":6,"featured_media":33148,"comment_status":"closed","ping_status":"open","sticky":false,"template":"","format":"standard","meta":{"footnotes":""},"categories":[15,4,37],"tags":[],"class_list":["post-33146","post","type-post","status-publish","format-standard","has-post-thumbnail","hentry","category-cultura","category-locales","category-ozumba"],"yoast_head":"<!-- This site is optimized with the Yoast SEO plugin v27.5 - https:\/\/yoast.com\/product\/yoast-seo-wordpress\/ -->\n<title>EN CASA DE CULTURA DE OZUMBA PRESENTAN MUESTRA PICT\u00d3RICA DEL MAESTRO C\u00c9SAR ESTRADA -<\/title>\n<meta name=\"robots\" content=\"index, follow, max-snippet:-1, max-image-preview:large, max-video-preview:-1\" \/>\n<link rel=\"canonical\" href=\"https:\/\/continuamosmx.com\/index.php\/2022\/01\/26\/en-casa-de-cultura-de-ozumba-presentan-muestra-pictorica-del-maestro-cesar-estrada\/\" \/>\n<meta property=\"og:locale\" content=\"es_ES\" \/>\n<meta property=\"og:type\" content=\"article\" \/>\n<meta property=\"og:title\" content=\"EN CASA DE CULTURA DE OZUMBA PRESENTAN MUESTRA PICT\u00d3RICA DEL MAESTRO C\u00c9SAR ESTRADA -\" \/>\n<meta property=\"og:description\" content=\".- \u00abcontradicci\u00f3n, lo bello y lo horrible de la humanidad\u00bb es la muestra que podr\u00e1n apreciar en dicho recinto Por: JOSE ALBERTO ZEA DOMINGUEZ OZUMBA, M\u00e9x.- Con gran \u00e9xito se est\u00e1 llevando en Casa de Cultura \u00abJos\u00e9 Antonio Alzate\u00bb, la obra pict\u00f3rica del pintor pl\u00e1stico C\u00e9sar Estrada, que podr\u00e1n verla de lunes a s\u00e1bado en [&hellip;]\" \/>\n<meta property=\"og:url\" content=\"https:\/\/continuamosmx.com\/index.php\/2022\/01\/26\/en-casa-de-cultura-de-ozumba-presentan-muestra-pictorica-del-maestro-cesar-estrada\/\" \/>\n<meta property=\"article:published_time\" content=\"2022-01-26T06:02:50+00:00\" \/>\n<meta property=\"og:image\" content=\"http:\/\/continuamos.mx\/wp-content\/uploads\/2022\/01\/arte-1.jpg\" \/>\n<meta name=\"author\" content=\"Continuamos MX\" \/>\n<meta name=\"twitter:card\" content=\"summary_large_image\" \/>\n<meta name=\"twitter:label1\" content=\"Escrito por\" \/>\n\t<meta name=\"twitter:data1\" content=\"Continuamos MX\" \/>\n\t<meta name=\"twitter:label2\" content=\"Tiempo de lectura\" \/>\n\t<meta name=\"twitter:data2\" content=\"2 minutos\" \/>\n<script type=\"application\/ld+json\" class=\"yoast-schema-graph\">{\"@context\":\"https:\\\/\\\/schema.org\",\"@graph\":[{\"@type\":\"Article\",\"@id\":\"https:\\\/\\\/continuamosmx.com\\\/index.php\\\/2022\\\/01\\\/26\\\/en-casa-de-cultura-de-ozumba-presentan-muestra-pictorica-del-maestro-cesar-estrada\\\/#article\",\"isPartOf\":{\"@id\":\"https:\\\/\\\/continuamosmx.com\\\/index.php\\\/2022\\\/01\\\/26\\\/en-casa-de-cultura-de-ozumba-presentan-muestra-pictorica-del-maestro-cesar-estrada\\\/\"},\"author\":{\"name\":\"Continuamos MX\",\"@id\":\"https:\\\/\\\/continuamosmx.com\\\/#\\\/schema\\\/person\\\/5eb5356acb1fad784da407d14f0e8d89\"},\"headline\":\"EN CASA DE CULTURA DE OZUMBA PRESENTAN MUESTRA PICT\u00d3RICA DEL MAESTRO C\u00c9SAR ESTRADA\",\"datePublished\":\"2022-01-26T06:02:50+00:00\",\"mainEntityOfPage\":{\"@id\":\"https:\\\/\\\/continuamosmx.com\\\/index.php\\\/2022\\\/01\\\/26\\\/en-casa-de-cultura-de-ozumba-presentan-muestra-pictorica-del-maestro-cesar-estrada\\\/\"},\"wordCount\":451,\"publisher\":{\"@id\":\"https:\\\/\\\/continuamosmx.com\\\/#organization\"},\"image\":{\"@id\":\"https:\\\/\\\/continuamosmx.com\\\/index.php\\\/2022\\\/01\\\/26\\\/en-casa-de-cultura-de-ozumba-presentan-muestra-pictorica-del-maestro-cesar-estrada\\\/#primaryimage\"},\"thumbnailUrl\":\"https:\\\/\\\/continuamosmx.com\\\/wp-content\\\/uploads\\\/2022\\\/01\\\/arte.jpg\",\"articleSection\":[\"CULTURA\",\"LOCALES\",\"OZUMBA\"],\"inLanguage\":\"es\"},{\"@type\":\"WebPage\",\"@id\":\"https:\\\/\\\/continuamosmx.com\\\/index.php\\\/2022\\\/01\\\/26\\\/en-casa-de-cultura-de-ozumba-presentan-muestra-pictorica-del-maestro-cesar-estrada\\\/\",\"url\":\"https:\\\/\\\/continuamosmx.com\\\/index.php\\\/2022\\\/01\\\/26\\\/en-casa-de-cultura-de-ozumba-presentan-muestra-pictorica-del-maestro-cesar-estrada\\\/\",\"name\":\"EN CASA DE CULTURA DE OZUMBA PRESENTAN MUESTRA PICT\u00d3RICA DEL MAESTRO C\u00c9SAR ESTRADA -\",\"isPartOf\":{\"@id\":\"https:\\\/\\\/continuamosmx.com\\\/#website\"},\"primaryImageOfPage\":{\"@id\":\"https:\\\/\\\/continuamosmx.com\\\/index.php\\\/2022\\\/01\\\/26\\\/en-casa-de-cultura-de-ozumba-presentan-muestra-pictorica-del-maestro-cesar-estrada\\\/#primaryimage\"},\"image\":{\"@id\":\"https:\\\/\\\/continuamosmx.com\\\/index.php\\\/2022\\\/01\\\/26\\\/en-casa-de-cultura-de-ozumba-presentan-muestra-pictorica-del-maestro-cesar-estrada\\\/#primaryimage\"},\"thumbnailUrl\":\"https:\\\/\\\/continuamosmx.com\\\/wp-content\\\/uploads\\\/2022\\\/01\\\/arte.jpg\",\"datePublished\":\"2022-01-26T06:02:50+00:00\",\"breadcrumb\":{\"@id\":\"https:\\\/\\\/continuamosmx.com\\\/index.php\\\/2022\\\/01\\\/26\\\/en-casa-de-cultura-de-ozumba-presentan-muestra-pictorica-del-maestro-cesar-estrada\\\/#breadcrumb\"},\"inLanguage\":\"es\",\"potentialAction\":[{\"@type\":\"ReadAction\",\"target\":[\"https:\\\/\\\/continuamosmx.com\\\/index.php\\\/2022\\\/01\\\/26\\\/en-casa-de-cultura-de-ozumba-presentan-muestra-pictorica-del-maestro-cesar-estrada\\\/\"]}]},{\"@type\":\"ImageObject\",\"inLanguage\":\"es\",\"@id\":\"https:\\\/\\\/continuamosmx.com\\\/index.php\\\/2022\\\/01\\\/26\\\/en-casa-de-cultura-de-ozumba-presentan-muestra-pictorica-del-maestro-cesar-estrada\\\/#primaryimage\",\"url\":\"https:\\\/\\\/continuamosmx.com\\\/wp-content\\\/uploads\\\/2022\\\/01\\\/arte.jpg\",\"contentUrl\":\"https:\\\/\\\/continuamosmx.com\\\/wp-content\\\/uploads\\\/2022\\\/01\\\/arte.jpg\",\"width\":1280,\"height\":909},{\"@type\":\"BreadcrumbList\",\"@id\":\"https:\\\/\\\/continuamosmx.com\\\/index.php\\\/2022\\\/01\\\/26\\\/en-casa-de-cultura-de-ozumba-presentan-muestra-pictorica-del-maestro-cesar-estrada\\\/#breadcrumb\",\"itemListElement\":[{\"@type\":\"ListItem\",\"position\":1,\"name\":\"Inicio\",\"item\":\"https:\\\/\\\/continuamosmx.com\\\/\"},{\"@type\":\"ListItem\",\"position\":2,\"name\":\"EN CASA DE CULTURA DE OZUMBA PRESENTAN MUESTRA PICT\u00d3RICA DEL MAESTRO C\u00c9SAR ESTRADA\"}]},{\"@type\":\"WebSite\",\"@id\":\"https:\\\/\\\/continuamosmx.com\\\/#website\",\"url\":\"https:\\\/\\\/continuamosmx.com\\\/\",\"name\":\"www.continuamosmx.com\",\"description\":\"\",\"publisher\":{\"@id\":\"https:\\\/\\\/continuamosmx.com\\\/#organization\"},\"potentialAction\":[{\"@type\":\"SearchAction\",\"target\":{\"@type\":\"EntryPoint\",\"urlTemplate\":\"https:\\\/\\\/continuamosmx.com\\\/?s={search_term_string}\"},\"query-input\":{\"@type\":\"PropertyValueSpecification\",\"valueRequired\":true,\"valueName\":\"search_term_string\"}}],\"inLanguage\":\"es\"},{\"@type\":\"Organization\",\"@id\":\"https:\\\/\\\/continuamosmx.com\\\/#organization\",\"name\":\"ContinuamosMX\",\"url\":\"https:\\\/\\\/continuamosmx.com\\\/\",\"logo\":{\"@type\":\"ImageObject\",\"inLanguage\":\"es\",\"@id\":\"https:\\\/\\\/continuamosmx.com\\\/#\\\/schema\\\/logo\\\/image\\\/\",\"url\":\"https:\\\/\\\/continuamosmx.com\\\/wp-content\\\/uploads\\\/2023\\\/04\\\/cropped-LOGO-CONTI-NUEVO.png\",\"contentUrl\":\"https:\\\/\\\/continuamosmx.com\\\/wp-content\\\/uploads\\\/2023\\\/04\\\/cropped-LOGO-CONTI-NUEVO.png\",\"width\":1257,\"height\":430,\"caption\":\"ContinuamosMX\"},\"image\":{\"@id\":\"https:\\\/\\\/continuamosmx.com\\\/#\\\/schema\\\/logo\\\/image\\\/\"}},{\"@type\":\"Person\",\"@id\":\"https:\\\/\\\/continuamosmx.com\\\/#\\\/schema\\\/person\\\/5eb5356acb1fad784da407d14f0e8d89\",\"name\":\"Continuamos MX\",\"image\":{\"@type\":\"ImageObject\",\"inLanguage\":\"es\",\"@id\":\"https:\\\/\\\/secure.gravatar.com\\\/avatar\\\/30d4f9723476a15f4da34d35fb3501f08d2357016c76051c6a85c354c7489589?s=96&d=mm&r=g\",\"url\":\"https:\\\/\\\/secure.gravatar.com\\\/avatar\\\/30d4f9723476a15f4da34d35fb3501f08d2357016c76051c6a85c354c7489589?s=96&d=mm&r=g\",\"contentUrl\":\"https:\\\/\\\/secure.gravatar.com\\\/avatar\\\/30d4f9723476a15f4da34d35fb3501f08d2357016c76051c6a85c354c7489589?s=96&d=mm&r=g\",\"caption\":\"Continuamos MX\"},\"sameAs\":[\"http:\\\/\\\/www.continuamos.mx\"],\"url\":\"https:\\\/\\\/continuamosmx.com\\\/index.php\\\/author\\\/continuamos\\\/\"}]}<\/script>\n<!-- \/ Yoast SEO plugin. -->","yoast_head_json":{"title":"EN CASA DE CULTURA DE OZUMBA PRESENTAN MUESTRA PICT\u00d3RICA DEL MAESTRO C\u00c9SAR ESTRADA -","robots":{"index":"index","follow":"follow","max-snippet":"max-snippet:-1","max-image-preview":"max-image-preview:large","max-video-preview":"max-video-preview:-1"},"canonical":"https:\/\/continuamosmx.com\/index.php\/2022\/01\/26\/en-casa-de-cultura-de-ozumba-presentan-muestra-pictorica-del-maestro-cesar-estrada\/","og_locale":"es_ES","og_type":"article","og_title":"EN CASA DE CULTURA DE OZUMBA PRESENTAN MUESTRA PICT\u00d3RICA DEL MAESTRO C\u00c9SAR ESTRADA -","og_description":".- \u00abcontradicci\u00f3n, lo bello y lo horrible de la humanidad\u00bb es la muestra que podr\u00e1n apreciar en dicho recinto Por: JOSE ALBERTO ZEA DOMINGUEZ OZUMBA, M\u00e9x.- Con gran \u00e9xito se est\u00e1 llevando en Casa de Cultura \u00abJos\u00e9 Antonio Alzate\u00bb, la obra pict\u00f3rica del pintor pl\u00e1stico C\u00e9sar Estrada, que podr\u00e1n verla de lunes a s\u00e1bado en [&hellip;]","og_url":"https:\/\/continuamosmx.com\/index.php\/2022\/01\/26\/en-casa-de-cultura-de-ozumba-presentan-muestra-pictorica-del-maestro-cesar-estrada\/","article_published_time":"2022-01-26T06:02:50+00:00","og_image":[{"url":"http:\/\/continuamos.mx\/wp-content\/uploads\/2022\/01\/arte-1.jpg","type":"","width":"","height":""}],"author":"Continuamos MX","twitter_card":"summary_large_image","twitter_misc":{"Escrito por":"Continuamos MX","Tiempo de lectura":"2 minutos"},"schema":{"@context":"https:\/\/schema.org","@graph":[{"@type":"Article","@id":"https:\/\/continuamosmx.com\/index.php\/2022\/01\/26\/en-casa-de-cultura-de-ozumba-presentan-muestra-pictorica-del-maestro-cesar-estrada\/#article","isPartOf":{"@id":"https:\/\/continuamosmx.com\/index.php\/2022\/01\/26\/en-casa-de-cultura-de-ozumba-presentan-muestra-pictorica-del-maestro-cesar-estrada\/"},"author":{"name":"Continuamos MX","@id":"https:\/\/continuamosmx.com\/#\/schema\/person\/5eb5356acb1fad784da407d14f0e8d89"},"headline":"EN CASA DE CULTURA DE OZUMBA PRESENTAN MUESTRA PICT\u00d3RICA DEL MAESTRO C\u00c9SAR ESTRADA","datePublished":"2022-01-26T06:02:50+00:00","mainEntityOfPage":{"@id":"https:\/\/continuamosmx.com\/index.php\/2022\/01\/26\/en-casa-de-cultura-de-ozumba-presentan-muestra-pictorica-del-maestro-cesar-estrada\/"},"wordCount":451,"publisher":{"@id":"https:\/\/continuamosmx.com\/#organization"},"image":{"@id":"https:\/\/continuamosmx.com\/index.php\/2022\/01\/26\/en-casa-de-cultura-de-ozumba-presentan-muestra-pictorica-del-maestro-cesar-estrada\/#primaryimage"},"thumbnailUrl":"https:\/\/continuamosmx.com\/wp-content\/uploads\/2022\/01\/arte.jpg","articleSection":["CULTURA","LOCALES","OZUMBA"],"inLanguage":"es"},{"@type":"WebPage","@id":"https:\/\/continuamosmx.com\/index.php\/2022\/01\/26\/en-casa-de-cultura-de-ozumba-presentan-muestra-pictorica-del-maestro-cesar-estrada\/","url":"https:\/\/continuamosmx.com\/index.php\/2022\/01\/26\/en-casa-de-cultura-de-ozumba-presentan-muestra-pictorica-del-maestro-cesar-estrada\/","name":"EN CASA DE CULTURA DE OZUMBA PRESENTAN MUESTRA PICT\u00d3RICA DEL MAESTRO C\u00c9SAR ESTRADA -","isPartOf":{"@id":"https:\/\/continuamosmx.com\/#website"},"primaryImageOfPage":{"@id":"https:\/\/continuamosmx.com\/index.php\/2022\/01\/26\/en-casa-de-cultura-de-ozumba-presentan-muestra-pictorica-del-maestro-cesar-estrada\/#primaryimage"},"image":{"@id":"https:\/\/continuamosmx.com\/index.php\/2022\/01\/26\/en-casa-de-cultura-de-ozumba-presentan-muestra-pictorica-del-maestro-cesar-estrada\/#primaryimage"},"thumbnailUrl":"https:\/\/continuamosmx.com\/wp-content\/uploads\/2022\/01\/arte.jpg","datePublished":"2022-01-26T06:02:50+00:00","breadcrumb":{"@id":"https:\/\/continuamosmx.com\/index.php\/2022\/01\/26\/en-casa-de-cultura-de-ozumba-presentan-muestra-pictorica-del-maestro-cesar-estrada\/#breadcrumb"},"inLanguage":"es","potentialAction":[{"@type":"ReadAction","target":["https:\/\/continuamosmx.com\/index.php\/2022\/01\/26\/en-casa-de-cultura-de-ozumba-presentan-muestra-pictorica-del-maestro-cesar-estrada\/"]}]},{"@type":"ImageObject","inLanguage":"es","@id":"https:\/\/continuamosmx.com\/index.php\/2022\/01\/26\/en-casa-de-cultura-de-ozumba-presentan-muestra-pictorica-del-maestro-cesar-estrada\/#primaryimage","url":"https:\/\/continuamosmx.com\/wp-content\/uploads\/2022\/01\/arte.jpg","contentUrl":"https:\/\/continuamosmx.com\/wp-content\/uploads\/2022\/01\/arte.jpg","width":1280,"height":909},{"@type":"BreadcrumbList","@id":"https:\/\/continuamosmx.com\/index.php\/2022\/01\/26\/en-casa-de-cultura-de-ozumba-presentan-muestra-pictorica-del-maestro-cesar-estrada\/#breadcrumb","itemListElement":[{"@type":"ListItem","position":1,"name":"Inicio","item":"https:\/\/continuamosmx.com\/"},{"@type":"ListItem","position":2,"name":"EN CASA DE CULTURA DE OZUMBA PRESENTAN MUESTRA PICT\u00d3RICA DEL MAESTRO C\u00c9SAR ESTRADA"}]},{"@type":"WebSite","@id":"https:\/\/continuamosmx.com\/#website","url":"https:\/\/continuamosmx.com\/","name":"www.continuamosmx.com","description":"","publisher":{"@id":"https:\/\/continuamosmx.com\/#organization"},"potentialAction":[{"@type":"SearchAction","target":{"@type":"EntryPoint","urlTemplate":"https:\/\/continuamosmx.com\/?s={search_term_string}"},"query-input":{"@type":"PropertyValueSpecification","valueRequired":true,"valueName":"search_term_string"}}],"inLanguage":"es"},{"@type":"Organization","@id":"https:\/\/continuamosmx.com\/#organization","name":"ContinuamosMX","url":"https:\/\/continuamosmx.com\/","logo":{"@type":"ImageObject","inLanguage":"es","@id":"https:\/\/continuamosmx.com\/#\/schema\/logo\/image\/","url":"https:\/\/continuamosmx.com\/wp-content\/uploads\/2023\/04\/cropped-LOGO-CONTI-NUEVO.png","contentUrl":"https:\/\/continuamosmx.com\/wp-content\/uploads\/2023\/04\/cropped-LOGO-CONTI-NUEVO.png","width":1257,"height":430,"caption":"ContinuamosMX"},"image":{"@id":"https:\/\/continuamosmx.com\/#\/schema\/logo\/image\/"}},{"@type":"Person","@id":"https:\/\/continuamosmx.com\/#\/schema\/person\/5eb5356acb1fad784da407d14f0e8d89","name":"Continuamos MX","image":{"@type":"ImageObject","inLanguage":"es","@id":"https:\/\/secure.gravatar.com\/avatar\/30d4f9723476a15f4da34d35fb3501f08d2357016c76051c6a85c354c7489589?s=96&d=mm&r=g","url":"https:\/\/secure.gravatar.com\/avatar\/30d4f9723476a15f4da34d35fb3501f08d2357016c76051c6a85c354c7489589?s=96&d=mm&r=g","contentUrl":"https:\/\/secure.gravatar.com\/avatar\/30d4f9723476a15f4da34d35fb3501f08d2357016c76051c6a85c354c7489589?s=96&d=mm&r=g","caption":"Continuamos MX"},"sameAs":["http:\/\/www.continuamos.mx"],"url":"https:\/\/continuamosmx.com\/index.php\/author\/continuamos\/"}]}},"_links":{"self":[{"href":"https:\/\/continuamosmx.com\/index.php\/wp-json\/wp\/v2\/posts\/33146","targetHints":{"allow":["GET"]}}],"collection":[{"href":"https:\/\/continuamosmx.com\/index.php\/wp-json\/wp\/v2\/posts"}],"about":[{"href":"https:\/\/continuamosmx.com\/index.php\/wp-json\/wp\/v2\/types\/post"}],"author":[{"embeddable":true,"href":"https:\/\/continuamosmx.com\/index.php\/wp-json\/wp\/v2\/users\/6"}],"replies":[{"embeddable":true,"href":"https:\/\/continuamosmx.com\/index.php\/wp-json\/wp\/v2\/comments?post=33146"}],"version-history":[{"count":0,"href":"https:\/\/continuamosmx.com\/index.php\/wp-json\/wp\/v2\/posts\/33146\/revisions"}],"wp:featuredmedia":[{"embeddable":true,"href":"https:\/\/continuamosmx.com\/index.php\/wp-json\/wp\/v2\/media\/33148"}],"wp:attachment":[{"href":"https:\/\/continuamosmx.com\/index.php\/wp-json\/wp\/v2\/media?parent=33146"}],"wp:term":[{"taxonomy":"category","embeddable":true,"href":"https:\/\/continuamosmx.com\/index.php\/wp-json\/wp\/v2\/categories?post=33146"},{"taxonomy":"post_tag","embeddable":true,"href":"https:\/\/continuamosmx.com\/index.php\/wp-json\/wp\/v2\/tags?post=33146"}],"curies":[{"name":"wp","href":"https:\/\/api.w.org\/{rel}","templated":true}]}}