{"id":33141,"date":"2022-01-26T04:46:37","date_gmt":"2022-01-26T04:46:37","guid":{"rendered":"https:\/\/continuamos.mx\/?p=33141"},"modified":"2022-01-26T04:46:37","modified_gmt":"2022-01-26T04:46:37","slug":"gran-afluencia-para-vacunacion-de-refuerzo-en-tlalmanalco","status":"publish","type":"post","link":"https:\/\/continuamosmx.com\/index.php\/2022\/01\/26\/gran-afluencia-para-vacunacion-de-refuerzo-en-tlalmanalco\/","title":{"rendered":"GRAN AFLUENCIA PARA VACUNACI\u00d3N DE REFUERZO EN TLALMANALCO"},"content":{"rendered":"\n<p>.- <strong>Newcesraio seguir con los protocolos d ehigiene para romper cadena de contagios<\/strong><\/p>\n\n\n\n<p>TLALMANALCO, M\u00e9x.- Con gran afluencia el Gobierno de Tlalmanalco realiz\u00f3 la Jornada de Vacunaci\u00f3n para la aplicaci\u00f3n del refuerzo para personas de 50 a 59 a\u00f1os.<\/p>\n\n\n\n<p>En esta jornada &nbsp;se espera inmunizar a m\u00e1s de 3 mil tlalmanalquenses de este grupo.<\/p>\n\n\n\n<p>El horario de atenci\u00f3n se llev\u00f3 a cabo de las &nbsp;9:00 AM a 5:00 PM,&nbsp; quienes acudan a recibir el bi\u00f3logo Astra Zeneca deber\u00e1n presentar el formato de vacunaci\u00f3n impreso y lleno, el cual pueden descargar en: https:\/\/mivacuna.salud.gob.mx; Identificaci\u00f3n Oficial; Comprobante de domicilio reciente y los comprobantes de haber recibido la primera y segunda dosis.<\/p>\n\n\n\n<p>Es importante acudir bien alimentados, y en caso de tener alg\u00fan tratamiento m\u00e9dico no suspenderlo.<\/p>\n\n\n\n<p>Cabe se\u00f1alar que tambi\u00e9n se les hizo la invitaci\u00f3n a seguir con los protocolos sanitarios para romper con la cadena de contagios, as\u00ed como el de resguardarse y evitar reuniones tumultuarias.<\/p>\n","protected":false},"excerpt":{"rendered":"<p>.- Newcesraio seguir con los protocolos d ehigiene para romper cadena de contagios TLALMANALCO, M\u00e9x.- Con gran afluencia el Gobierno de Tlalmanalco realiz\u00f3 la Jornada de Vacunaci\u00f3n para la aplicaci\u00f3n del refuerzo para personas de 50 a 59 a\u00f1os. En esta jornada &nbsp;se espera inmunizar a m\u00e1s de 3 mil tlalmanalquenses de este grupo. El [&hellip;]<\/p>\n","protected":false},"author":6,"featured_media":33142,"comment_status":"closed","ping_status":"open","sticky":false,"template":"","format":"standard","meta":{"footnotes":""},"categories":[4,58],"tags":[],"class_list":["post-33141","post","type-post","status-publish","format-standard","has-post-thumbnail","hentry","category-locales","category-tlalmanalco"],"yoast_head":"<!-- This site is optimized with the Yoast SEO plugin v27.5 - https:\/\/yoast.com\/product\/yoast-seo-wordpress\/ -->\n<title>GRAN AFLUENCIA PARA VACUNACI\u00d3N DE REFUERZO EN TLALMANALCO -<\/title>\n<meta name=\"robots\" content=\"index, follow, max-snippet:-1, max-image-preview:large, max-video-preview:-1\" \/>\n<link rel=\"canonical\" href=\"https:\/\/continuamosmx.com\/index.php\/2022\/01\/26\/gran-afluencia-para-vacunacion-de-refuerzo-en-tlalmanalco\/\" \/>\n<meta property=\"og:locale\" content=\"es_ES\" \/>\n<meta property=\"og:type\" content=\"article\" \/>\n<meta property=\"og:title\" content=\"GRAN AFLUENCIA PARA VACUNACI\u00d3N DE REFUERZO EN TLALMANALCO -\" \/>\n<meta property=\"og:description\" content=\".- Newcesraio seguir con los protocolos d ehigiene para romper cadena de contagios TLALMANALCO, M\u00e9x.- Con gran afluencia el Gobierno de Tlalmanalco realiz\u00f3 la Jornada de Vacunaci\u00f3n para la aplicaci\u00f3n del refuerzo para personas de 50 a 59 a\u00f1os. En esta jornada &nbsp;se espera inmunizar a m\u00e1s de 3 mil tlalmanalquenses de este grupo. El [&hellip;]\" \/>\n<meta property=\"og:url\" content=\"https:\/\/continuamosmx.com\/index.php\/2022\/01\/26\/gran-afluencia-para-vacunacion-de-refuerzo-en-tlalmanalco\/\" \/>\n<meta property=\"article:published_time\" content=\"2022-01-26T04:46:37+00:00\" \/>\n<meta name=\"author\" content=\"Continuamos MX\" \/>\n<meta name=\"twitter:card\" content=\"summary_large_image\" \/>\n<meta name=\"twitter:label1\" content=\"Escrito por\" \/>\n\t<meta name=\"twitter:data1\" content=\"Continuamos MX\" \/>\n\t<meta name=\"twitter:label2\" content=\"Tiempo de lectura\" \/>\n\t<meta name=\"twitter:data2\" content=\"1 minuto\" \/>\n<script type=\"application\/ld+json\" class=\"yoast-schema-graph\">{\"@context\":\"https:\\\/\\\/schema.org\",\"@graph\":[{\"@type\":\"Article\",\"@id\":\"https:\\\/\\\/continuamosmx.com\\\/index.php\\\/2022\\\/01\\\/26\\\/gran-afluencia-para-vacunacion-de-refuerzo-en-tlalmanalco\\\/#article\",\"isPartOf\":{\"@id\":\"https:\\\/\\\/continuamosmx.com\\\/index.php\\\/2022\\\/01\\\/26\\\/gran-afluencia-para-vacunacion-de-refuerzo-en-tlalmanalco\\\/\"},\"author\":{\"name\":\"Continuamos MX\",\"@id\":\"https:\\\/\\\/continuamosmx.com\\\/#\\\/schema\\\/person\\\/5eb5356acb1fad784da407d14f0e8d89\"},\"headline\":\"GRAN AFLUENCIA PARA VACUNACI\u00d3N DE REFUERZO EN TLALMANALCO\",\"datePublished\":\"2022-01-26T04:46:37+00:00\",\"mainEntityOfPage\":{\"@id\":\"https:\\\/\\\/continuamosmx.com\\\/index.php\\\/2022\\\/01\\\/26\\\/gran-afluencia-para-vacunacion-de-refuerzo-en-tlalmanalco\\\/\"},\"wordCount\":182,\"publisher\":{\"@id\":\"https:\\\/\\\/continuamosmx.com\\\/#organization\"},\"image\":{\"@id\":\"https:\\\/\\\/continuamosmx.com\\\/index.php\\\/2022\\\/01\\\/26\\\/gran-afluencia-para-vacunacion-de-refuerzo-en-tlalmanalco\\\/#primaryimage\"},\"thumbnailUrl\":\"https:\\\/\\\/continuamosmx.com\\\/wp-content\\\/uploads\\\/2022\\\/01\\\/vacuna-tlal.jpg\",\"articleSection\":[\"LOCALES\",\"TLALMANALCO\"],\"inLanguage\":\"es\"},{\"@type\":\"WebPage\",\"@id\":\"https:\\\/\\\/continuamosmx.com\\\/index.php\\\/2022\\\/01\\\/26\\\/gran-afluencia-para-vacunacion-de-refuerzo-en-tlalmanalco\\\/\",\"url\":\"https:\\\/\\\/continuamosmx.com\\\/index.php\\\/2022\\\/01\\\/26\\\/gran-afluencia-para-vacunacion-de-refuerzo-en-tlalmanalco\\\/\",\"name\":\"GRAN AFLUENCIA PARA VACUNACI\u00d3N DE REFUERZO EN TLALMANALCO -\",\"isPartOf\":{\"@id\":\"https:\\\/\\\/continuamosmx.com\\\/#website\"},\"primaryImageOfPage\":{\"@id\":\"https:\\\/\\\/continuamosmx.com\\\/index.php\\\/2022\\\/01\\\/26\\\/gran-afluencia-para-vacunacion-de-refuerzo-en-tlalmanalco\\\/#primaryimage\"},\"image\":{\"@id\":\"https:\\\/\\\/continuamosmx.com\\\/index.php\\\/2022\\\/01\\\/26\\\/gran-afluencia-para-vacunacion-de-refuerzo-en-tlalmanalco\\\/#primaryimage\"},\"thumbnailUrl\":\"https:\\\/\\\/continuamosmx.com\\\/wp-content\\\/uploads\\\/2022\\\/01\\\/vacuna-tlal.jpg\",\"datePublished\":\"2022-01-26T04:46:37+00:00\",\"breadcrumb\":{\"@id\":\"https:\\\/\\\/continuamosmx.com\\\/index.php\\\/2022\\\/01\\\/26\\\/gran-afluencia-para-vacunacion-de-refuerzo-en-tlalmanalco\\\/#breadcrumb\"},\"inLanguage\":\"es\",\"potentialAction\":[{\"@type\":\"ReadAction\",\"target\":[\"https:\\\/\\\/continuamosmx.com\\\/index.php\\\/2022\\\/01\\\/26\\\/gran-afluencia-para-vacunacion-de-refuerzo-en-tlalmanalco\\\/\"]}]},{\"@type\":\"ImageObject\",\"inLanguage\":\"es\",\"@id\":\"https:\\\/\\\/continuamosmx.com\\\/index.php\\\/2022\\\/01\\\/26\\\/gran-afluencia-para-vacunacion-de-refuerzo-en-tlalmanalco\\\/#primaryimage\",\"url\":\"https:\\\/\\\/continuamosmx.com\\\/wp-content\\\/uploads\\\/2022\\\/01\\\/vacuna-tlal.jpg\",\"contentUrl\":\"https:\\\/\\\/continuamosmx.com\\\/wp-content\\\/uploads\\\/2022\\\/01\\\/vacuna-tlal.jpg\",\"width\":480,\"height\":479},{\"@type\":\"BreadcrumbList\",\"@id\":\"https:\\\/\\\/continuamosmx.com\\\/index.php\\\/2022\\\/01\\\/26\\\/gran-afluencia-para-vacunacion-de-refuerzo-en-tlalmanalco\\\/#breadcrumb\",\"itemListElement\":[{\"@type\":\"ListItem\",\"position\":1,\"name\":\"Inicio\",\"item\":\"https:\\\/\\\/continuamosmx.com\\\/\"},{\"@type\":\"ListItem\",\"position\":2,\"name\":\"GRAN AFLUENCIA PARA VACUNACI\u00d3N DE REFUERZO EN TLALMANALCO\"}]},{\"@type\":\"WebSite\",\"@id\":\"https:\\\/\\\/continuamosmx.com\\\/#website\",\"url\":\"https:\\\/\\\/continuamosmx.com\\\/\",\"name\":\"www.continuamosmx.com\",\"description\":\"\",\"publisher\":{\"@id\":\"https:\\\/\\\/continuamosmx.com\\\/#organization\"},\"potentialAction\":[{\"@type\":\"SearchAction\",\"target\":{\"@type\":\"EntryPoint\",\"urlTemplate\":\"https:\\\/\\\/continuamosmx.com\\\/?s={search_term_string}\"},\"query-input\":{\"@type\":\"PropertyValueSpecification\",\"valueRequired\":true,\"valueName\":\"search_term_string\"}}],\"inLanguage\":\"es\"},{\"@type\":\"Organization\",\"@id\":\"https:\\\/\\\/continuamosmx.com\\\/#organization\",\"name\":\"ContinuamosMX\",\"url\":\"https:\\\/\\\/continuamosmx.com\\\/\",\"logo\":{\"@type\":\"ImageObject\",\"inLanguage\":\"es\",\"@id\":\"https:\\\/\\\/continuamosmx.com\\\/#\\\/schema\\\/logo\\\/image\\\/\",\"url\":\"https:\\\/\\\/continuamosmx.com\\\/wp-content\\\/uploads\\\/2023\\\/04\\\/cropped-LOGO-CONTI-NUEVO.png\",\"contentUrl\":\"https:\\\/\\\/continuamosmx.com\\\/wp-content\\\/uploads\\\/2023\\\/04\\\/cropped-LOGO-CONTI-NUEVO.png\",\"width\":1257,\"height\":430,\"caption\":\"ContinuamosMX\"},\"image\":{\"@id\":\"https:\\\/\\\/continuamosmx.com\\\/#\\\/schema\\\/logo\\\/image\\\/\"}},{\"@type\":\"Person\",\"@id\":\"https:\\\/\\\/continuamosmx.com\\\/#\\\/schema\\\/person\\\/5eb5356acb1fad784da407d14f0e8d89\",\"name\":\"Continuamos MX\",\"image\":{\"@type\":\"ImageObject\",\"inLanguage\":\"es\",\"@id\":\"https:\\\/\\\/secure.gravatar.com\\\/avatar\\\/30d4f9723476a15f4da34d35fb3501f08d2357016c76051c6a85c354c7489589?s=96&d=mm&r=g\",\"url\":\"https:\\\/\\\/secure.gravatar.com\\\/avatar\\\/30d4f9723476a15f4da34d35fb3501f08d2357016c76051c6a85c354c7489589?s=96&d=mm&r=g\",\"contentUrl\":\"https:\\\/\\\/secure.gravatar.com\\\/avatar\\\/30d4f9723476a15f4da34d35fb3501f08d2357016c76051c6a85c354c7489589?s=96&d=mm&r=g\",\"caption\":\"Continuamos MX\"},\"sameAs\":[\"http:\\\/\\\/www.continuamos.mx\"],\"url\":\"https:\\\/\\\/continuamosmx.com\\\/index.php\\\/author\\\/continuamos\\\/\"}]}<\/script>\n<!-- \/ Yoast SEO plugin. -->","yoast_head_json":{"title":"GRAN AFLUENCIA PARA VACUNACI\u00d3N DE REFUERZO EN TLALMANALCO -","robots":{"index":"index","follow":"follow","max-snippet":"max-snippet:-1","max-image-preview":"max-image-preview:large","max-video-preview":"max-video-preview:-1"},"canonical":"https:\/\/continuamosmx.com\/index.php\/2022\/01\/26\/gran-afluencia-para-vacunacion-de-refuerzo-en-tlalmanalco\/","og_locale":"es_ES","og_type":"article","og_title":"GRAN AFLUENCIA PARA VACUNACI\u00d3N DE REFUERZO EN TLALMANALCO -","og_description":".- Newcesraio seguir con los protocolos d ehigiene para romper cadena de contagios TLALMANALCO, M\u00e9x.- Con gran afluencia el Gobierno de Tlalmanalco realiz\u00f3 la Jornada de Vacunaci\u00f3n para la aplicaci\u00f3n del refuerzo para personas de 50 a 59 a\u00f1os. En esta jornada &nbsp;se espera inmunizar a m\u00e1s de 3 mil tlalmanalquenses de este grupo. El [&hellip;]","og_url":"https:\/\/continuamosmx.com\/index.php\/2022\/01\/26\/gran-afluencia-para-vacunacion-de-refuerzo-en-tlalmanalco\/","article_published_time":"2022-01-26T04:46:37+00:00","author":"Continuamos MX","twitter_card":"summary_large_image","twitter_misc":{"Escrito por":"Continuamos MX","Tiempo de lectura":"1 minuto"},"schema":{"@context":"https:\/\/schema.org","@graph":[{"@type":"Article","@id":"https:\/\/continuamosmx.com\/index.php\/2022\/01\/26\/gran-afluencia-para-vacunacion-de-refuerzo-en-tlalmanalco\/#article","isPartOf":{"@id":"https:\/\/continuamosmx.com\/index.php\/2022\/01\/26\/gran-afluencia-para-vacunacion-de-refuerzo-en-tlalmanalco\/"},"author":{"name":"Continuamos MX","@id":"https:\/\/continuamosmx.com\/#\/schema\/person\/5eb5356acb1fad784da407d14f0e8d89"},"headline":"GRAN AFLUENCIA PARA VACUNACI\u00d3N DE REFUERZO EN TLALMANALCO","datePublished":"2022-01-26T04:46:37+00:00","mainEntityOfPage":{"@id":"https:\/\/continuamosmx.com\/index.php\/2022\/01\/26\/gran-afluencia-para-vacunacion-de-refuerzo-en-tlalmanalco\/"},"wordCount":182,"publisher":{"@id":"https:\/\/continuamosmx.com\/#organization"},"image":{"@id":"https:\/\/continuamosmx.com\/index.php\/2022\/01\/26\/gran-afluencia-para-vacunacion-de-refuerzo-en-tlalmanalco\/#primaryimage"},"thumbnailUrl":"https:\/\/continuamosmx.com\/wp-content\/uploads\/2022\/01\/vacuna-tlal.jpg","articleSection":["LOCALES","TLALMANALCO"],"inLanguage":"es"},{"@type":"WebPage","@id":"https:\/\/continuamosmx.com\/index.php\/2022\/01\/26\/gran-afluencia-para-vacunacion-de-refuerzo-en-tlalmanalco\/","url":"https:\/\/continuamosmx.com\/index.php\/2022\/01\/26\/gran-afluencia-para-vacunacion-de-refuerzo-en-tlalmanalco\/","name":"GRAN AFLUENCIA PARA VACUNACI\u00d3N DE REFUERZO EN TLALMANALCO -","isPartOf":{"@id":"https:\/\/continuamosmx.com\/#website"},"primaryImageOfPage":{"@id":"https:\/\/continuamosmx.com\/index.php\/2022\/01\/26\/gran-afluencia-para-vacunacion-de-refuerzo-en-tlalmanalco\/#primaryimage"},"image":{"@id":"https:\/\/continuamosmx.com\/index.php\/2022\/01\/26\/gran-afluencia-para-vacunacion-de-refuerzo-en-tlalmanalco\/#primaryimage"},"thumbnailUrl":"https:\/\/continuamosmx.com\/wp-content\/uploads\/2022\/01\/vacuna-tlal.jpg","datePublished":"2022-01-26T04:46:37+00:00","breadcrumb":{"@id":"https:\/\/continuamosmx.com\/index.php\/2022\/01\/26\/gran-afluencia-para-vacunacion-de-refuerzo-en-tlalmanalco\/#breadcrumb"},"inLanguage":"es","potentialAction":[{"@type":"ReadAction","target":["https:\/\/continuamosmx.com\/index.php\/2022\/01\/26\/gran-afluencia-para-vacunacion-de-refuerzo-en-tlalmanalco\/"]}]},{"@type":"ImageObject","inLanguage":"es","@id":"https:\/\/continuamosmx.com\/index.php\/2022\/01\/26\/gran-afluencia-para-vacunacion-de-refuerzo-en-tlalmanalco\/#primaryimage","url":"https:\/\/continuamosmx.com\/wp-content\/uploads\/2022\/01\/vacuna-tlal.jpg","contentUrl":"https:\/\/continuamosmx.com\/wp-content\/uploads\/2022\/01\/vacuna-tlal.jpg","width":480,"height":479},{"@type":"BreadcrumbList","@id":"https:\/\/continuamosmx.com\/index.php\/2022\/01\/26\/gran-afluencia-para-vacunacion-de-refuerzo-en-tlalmanalco\/#breadcrumb","itemListElement":[{"@type":"ListItem","position":1,"name":"Inicio","item":"https:\/\/continuamosmx.com\/"},{"@type":"ListItem","position":2,"name":"GRAN AFLUENCIA PARA VACUNACI\u00d3N DE REFUERZO EN TLALMANALCO"}]},{"@type":"WebSite","@id":"https:\/\/continuamosmx.com\/#website","url":"https:\/\/continuamosmx.com\/","name":"www.continuamosmx.com","description":"","publisher":{"@id":"https:\/\/continuamosmx.com\/#organization"},"potentialAction":[{"@type":"SearchAction","target":{"@type":"EntryPoint","urlTemplate":"https:\/\/continuamosmx.com\/?s={search_term_string}"},"query-input":{"@type":"PropertyValueSpecification","valueRequired":true,"valueName":"search_term_string"}}],"inLanguage":"es"},{"@type":"Organization","@id":"https:\/\/continuamosmx.com\/#organization","name":"ContinuamosMX","url":"https:\/\/continuamosmx.com\/","logo":{"@type":"ImageObject","inLanguage":"es","@id":"https:\/\/continuamosmx.com\/#\/schema\/logo\/image\/","url":"https:\/\/continuamosmx.com\/wp-content\/uploads\/2023\/04\/cropped-LOGO-CONTI-NUEVO.png","contentUrl":"https:\/\/continuamosmx.com\/wp-content\/uploads\/2023\/04\/cropped-LOGO-CONTI-NUEVO.png","width":1257,"height":430,"caption":"ContinuamosMX"},"image":{"@id":"https:\/\/continuamosmx.com\/#\/schema\/logo\/image\/"}},{"@type":"Person","@id":"https:\/\/continuamosmx.com\/#\/schema\/person\/5eb5356acb1fad784da407d14f0e8d89","name":"Continuamos MX","image":{"@type":"ImageObject","inLanguage":"es","@id":"https:\/\/secure.gravatar.com\/avatar\/30d4f9723476a15f4da34d35fb3501f08d2357016c76051c6a85c354c7489589?s=96&d=mm&r=g","url":"https:\/\/secure.gravatar.com\/avatar\/30d4f9723476a15f4da34d35fb3501f08d2357016c76051c6a85c354c7489589?s=96&d=mm&r=g","contentUrl":"https:\/\/secure.gravatar.com\/avatar\/30d4f9723476a15f4da34d35fb3501f08d2357016c76051c6a85c354c7489589?s=96&d=mm&r=g","caption":"Continuamos MX"},"sameAs":["http:\/\/www.continuamos.mx"],"url":"https:\/\/continuamosmx.com\/index.php\/author\/continuamos\/"}]}},"_links":{"self":[{"href":"https:\/\/continuamosmx.com\/index.php\/wp-json\/wp\/v2\/posts\/33141","targetHints":{"allow":["GET"]}}],"collection":[{"href":"https:\/\/continuamosmx.com\/index.php\/wp-json\/wp\/v2\/posts"}],"about":[{"href":"https:\/\/continuamosmx.com\/index.php\/wp-json\/wp\/v2\/types\/post"}],"author":[{"embeddable":true,"href":"https:\/\/continuamosmx.com\/index.php\/wp-json\/wp\/v2\/users\/6"}],"replies":[{"embeddable":true,"href":"https:\/\/continuamosmx.com\/index.php\/wp-json\/wp\/v2\/comments?post=33141"}],"version-history":[{"count":0,"href":"https:\/\/continuamosmx.com\/index.php\/wp-json\/wp\/v2\/posts\/33141\/revisions"}],"wp:featuredmedia":[{"embeddable":true,"href":"https:\/\/continuamosmx.com\/index.php\/wp-json\/wp\/v2\/media\/33142"}],"wp:attachment":[{"href":"https:\/\/continuamosmx.com\/index.php\/wp-json\/wp\/v2\/media?parent=33141"}],"wp:term":[{"taxonomy":"category","embeddable":true,"href":"https:\/\/continuamosmx.com\/index.php\/wp-json\/wp\/v2\/categories?post=33141"},{"taxonomy":"post_tag","embeddable":true,"href":"https:\/\/continuamosmx.com\/index.php\/wp-json\/wp\/v2\/tags?post=33141"}],"curies":[{"name":"wp","href":"https:\/\/api.w.org\/{rel}","templated":true}]}}