{"id":33056,"date":"2022-01-24T14:08:45","date_gmt":"2022-01-24T14:08:45","guid":{"rendered":"https:\/\/continuamos.mx\/?p=33056"},"modified":"2022-01-24T14:08:45","modified_gmt":"2022-01-24T14:08:45","slug":"el-terrible-covid","status":"publish","type":"post","link":"https:\/\/continuamosmx.com\/index.php\/2022\/01\/24\/el-terrible-covid\/","title":{"rendered":"\u00bfEL TERRIBLE COVID?"},"content":{"rendered":"\n<figure class=\"wp-block-pullquote\"><blockquote><p><strong>Gesti\u00f3n de Riesgo de Desastres<\/strong><\/p><cite><strong><em>Por Jes\u00fas Ascenci\u00f3n V.\u00a0<\/em><\/strong><\/cite><\/blockquote><\/figure>\n\n\n\n<p>Iniciamos un nuevo a\u00f1o con la continuidad de la problem\u00e1tica COVID y sus diversas variantes, la cuarta ola, y el regresa a sem\u00e1foro amarillo, lo que dio pauta a que platicando con algunos compa\u00f1eros de diversas disciplinas, encontramos diversas controversias, como que, mientras la poblaci\u00f3n en general, busca acabar con el \u00abterrible virus\u00bb por medio, el uso del gel \u00abantibacterial\u00bb, los sanitizantes, la sana distancia y en algunos casos, no exponi\u00e9ndose en lugares muy concurridos para evitar contagiarse, y aplic\u00e1ndose las vacunas, a la par notando que algunos altos funcionarios entre ellos, los sanitarios, nada mas no les han funcionado las estrategias sanitarias, por lo que algunos mejor se \u00a8retiraron\u00a8 para evitar que se les atribuya alguna responsabilidad., y \u00a8otros\u00a8 est\u00e1n a la espera de alg\u00fan proceso judicial. \u00a0<\/p>\n\n\n\n<p>Una caracter\u00edstica de la \u00abConstrucci\u00f3n Social del Riesgo\u00bb es entender que: La mano del hombre influye en casi todas las acciones, que pueden generar bienestar, mejoras, da\u00f1o o p\u00e9rdidas para nosotros mismos, de ah\u00ed, el porqu\u00e9 de tantos decesos en todos los pa\u00edses, lejos de cualquier teor\u00eda conspirativa, solo algunos miembros de la academia relacionados a las Ciencias Sociales, han aceptado que el problema no es el \u00a8terrible o maldito virus\u00a8, el verdadero problema, es lo vulnerable (mejor dicho \u00a8vulnerada\u00a8) que se encontraba la poblaci\u00f3n, a la presencia del virus, toda vez que las personas con alguna comorbilidad fueron y contin\u00faan siendo la poblaci\u00f3n que al exponerse, es la m\u00e1s susceptible a agravarse al contagio con el COVID-19, y cualquier variante (incluyendo al personal m\u00e9dico y los diversos integrantes de los cuerpos de emergencia).<\/p>\n\n\n\n<p>Pero esa vulnerabilidad no lleg\u00f3 sola, se trata de una&nbsp; compleja problem\u00e1tica generada por el actual sistema econ\u00f3mico fallido, el cual manten\u00eda a la poblaci\u00f3n \u00a8limitada\u00a8 y con deficiencias en alimentaci\u00f3n, malos h\u00e1bitos en general, por el tipo de alimentos (que produc\u00eda la industria con la aprobaci\u00f3n de algunas autoridades negligentes) con lo que las personas se deterioraron al paso del tiempo (gener\u00e1ndoles diabetes, hipertensi\u00f3n, colesterol alto, etc.) y al llegar el COVID-19, fue a las primeras personas que afect\u00f3.<\/p>\n\n\n\n<p>a algunos alert\u00f3 y ahora mejoran su condici\u00f3n alimenticia y f\u00edsica, (aun sin tomar en cuenta, que lo deteriorado que est\u00e1bamos antes, no lo podremos eliminar) quedando a expensas del ataque del COVID y sus m\u00faltiples variantes, (Delta, Omicr\u00f3n, IHU, y las que faltan).<\/p>\n\n\n\n<p>\u00a8Por lo tanto el problema no es el virus\u2026 el problema somos nosotros\u00a8, Al final, \u00a8Nos iremos \u00a8 los que nos tengamos que ir\u00a8, de acuerdo a los cuidados que hayamos tenido de manera integral con el cuidado de nuestro cuerpo.<\/p>\n\n\n\n<p>Para muestra un bot\u00f3n: los asintom\u00e1ticos son un ejemplo claro de personas, de los que, sus organismos se encuentran en mejores condiciones y resilientes al ataque del virus, mientras que posiblemente la vacuna del COVID pase a formar parte de la lista de las que tengamos que aplicarnos cada a\u00f1o, como la influenza.&nbsp;<\/p>\n","protected":false},"excerpt":{"rendered":"<p>Gesti\u00f3n de Riesgo de Desastres Por Jes\u00fas Ascenci\u00f3n V.\u00a0 Iniciamos un nuevo a\u00f1o con la continuidad de la problem\u00e1tica COVID y sus diversas variantes, la cuarta ola, y el regresa a sem\u00e1foro amarillo, lo que dio pauta a que platicando con algunos compa\u00f1eros de diversas disciplinas, encontramos diversas controversias, como que, mientras la poblaci\u00f3n en [&hellip;]<\/p>\n","protected":false},"author":6,"featured_media":33057,"comment_status":"closed","ping_status":"open","sticky":false,"template":"","format":"standard","meta":{"footnotes":""},"categories":[10,9,17],"tags":[],"class_list":["post-33056","post","type-post","status-publish","format-standard","has-post-thumbnail","hentry","category-articulo-de-contenido","category-columnas","category-salud"],"yoast_head":"<!-- This site is optimized with the Yoast SEO plugin v27.5 - https:\/\/yoast.com\/product\/yoast-seo-wordpress\/ -->\n<title>\u00bfEL TERRIBLE COVID? -<\/title>\n<meta name=\"robots\" content=\"index, follow, max-snippet:-1, max-image-preview:large, max-video-preview:-1\" \/>\n<link rel=\"canonical\" href=\"https:\/\/continuamosmx.com\/index.php\/2022\/01\/24\/el-terrible-covid\/\" \/>\n<meta property=\"og:locale\" content=\"es_ES\" \/>\n<meta property=\"og:type\" content=\"article\" \/>\n<meta property=\"og:title\" content=\"\u00bfEL TERRIBLE COVID? -\" \/>\n<meta property=\"og:description\" content=\"Gesti\u00f3n de Riesgo de Desastres Por Jes\u00fas Ascenci\u00f3n V.\u00a0 Iniciamos un nuevo a\u00f1o con la continuidad de la problem\u00e1tica COVID y sus diversas variantes, la cuarta ola, y el regresa a sem\u00e1foro amarillo, lo que dio pauta a que platicando con algunos compa\u00f1eros de diversas disciplinas, encontramos diversas controversias, como que, mientras la poblaci\u00f3n en [&hellip;]\" \/>\n<meta property=\"og:url\" content=\"https:\/\/continuamosmx.com\/index.php\/2022\/01\/24\/el-terrible-covid\/\" \/>\n<meta property=\"article:published_time\" content=\"2022-01-24T14:08:45+00:00\" \/>\n<meta name=\"author\" content=\"Continuamos MX\" \/>\n<meta name=\"twitter:card\" content=\"summary_large_image\" \/>\n<meta name=\"twitter:label1\" content=\"Escrito por\" \/>\n\t<meta name=\"twitter:data1\" content=\"Continuamos MX\" \/>\n\t<meta name=\"twitter:label2\" content=\"Tiempo de lectura\" \/>\n\t<meta name=\"twitter:data2\" content=\"3 minutos\" \/>\n<script type=\"application\/ld+json\" class=\"yoast-schema-graph\">{\"@context\":\"https:\\\/\\\/schema.org\",\"@graph\":[{\"@type\":\"Article\",\"@id\":\"https:\\\/\\\/continuamosmx.com\\\/index.php\\\/2022\\\/01\\\/24\\\/el-terrible-covid\\\/#article\",\"isPartOf\":{\"@id\":\"https:\\\/\\\/continuamosmx.com\\\/index.php\\\/2022\\\/01\\\/24\\\/el-terrible-covid\\\/\"},\"author\":{\"name\":\"Continuamos MX\",\"@id\":\"https:\\\/\\\/continuamosmx.com\\\/#\\\/schema\\\/person\\\/5eb5356acb1fad784da407d14f0e8d89\"},\"headline\":\"\u00bfEL TERRIBLE COVID?\",\"datePublished\":\"2022-01-24T14:08:45+00:00\",\"mainEntityOfPage\":{\"@id\":\"https:\\\/\\\/continuamosmx.com\\\/index.php\\\/2022\\\/01\\\/24\\\/el-terrible-covid\\\/\"},\"wordCount\":534,\"publisher\":{\"@id\":\"https:\\\/\\\/continuamosmx.com\\\/#organization\"},\"image\":{\"@id\":\"https:\\\/\\\/continuamosmx.com\\\/index.php\\\/2022\\\/01\\\/24\\\/el-terrible-covid\\\/#primaryimage\"},\"thumbnailUrl\":\"https:\\\/\\\/continuamosmx.com\\\/wp-content\\\/uploads\\\/2023\\\/04\\\/LOGO-CONTI-NUEVO.png\",\"articleSection\":[\"ART\u00cdCULO DE CONTENIDO\",\"COLUMNAS\",\"SALUD\"],\"inLanguage\":\"es\"},{\"@type\":\"WebPage\",\"@id\":\"https:\\\/\\\/continuamosmx.com\\\/index.php\\\/2022\\\/01\\\/24\\\/el-terrible-covid\\\/\",\"url\":\"https:\\\/\\\/continuamosmx.com\\\/index.php\\\/2022\\\/01\\\/24\\\/el-terrible-covid\\\/\",\"name\":\"\u00bfEL TERRIBLE COVID? -\",\"isPartOf\":{\"@id\":\"https:\\\/\\\/continuamosmx.com\\\/#website\"},\"primaryImageOfPage\":{\"@id\":\"https:\\\/\\\/continuamosmx.com\\\/index.php\\\/2022\\\/01\\\/24\\\/el-terrible-covid\\\/#primaryimage\"},\"image\":{\"@id\":\"https:\\\/\\\/continuamosmx.com\\\/index.php\\\/2022\\\/01\\\/24\\\/el-terrible-covid\\\/#primaryimage\"},\"thumbnailUrl\":\"https:\\\/\\\/continuamosmx.com\\\/wp-content\\\/uploads\\\/2023\\\/04\\\/LOGO-CONTI-NUEVO.png\",\"datePublished\":\"2022-01-24T14:08:45+00:00\",\"breadcrumb\":{\"@id\":\"https:\\\/\\\/continuamosmx.com\\\/index.php\\\/2022\\\/01\\\/24\\\/el-terrible-covid\\\/#breadcrumb\"},\"inLanguage\":\"es\",\"potentialAction\":[{\"@type\":\"ReadAction\",\"target\":[\"https:\\\/\\\/continuamosmx.com\\\/index.php\\\/2022\\\/01\\\/24\\\/el-terrible-covid\\\/\"]}]},{\"@type\":\"ImageObject\",\"inLanguage\":\"es\",\"@id\":\"https:\\\/\\\/continuamosmx.com\\\/index.php\\\/2022\\\/01\\\/24\\\/el-terrible-covid\\\/#primaryimage\",\"url\":\"https:\\\/\\\/continuamosmx.com\\\/wp-content\\\/uploads\\\/2023\\\/04\\\/LOGO-CONTI-NUEVO.png\",\"contentUrl\":\"https:\\\/\\\/continuamosmx.com\\\/wp-content\\\/uploads\\\/2023\\\/04\\\/LOGO-CONTI-NUEVO.png\",\"width\":1257,\"height\":430},{\"@type\":\"BreadcrumbList\",\"@id\":\"https:\\\/\\\/continuamosmx.com\\\/index.php\\\/2022\\\/01\\\/24\\\/el-terrible-covid\\\/#breadcrumb\",\"itemListElement\":[{\"@type\":\"ListItem\",\"position\":1,\"name\":\"Inicio\",\"item\":\"https:\\\/\\\/continuamosmx.com\\\/\"},{\"@type\":\"ListItem\",\"position\":2,\"name\":\"\u00bfEL TERRIBLE COVID?\"}]},{\"@type\":\"WebSite\",\"@id\":\"https:\\\/\\\/continuamosmx.com\\\/#website\",\"url\":\"https:\\\/\\\/continuamosmx.com\\\/\",\"name\":\"www.continuamosmx.com\",\"description\":\"\",\"publisher\":{\"@id\":\"https:\\\/\\\/continuamosmx.com\\\/#organization\"},\"potentialAction\":[{\"@type\":\"SearchAction\",\"target\":{\"@type\":\"EntryPoint\",\"urlTemplate\":\"https:\\\/\\\/continuamosmx.com\\\/?s={search_term_string}\"},\"query-input\":{\"@type\":\"PropertyValueSpecification\",\"valueRequired\":true,\"valueName\":\"search_term_string\"}}],\"inLanguage\":\"es\"},{\"@type\":\"Organization\",\"@id\":\"https:\\\/\\\/continuamosmx.com\\\/#organization\",\"name\":\"ContinuamosMX\",\"url\":\"https:\\\/\\\/continuamosmx.com\\\/\",\"logo\":{\"@type\":\"ImageObject\",\"inLanguage\":\"es\",\"@id\":\"https:\\\/\\\/continuamosmx.com\\\/#\\\/schema\\\/logo\\\/image\\\/\",\"url\":\"https:\\\/\\\/continuamosmx.com\\\/wp-content\\\/uploads\\\/2023\\\/04\\\/cropped-LOGO-CONTI-NUEVO.png\",\"contentUrl\":\"https:\\\/\\\/continuamosmx.com\\\/wp-content\\\/uploads\\\/2023\\\/04\\\/cropped-LOGO-CONTI-NUEVO.png\",\"width\":1257,\"height\":430,\"caption\":\"ContinuamosMX\"},\"image\":{\"@id\":\"https:\\\/\\\/continuamosmx.com\\\/#\\\/schema\\\/logo\\\/image\\\/\"}},{\"@type\":\"Person\",\"@id\":\"https:\\\/\\\/continuamosmx.com\\\/#\\\/schema\\\/person\\\/5eb5356acb1fad784da407d14f0e8d89\",\"name\":\"Continuamos MX\",\"image\":{\"@type\":\"ImageObject\",\"inLanguage\":\"es\",\"@id\":\"https:\\\/\\\/secure.gravatar.com\\\/avatar\\\/30d4f9723476a15f4da34d35fb3501f08d2357016c76051c6a85c354c7489589?s=96&d=mm&r=g\",\"url\":\"https:\\\/\\\/secure.gravatar.com\\\/avatar\\\/30d4f9723476a15f4da34d35fb3501f08d2357016c76051c6a85c354c7489589?s=96&d=mm&r=g\",\"contentUrl\":\"https:\\\/\\\/secure.gravatar.com\\\/avatar\\\/30d4f9723476a15f4da34d35fb3501f08d2357016c76051c6a85c354c7489589?s=96&d=mm&r=g\",\"caption\":\"Continuamos MX\"},\"sameAs\":[\"http:\\\/\\\/www.continuamos.mx\"],\"url\":\"https:\\\/\\\/continuamosmx.com\\\/index.php\\\/author\\\/continuamos\\\/\"}]}<\/script>\n<!-- \/ Yoast SEO plugin. -->","yoast_head_json":{"title":"\u00bfEL TERRIBLE COVID? -","robots":{"index":"index","follow":"follow","max-snippet":"max-snippet:-1","max-image-preview":"max-image-preview:large","max-video-preview":"max-video-preview:-1"},"canonical":"https:\/\/continuamosmx.com\/index.php\/2022\/01\/24\/el-terrible-covid\/","og_locale":"es_ES","og_type":"article","og_title":"\u00bfEL TERRIBLE COVID? -","og_description":"Gesti\u00f3n de Riesgo de Desastres Por Jes\u00fas Ascenci\u00f3n V.\u00a0 Iniciamos un nuevo a\u00f1o con la continuidad de la problem\u00e1tica COVID y sus diversas variantes, la cuarta ola, y el regresa a sem\u00e1foro amarillo, lo que dio pauta a que platicando con algunos compa\u00f1eros de diversas disciplinas, encontramos diversas controversias, como que, mientras la poblaci\u00f3n en [&hellip;]","og_url":"https:\/\/continuamosmx.com\/index.php\/2022\/01\/24\/el-terrible-covid\/","article_published_time":"2022-01-24T14:08:45+00:00","author":"Continuamos MX","twitter_card":"summary_large_image","twitter_misc":{"Escrito por":"Continuamos MX","Tiempo de lectura":"3 minutos"},"schema":{"@context":"https:\/\/schema.org","@graph":[{"@type":"Article","@id":"https:\/\/continuamosmx.com\/index.php\/2022\/01\/24\/el-terrible-covid\/#article","isPartOf":{"@id":"https:\/\/continuamosmx.com\/index.php\/2022\/01\/24\/el-terrible-covid\/"},"author":{"name":"Continuamos MX","@id":"https:\/\/continuamosmx.com\/#\/schema\/person\/5eb5356acb1fad784da407d14f0e8d89"},"headline":"\u00bfEL TERRIBLE COVID?","datePublished":"2022-01-24T14:08:45+00:00","mainEntityOfPage":{"@id":"https:\/\/continuamosmx.com\/index.php\/2022\/01\/24\/el-terrible-covid\/"},"wordCount":534,"publisher":{"@id":"https:\/\/continuamosmx.com\/#organization"},"image":{"@id":"https:\/\/continuamosmx.com\/index.php\/2022\/01\/24\/el-terrible-covid\/#primaryimage"},"thumbnailUrl":"https:\/\/continuamosmx.com\/wp-content\/uploads\/2023\/04\/LOGO-CONTI-NUEVO.png","articleSection":["ART\u00cdCULO DE CONTENIDO","COLUMNAS","SALUD"],"inLanguage":"es"},{"@type":"WebPage","@id":"https:\/\/continuamosmx.com\/index.php\/2022\/01\/24\/el-terrible-covid\/","url":"https:\/\/continuamosmx.com\/index.php\/2022\/01\/24\/el-terrible-covid\/","name":"\u00bfEL TERRIBLE COVID? -","isPartOf":{"@id":"https:\/\/continuamosmx.com\/#website"},"primaryImageOfPage":{"@id":"https:\/\/continuamosmx.com\/index.php\/2022\/01\/24\/el-terrible-covid\/#primaryimage"},"image":{"@id":"https:\/\/continuamosmx.com\/index.php\/2022\/01\/24\/el-terrible-covid\/#primaryimage"},"thumbnailUrl":"https:\/\/continuamosmx.com\/wp-content\/uploads\/2023\/04\/LOGO-CONTI-NUEVO.png","datePublished":"2022-01-24T14:08:45+00:00","breadcrumb":{"@id":"https:\/\/continuamosmx.com\/index.php\/2022\/01\/24\/el-terrible-covid\/#breadcrumb"},"inLanguage":"es","potentialAction":[{"@type":"ReadAction","target":["https:\/\/continuamosmx.com\/index.php\/2022\/01\/24\/el-terrible-covid\/"]}]},{"@type":"ImageObject","inLanguage":"es","@id":"https:\/\/continuamosmx.com\/index.php\/2022\/01\/24\/el-terrible-covid\/#primaryimage","url":"https:\/\/continuamosmx.com\/wp-content\/uploads\/2023\/04\/LOGO-CONTI-NUEVO.png","contentUrl":"https:\/\/continuamosmx.com\/wp-content\/uploads\/2023\/04\/LOGO-CONTI-NUEVO.png","width":1257,"height":430},{"@type":"BreadcrumbList","@id":"https:\/\/continuamosmx.com\/index.php\/2022\/01\/24\/el-terrible-covid\/#breadcrumb","itemListElement":[{"@type":"ListItem","position":1,"name":"Inicio","item":"https:\/\/continuamosmx.com\/"},{"@type":"ListItem","position":2,"name":"\u00bfEL TERRIBLE COVID?"}]},{"@type":"WebSite","@id":"https:\/\/continuamosmx.com\/#website","url":"https:\/\/continuamosmx.com\/","name":"www.continuamosmx.com","description":"","publisher":{"@id":"https:\/\/continuamosmx.com\/#organization"},"potentialAction":[{"@type":"SearchAction","target":{"@type":"EntryPoint","urlTemplate":"https:\/\/continuamosmx.com\/?s={search_term_string}"},"query-input":{"@type":"PropertyValueSpecification","valueRequired":true,"valueName":"search_term_string"}}],"inLanguage":"es"},{"@type":"Organization","@id":"https:\/\/continuamosmx.com\/#organization","name":"ContinuamosMX","url":"https:\/\/continuamosmx.com\/","logo":{"@type":"ImageObject","inLanguage":"es","@id":"https:\/\/continuamosmx.com\/#\/schema\/logo\/image\/","url":"https:\/\/continuamosmx.com\/wp-content\/uploads\/2023\/04\/cropped-LOGO-CONTI-NUEVO.png","contentUrl":"https:\/\/continuamosmx.com\/wp-content\/uploads\/2023\/04\/cropped-LOGO-CONTI-NUEVO.png","width":1257,"height":430,"caption":"ContinuamosMX"},"image":{"@id":"https:\/\/continuamosmx.com\/#\/schema\/logo\/image\/"}},{"@type":"Person","@id":"https:\/\/continuamosmx.com\/#\/schema\/person\/5eb5356acb1fad784da407d14f0e8d89","name":"Continuamos MX","image":{"@type":"ImageObject","inLanguage":"es","@id":"https:\/\/secure.gravatar.com\/avatar\/30d4f9723476a15f4da34d35fb3501f08d2357016c76051c6a85c354c7489589?s=96&d=mm&r=g","url":"https:\/\/secure.gravatar.com\/avatar\/30d4f9723476a15f4da34d35fb3501f08d2357016c76051c6a85c354c7489589?s=96&d=mm&r=g","contentUrl":"https:\/\/secure.gravatar.com\/avatar\/30d4f9723476a15f4da34d35fb3501f08d2357016c76051c6a85c354c7489589?s=96&d=mm&r=g","caption":"Continuamos MX"},"sameAs":["http:\/\/www.continuamos.mx"],"url":"https:\/\/continuamosmx.com\/index.php\/author\/continuamos\/"}]}},"_links":{"self":[{"href":"https:\/\/continuamosmx.com\/index.php\/wp-json\/wp\/v2\/posts\/33056","targetHints":{"allow":["GET"]}}],"collection":[{"href":"https:\/\/continuamosmx.com\/index.php\/wp-json\/wp\/v2\/posts"}],"about":[{"href":"https:\/\/continuamosmx.com\/index.php\/wp-json\/wp\/v2\/types\/post"}],"author":[{"embeddable":true,"href":"https:\/\/continuamosmx.com\/index.php\/wp-json\/wp\/v2\/users\/6"}],"replies":[{"embeddable":true,"href":"https:\/\/continuamosmx.com\/index.php\/wp-json\/wp\/v2\/comments?post=33056"}],"version-history":[{"count":0,"href":"https:\/\/continuamosmx.com\/index.php\/wp-json\/wp\/v2\/posts\/33056\/revisions"}],"wp:featuredmedia":[{"embeddable":true,"href":"https:\/\/continuamosmx.com\/index.php\/wp-json\/wp\/v2\/media\/33057"}],"wp:attachment":[{"href":"https:\/\/continuamosmx.com\/index.php\/wp-json\/wp\/v2\/media?parent=33056"}],"wp:term":[{"taxonomy":"category","embeddable":true,"href":"https:\/\/continuamosmx.com\/index.php\/wp-json\/wp\/v2\/categories?post=33056"},{"taxonomy":"post_tag","embeddable":true,"href":"https:\/\/continuamosmx.com\/index.php\/wp-json\/wp\/v2\/tags?post=33056"}],"curies":[{"name":"wp","href":"https:\/\/api.w.org\/{rel}","templated":true}]}}