{"id":32990,"date":"2023-04-03T17:40:00","date_gmt":"2023-04-03T17:40:00","guid":{"rendered":"https:\/\/continuamosmx.com\/?p=43681"},"modified":"2023-05-17T03:05:19","modified_gmt":"2023-05-17T03:05:19","slug":"huixquilucan-pone-en-marcha-el-operativo-semana-santa-2023","status":"publish","type":"post","link":"https:\/\/continuamosmx.com\/index.php\/2023\/04\/03\/huixquilucan-pone-en-marcha-el-operativo-semana-santa-2023\/","title":{"rendered":"HUIXQUILUCAN PONE EN MARCHA EL OPERATIVO \u201cSEMANA SANTA 2023\u201d"},"content":{"rendered":"\n<p>*<strong>Del 2 al 16 de abril se reforzar\u00e1n los patrullajes en las tres zonas que comprende el territorio municipal y en las zonas lim\u00edtrofes con otras alcald\u00edas.<\/strong><\/p>\n\n\n\n<p>REDACCI\u00d3N.<\/p>\n\n\n\n<p>HUIXQUILUCAN, M\u00e9x.- Desde el 2 de abril, el gobierno de Huixquilucan implement\u00f3 el operativo \u201cSemana Santa 2023\u201d para reforzar la seguridad y salvaguardar la integridad f\u00edsica y los bienes de quienes habitan, transitan o visitan el municipio para que las celebraciones religiosas y el periodo vacacional se realicen en completa paz y con tranquilidad.<\/p>\n\n\n\n<p>La Direcci\u00f3n de Seguridad P\u00fablica y Vialidad de Huixquilucan inform\u00f3 que este operativo estar\u00e1 vigente hasta el domingo 16 de abril y contar\u00e1 con la participaci\u00f3n de todos los elementos de la corporaci\u00f3n, quienes reforzar\u00e1n los patrullajes en la zona tradicional, popular y residencial, con el fin de vigilar lugares con mayor concentraci\u00f3n de personas, as\u00ed como en las zonas habitacionales para prevenir el robo a casa-habitaci\u00f3n.<\/p>\n\n\n\n<p>Se detall\u00f3 que se trabajar\u00e1 con la Coordinaci\u00f3n de PC y estar\u00e1n presentes en las inmediaciones de centros religiosos para resguardar a los feligreses que asisten a la celebraci\u00f3n de la semana mayor.<\/p>\n\n\n\n<p>\u201cHabr\u00e1 un despliegue polic\u00edaco por todo el territorio y, para ello, contaremos con el cien por ciento de nuestros elementos, adem\u00e1s de mantener las acciones y operativos que llevamos de manera permanente, reforzaremos la vigilancia en las entradas y salidas del municipio y algo que nos pide mucho la ciudadan\u00eda que sale de vacaciones, es cuidar las zonas habitacionales para evitar el robo en los hogares\u201d, se\u00f1al\u00f3 el comisario.<\/p>\n\n\n\n<p>La fuerza policial tambi\u00e9n se intensificar\u00e1 en puntos estrat\u00e9gicos, entre ellos, bancos y centros comerciales, cajeros autom\u00e1ticos, vialidades principales del municipio.<\/p>\n\n\n\n<p>Desde los dos Centros de Mando se vigilar\u00e1 todo el territorio para monitorear que las actividades se realicen sin contratiempos; y con el operativo que se hace con la alcald\u00eda Cuajimalpa, Miguel Hidalgo y Naucalpan, se intensificaran los patrullajes en las zonas lim\u00edtrofes.<\/p>\n\n\n\n<p>El gobierno exhorta a los automovilistas a seguir las medidas para tener d\u00edas de asueto y viajes seguros, como revisar su veh\u00edculo antes de salir a carretera y respetar las reglas de tr\u00e1nsito.<\/p>\n\n\n\n<p>Para quienes salgan de casa, la recomendaci\u00f3n es cerrar puertas y ventanas, llaves de paso de gas y agua, as\u00ed como desconectar la energ\u00eda el\u00e9ctrica, dejar n\u00fameros telef\u00f3nicos para ser localizados por alguna persona de confianza y pedir a un vecino mantenerse alerta de sus viviendas.<\/p>\n\n\n\n<p>En caso de emergencia, la ciudadan\u00eda puede comunicarse a los tel\u00e9fonos (55) 3605 1439, (55) 3605 1440, (55) 3605 1441, (55) 5290 6064 y (55)8284 2237 del Centro de Mando, o al (55) 5949 3799 de la Coordinaci\u00f3n Municipal de Protecci\u00f3n Civil.HUIXQUILUCAN PONE EN MARCHA EL OPERATIVO \u201cSEMANA SANTA 2023\u201d<\/p>\n\n\n\n<p>*Del 2 al 16 de abril se reforzar\u00e1n los patrullajes en las tres zonas que comprende el territorio municipal y en las zonas lim\u00edtrofes con otras alcald\u00edas.<\/p>\n\n\n\n<p>REDACCI\u00d3N.<\/p>\n\n\n\n<p>HUIXQUILUCAN, M\u00e9x.- Desde el 2 de abril, el gobierno de Huixquilucan implement\u00f3 el operativo \u201cSemana Santa 2023\u201d para reforzar la seguridad y salvaguardar la integridad f\u00edsica y los bienes de quienes habitan, transitan o visitan el municipio para que las celebraciones religiosas y el periodo vacacional se realicen en completa paz y con tranquilidad.<\/p>\n\n\n\n<p>La Direcci\u00f3n de Seguridad P\u00fablica y Vialidad de Huixquilucan inform\u00f3 que este operativo estar\u00e1 vigente hasta el domingo 16 de abril y contar\u00e1 con la participaci\u00f3n de todos los elementos de la corporaci\u00f3n, quienes reforzar\u00e1n los patrullajes en la zona tradicional, popular y residencial, con el fin de vigilar lugares con mayor concentraci\u00f3n de personas, as\u00ed como en las zonas habitacionales para prevenir el robo a casa-habitaci\u00f3n.<\/p>\n","protected":false},"excerpt":{"rendered":"<p>*Del 2 al 16 de abril se reforzar\u00e1n los patrullajes en las tres zonas que comprende el territorio municipal y en las zonas lim\u00edtrofes con otras alcald\u00edas. REDACCI\u00d3N. HUIXQUILUCAN, M\u00e9x.- Desde el 2 de abril, el gobierno de Huixquilucan implement\u00f3 el operativo \u201cSemana Santa 2023\u201d para reforzar la seguridad y salvaguardar la integridad f\u00edsica y [&hellip;]<\/p>\n","protected":false},"author":1,"featured_media":32992,"comment_status":"closed","ping_status":"open","sticky":false,"template":"","format":"standard","meta":{"footnotes":""},"categories":[5,4],"tags":[],"class_list":["post-32990","post","type-post","status-publish","format-standard","has-post-thumbnail","hentry","category-huixquilucan","category-locales"],"yoast_head":"<!-- This site is optimized with the Yoast SEO plugin v27.5 - https:\/\/yoast.com\/product\/yoast-seo-wordpress\/ -->\n<title>HUIXQUILUCAN PONE EN MARCHA EL OPERATIVO \u201cSEMANA SANTA 2023\u201d -<\/title>\n<meta name=\"robots\" content=\"index, follow, max-snippet:-1, max-image-preview:large, max-video-preview:-1\" \/>\n<link rel=\"canonical\" href=\"https:\/\/continuamosmx.com\/index.php\/2023\/04\/03\/huixquilucan-pone-en-marcha-el-operativo-semana-santa-2023\/\" \/>\n<meta property=\"og:locale\" content=\"es_ES\" \/>\n<meta property=\"og:type\" content=\"article\" \/>\n<meta property=\"og:title\" content=\"HUIXQUILUCAN PONE EN MARCHA EL OPERATIVO \u201cSEMANA SANTA 2023\u201d -\" \/>\n<meta property=\"og:description\" content=\"*Del 2 al 16 de abril se reforzar\u00e1n los patrullajes en las tres zonas que comprende el territorio municipal y en las zonas lim\u00edtrofes con otras alcald\u00edas. REDACCI\u00d3N. HUIXQUILUCAN, M\u00e9x.- Desde el 2 de abril, el gobierno de Huixquilucan implement\u00f3 el operativo \u201cSemana Santa 2023\u201d para reforzar la seguridad y salvaguardar la integridad f\u00edsica y [&hellip;]\" \/>\n<meta property=\"og:url\" content=\"https:\/\/continuamosmx.com\/index.php\/2023\/04\/03\/huixquilucan-pone-en-marcha-el-operativo-semana-santa-2023\/\" \/>\n<meta property=\"article:published_time\" content=\"2023-04-03T17:40:00+00:00\" \/>\n<meta property=\"article:modified_time\" content=\"2023-05-17T03:05:19+00:00\" \/>\n<meta property=\"og:image\" content=\"https:\/\/continuamosmx.com\/wp-content\/uploads\/2023\/04\/huix2.jpg\" \/>\n\t<meta property=\"og:image:width\" content=\"520\" \/>\n\t<meta property=\"og:image:height\" content=\"336\" \/>\n\t<meta property=\"og:image:type\" content=\"image\/jpeg\" \/>\n<meta name=\"author\" content=\"ContinuamosMX\" \/>\n<meta name=\"twitter:card\" content=\"summary_large_image\" \/>\n<meta name=\"twitter:label1\" content=\"Escrito por\" \/>\n\t<meta name=\"twitter:data1\" content=\"ContinuamosMX\" \/>\n\t<meta name=\"twitter:label2\" content=\"Tiempo de lectura\" \/>\n\t<meta name=\"twitter:data2\" content=\"3 minutos\" \/>\n<script type=\"application\/ld+json\" class=\"yoast-schema-graph\">{\"@context\":\"https:\\\/\\\/schema.org\",\"@graph\":[{\"@type\":\"Article\",\"@id\":\"https:\\\/\\\/continuamosmx.com\\\/index.php\\\/2023\\\/04\\\/03\\\/huixquilucan-pone-en-marcha-el-operativo-semana-santa-2023\\\/#article\",\"isPartOf\":{\"@id\":\"https:\\\/\\\/continuamosmx.com\\\/index.php\\\/2023\\\/04\\\/03\\\/huixquilucan-pone-en-marcha-el-operativo-semana-santa-2023\\\/\"},\"author\":{\"name\":\"ContinuamosMX\",\"@id\":\"https:\\\/\\\/continuamosmx.com\\\/#\\\/schema\\\/person\\\/597bf43bb6e9623635929d8de706669f\"},\"headline\":\"HUIXQUILUCAN PONE EN MARCHA EL OPERATIVO \u201cSEMANA SANTA 2023\u201d\",\"datePublished\":\"2023-04-03T17:40:00+00:00\",\"dateModified\":\"2023-05-17T03:05:19+00:00\",\"mainEntityOfPage\":{\"@id\":\"https:\\\/\\\/continuamosmx.com\\\/index.php\\\/2023\\\/04\\\/03\\\/huixquilucan-pone-en-marcha-el-operativo-semana-santa-2023\\\/\"},\"wordCount\":626,\"publisher\":{\"@id\":\"https:\\\/\\\/continuamosmx.com\\\/#organization\"},\"image\":{\"@id\":\"https:\\\/\\\/continuamosmx.com\\\/index.php\\\/2023\\\/04\\\/03\\\/huixquilucan-pone-en-marcha-el-operativo-semana-santa-2023\\\/#primaryimage\"},\"thumbnailUrl\":\"https:\\\/\\\/continuamosmx.com\\\/wp-content\\\/uploads\\\/2023\\\/04\\\/huix2.jpg\",\"articleSection\":[\"HUIXQUILUCAN\",\"LOCALES\"],\"inLanguage\":\"es\"},{\"@type\":\"WebPage\",\"@id\":\"https:\\\/\\\/continuamosmx.com\\\/index.php\\\/2023\\\/04\\\/03\\\/huixquilucan-pone-en-marcha-el-operativo-semana-santa-2023\\\/\",\"url\":\"https:\\\/\\\/continuamosmx.com\\\/index.php\\\/2023\\\/04\\\/03\\\/huixquilucan-pone-en-marcha-el-operativo-semana-santa-2023\\\/\",\"name\":\"HUIXQUILUCAN PONE EN MARCHA EL OPERATIVO \u201cSEMANA SANTA 2023\u201d -\",\"isPartOf\":{\"@id\":\"https:\\\/\\\/continuamosmx.com\\\/#website\"},\"primaryImageOfPage\":{\"@id\":\"https:\\\/\\\/continuamosmx.com\\\/index.php\\\/2023\\\/04\\\/03\\\/huixquilucan-pone-en-marcha-el-operativo-semana-santa-2023\\\/#primaryimage\"},\"image\":{\"@id\":\"https:\\\/\\\/continuamosmx.com\\\/index.php\\\/2023\\\/04\\\/03\\\/huixquilucan-pone-en-marcha-el-operativo-semana-santa-2023\\\/#primaryimage\"},\"thumbnailUrl\":\"https:\\\/\\\/continuamosmx.com\\\/wp-content\\\/uploads\\\/2023\\\/04\\\/huix2.jpg\",\"datePublished\":\"2023-04-03T17:40:00+00:00\",\"dateModified\":\"2023-05-17T03:05:19+00:00\",\"breadcrumb\":{\"@id\":\"https:\\\/\\\/continuamosmx.com\\\/index.php\\\/2023\\\/04\\\/03\\\/huixquilucan-pone-en-marcha-el-operativo-semana-santa-2023\\\/#breadcrumb\"},\"inLanguage\":\"es\",\"potentialAction\":[{\"@type\":\"ReadAction\",\"target\":[\"https:\\\/\\\/continuamosmx.com\\\/index.php\\\/2023\\\/04\\\/03\\\/huixquilucan-pone-en-marcha-el-operativo-semana-santa-2023\\\/\"]}]},{\"@type\":\"ImageObject\",\"inLanguage\":\"es\",\"@id\":\"https:\\\/\\\/continuamosmx.com\\\/index.php\\\/2023\\\/04\\\/03\\\/huixquilucan-pone-en-marcha-el-operativo-semana-santa-2023\\\/#primaryimage\",\"url\":\"https:\\\/\\\/continuamosmx.com\\\/wp-content\\\/uploads\\\/2023\\\/04\\\/huix2.jpg\",\"contentUrl\":\"https:\\\/\\\/continuamosmx.com\\\/wp-content\\\/uploads\\\/2023\\\/04\\\/huix2.jpg\",\"width\":520,\"height\":336},{\"@type\":\"BreadcrumbList\",\"@id\":\"https:\\\/\\\/continuamosmx.com\\\/index.php\\\/2023\\\/04\\\/03\\\/huixquilucan-pone-en-marcha-el-operativo-semana-santa-2023\\\/#breadcrumb\",\"itemListElement\":[{\"@type\":\"ListItem\",\"position\":1,\"name\":\"Inicio\",\"item\":\"https:\\\/\\\/continuamosmx.com\\\/\"},{\"@type\":\"ListItem\",\"position\":2,\"name\":\"HUIXQUILUCAN PONE EN MARCHA EL OPERATIVO \u201cSEMANA SANTA 2023\u201d\"}]},{\"@type\":\"WebSite\",\"@id\":\"https:\\\/\\\/continuamosmx.com\\\/#website\",\"url\":\"https:\\\/\\\/continuamosmx.com\\\/\",\"name\":\"www.continuamosmx.com\",\"description\":\"\",\"publisher\":{\"@id\":\"https:\\\/\\\/continuamosmx.com\\\/#organization\"},\"potentialAction\":[{\"@type\":\"SearchAction\",\"target\":{\"@type\":\"EntryPoint\",\"urlTemplate\":\"https:\\\/\\\/continuamosmx.com\\\/?s={search_term_string}\"},\"query-input\":{\"@type\":\"PropertyValueSpecification\",\"valueRequired\":true,\"valueName\":\"search_term_string\"}}],\"inLanguage\":\"es\"},{\"@type\":\"Organization\",\"@id\":\"https:\\\/\\\/continuamosmx.com\\\/#organization\",\"name\":\"ContinuamosMX\",\"url\":\"https:\\\/\\\/continuamosmx.com\\\/\",\"logo\":{\"@type\":\"ImageObject\",\"inLanguage\":\"es\",\"@id\":\"https:\\\/\\\/continuamosmx.com\\\/#\\\/schema\\\/logo\\\/image\\\/\",\"url\":\"https:\\\/\\\/continuamosmx.com\\\/wp-content\\\/uploads\\\/2023\\\/04\\\/cropped-LOGO-CONTI-NUEVO.png\",\"contentUrl\":\"https:\\\/\\\/continuamosmx.com\\\/wp-content\\\/uploads\\\/2023\\\/04\\\/cropped-LOGO-CONTI-NUEVO.png\",\"width\":1257,\"height\":430,\"caption\":\"ContinuamosMX\"},\"image\":{\"@id\":\"https:\\\/\\\/continuamosmx.com\\\/#\\\/schema\\\/logo\\\/image\\\/\"}},{\"@type\":\"Person\",\"@id\":\"https:\\\/\\\/continuamosmx.com\\\/#\\\/schema\\\/person\\\/597bf43bb6e9623635929d8de706669f\",\"name\":\"ContinuamosMX\",\"image\":{\"@type\":\"ImageObject\",\"inLanguage\":\"es\",\"@id\":\"https:\\\/\\\/secure.gravatar.com\\\/avatar\\\/559529727a6e1f51269882deb22b7cbf727c15cb0f7d75d495313386bc069382?s=96&d=mm&r=g\",\"url\":\"https:\\\/\\\/secure.gravatar.com\\\/avatar\\\/559529727a6e1f51269882deb22b7cbf727c15cb0f7d75d495313386bc069382?s=96&d=mm&r=g\",\"contentUrl\":\"https:\\\/\\\/secure.gravatar.com\\\/avatar\\\/559529727a6e1f51269882deb22b7cbf727c15cb0f7d75d495313386bc069382?s=96&d=mm&r=g\",\"caption\":\"ContinuamosMX\"},\"sameAs\":[\"http:\\\/\\\/continuamosmx.com\"],\"url\":\"https:\\\/\\\/continuamosmx.com\\\/index.php\\\/author\\\/cgbarnardhotmail-com\\\/\"}]}<\/script>\n<!-- \/ Yoast SEO plugin. -->","yoast_head_json":{"title":"HUIXQUILUCAN PONE EN MARCHA EL OPERATIVO \u201cSEMANA SANTA 2023\u201d -","robots":{"index":"index","follow":"follow","max-snippet":"max-snippet:-1","max-image-preview":"max-image-preview:large","max-video-preview":"max-video-preview:-1"},"canonical":"https:\/\/continuamosmx.com\/index.php\/2023\/04\/03\/huixquilucan-pone-en-marcha-el-operativo-semana-santa-2023\/","og_locale":"es_ES","og_type":"article","og_title":"HUIXQUILUCAN PONE EN MARCHA EL OPERATIVO \u201cSEMANA SANTA 2023\u201d -","og_description":"*Del 2 al 16 de abril se reforzar\u00e1n los patrullajes en las tres zonas que comprende el territorio municipal y en las zonas lim\u00edtrofes con otras alcald\u00edas. REDACCI\u00d3N. HUIXQUILUCAN, M\u00e9x.- Desde el 2 de abril, el gobierno de Huixquilucan implement\u00f3 el operativo \u201cSemana Santa 2023\u201d para reforzar la seguridad y salvaguardar la integridad f\u00edsica y [&hellip;]","og_url":"https:\/\/continuamosmx.com\/index.php\/2023\/04\/03\/huixquilucan-pone-en-marcha-el-operativo-semana-santa-2023\/","article_published_time":"2023-04-03T17:40:00+00:00","article_modified_time":"2023-05-17T03:05:19+00:00","og_image":[{"width":520,"height":336,"url":"https:\/\/continuamosmx.com\/wp-content\/uploads\/2023\/04\/huix2.jpg","type":"image\/jpeg"}],"author":"ContinuamosMX","twitter_card":"summary_large_image","twitter_misc":{"Escrito por":"ContinuamosMX","Tiempo de lectura":"3 minutos"},"schema":{"@context":"https:\/\/schema.org","@graph":[{"@type":"Article","@id":"https:\/\/continuamosmx.com\/index.php\/2023\/04\/03\/huixquilucan-pone-en-marcha-el-operativo-semana-santa-2023\/#article","isPartOf":{"@id":"https:\/\/continuamosmx.com\/index.php\/2023\/04\/03\/huixquilucan-pone-en-marcha-el-operativo-semana-santa-2023\/"},"author":{"name":"ContinuamosMX","@id":"https:\/\/continuamosmx.com\/#\/schema\/person\/597bf43bb6e9623635929d8de706669f"},"headline":"HUIXQUILUCAN PONE EN MARCHA EL OPERATIVO \u201cSEMANA SANTA 2023\u201d","datePublished":"2023-04-03T17:40:00+00:00","dateModified":"2023-05-17T03:05:19+00:00","mainEntityOfPage":{"@id":"https:\/\/continuamosmx.com\/index.php\/2023\/04\/03\/huixquilucan-pone-en-marcha-el-operativo-semana-santa-2023\/"},"wordCount":626,"publisher":{"@id":"https:\/\/continuamosmx.com\/#organization"},"image":{"@id":"https:\/\/continuamosmx.com\/index.php\/2023\/04\/03\/huixquilucan-pone-en-marcha-el-operativo-semana-santa-2023\/#primaryimage"},"thumbnailUrl":"https:\/\/continuamosmx.com\/wp-content\/uploads\/2023\/04\/huix2.jpg","articleSection":["HUIXQUILUCAN","LOCALES"],"inLanguage":"es"},{"@type":"WebPage","@id":"https:\/\/continuamosmx.com\/index.php\/2023\/04\/03\/huixquilucan-pone-en-marcha-el-operativo-semana-santa-2023\/","url":"https:\/\/continuamosmx.com\/index.php\/2023\/04\/03\/huixquilucan-pone-en-marcha-el-operativo-semana-santa-2023\/","name":"HUIXQUILUCAN PONE EN MARCHA EL OPERATIVO \u201cSEMANA SANTA 2023\u201d -","isPartOf":{"@id":"https:\/\/continuamosmx.com\/#website"},"primaryImageOfPage":{"@id":"https:\/\/continuamosmx.com\/index.php\/2023\/04\/03\/huixquilucan-pone-en-marcha-el-operativo-semana-santa-2023\/#primaryimage"},"image":{"@id":"https:\/\/continuamosmx.com\/index.php\/2023\/04\/03\/huixquilucan-pone-en-marcha-el-operativo-semana-santa-2023\/#primaryimage"},"thumbnailUrl":"https:\/\/continuamosmx.com\/wp-content\/uploads\/2023\/04\/huix2.jpg","datePublished":"2023-04-03T17:40:00+00:00","dateModified":"2023-05-17T03:05:19+00:00","breadcrumb":{"@id":"https:\/\/continuamosmx.com\/index.php\/2023\/04\/03\/huixquilucan-pone-en-marcha-el-operativo-semana-santa-2023\/#breadcrumb"},"inLanguage":"es","potentialAction":[{"@type":"ReadAction","target":["https:\/\/continuamosmx.com\/index.php\/2023\/04\/03\/huixquilucan-pone-en-marcha-el-operativo-semana-santa-2023\/"]}]},{"@type":"ImageObject","inLanguage":"es","@id":"https:\/\/continuamosmx.com\/index.php\/2023\/04\/03\/huixquilucan-pone-en-marcha-el-operativo-semana-santa-2023\/#primaryimage","url":"https:\/\/continuamosmx.com\/wp-content\/uploads\/2023\/04\/huix2.jpg","contentUrl":"https:\/\/continuamosmx.com\/wp-content\/uploads\/2023\/04\/huix2.jpg","width":520,"height":336},{"@type":"BreadcrumbList","@id":"https:\/\/continuamosmx.com\/index.php\/2023\/04\/03\/huixquilucan-pone-en-marcha-el-operativo-semana-santa-2023\/#breadcrumb","itemListElement":[{"@type":"ListItem","position":1,"name":"Inicio","item":"https:\/\/continuamosmx.com\/"},{"@type":"ListItem","position":2,"name":"HUIXQUILUCAN PONE EN MARCHA EL OPERATIVO \u201cSEMANA SANTA 2023\u201d"}]},{"@type":"WebSite","@id":"https:\/\/continuamosmx.com\/#website","url":"https:\/\/continuamosmx.com\/","name":"www.continuamosmx.com","description":"","publisher":{"@id":"https:\/\/continuamosmx.com\/#organization"},"potentialAction":[{"@type":"SearchAction","target":{"@type":"EntryPoint","urlTemplate":"https:\/\/continuamosmx.com\/?s={search_term_string}"},"query-input":{"@type":"PropertyValueSpecification","valueRequired":true,"valueName":"search_term_string"}}],"inLanguage":"es"},{"@type":"Organization","@id":"https:\/\/continuamosmx.com\/#organization","name":"ContinuamosMX","url":"https:\/\/continuamosmx.com\/","logo":{"@type":"ImageObject","inLanguage":"es","@id":"https:\/\/continuamosmx.com\/#\/schema\/logo\/image\/","url":"https:\/\/continuamosmx.com\/wp-content\/uploads\/2023\/04\/cropped-LOGO-CONTI-NUEVO.png","contentUrl":"https:\/\/continuamosmx.com\/wp-content\/uploads\/2023\/04\/cropped-LOGO-CONTI-NUEVO.png","width":1257,"height":430,"caption":"ContinuamosMX"},"image":{"@id":"https:\/\/continuamosmx.com\/#\/schema\/logo\/image\/"}},{"@type":"Person","@id":"https:\/\/continuamosmx.com\/#\/schema\/person\/597bf43bb6e9623635929d8de706669f","name":"ContinuamosMX","image":{"@type":"ImageObject","inLanguage":"es","@id":"https:\/\/secure.gravatar.com\/avatar\/559529727a6e1f51269882deb22b7cbf727c15cb0f7d75d495313386bc069382?s=96&d=mm&r=g","url":"https:\/\/secure.gravatar.com\/avatar\/559529727a6e1f51269882deb22b7cbf727c15cb0f7d75d495313386bc069382?s=96&d=mm&r=g","contentUrl":"https:\/\/secure.gravatar.com\/avatar\/559529727a6e1f51269882deb22b7cbf727c15cb0f7d75d495313386bc069382?s=96&d=mm&r=g","caption":"ContinuamosMX"},"sameAs":["http:\/\/continuamosmx.com"],"url":"https:\/\/continuamosmx.com\/index.php\/author\/cgbarnardhotmail-com\/"}]}},"_links":{"self":[{"href":"https:\/\/continuamosmx.com\/index.php\/wp-json\/wp\/v2\/posts\/32990","targetHints":{"allow":["GET"]}}],"collection":[{"href":"https:\/\/continuamosmx.com\/index.php\/wp-json\/wp\/v2\/posts"}],"about":[{"href":"https:\/\/continuamosmx.com\/index.php\/wp-json\/wp\/v2\/types\/post"}],"author":[{"embeddable":true,"href":"https:\/\/continuamosmx.com\/index.php\/wp-json\/wp\/v2\/users\/1"}],"replies":[{"embeddable":true,"href":"https:\/\/continuamosmx.com\/index.php\/wp-json\/wp\/v2\/comments?post=32990"}],"version-history":[{"count":1,"href":"https:\/\/continuamosmx.com\/index.php\/wp-json\/wp\/v2\/posts\/32990\/revisions"}],"predecessor-version":[{"id":33008,"href":"https:\/\/continuamosmx.com\/index.php\/wp-json\/wp\/v2\/posts\/32990\/revisions\/33008"}],"wp:featuredmedia":[{"embeddable":true,"href":"https:\/\/continuamosmx.com\/index.php\/wp-json\/wp\/v2\/media\/32992"}],"wp:attachment":[{"href":"https:\/\/continuamosmx.com\/index.php\/wp-json\/wp\/v2\/media?parent=32990"}],"wp:term":[{"taxonomy":"category","embeddable":true,"href":"https:\/\/continuamosmx.com\/index.php\/wp-json\/wp\/v2\/categories?post=32990"},{"taxonomy":"post_tag","embeddable":true,"href":"https:\/\/continuamosmx.com\/index.php\/wp-json\/wp\/v2\/tags?post=32990"}],"curies":[{"name":"wp","href":"https:\/\/api.w.org\/{rel}","templated":true}]}}