{"id":32988,"date":"2023-04-04T05:02:43","date_gmt":"2023-04-04T05:02:43","guid":{"rendered":"https:\/\/continuamosmx.com\/?p=43685"},"modified":"2023-05-17T03:05:19","modified_gmt":"2023-05-17T03:05:19","slug":"que-no-saquen-raja-politica-los-de-morena-enrique-vargas","status":"publish","type":"post","link":"https:\/\/continuamosmx.com\/index.php\/2023\/04\/04\/que-no-saquen-raja-politica-los-de-morena-enrique-vargas\/","title":{"rendered":"QUE NO SAQUEN RAJA POL\u00cdTICA LOS DE MORENA: ENRIQUE VARGAS"},"content":{"rendered":"\n<p>*<strong>El diputado del PAN, destac\u00f3 que la incidencia delictiva en Huixquilucan ha bajado, seg\u00fan datos del gobierno federal.<\/strong><\/p>\n\n\n\n<p>REDACCI\u00d3N.<\/p>\n\n\n\n<p>TOLUCA, M\u00e9x.- El coordinador de los diputados locales del Partido Acci\u00f3n Nacional, Enrique Vargas del Villar, reprob\u00f3 que Legisladores, ex Diputados, as\u00ed como representantes de Morena, utilicen la lucha feminista como una bandera pol\u00edtica para tratar de desacreditar y promover protestas sociales en contra del gobierno de Huixquilucan.<\/p>\n\n\n\n<p>El diputado local dijo que con hechos, el gobierno local ha demostrado su compromiso con las mujeres en los \u00faltimos a\u00f1os, lo que ha permitido disminuir considerablemente los delitos de alto impacto, incluyendo los relacionados con el g\u00e9nero, adem\u00e1s de programas destinados a su empoderamiento que les permite elevar su calidad de vida.<\/p>\n\n\n\n<p>Record\u00f3 que recientemente, los datos del Secretariado Ejecutivo del Sistema Nacional de Seguridad P\u00fablica (SESNSP), mostraron que Huixquilucan disminuy\u00f3, en lo que va de 2023, 7 por ciento los delitos de alto impacto, entre los que se incluyen homicidio doloso y violaciones, mientras que al t\u00e9rmino de 2022, se acreditaron que se redujo en 66 por ciento el feminicidio en este municipio, sumado al 11 por ciento en que se baj\u00f3 la incidencia delictiva en general, lo que desestima, con cifras reales, cualquier afirmaci\u00f3n que intenten hacer personajes como Faustino de la Cruz, con fines pol\u00edticos y en el marco del inicio del proceso electoral.<\/p>\n\n\n\n<p>Respecto a las convocatorias realizadas por grupos feministas, Vargas del Villar se\u00f1al\u00f3 que el gobierno municipal ha sido respetuoso de la realizaci\u00f3n de cualquier expresi\u00f3n, aun cuando en ellas no han participado las familias de las posibles v\u00edctimas de desaparici\u00f3n, quienes ya reciben un acompa\u00f1amiento puntual e integral por parte de la administraci\u00f3n local y lo que ha ocasionado que \u00e9stas se hayan pronunciado en contra de estos actos, al identificarse personajes relacionados con Morena y que bajo ning\u00fan motivo, representan a los afectados.<\/p>\n\n\n\n<p>Agreg\u00f3, que a trav\u00e9s de los trabajos de inteligencia institucionales, se ha podido establecer que las j\u00f3venes Arleth \u201cC\u201d y Evelin \u201cP\u201d se ausentaron de sus domicilios de manera voluntaria y ya fueron reintegradas con sus familias, por lo que no hay raz\u00f3n para hacer \u201cpolitiquer\u00eda\u201d de este tema.<\/p>\n\n\n\n<p>Enrique Vargas pidi\u00f3 a personajes como Faustino de la Cruz, Liliana Gollas, Francisco Montes, Luis Vargas y Gabriela Garay, sacar las manos de esta causa leg\u00edtima de las mujeres, quienes han intentado desinformar y manipular los hechos con fines meramente pol\u00edticos, pues, incluso, se ha acreditado que \u00e9sta no les interesa, dicho por ellos.<\/p>\n\n\n\n<p>Asimismo, invit\u00f3 a su hom\u00f3logo en la Legislatura a informarse bien sobre lo que verdaderamente est\u00e1 ocurriendo en este municipio, porque es la segunda ocasi\u00f3n en que solo mal informa, al tiempo en que lo exhort\u00f3 a dejar su estilo provocador a un lado, con tal de sacar raja pol\u00edtica, como lo ha hecho para despojar terrenos, lo que s\u00ed, ha quedado acreditado en el pasado y es del dominio p\u00fablico.<\/p>\n","protected":false},"excerpt":{"rendered":"<p>*El diputado del PAN, destac\u00f3 que la incidencia delictiva en Huixquilucan ha bajado, seg\u00fan datos del gobierno federal. REDACCI\u00d3N. TOLUCA, M\u00e9x.- El coordinador de los diputados locales del Partido Acci\u00f3n Nacional, Enrique Vargas del Villar, reprob\u00f3 que Legisladores, ex Diputados, as\u00ed como representantes de Morena, utilicen la lucha feminista como una bandera pol\u00edtica para tratar [&hellip;]<\/p>\n","protected":false},"author":1,"featured_media":32989,"comment_status":"closed","ping_status":"open","sticky":false,"template":"","format":"standard","meta":{"footnotes":""},"categories":[2,3],"tags":[],"class_list":["post-32988","post","type-post","status-publish","format-standard","has-post-thumbnail","hentry","category-edomex","category-politica"],"yoast_head":"<!-- This site is optimized with the Yoast SEO plugin v27.5 - https:\/\/yoast.com\/product\/yoast-seo-wordpress\/ -->\n<title>QUE NO SAQUEN RAJA POL\u00cdTICA LOS DE MORENA: ENRIQUE VARGAS -<\/title>\n<meta name=\"robots\" content=\"index, follow, max-snippet:-1, max-image-preview:large, max-video-preview:-1\" \/>\n<link rel=\"canonical\" href=\"https:\/\/continuamosmx.com\/index.php\/2023\/04\/04\/que-no-saquen-raja-politica-los-de-morena-enrique-vargas\/\" \/>\n<meta property=\"og:locale\" content=\"es_ES\" \/>\n<meta property=\"og:type\" content=\"article\" \/>\n<meta property=\"og:title\" content=\"QUE NO SAQUEN RAJA POL\u00cdTICA LOS DE MORENA: ENRIQUE VARGAS -\" \/>\n<meta property=\"og:description\" content=\"*El diputado del PAN, destac\u00f3 que la incidencia delictiva en Huixquilucan ha bajado, seg\u00fan datos del gobierno federal. REDACCI\u00d3N. TOLUCA, M\u00e9x.- El coordinador de los diputados locales del Partido Acci\u00f3n Nacional, Enrique Vargas del Villar, reprob\u00f3 que Legisladores, ex Diputados, as\u00ed como representantes de Morena, utilicen la lucha feminista como una bandera pol\u00edtica para tratar [&hellip;]\" \/>\n<meta property=\"og:url\" content=\"https:\/\/continuamosmx.com\/index.php\/2023\/04\/04\/que-no-saquen-raja-politica-los-de-morena-enrique-vargas\/\" \/>\n<meta property=\"article:published_time\" content=\"2023-04-04T05:02:43+00:00\" \/>\n<meta property=\"article:modified_time\" content=\"2023-05-17T03:05:19+00:00\" \/>\n<meta property=\"og:image\" content=\"https:\/\/continuamosmx.com\/wp-content\/uploads\/2023\/04\/8154d9b5-18eb-470d-8342-373fcb14ee2b.jpg\" \/>\n\t<meta property=\"og:image:width\" content=\"720\" \/>\n\t<meta property=\"og:image:height\" content=\"405\" \/>\n\t<meta property=\"og:image:type\" content=\"image\/jpeg\" \/>\n<meta name=\"author\" content=\"ContinuamosMX\" \/>\n<meta name=\"twitter:card\" content=\"summary_large_image\" \/>\n<meta name=\"twitter:label1\" content=\"Escrito por\" \/>\n\t<meta name=\"twitter:data1\" content=\"ContinuamosMX\" \/>\n\t<meta name=\"twitter:label2\" content=\"Tiempo de lectura\" \/>\n\t<meta name=\"twitter:data2\" content=\"3 minutos\" \/>\n<script type=\"application\/ld+json\" class=\"yoast-schema-graph\">{\"@context\":\"https:\\\/\\\/schema.org\",\"@graph\":[{\"@type\":\"Article\",\"@id\":\"https:\\\/\\\/continuamosmx.com\\\/index.php\\\/2023\\\/04\\\/04\\\/que-no-saquen-raja-politica-los-de-morena-enrique-vargas\\\/#article\",\"isPartOf\":{\"@id\":\"https:\\\/\\\/continuamosmx.com\\\/index.php\\\/2023\\\/04\\\/04\\\/que-no-saquen-raja-politica-los-de-morena-enrique-vargas\\\/\"},\"author\":{\"name\":\"ContinuamosMX\",\"@id\":\"https:\\\/\\\/continuamosmx.com\\\/#\\\/schema\\\/person\\\/597bf43bb6e9623635929d8de706669f\"},\"headline\":\"QUE NO SAQUEN RAJA POL\u00cdTICA LOS DE MORENA: ENRIQUE VARGAS\",\"datePublished\":\"2023-04-04T05:02:43+00:00\",\"dateModified\":\"2023-05-17T03:05:19+00:00\",\"mainEntityOfPage\":{\"@id\":\"https:\\\/\\\/continuamosmx.com\\\/index.php\\\/2023\\\/04\\\/04\\\/que-no-saquen-raja-politica-los-de-morena-enrique-vargas\\\/\"},\"wordCount\":520,\"publisher\":{\"@id\":\"https:\\\/\\\/continuamosmx.com\\\/#organization\"},\"image\":{\"@id\":\"https:\\\/\\\/continuamosmx.com\\\/index.php\\\/2023\\\/04\\\/04\\\/que-no-saquen-raja-politica-los-de-morena-enrique-vargas\\\/#primaryimage\"},\"thumbnailUrl\":\"https:\\\/\\\/continuamosmx.com\\\/wp-content\\\/uploads\\\/2023\\\/04\\\/8154d9b5-18eb-470d-8342-373fcb14ee2b.jpg\",\"articleSection\":[\"EDOMEX\",\"POL\u00cdTICA\"],\"inLanguage\":\"es\"},{\"@type\":\"WebPage\",\"@id\":\"https:\\\/\\\/continuamosmx.com\\\/index.php\\\/2023\\\/04\\\/04\\\/que-no-saquen-raja-politica-los-de-morena-enrique-vargas\\\/\",\"url\":\"https:\\\/\\\/continuamosmx.com\\\/index.php\\\/2023\\\/04\\\/04\\\/que-no-saquen-raja-politica-los-de-morena-enrique-vargas\\\/\",\"name\":\"QUE NO SAQUEN RAJA POL\u00cdTICA LOS DE MORENA: ENRIQUE VARGAS -\",\"isPartOf\":{\"@id\":\"https:\\\/\\\/continuamosmx.com\\\/#website\"},\"primaryImageOfPage\":{\"@id\":\"https:\\\/\\\/continuamosmx.com\\\/index.php\\\/2023\\\/04\\\/04\\\/que-no-saquen-raja-politica-los-de-morena-enrique-vargas\\\/#primaryimage\"},\"image\":{\"@id\":\"https:\\\/\\\/continuamosmx.com\\\/index.php\\\/2023\\\/04\\\/04\\\/que-no-saquen-raja-politica-los-de-morena-enrique-vargas\\\/#primaryimage\"},\"thumbnailUrl\":\"https:\\\/\\\/continuamosmx.com\\\/wp-content\\\/uploads\\\/2023\\\/04\\\/8154d9b5-18eb-470d-8342-373fcb14ee2b.jpg\",\"datePublished\":\"2023-04-04T05:02:43+00:00\",\"dateModified\":\"2023-05-17T03:05:19+00:00\",\"breadcrumb\":{\"@id\":\"https:\\\/\\\/continuamosmx.com\\\/index.php\\\/2023\\\/04\\\/04\\\/que-no-saquen-raja-politica-los-de-morena-enrique-vargas\\\/#breadcrumb\"},\"inLanguage\":\"es\",\"potentialAction\":[{\"@type\":\"ReadAction\",\"target\":[\"https:\\\/\\\/continuamosmx.com\\\/index.php\\\/2023\\\/04\\\/04\\\/que-no-saquen-raja-politica-los-de-morena-enrique-vargas\\\/\"]}]},{\"@type\":\"ImageObject\",\"inLanguage\":\"es\",\"@id\":\"https:\\\/\\\/continuamosmx.com\\\/index.php\\\/2023\\\/04\\\/04\\\/que-no-saquen-raja-politica-los-de-morena-enrique-vargas\\\/#primaryimage\",\"url\":\"https:\\\/\\\/continuamosmx.com\\\/wp-content\\\/uploads\\\/2023\\\/04\\\/8154d9b5-18eb-470d-8342-373fcb14ee2b.jpg\",\"contentUrl\":\"https:\\\/\\\/continuamosmx.com\\\/wp-content\\\/uploads\\\/2023\\\/04\\\/8154d9b5-18eb-470d-8342-373fcb14ee2b.jpg\",\"width\":720,\"height\":405},{\"@type\":\"BreadcrumbList\",\"@id\":\"https:\\\/\\\/continuamosmx.com\\\/index.php\\\/2023\\\/04\\\/04\\\/que-no-saquen-raja-politica-los-de-morena-enrique-vargas\\\/#breadcrumb\",\"itemListElement\":[{\"@type\":\"ListItem\",\"position\":1,\"name\":\"Inicio\",\"item\":\"https:\\\/\\\/continuamosmx.com\\\/\"},{\"@type\":\"ListItem\",\"position\":2,\"name\":\"QUE NO SAQUEN RAJA POL\u00cdTICA LOS DE MORENA: ENRIQUE VARGAS\"}]},{\"@type\":\"WebSite\",\"@id\":\"https:\\\/\\\/continuamosmx.com\\\/#website\",\"url\":\"https:\\\/\\\/continuamosmx.com\\\/\",\"name\":\"www.continuamosmx.com\",\"description\":\"\",\"publisher\":{\"@id\":\"https:\\\/\\\/continuamosmx.com\\\/#organization\"},\"potentialAction\":[{\"@type\":\"SearchAction\",\"target\":{\"@type\":\"EntryPoint\",\"urlTemplate\":\"https:\\\/\\\/continuamosmx.com\\\/?s={search_term_string}\"},\"query-input\":{\"@type\":\"PropertyValueSpecification\",\"valueRequired\":true,\"valueName\":\"search_term_string\"}}],\"inLanguage\":\"es\"},{\"@type\":\"Organization\",\"@id\":\"https:\\\/\\\/continuamosmx.com\\\/#organization\",\"name\":\"ContinuamosMX\",\"url\":\"https:\\\/\\\/continuamosmx.com\\\/\",\"logo\":{\"@type\":\"ImageObject\",\"inLanguage\":\"es\",\"@id\":\"https:\\\/\\\/continuamosmx.com\\\/#\\\/schema\\\/logo\\\/image\\\/\",\"url\":\"https:\\\/\\\/continuamosmx.com\\\/wp-content\\\/uploads\\\/2023\\\/04\\\/cropped-LOGO-CONTI-NUEVO.png\",\"contentUrl\":\"https:\\\/\\\/continuamosmx.com\\\/wp-content\\\/uploads\\\/2023\\\/04\\\/cropped-LOGO-CONTI-NUEVO.png\",\"width\":1257,\"height\":430,\"caption\":\"ContinuamosMX\"},\"image\":{\"@id\":\"https:\\\/\\\/continuamosmx.com\\\/#\\\/schema\\\/logo\\\/image\\\/\"}},{\"@type\":\"Person\",\"@id\":\"https:\\\/\\\/continuamosmx.com\\\/#\\\/schema\\\/person\\\/597bf43bb6e9623635929d8de706669f\",\"name\":\"ContinuamosMX\",\"image\":{\"@type\":\"ImageObject\",\"inLanguage\":\"es\",\"@id\":\"https:\\\/\\\/secure.gravatar.com\\\/avatar\\\/559529727a6e1f51269882deb22b7cbf727c15cb0f7d75d495313386bc069382?s=96&d=mm&r=g\",\"url\":\"https:\\\/\\\/secure.gravatar.com\\\/avatar\\\/559529727a6e1f51269882deb22b7cbf727c15cb0f7d75d495313386bc069382?s=96&d=mm&r=g\",\"contentUrl\":\"https:\\\/\\\/secure.gravatar.com\\\/avatar\\\/559529727a6e1f51269882deb22b7cbf727c15cb0f7d75d495313386bc069382?s=96&d=mm&r=g\",\"caption\":\"ContinuamosMX\"},\"sameAs\":[\"http:\\\/\\\/continuamosmx.com\"],\"url\":\"https:\\\/\\\/continuamosmx.com\\\/index.php\\\/author\\\/cgbarnardhotmail-com\\\/\"}]}<\/script>\n<!-- \/ Yoast SEO plugin. -->","yoast_head_json":{"title":"QUE NO SAQUEN RAJA POL\u00cdTICA LOS DE MORENA: ENRIQUE VARGAS -","robots":{"index":"index","follow":"follow","max-snippet":"max-snippet:-1","max-image-preview":"max-image-preview:large","max-video-preview":"max-video-preview:-1"},"canonical":"https:\/\/continuamosmx.com\/index.php\/2023\/04\/04\/que-no-saquen-raja-politica-los-de-morena-enrique-vargas\/","og_locale":"es_ES","og_type":"article","og_title":"QUE NO SAQUEN RAJA POL\u00cdTICA LOS DE MORENA: ENRIQUE VARGAS -","og_description":"*El diputado del PAN, destac\u00f3 que la incidencia delictiva en Huixquilucan ha bajado, seg\u00fan datos del gobierno federal. REDACCI\u00d3N. TOLUCA, M\u00e9x.- El coordinador de los diputados locales del Partido Acci\u00f3n Nacional, Enrique Vargas del Villar, reprob\u00f3 que Legisladores, ex Diputados, as\u00ed como representantes de Morena, utilicen la lucha feminista como una bandera pol\u00edtica para tratar [&hellip;]","og_url":"https:\/\/continuamosmx.com\/index.php\/2023\/04\/04\/que-no-saquen-raja-politica-los-de-morena-enrique-vargas\/","article_published_time":"2023-04-04T05:02:43+00:00","article_modified_time":"2023-05-17T03:05:19+00:00","og_image":[{"width":720,"height":405,"url":"https:\/\/continuamosmx.com\/wp-content\/uploads\/2023\/04\/8154d9b5-18eb-470d-8342-373fcb14ee2b.jpg","type":"image\/jpeg"}],"author":"ContinuamosMX","twitter_card":"summary_large_image","twitter_misc":{"Escrito por":"ContinuamosMX","Tiempo de lectura":"3 minutos"},"schema":{"@context":"https:\/\/schema.org","@graph":[{"@type":"Article","@id":"https:\/\/continuamosmx.com\/index.php\/2023\/04\/04\/que-no-saquen-raja-politica-los-de-morena-enrique-vargas\/#article","isPartOf":{"@id":"https:\/\/continuamosmx.com\/index.php\/2023\/04\/04\/que-no-saquen-raja-politica-los-de-morena-enrique-vargas\/"},"author":{"name":"ContinuamosMX","@id":"https:\/\/continuamosmx.com\/#\/schema\/person\/597bf43bb6e9623635929d8de706669f"},"headline":"QUE NO SAQUEN RAJA POL\u00cdTICA LOS DE MORENA: ENRIQUE VARGAS","datePublished":"2023-04-04T05:02:43+00:00","dateModified":"2023-05-17T03:05:19+00:00","mainEntityOfPage":{"@id":"https:\/\/continuamosmx.com\/index.php\/2023\/04\/04\/que-no-saquen-raja-politica-los-de-morena-enrique-vargas\/"},"wordCount":520,"publisher":{"@id":"https:\/\/continuamosmx.com\/#organization"},"image":{"@id":"https:\/\/continuamosmx.com\/index.php\/2023\/04\/04\/que-no-saquen-raja-politica-los-de-morena-enrique-vargas\/#primaryimage"},"thumbnailUrl":"https:\/\/continuamosmx.com\/wp-content\/uploads\/2023\/04\/8154d9b5-18eb-470d-8342-373fcb14ee2b.jpg","articleSection":["EDOMEX","POL\u00cdTICA"],"inLanguage":"es"},{"@type":"WebPage","@id":"https:\/\/continuamosmx.com\/index.php\/2023\/04\/04\/que-no-saquen-raja-politica-los-de-morena-enrique-vargas\/","url":"https:\/\/continuamosmx.com\/index.php\/2023\/04\/04\/que-no-saquen-raja-politica-los-de-morena-enrique-vargas\/","name":"QUE NO SAQUEN RAJA POL\u00cdTICA LOS DE MORENA: ENRIQUE VARGAS -","isPartOf":{"@id":"https:\/\/continuamosmx.com\/#website"},"primaryImageOfPage":{"@id":"https:\/\/continuamosmx.com\/index.php\/2023\/04\/04\/que-no-saquen-raja-politica-los-de-morena-enrique-vargas\/#primaryimage"},"image":{"@id":"https:\/\/continuamosmx.com\/index.php\/2023\/04\/04\/que-no-saquen-raja-politica-los-de-morena-enrique-vargas\/#primaryimage"},"thumbnailUrl":"https:\/\/continuamosmx.com\/wp-content\/uploads\/2023\/04\/8154d9b5-18eb-470d-8342-373fcb14ee2b.jpg","datePublished":"2023-04-04T05:02:43+00:00","dateModified":"2023-05-17T03:05:19+00:00","breadcrumb":{"@id":"https:\/\/continuamosmx.com\/index.php\/2023\/04\/04\/que-no-saquen-raja-politica-los-de-morena-enrique-vargas\/#breadcrumb"},"inLanguage":"es","potentialAction":[{"@type":"ReadAction","target":["https:\/\/continuamosmx.com\/index.php\/2023\/04\/04\/que-no-saquen-raja-politica-los-de-morena-enrique-vargas\/"]}]},{"@type":"ImageObject","inLanguage":"es","@id":"https:\/\/continuamosmx.com\/index.php\/2023\/04\/04\/que-no-saquen-raja-politica-los-de-morena-enrique-vargas\/#primaryimage","url":"https:\/\/continuamosmx.com\/wp-content\/uploads\/2023\/04\/8154d9b5-18eb-470d-8342-373fcb14ee2b.jpg","contentUrl":"https:\/\/continuamosmx.com\/wp-content\/uploads\/2023\/04\/8154d9b5-18eb-470d-8342-373fcb14ee2b.jpg","width":720,"height":405},{"@type":"BreadcrumbList","@id":"https:\/\/continuamosmx.com\/index.php\/2023\/04\/04\/que-no-saquen-raja-politica-los-de-morena-enrique-vargas\/#breadcrumb","itemListElement":[{"@type":"ListItem","position":1,"name":"Inicio","item":"https:\/\/continuamosmx.com\/"},{"@type":"ListItem","position":2,"name":"QUE NO SAQUEN RAJA POL\u00cdTICA LOS DE MORENA: ENRIQUE VARGAS"}]},{"@type":"WebSite","@id":"https:\/\/continuamosmx.com\/#website","url":"https:\/\/continuamosmx.com\/","name":"www.continuamosmx.com","description":"","publisher":{"@id":"https:\/\/continuamosmx.com\/#organization"},"potentialAction":[{"@type":"SearchAction","target":{"@type":"EntryPoint","urlTemplate":"https:\/\/continuamosmx.com\/?s={search_term_string}"},"query-input":{"@type":"PropertyValueSpecification","valueRequired":true,"valueName":"search_term_string"}}],"inLanguage":"es"},{"@type":"Organization","@id":"https:\/\/continuamosmx.com\/#organization","name":"ContinuamosMX","url":"https:\/\/continuamosmx.com\/","logo":{"@type":"ImageObject","inLanguage":"es","@id":"https:\/\/continuamosmx.com\/#\/schema\/logo\/image\/","url":"https:\/\/continuamosmx.com\/wp-content\/uploads\/2023\/04\/cropped-LOGO-CONTI-NUEVO.png","contentUrl":"https:\/\/continuamosmx.com\/wp-content\/uploads\/2023\/04\/cropped-LOGO-CONTI-NUEVO.png","width":1257,"height":430,"caption":"ContinuamosMX"},"image":{"@id":"https:\/\/continuamosmx.com\/#\/schema\/logo\/image\/"}},{"@type":"Person","@id":"https:\/\/continuamosmx.com\/#\/schema\/person\/597bf43bb6e9623635929d8de706669f","name":"ContinuamosMX","image":{"@type":"ImageObject","inLanguage":"es","@id":"https:\/\/secure.gravatar.com\/avatar\/559529727a6e1f51269882deb22b7cbf727c15cb0f7d75d495313386bc069382?s=96&d=mm&r=g","url":"https:\/\/secure.gravatar.com\/avatar\/559529727a6e1f51269882deb22b7cbf727c15cb0f7d75d495313386bc069382?s=96&d=mm&r=g","contentUrl":"https:\/\/secure.gravatar.com\/avatar\/559529727a6e1f51269882deb22b7cbf727c15cb0f7d75d495313386bc069382?s=96&d=mm&r=g","caption":"ContinuamosMX"},"sameAs":["http:\/\/continuamosmx.com"],"url":"https:\/\/continuamosmx.com\/index.php\/author\/cgbarnardhotmail-com\/"}]}},"_links":{"self":[{"href":"https:\/\/continuamosmx.com\/index.php\/wp-json\/wp\/v2\/posts\/32988","targetHints":{"allow":["GET"]}}],"collection":[{"href":"https:\/\/continuamosmx.com\/index.php\/wp-json\/wp\/v2\/posts"}],"about":[{"href":"https:\/\/continuamosmx.com\/index.php\/wp-json\/wp\/v2\/types\/post"}],"author":[{"embeddable":true,"href":"https:\/\/continuamosmx.com\/index.php\/wp-json\/wp\/v2\/users\/1"}],"replies":[{"embeddable":true,"href":"https:\/\/continuamosmx.com\/index.php\/wp-json\/wp\/v2\/comments?post=32988"}],"version-history":[{"count":1,"href":"https:\/\/continuamosmx.com\/index.php\/wp-json\/wp\/v2\/posts\/32988\/revisions"}],"predecessor-version":[{"id":33007,"href":"https:\/\/continuamosmx.com\/index.php\/wp-json\/wp\/v2\/posts\/32988\/revisions\/33007"}],"wp:featuredmedia":[{"embeddable":true,"href":"https:\/\/continuamosmx.com\/index.php\/wp-json\/wp\/v2\/media\/32989"}],"wp:attachment":[{"href":"https:\/\/continuamosmx.com\/index.php\/wp-json\/wp\/v2\/media?parent=32988"}],"wp:term":[{"taxonomy":"category","embeddable":true,"href":"https:\/\/continuamosmx.com\/index.php\/wp-json\/wp\/v2\/categories?post=32988"},{"taxonomy":"post_tag","embeddable":true,"href":"https:\/\/continuamosmx.com\/index.php\/wp-json\/wp\/v2\/tags?post=32988"}],"curies":[{"name":"wp","href":"https:\/\/api.w.org\/{rel}","templated":true}]}}