{"id":32973,"date":"2023-04-05T16:57:42","date_gmt":"2023-04-05T16:57:42","guid":{"rendered":"https:\/\/continuamosmx.com\/?p=43703"},"modified":"2023-05-17T03:05:11","modified_gmt":"2023-05-17T03:05:11","slug":"delfina-suma-a-ex-perredistas-a-su-campana","status":"publish","type":"post","link":"https:\/\/continuamosmx.com\/index.php\/2023\/04\/05\/delfina-suma-a-ex-perredistas-a-su-campana\/","title":{"rendered":"DELFINA SUMA A EX PERREDISTAS A SU CAMPA\u00d1A"},"content":{"rendered":"\n<p><strong>Tambi\u00e9n se suman ex l\u00edderes del sol Azteca de Ecatepec, municipio que visit\u00f3 por la campa\u00f1a electoral.<\/strong><\/p>\n\n\n\n<p>ECATEPEC, M\u00e9x.- Delfina G\u00f3mez, candidata de MORENA, PT y PVEM a gobernadora del Edomex le dio la bienvenida a su campa\u00f1a a ex militantes y a ex l\u00edderes del PRD del municipio de Ecatepec, quienes se sumaron a la campa\u00f1a del cambio que representa la morenista.<\/p>\n\n\n\n<p>\u201cAqu\u00ed cabemos todos los que queremos trabajar por nuestro estado. Cabemos todos los que tengamos la intenci\u00f3n de servir al pueblo, no de servirnos nosotros. Cabemos todos los que tengamos un proyecto, ya sea educativo, agr\u00edcola o de transporte\u201d, expres\u00f3 la maestra Delfina G\u00f3mez.<\/p>\n\n\n\n<p>Ante miles de maestros de la regi\u00f3n como testigos, los ex l\u00edderes perredistas Octavio y Fernando Mart\u00ednez, y Jos\u00e9 Manuel Cort\u00e9s, entre muchos otros, se cambiaron de chaleco y se pusieron uno color guinda, y abrazaron a la candidata morenista, quien les dijo: \u201cNo se van a arrepentir\u201d.<\/p>\n\n\n\n<p>En su intervenci\u00f3n, la maestra Delfina G\u00f3mez les dijo a los nuevos morenistas que agradece la generosidad y la confianza de cambiarse de partido. Reconoci\u00f3 que es muy dif\u00edcil, pero se\u00f1al\u00f3 que van a tener no solamente a una compa\u00f1era sino tambi\u00e9n a alguien siempre comprometida con el cambio verdadero en el Estado de M\u00e9xico.<\/p>\n\n\n\n<p>Agreg\u00f3 que el Estado de M\u00e9xico necesita la uni\u00f3n y el trabajo de todos: \u201cEsto que hacen nuestros compa\u00f1eros del PRD y ahora de MORENA, esto me da mucha esperanza y emoci\u00f3n. Y agradezco porque callamos la boca que dec\u00edan que nos \u00edbamos a dividir, y por eso agradezco a los compa\u00f1eros del PVEM, del PT, al coordinador general de nuestra campa\u00f1a, Horacio Duarte; a la presidenta del Comit\u00e9 Estatal de MORENA, la maestra Martha Guerrero; al delegado especial para el proceso electoral en el Estado de M\u00e9xico, Higinio Mart\u00ednez, y todos los que han hecho posible este movimiento\u201d.<\/p>\n\n\n\n<p>El doctor Higinio Mart\u00ednez manifest\u00f3 que la incorporaci\u00f3n de los ex perredistas y todos los que quieran hacerlo a este movimiento y en torno a la maestra Delfina G\u00f3mez son bienvenidos: \u201cHago el mismo llamado a los perredistas que quedan en el Estado de M\u00e9xico que son pocos, pero todav\u00eda quedan. Este es el camino ya que el PRD no surgi\u00f3, no se fund\u00f3 para hacer comparsa del PRI, el PRD se fund\u00f3 precisamente para combatir al priismo\u201d.<\/p>\n","protected":false},"excerpt":{"rendered":"<p>Tambi\u00e9n se suman ex l\u00edderes del sol Azteca de Ecatepec, municipio que visit\u00f3 por la campa\u00f1a electoral. ECATEPEC, M\u00e9x.- Delfina G\u00f3mez, candidata de MORENA, PT y PVEM a gobernadora del Edomex le dio la bienvenida a su campa\u00f1a a ex militantes y a ex l\u00edderes del PRD del municipio de Ecatepec, quienes se sumaron a [&hellip;]<\/p>\n","protected":false},"author":1,"featured_media":32974,"comment_status":"closed","ping_status":"open","sticky":false,"template":"","format":"standard","meta":{"footnotes":""},"categories":[2,3],"tags":[7,8],"class_list":["post-32973","post","type-post","status-publish","format-standard","has-post-thumbnail","hentry","category-edomex","category-politica","tag-edomex","tag-morena"],"yoast_head":"<!-- This site is optimized with the Yoast SEO plugin v27.5 - https:\/\/yoast.com\/product\/yoast-seo-wordpress\/ -->\n<title>DELFINA SUMA A EX PERREDISTAS A SU CAMPA\u00d1A -<\/title>\n<meta name=\"robots\" content=\"index, follow, max-snippet:-1, max-image-preview:large, max-video-preview:-1\" \/>\n<link rel=\"canonical\" href=\"https:\/\/continuamosmx.com\/index.php\/2023\/04\/05\/delfina-suma-a-ex-perredistas-a-su-campana\/\" \/>\n<meta property=\"og:locale\" content=\"es_ES\" \/>\n<meta property=\"og:type\" content=\"article\" \/>\n<meta property=\"og:title\" content=\"DELFINA SUMA A EX PERREDISTAS A SU CAMPA\u00d1A -\" \/>\n<meta property=\"og:description\" content=\"Tambi\u00e9n se suman ex l\u00edderes del sol Azteca de Ecatepec, municipio que visit\u00f3 por la campa\u00f1a electoral. ECATEPEC, M\u00e9x.- Delfina G\u00f3mez, candidata de MORENA, PT y PVEM a gobernadora del Edomex le dio la bienvenida a su campa\u00f1a a ex militantes y a ex l\u00edderes del PRD del municipio de Ecatepec, quienes se sumaron a [&hellip;]\" \/>\n<meta property=\"og:url\" content=\"https:\/\/continuamosmx.com\/index.php\/2023\/04\/05\/delfina-suma-a-ex-perredistas-a-su-campana\/\" \/>\n<meta property=\"article:published_time\" content=\"2023-04-05T16:57:42+00:00\" \/>\n<meta property=\"article:modified_time\" content=\"2023-05-17T03:05:11+00:00\" \/>\n<meta property=\"og:image\" content=\"https:\/\/continuamosmx.com\/wp-content\/uploads\/2023\/04\/delgfina.jpg\" \/>\n\t<meta property=\"og:image:width\" content=\"1280\" \/>\n\t<meta property=\"og:image:height\" content=\"853\" \/>\n\t<meta property=\"og:image:type\" content=\"image\/jpeg\" \/>\n<meta name=\"author\" content=\"ContinuamosMX\" \/>\n<meta name=\"twitter:card\" content=\"summary_large_image\" \/>\n<meta name=\"twitter:label1\" content=\"Escrito por\" \/>\n\t<meta name=\"twitter:data1\" content=\"ContinuamosMX\" \/>\n\t<meta name=\"twitter:label2\" content=\"Tiempo de lectura\" \/>\n\t<meta name=\"twitter:data2\" content=\"2 minutos\" \/>\n<script type=\"application\/ld+json\" class=\"yoast-schema-graph\">{\"@context\":\"https:\\\/\\\/schema.org\",\"@graph\":[{\"@type\":\"Article\",\"@id\":\"https:\\\/\\\/continuamosmx.com\\\/index.php\\\/2023\\\/04\\\/05\\\/delfina-suma-a-ex-perredistas-a-su-campana\\\/#article\",\"isPartOf\":{\"@id\":\"https:\\\/\\\/continuamosmx.com\\\/index.php\\\/2023\\\/04\\\/05\\\/delfina-suma-a-ex-perredistas-a-su-campana\\\/\"},\"author\":{\"name\":\"ContinuamosMX\",\"@id\":\"https:\\\/\\\/continuamosmx.com\\\/#\\\/schema\\\/person\\\/597bf43bb6e9623635929d8de706669f\"},\"headline\":\"DELFINA SUMA A EX PERREDISTAS A SU CAMPA\u00d1A\",\"datePublished\":\"2023-04-05T16:57:42+00:00\",\"dateModified\":\"2023-05-17T03:05:11+00:00\",\"mainEntityOfPage\":{\"@id\":\"https:\\\/\\\/continuamosmx.com\\\/index.php\\\/2023\\\/04\\\/05\\\/delfina-suma-a-ex-perredistas-a-su-campana\\\/\"},\"wordCount\":433,\"publisher\":{\"@id\":\"https:\\\/\\\/continuamosmx.com\\\/#organization\"},\"image\":{\"@id\":\"https:\\\/\\\/continuamosmx.com\\\/index.php\\\/2023\\\/04\\\/05\\\/delfina-suma-a-ex-perredistas-a-su-campana\\\/#primaryimage\"},\"thumbnailUrl\":\"https:\\\/\\\/continuamosmx.com\\\/wp-content\\\/uploads\\\/2023\\\/04\\\/delgfina.jpg\",\"keywords\":[\"Edomex\",\"Morena\"],\"articleSection\":[\"EDOMEX\",\"POL\u00cdTICA\"],\"inLanguage\":\"es\"},{\"@type\":\"WebPage\",\"@id\":\"https:\\\/\\\/continuamosmx.com\\\/index.php\\\/2023\\\/04\\\/05\\\/delfina-suma-a-ex-perredistas-a-su-campana\\\/\",\"url\":\"https:\\\/\\\/continuamosmx.com\\\/index.php\\\/2023\\\/04\\\/05\\\/delfina-suma-a-ex-perredistas-a-su-campana\\\/\",\"name\":\"DELFINA SUMA A EX PERREDISTAS A SU CAMPA\u00d1A -\",\"isPartOf\":{\"@id\":\"https:\\\/\\\/continuamosmx.com\\\/#website\"},\"primaryImageOfPage\":{\"@id\":\"https:\\\/\\\/continuamosmx.com\\\/index.php\\\/2023\\\/04\\\/05\\\/delfina-suma-a-ex-perredistas-a-su-campana\\\/#primaryimage\"},\"image\":{\"@id\":\"https:\\\/\\\/continuamosmx.com\\\/index.php\\\/2023\\\/04\\\/05\\\/delfina-suma-a-ex-perredistas-a-su-campana\\\/#primaryimage\"},\"thumbnailUrl\":\"https:\\\/\\\/continuamosmx.com\\\/wp-content\\\/uploads\\\/2023\\\/04\\\/delgfina.jpg\",\"datePublished\":\"2023-04-05T16:57:42+00:00\",\"dateModified\":\"2023-05-17T03:05:11+00:00\",\"breadcrumb\":{\"@id\":\"https:\\\/\\\/continuamosmx.com\\\/index.php\\\/2023\\\/04\\\/05\\\/delfina-suma-a-ex-perredistas-a-su-campana\\\/#breadcrumb\"},\"inLanguage\":\"es\",\"potentialAction\":[{\"@type\":\"ReadAction\",\"target\":[\"https:\\\/\\\/continuamosmx.com\\\/index.php\\\/2023\\\/04\\\/05\\\/delfina-suma-a-ex-perredistas-a-su-campana\\\/\"]}]},{\"@type\":\"ImageObject\",\"inLanguage\":\"es\",\"@id\":\"https:\\\/\\\/continuamosmx.com\\\/index.php\\\/2023\\\/04\\\/05\\\/delfina-suma-a-ex-perredistas-a-su-campana\\\/#primaryimage\",\"url\":\"https:\\\/\\\/continuamosmx.com\\\/wp-content\\\/uploads\\\/2023\\\/04\\\/delgfina.jpg\",\"contentUrl\":\"https:\\\/\\\/continuamosmx.com\\\/wp-content\\\/uploads\\\/2023\\\/04\\\/delgfina.jpg\",\"width\":1280,\"height\":853},{\"@type\":\"BreadcrumbList\",\"@id\":\"https:\\\/\\\/continuamosmx.com\\\/index.php\\\/2023\\\/04\\\/05\\\/delfina-suma-a-ex-perredistas-a-su-campana\\\/#breadcrumb\",\"itemListElement\":[{\"@type\":\"ListItem\",\"position\":1,\"name\":\"Inicio\",\"item\":\"https:\\\/\\\/continuamosmx.com\\\/\"},{\"@type\":\"ListItem\",\"position\":2,\"name\":\"DELFINA SUMA A EX PERREDISTAS A SU CAMPA\u00d1A\"}]},{\"@type\":\"WebSite\",\"@id\":\"https:\\\/\\\/continuamosmx.com\\\/#website\",\"url\":\"https:\\\/\\\/continuamosmx.com\\\/\",\"name\":\"www.continuamosmx.com\",\"description\":\"\",\"publisher\":{\"@id\":\"https:\\\/\\\/continuamosmx.com\\\/#organization\"},\"potentialAction\":[{\"@type\":\"SearchAction\",\"target\":{\"@type\":\"EntryPoint\",\"urlTemplate\":\"https:\\\/\\\/continuamosmx.com\\\/?s={search_term_string}\"},\"query-input\":{\"@type\":\"PropertyValueSpecification\",\"valueRequired\":true,\"valueName\":\"search_term_string\"}}],\"inLanguage\":\"es\"},{\"@type\":\"Organization\",\"@id\":\"https:\\\/\\\/continuamosmx.com\\\/#organization\",\"name\":\"ContinuamosMX\",\"url\":\"https:\\\/\\\/continuamosmx.com\\\/\",\"logo\":{\"@type\":\"ImageObject\",\"inLanguage\":\"es\",\"@id\":\"https:\\\/\\\/continuamosmx.com\\\/#\\\/schema\\\/logo\\\/image\\\/\",\"url\":\"https:\\\/\\\/continuamosmx.com\\\/wp-content\\\/uploads\\\/2023\\\/04\\\/cropped-LOGO-CONTI-NUEVO.png\",\"contentUrl\":\"https:\\\/\\\/continuamosmx.com\\\/wp-content\\\/uploads\\\/2023\\\/04\\\/cropped-LOGO-CONTI-NUEVO.png\",\"width\":1257,\"height\":430,\"caption\":\"ContinuamosMX\"},\"image\":{\"@id\":\"https:\\\/\\\/continuamosmx.com\\\/#\\\/schema\\\/logo\\\/image\\\/\"}},{\"@type\":\"Person\",\"@id\":\"https:\\\/\\\/continuamosmx.com\\\/#\\\/schema\\\/person\\\/597bf43bb6e9623635929d8de706669f\",\"name\":\"ContinuamosMX\",\"image\":{\"@type\":\"ImageObject\",\"inLanguage\":\"es\",\"@id\":\"https:\\\/\\\/secure.gravatar.com\\\/avatar\\\/559529727a6e1f51269882deb22b7cbf727c15cb0f7d75d495313386bc069382?s=96&d=mm&r=g\",\"url\":\"https:\\\/\\\/secure.gravatar.com\\\/avatar\\\/559529727a6e1f51269882deb22b7cbf727c15cb0f7d75d495313386bc069382?s=96&d=mm&r=g\",\"contentUrl\":\"https:\\\/\\\/secure.gravatar.com\\\/avatar\\\/559529727a6e1f51269882deb22b7cbf727c15cb0f7d75d495313386bc069382?s=96&d=mm&r=g\",\"caption\":\"ContinuamosMX\"},\"sameAs\":[\"http:\\\/\\\/continuamosmx.com\"],\"url\":\"https:\\\/\\\/continuamosmx.com\\\/index.php\\\/author\\\/cgbarnardhotmail-com\\\/\"}]}<\/script>\n<!-- \/ Yoast SEO plugin. -->","yoast_head_json":{"title":"DELFINA SUMA A EX PERREDISTAS A SU CAMPA\u00d1A -","robots":{"index":"index","follow":"follow","max-snippet":"max-snippet:-1","max-image-preview":"max-image-preview:large","max-video-preview":"max-video-preview:-1"},"canonical":"https:\/\/continuamosmx.com\/index.php\/2023\/04\/05\/delfina-suma-a-ex-perredistas-a-su-campana\/","og_locale":"es_ES","og_type":"article","og_title":"DELFINA SUMA A EX PERREDISTAS A SU CAMPA\u00d1A -","og_description":"Tambi\u00e9n se suman ex l\u00edderes del sol Azteca de Ecatepec, municipio que visit\u00f3 por la campa\u00f1a electoral. ECATEPEC, M\u00e9x.- Delfina G\u00f3mez, candidata de MORENA, PT y PVEM a gobernadora del Edomex le dio la bienvenida a su campa\u00f1a a ex militantes y a ex l\u00edderes del PRD del municipio de Ecatepec, quienes se sumaron a [&hellip;]","og_url":"https:\/\/continuamosmx.com\/index.php\/2023\/04\/05\/delfina-suma-a-ex-perredistas-a-su-campana\/","article_published_time":"2023-04-05T16:57:42+00:00","article_modified_time":"2023-05-17T03:05:11+00:00","og_image":[{"width":1280,"height":853,"url":"https:\/\/continuamosmx.com\/wp-content\/uploads\/2023\/04\/delgfina.jpg","type":"image\/jpeg"}],"author":"ContinuamosMX","twitter_card":"summary_large_image","twitter_misc":{"Escrito por":"ContinuamosMX","Tiempo de lectura":"2 minutos"},"schema":{"@context":"https:\/\/schema.org","@graph":[{"@type":"Article","@id":"https:\/\/continuamosmx.com\/index.php\/2023\/04\/05\/delfina-suma-a-ex-perredistas-a-su-campana\/#article","isPartOf":{"@id":"https:\/\/continuamosmx.com\/index.php\/2023\/04\/05\/delfina-suma-a-ex-perredistas-a-su-campana\/"},"author":{"name":"ContinuamosMX","@id":"https:\/\/continuamosmx.com\/#\/schema\/person\/597bf43bb6e9623635929d8de706669f"},"headline":"DELFINA SUMA A EX PERREDISTAS A SU CAMPA\u00d1A","datePublished":"2023-04-05T16:57:42+00:00","dateModified":"2023-05-17T03:05:11+00:00","mainEntityOfPage":{"@id":"https:\/\/continuamosmx.com\/index.php\/2023\/04\/05\/delfina-suma-a-ex-perredistas-a-su-campana\/"},"wordCount":433,"publisher":{"@id":"https:\/\/continuamosmx.com\/#organization"},"image":{"@id":"https:\/\/continuamosmx.com\/index.php\/2023\/04\/05\/delfina-suma-a-ex-perredistas-a-su-campana\/#primaryimage"},"thumbnailUrl":"https:\/\/continuamosmx.com\/wp-content\/uploads\/2023\/04\/delgfina.jpg","keywords":["Edomex","Morena"],"articleSection":["EDOMEX","POL\u00cdTICA"],"inLanguage":"es"},{"@type":"WebPage","@id":"https:\/\/continuamosmx.com\/index.php\/2023\/04\/05\/delfina-suma-a-ex-perredistas-a-su-campana\/","url":"https:\/\/continuamosmx.com\/index.php\/2023\/04\/05\/delfina-suma-a-ex-perredistas-a-su-campana\/","name":"DELFINA SUMA A EX PERREDISTAS A SU CAMPA\u00d1A -","isPartOf":{"@id":"https:\/\/continuamosmx.com\/#website"},"primaryImageOfPage":{"@id":"https:\/\/continuamosmx.com\/index.php\/2023\/04\/05\/delfina-suma-a-ex-perredistas-a-su-campana\/#primaryimage"},"image":{"@id":"https:\/\/continuamosmx.com\/index.php\/2023\/04\/05\/delfina-suma-a-ex-perredistas-a-su-campana\/#primaryimage"},"thumbnailUrl":"https:\/\/continuamosmx.com\/wp-content\/uploads\/2023\/04\/delgfina.jpg","datePublished":"2023-04-05T16:57:42+00:00","dateModified":"2023-05-17T03:05:11+00:00","breadcrumb":{"@id":"https:\/\/continuamosmx.com\/index.php\/2023\/04\/05\/delfina-suma-a-ex-perredistas-a-su-campana\/#breadcrumb"},"inLanguage":"es","potentialAction":[{"@type":"ReadAction","target":["https:\/\/continuamosmx.com\/index.php\/2023\/04\/05\/delfina-suma-a-ex-perredistas-a-su-campana\/"]}]},{"@type":"ImageObject","inLanguage":"es","@id":"https:\/\/continuamosmx.com\/index.php\/2023\/04\/05\/delfina-suma-a-ex-perredistas-a-su-campana\/#primaryimage","url":"https:\/\/continuamosmx.com\/wp-content\/uploads\/2023\/04\/delgfina.jpg","contentUrl":"https:\/\/continuamosmx.com\/wp-content\/uploads\/2023\/04\/delgfina.jpg","width":1280,"height":853},{"@type":"BreadcrumbList","@id":"https:\/\/continuamosmx.com\/index.php\/2023\/04\/05\/delfina-suma-a-ex-perredistas-a-su-campana\/#breadcrumb","itemListElement":[{"@type":"ListItem","position":1,"name":"Inicio","item":"https:\/\/continuamosmx.com\/"},{"@type":"ListItem","position":2,"name":"DELFINA SUMA A EX PERREDISTAS A SU CAMPA\u00d1A"}]},{"@type":"WebSite","@id":"https:\/\/continuamosmx.com\/#website","url":"https:\/\/continuamosmx.com\/","name":"www.continuamosmx.com","description":"","publisher":{"@id":"https:\/\/continuamosmx.com\/#organization"},"potentialAction":[{"@type":"SearchAction","target":{"@type":"EntryPoint","urlTemplate":"https:\/\/continuamosmx.com\/?s={search_term_string}"},"query-input":{"@type":"PropertyValueSpecification","valueRequired":true,"valueName":"search_term_string"}}],"inLanguage":"es"},{"@type":"Organization","@id":"https:\/\/continuamosmx.com\/#organization","name":"ContinuamosMX","url":"https:\/\/continuamosmx.com\/","logo":{"@type":"ImageObject","inLanguage":"es","@id":"https:\/\/continuamosmx.com\/#\/schema\/logo\/image\/","url":"https:\/\/continuamosmx.com\/wp-content\/uploads\/2023\/04\/cropped-LOGO-CONTI-NUEVO.png","contentUrl":"https:\/\/continuamosmx.com\/wp-content\/uploads\/2023\/04\/cropped-LOGO-CONTI-NUEVO.png","width":1257,"height":430,"caption":"ContinuamosMX"},"image":{"@id":"https:\/\/continuamosmx.com\/#\/schema\/logo\/image\/"}},{"@type":"Person","@id":"https:\/\/continuamosmx.com\/#\/schema\/person\/597bf43bb6e9623635929d8de706669f","name":"ContinuamosMX","image":{"@type":"ImageObject","inLanguage":"es","@id":"https:\/\/secure.gravatar.com\/avatar\/559529727a6e1f51269882deb22b7cbf727c15cb0f7d75d495313386bc069382?s=96&d=mm&r=g","url":"https:\/\/secure.gravatar.com\/avatar\/559529727a6e1f51269882deb22b7cbf727c15cb0f7d75d495313386bc069382?s=96&d=mm&r=g","contentUrl":"https:\/\/secure.gravatar.com\/avatar\/559529727a6e1f51269882deb22b7cbf727c15cb0f7d75d495313386bc069382?s=96&d=mm&r=g","caption":"ContinuamosMX"},"sameAs":["http:\/\/continuamosmx.com"],"url":"https:\/\/continuamosmx.com\/index.php\/author\/cgbarnardhotmail-com\/"}]}},"_links":{"self":[{"href":"https:\/\/continuamosmx.com\/index.php\/wp-json\/wp\/v2\/posts\/32973","targetHints":{"allow":["GET"]}}],"collection":[{"href":"https:\/\/continuamosmx.com\/index.php\/wp-json\/wp\/v2\/posts"}],"about":[{"href":"https:\/\/continuamosmx.com\/index.php\/wp-json\/wp\/v2\/types\/post"}],"author":[{"embeddable":true,"href":"https:\/\/continuamosmx.com\/index.php\/wp-json\/wp\/v2\/users\/1"}],"replies":[{"embeddable":true,"href":"https:\/\/continuamosmx.com\/index.php\/wp-json\/wp\/v2\/comments?post=32973"}],"version-history":[{"count":1,"href":"https:\/\/continuamosmx.com\/index.php\/wp-json\/wp\/v2\/posts\/32973\/revisions"}],"predecessor-version":[{"id":33002,"href":"https:\/\/continuamosmx.com\/index.php\/wp-json\/wp\/v2\/posts\/32973\/revisions\/33002"}],"wp:featuredmedia":[{"embeddable":true,"href":"https:\/\/continuamosmx.com\/index.php\/wp-json\/wp\/v2\/media\/32974"}],"wp:attachment":[{"href":"https:\/\/continuamosmx.com\/index.php\/wp-json\/wp\/v2\/media?parent=32973"}],"wp:term":[{"taxonomy":"category","embeddable":true,"href":"https:\/\/continuamosmx.com\/index.php\/wp-json\/wp\/v2\/categories?post=32973"},{"taxonomy":"post_tag","embeddable":true,"href":"https:\/\/continuamosmx.com\/index.php\/wp-json\/wp\/v2\/tags?post=32973"}],"curies":[{"name":"wp","href":"https:\/\/api.w.org\/{rel}","templated":true}]}}