{"id":32971,"date":"2023-04-07T20:56:29","date_gmt":"2023-04-07T20:56:29","guid":{"rendered":"https:\/\/continuamosmx.com\/?p=43707"},"modified":"2023-05-17T03:05:10","modified_gmt":"2023-05-17T03:05:10","slug":"el-ser-y-la-nada-16","status":"publish","type":"post","link":"https:\/\/continuamosmx.com\/index.php\/2023\/04\/07\/el-ser-y-la-nada-16\/","title":{"rendered":"EL SER Y LA NADA"},"content":{"rendered":"\n<p>Por: Fernando Lira Flores *<\/p>\n\n\n\n<p><em><strong>EL CONFLICTO LABORAL FRANC\u00c9S. Libert\u00e9, egalit\u00e9, fraternit\u00e9<\/strong><\/em><em><strong><\/strong><\/em><\/p>\n\n\n\n<p>Hoy, en este art\u00edculo del <strong><u>Ser y la Nada<\/u><\/strong>, les saludo, y espero y deseo que se encuentren bien.<\/p>\n\n\n\n<p>Algunos de ustedes, habr\u00e1n le\u00eddo o escuchado, respecto del conflicto que se est\u00e1 viviendo en Francia, relacionado con la legislaci\u00f3n laboral y el cambio de pensiones en ese pa\u00eds.<\/p>\n\n\n\n<p>Hoy, me gustar\u00eda emitir un juicio de opini\u00f3n respecto a este conflicto, de \u00edndole laboral pero que trastoca las fibras sociales en general; y conociendo los ideales de los franceses, estas propuestas legislativas, est\u00e1n atentando contra su libertad, igualdad y fraternidad.<\/p>\n\n\n\n<p>Por ende, la sociedad civil y sindical han salido a las calles a manifestarse abiertamente contra esta circunstancia.<\/p>\n\n\n\n<p>Continuamos\u2026<\/p>\n\n\n\n<p>La situaci\u00f3n actual de las manifestaciones de la sociedad francesa, los trabajadores y sindicatos, tiene un trasfondo muy profundo el cual un servidor no podr\u00eda compartir en este peque\u00f1o espacio; sin embargo, se presentan con un tema relevante y de amplia discusi\u00f3n, que es manifestarse en contra de la legislaci\u00f3n de jubilaci\u00f3n y de pensiones.<\/p>\n\n\n\n<p>Tanto, Le Monde como Le Figaro, -dos diarios conocidos y reconocidos-, no emiten un juicio de opini\u00f3n hasta llegar a la ra\u00edz de las causas de este problema que agobia al pa\u00eds Galo.<\/p>\n\n\n\n<p>En lo que si concuerdan es que, desde hace varios meses, Francia ha vivido y visto una ola de manifestaciones respecto de los decretos, tanto del sistema de jubilaciones como de pensiones. Este ha sido criticado desde lo social y laboral, as\u00ed como desde lo econ\u00f3mico.<\/p>\n\n\n\n<p>En s\u00edntesis, la propuesta del presidente franc\u00e9s Emmanuel Macron, sugiere establecer un sistema de pensiones universal; as\u00ed como aumentar la edad de jubilaci\u00f3n de los trabajadores franceses. Lo cual, a su vez, perjudicar\u00eda a las generaciones laborales actuales y a las futuras de ese pa\u00eds; lo que conllevar\u00eda a una amplia desigualdad y vulnerabilidad social (egalit\u00e9 et fraternit\u00e9)&nbsp;<\/p>\n\n\n\n<p>.<\/p>\n\n\n\n<p>El gobierno del presidente franc\u00e9s Macron, ha comentado a Le Figaro que esta es una medida necesaria para modernizar el sistema de pensiones, y garantizar las jubilaciones de los trabajadores franceses en general, buscando un sistema m\u00e1s justo y transparente en la rendici\u00f3n de cuentas para el sector laboral.<\/p>\n\n\n\n<p>Le Monde, por su parte, argumenta que esta propuesta es regresiva y afectar\u00e1 negativamente a los trabajadores m\u00e1s vulnerables, con empleos precarios o que han enfrentado per\u00edodos amplios de desempleo.<\/p>\n\n\n\n<p>Aunque sabemos por experiencia propia en M\u00e9xico, que estas medidas buscan la sostenibilidad a largo plazo, debido a que las pensiones merman los ingresos gubernamentales y afectan, directamente, al cobro de impuestos y a quienes los pagamos; debido a que, de ello, derivan el pago de pensiones de los jubilados y \u201cse intentar\u00eda que esto, beneficie a la masa laboral y no le perjudique ni merme sus ingresos\u201d<\/p>\n\n\n\n<p>La problem\u00e1tica en Francia surge, cuando se busca que las pensiones se establezcan por un sistema de jubilaciones universal, lo que ha sido una amenaza y ha encendido focos rojos en la poblaci\u00f3n y los sindicatos franceses.<\/p>\n\n\n\n<p>En este sentido, tanto Le Monde como Le Figaro, han concluido que: esto demuestra una preocupaci\u00f3n social y laboral, a la vez que econ\u00f3mica, ante la posible p\u00e9rdida de derechos de la poblaci\u00f3n econ\u00f3micamente activa, que podr\u00edan verse afectados por estas reformas propuestas.<\/p>\n\n\n\n<p>Para m\u00e1s antecedentes relacionados con este conflicto, revisar:<\/p>\n\n\n\n<p>Le Figaro 5 diciembre 2019 Porquoi les manifestaciones contre la r\u00e9forme des retraists ont-elles lieu? Recuperado de: <a href=\"https:\/\/www.lefigaro.fr\/economie\/pourquoi-les-manifestations-contre-la-reforme-des-retraites-ont-elles-lieu-20191205\">https:\/\/www.lefigaro.fr\/economie\/pourquoi-les-manifestations-contre-la-reforme-des-retraites-ont-elles-lieu-20191205<\/a><\/p>\n\n\n\n<p>Le Monde. 10 diciembre 2019 R\u00e9forme des retraites: pourquoi les Syndicats sont-ils mobilis\u00e9s Recuperado de: <a href=\"https:\/\/www.lemonde.fr\/les-decodeurs\/article\/2019\/12\/10\/reforme-des-retraites-pourquoi-les-syndicats-sont-ils-mobilises_6022344_4355770.htmllemonde\">https:\/\/www.lemonde.fr\/les-decodeurs\/article\/2019\/12\/10\/reforme-des-retraites-pourquoi-les-syndicats-sont-ils-mobilises_6022344_4355770.htmllemonde<\/a><\/p>\n\n\n\n<p>Le Monde. 12 diciembre 2019. R\u00e9forme des retraites : l\u2019essentiel du projet de loi pr\u00e9sent\u00e9 par \u00c9douard Philippe. Recuperado de <a href=\"https:\/\/www.lemonde.fr\/les-decodeurs\/article\/2019\/12\/11\/reforme-des-retraites-l-essentiel-du-projet-de-loi-presente-par-edouard-philippe_6022557_4355770.html\">https:\/\/www.lemonde.fr\/les-decodeurs\/article\/2019\/12\/11\/reforme-des-retraites-l-essentiel-du-projet-de-loi-presente-par-edouard-philippe_6022557_4355770.html<\/a><\/p>\n\n\n\n<p>Banco Mundial. (2018). France &#8211; Pension Reform and Beyond: Implementing Effective Retirement Policies. Recuperado de <a href=\"https:\/\/openknowledge.worldbank.org\/bitstream\/handle\/10986\/30703\/129438-WP-PUBLIC-FRANCE-04-2018.pdf\">https:\/\/openknowledge.worldbank.org\/bitstream\/handle\/10986\/30703\/129438-WP-PUBLIC-FRANCE-04-2018.pdf<\/a><\/p>\n\n\n\n<p>Le Figaro, 29 marzo 2023 R\u00e9forme des retraites: une mobilisation en baisse, au moins 70 interpellations \u00e0 Paris. Recuperado de: <a href=\"https:\/\/www.lefigaro.fr\/social\/greve-28-mars-2023-reforme-des-retraites-parcours-manifestation-transports-sncf-ratp-cgt-syndicats-blocage-eboueurs-casseurs-gouvernement-20230328\">https:\/\/www.lefigaro.fr\/social\/greve-28-mars-2023-reforme-des-retraites-parcours-manifestation-transports-sncf-ratp-cgt-syndicats-blocage-eboueurs-casseurs-gouvernement-20230328<\/a><\/p>\n\n\n\n<h1 class=\"wp-block-heading\">Le Monde 28 marzo 2023 R\u00e9forme des retraites&nbsp;: dans les manifestations du 28&nbsp;mars, une mobilisation en reflux malgr\u00e9 le renfort de la jeunesse. <a href=\"https:\/\/www.lemonde.fr\/politique\/article\/2023\/03\/28\/reforme-des-retraites-dans-les-manifestations-du-28-mars-une-mobilisation-en-reflux-malgre-le-renfort-de-la-jeunesse_6167333_823448.html\">https:\/\/www.lemonde.fr\/politique\/article\/2023\/03\/28\/reforme-des-retraites-dans-les-manifestations-du-28-mars-une-mobilisation-en-reflux-malgre-le-renfort-de-la-jeunesse_6167333_823448.html<\/a><\/h1>\n\n\n\n<p>Estimados lectores, les dejo con las siguientes reflexiones: \u00bfEstuvimos al tanto respecto del cambio de pensiones que present\u00f3 en M\u00e9xico? \u00bfRevisamos y analizamos la legislaci\u00f3n y sus efectos? \u00bfNuestros sindicatos nos acompa\u00f1aron en esta circunstancia? O, \u00bfsolamente aceptamos y callamos? Y, ante todo, \u00bfpodemos generar en M\u00e9xico frentes comunes para actuar como sociedad civil organizada en defensa de nuestros derechos?<\/p>\n\n\n\n<pre class=\"wp-block-preformatted\">Y, como dijo el fil\u00f3sofo, \u201cLe plus difficile es de se decid\u00e9r a agir, le reste n\u2019est que de la t\u00e9nacit\u00e9\u201d. Amigos lectores \u00bfesto es cierto!, \u201cLo m\u00e1s dif\u00edcil es decidirse a actuar, el resto es solo tenacidad\u201d.<\/pre>\n\n\n\n<p>Hasta el siguiente comentario <strong><u>del Ser y la Nada.<\/u><\/strong><\/p>\n\n\n\n<p>*Administrador de Baldemart y Asociados S.C. y docente desde bachillerato hasta posgrados en diversas instituciones educativas p\u00fablicas y privadas.<\/p>\n","protected":false},"excerpt":{"rendered":"<p>Por: Fernando Lira Flores * EL CONFLICTO LABORAL FRANC\u00c9S. Libert\u00e9, egalit\u00e9, fraternit\u00e9 Hoy, en este art\u00edculo del Ser y la Nada, les saludo, y espero y deseo que se encuentren bien. Algunos de ustedes, habr\u00e1n le\u00eddo o escuchado, respecto del conflicto que se est\u00e1 viviendo en Francia, relacionado con la legislaci\u00f3n laboral y el cambio [&hellip;]<\/p>\n","protected":false},"author":1,"featured_media":32972,"comment_status":"closed","ping_status":"open","sticky":false,"template":"","format":"standard","meta":{"footnotes":""},"categories":[10,9],"tags":[],"class_list":["post-32971","post","type-post","status-publish","format-standard","has-post-thumbnail","hentry","category-articulo-de-contenido","category-columnas"],"yoast_head":"<!-- This site is optimized with the Yoast SEO plugin v27.5 - https:\/\/yoast.com\/product\/yoast-seo-wordpress\/ -->\n<title>EL SER Y LA NADA -<\/title>\n<meta name=\"robots\" content=\"index, follow, max-snippet:-1, max-image-preview:large, max-video-preview:-1\" \/>\n<link rel=\"canonical\" href=\"https:\/\/continuamosmx.com\/index.php\/2023\/04\/07\/el-ser-y-la-nada-16\/\" \/>\n<meta property=\"og:locale\" content=\"es_ES\" \/>\n<meta property=\"og:type\" content=\"article\" \/>\n<meta property=\"og:title\" content=\"EL SER Y LA NADA -\" \/>\n<meta property=\"og:description\" content=\"Por: Fernando Lira Flores * EL CONFLICTO LABORAL FRANC\u00c9S. Libert\u00e9, egalit\u00e9, fraternit\u00e9 Hoy, en este art\u00edculo del Ser y la Nada, les saludo, y espero y deseo que se encuentren bien. Algunos de ustedes, habr\u00e1n le\u00eddo o escuchado, respecto del conflicto que se est\u00e1 viviendo en Francia, relacionado con la legislaci\u00f3n laboral y el cambio [&hellip;]\" \/>\n<meta property=\"og:url\" content=\"https:\/\/continuamosmx.com\/index.php\/2023\/04\/07\/el-ser-y-la-nada-16\/\" \/>\n<meta property=\"article:published_time\" content=\"2023-04-07T20:56:29+00:00\" \/>\n<meta property=\"article:modified_time\" content=\"2023-05-17T03:05:10+00:00\" \/>\n<meta property=\"og:image\" content=\"https:\/\/continuamosmx.com\/wp-content\/uploads\/2023\/03\/lira.jpg\" \/>\n\t<meta property=\"og:image:width\" content=\"1200\" \/>\n\t<meta property=\"og:image:height\" content=\"1600\" \/>\n\t<meta property=\"og:image:type\" content=\"image\/jpeg\" \/>\n<meta name=\"author\" content=\"ContinuamosMX\" \/>\n<meta name=\"twitter:card\" content=\"summary_large_image\" \/>\n<meta name=\"twitter:label1\" content=\"Escrito por\" \/>\n\t<meta name=\"twitter:data1\" content=\"ContinuamosMX\" \/>\n\t<meta name=\"twitter:label2\" content=\"Tiempo de lectura\" \/>\n\t<meta name=\"twitter:data2\" content=\"4 minutos\" \/>\n<script type=\"application\/ld+json\" class=\"yoast-schema-graph\">{\"@context\":\"https:\\\/\\\/schema.org\",\"@graph\":[{\"@type\":\"Article\",\"@id\":\"https:\\\/\\\/continuamosmx.com\\\/index.php\\\/2023\\\/04\\\/07\\\/el-ser-y-la-nada-16\\\/#article\",\"isPartOf\":{\"@id\":\"https:\\\/\\\/continuamosmx.com\\\/index.php\\\/2023\\\/04\\\/07\\\/el-ser-y-la-nada-16\\\/\"},\"author\":{\"name\":\"ContinuamosMX\",\"@id\":\"https:\\\/\\\/continuamosmx.com\\\/#\\\/schema\\\/person\\\/597bf43bb6e9623635929d8de706669f\"},\"headline\":\"EL SER Y LA NADA\",\"datePublished\":\"2023-04-07T20:56:29+00:00\",\"dateModified\":\"2023-05-17T03:05:10+00:00\",\"mainEntityOfPage\":{\"@id\":\"https:\\\/\\\/continuamosmx.com\\\/index.php\\\/2023\\\/04\\\/07\\\/el-ser-y-la-nada-16\\\/\"},\"wordCount\":841,\"publisher\":{\"@id\":\"https:\\\/\\\/continuamosmx.com\\\/#organization\"},\"image\":{\"@id\":\"https:\\\/\\\/continuamosmx.com\\\/index.php\\\/2023\\\/04\\\/07\\\/el-ser-y-la-nada-16\\\/#primaryimage\"},\"thumbnailUrl\":\"https:\\\/\\\/continuamosmx.com\\\/wp-content\\\/uploads\\\/2023\\\/03\\\/lira.jpg\",\"articleSection\":[\"ART\u00cdCULO DE CONTENIDO\",\"COLUMNAS\"],\"inLanguage\":\"es\"},{\"@type\":\"WebPage\",\"@id\":\"https:\\\/\\\/continuamosmx.com\\\/index.php\\\/2023\\\/04\\\/07\\\/el-ser-y-la-nada-16\\\/\",\"url\":\"https:\\\/\\\/continuamosmx.com\\\/index.php\\\/2023\\\/04\\\/07\\\/el-ser-y-la-nada-16\\\/\",\"name\":\"EL SER Y LA NADA -\",\"isPartOf\":{\"@id\":\"https:\\\/\\\/continuamosmx.com\\\/#website\"},\"primaryImageOfPage\":{\"@id\":\"https:\\\/\\\/continuamosmx.com\\\/index.php\\\/2023\\\/04\\\/07\\\/el-ser-y-la-nada-16\\\/#primaryimage\"},\"image\":{\"@id\":\"https:\\\/\\\/continuamosmx.com\\\/index.php\\\/2023\\\/04\\\/07\\\/el-ser-y-la-nada-16\\\/#primaryimage\"},\"thumbnailUrl\":\"https:\\\/\\\/continuamosmx.com\\\/wp-content\\\/uploads\\\/2023\\\/03\\\/lira.jpg\",\"datePublished\":\"2023-04-07T20:56:29+00:00\",\"dateModified\":\"2023-05-17T03:05:10+00:00\",\"breadcrumb\":{\"@id\":\"https:\\\/\\\/continuamosmx.com\\\/index.php\\\/2023\\\/04\\\/07\\\/el-ser-y-la-nada-16\\\/#breadcrumb\"},\"inLanguage\":\"es\",\"potentialAction\":[{\"@type\":\"ReadAction\",\"target\":[\"https:\\\/\\\/continuamosmx.com\\\/index.php\\\/2023\\\/04\\\/07\\\/el-ser-y-la-nada-16\\\/\"]}]},{\"@type\":\"ImageObject\",\"inLanguage\":\"es\",\"@id\":\"https:\\\/\\\/continuamosmx.com\\\/index.php\\\/2023\\\/04\\\/07\\\/el-ser-y-la-nada-16\\\/#primaryimage\",\"url\":\"https:\\\/\\\/continuamosmx.com\\\/wp-content\\\/uploads\\\/2023\\\/03\\\/lira.jpg\",\"contentUrl\":\"https:\\\/\\\/continuamosmx.com\\\/wp-content\\\/uploads\\\/2023\\\/03\\\/lira.jpg\",\"width\":1200,\"height\":1600},{\"@type\":\"BreadcrumbList\",\"@id\":\"https:\\\/\\\/continuamosmx.com\\\/index.php\\\/2023\\\/04\\\/07\\\/el-ser-y-la-nada-16\\\/#breadcrumb\",\"itemListElement\":[{\"@type\":\"ListItem\",\"position\":1,\"name\":\"Inicio\",\"item\":\"https:\\\/\\\/continuamosmx.com\\\/\"},{\"@type\":\"ListItem\",\"position\":2,\"name\":\"EL SER Y LA NADA\"}]},{\"@type\":\"WebSite\",\"@id\":\"https:\\\/\\\/continuamosmx.com\\\/#website\",\"url\":\"https:\\\/\\\/continuamosmx.com\\\/\",\"name\":\"www.continuamosmx.com\",\"description\":\"\",\"publisher\":{\"@id\":\"https:\\\/\\\/continuamosmx.com\\\/#organization\"},\"potentialAction\":[{\"@type\":\"SearchAction\",\"target\":{\"@type\":\"EntryPoint\",\"urlTemplate\":\"https:\\\/\\\/continuamosmx.com\\\/?s={search_term_string}\"},\"query-input\":{\"@type\":\"PropertyValueSpecification\",\"valueRequired\":true,\"valueName\":\"search_term_string\"}}],\"inLanguage\":\"es\"},{\"@type\":\"Organization\",\"@id\":\"https:\\\/\\\/continuamosmx.com\\\/#organization\",\"name\":\"ContinuamosMX\",\"url\":\"https:\\\/\\\/continuamosmx.com\\\/\",\"logo\":{\"@type\":\"ImageObject\",\"inLanguage\":\"es\",\"@id\":\"https:\\\/\\\/continuamosmx.com\\\/#\\\/schema\\\/logo\\\/image\\\/\",\"url\":\"https:\\\/\\\/continuamosmx.com\\\/wp-content\\\/uploads\\\/2023\\\/04\\\/cropped-LOGO-CONTI-NUEVO.png\",\"contentUrl\":\"https:\\\/\\\/continuamosmx.com\\\/wp-content\\\/uploads\\\/2023\\\/04\\\/cropped-LOGO-CONTI-NUEVO.png\",\"width\":1257,\"height\":430,\"caption\":\"ContinuamosMX\"},\"image\":{\"@id\":\"https:\\\/\\\/continuamosmx.com\\\/#\\\/schema\\\/logo\\\/image\\\/\"}},{\"@type\":\"Person\",\"@id\":\"https:\\\/\\\/continuamosmx.com\\\/#\\\/schema\\\/person\\\/597bf43bb6e9623635929d8de706669f\",\"name\":\"ContinuamosMX\",\"image\":{\"@type\":\"ImageObject\",\"inLanguage\":\"es\",\"@id\":\"https:\\\/\\\/secure.gravatar.com\\\/avatar\\\/559529727a6e1f51269882deb22b7cbf727c15cb0f7d75d495313386bc069382?s=96&d=mm&r=g\",\"url\":\"https:\\\/\\\/secure.gravatar.com\\\/avatar\\\/559529727a6e1f51269882deb22b7cbf727c15cb0f7d75d495313386bc069382?s=96&d=mm&r=g\",\"contentUrl\":\"https:\\\/\\\/secure.gravatar.com\\\/avatar\\\/559529727a6e1f51269882deb22b7cbf727c15cb0f7d75d495313386bc069382?s=96&d=mm&r=g\",\"caption\":\"ContinuamosMX\"},\"sameAs\":[\"http:\\\/\\\/continuamosmx.com\"],\"url\":\"https:\\\/\\\/continuamosmx.com\\\/index.php\\\/author\\\/cgbarnardhotmail-com\\\/\"}]}<\/script>\n<!-- \/ Yoast SEO plugin. -->","yoast_head_json":{"title":"EL SER Y LA NADA -","robots":{"index":"index","follow":"follow","max-snippet":"max-snippet:-1","max-image-preview":"max-image-preview:large","max-video-preview":"max-video-preview:-1"},"canonical":"https:\/\/continuamosmx.com\/index.php\/2023\/04\/07\/el-ser-y-la-nada-16\/","og_locale":"es_ES","og_type":"article","og_title":"EL SER Y LA NADA -","og_description":"Por: Fernando Lira Flores * EL CONFLICTO LABORAL FRANC\u00c9S. Libert\u00e9, egalit\u00e9, fraternit\u00e9 Hoy, en este art\u00edculo del Ser y la Nada, les saludo, y espero y deseo que se encuentren bien. Algunos de ustedes, habr\u00e1n le\u00eddo o escuchado, respecto del conflicto que se est\u00e1 viviendo en Francia, relacionado con la legislaci\u00f3n laboral y el cambio [&hellip;]","og_url":"https:\/\/continuamosmx.com\/index.php\/2023\/04\/07\/el-ser-y-la-nada-16\/","article_published_time":"2023-04-07T20:56:29+00:00","article_modified_time":"2023-05-17T03:05:10+00:00","og_image":[{"width":1200,"height":1600,"url":"https:\/\/continuamosmx.com\/wp-content\/uploads\/2023\/03\/lira.jpg","type":"image\/jpeg"}],"author":"ContinuamosMX","twitter_card":"summary_large_image","twitter_misc":{"Escrito por":"ContinuamosMX","Tiempo de lectura":"4 minutos"},"schema":{"@context":"https:\/\/schema.org","@graph":[{"@type":"Article","@id":"https:\/\/continuamosmx.com\/index.php\/2023\/04\/07\/el-ser-y-la-nada-16\/#article","isPartOf":{"@id":"https:\/\/continuamosmx.com\/index.php\/2023\/04\/07\/el-ser-y-la-nada-16\/"},"author":{"name":"ContinuamosMX","@id":"https:\/\/continuamosmx.com\/#\/schema\/person\/597bf43bb6e9623635929d8de706669f"},"headline":"EL SER Y LA NADA","datePublished":"2023-04-07T20:56:29+00:00","dateModified":"2023-05-17T03:05:10+00:00","mainEntityOfPage":{"@id":"https:\/\/continuamosmx.com\/index.php\/2023\/04\/07\/el-ser-y-la-nada-16\/"},"wordCount":841,"publisher":{"@id":"https:\/\/continuamosmx.com\/#organization"},"image":{"@id":"https:\/\/continuamosmx.com\/index.php\/2023\/04\/07\/el-ser-y-la-nada-16\/#primaryimage"},"thumbnailUrl":"https:\/\/continuamosmx.com\/wp-content\/uploads\/2023\/03\/lira.jpg","articleSection":["ART\u00cdCULO DE CONTENIDO","COLUMNAS"],"inLanguage":"es"},{"@type":"WebPage","@id":"https:\/\/continuamosmx.com\/index.php\/2023\/04\/07\/el-ser-y-la-nada-16\/","url":"https:\/\/continuamosmx.com\/index.php\/2023\/04\/07\/el-ser-y-la-nada-16\/","name":"EL SER Y LA NADA -","isPartOf":{"@id":"https:\/\/continuamosmx.com\/#website"},"primaryImageOfPage":{"@id":"https:\/\/continuamosmx.com\/index.php\/2023\/04\/07\/el-ser-y-la-nada-16\/#primaryimage"},"image":{"@id":"https:\/\/continuamosmx.com\/index.php\/2023\/04\/07\/el-ser-y-la-nada-16\/#primaryimage"},"thumbnailUrl":"https:\/\/continuamosmx.com\/wp-content\/uploads\/2023\/03\/lira.jpg","datePublished":"2023-04-07T20:56:29+00:00","dateModified":"2023-05-17T03:05:10+00:00","breadcrumb":{"@id":"https:\/\/continuamosmx.com\/index.php\/2023\/04\/07\/el-ser-y-la-nada-16\/#breadcrumb"},"inLanguage":"es","potentialAction":[{"@type":"ReadAction","target":["https:\/\/continuamosmx.com\/index.php\/2023\/04\/07\/el-ser-y-la-nada-16\/"]}]},{"@type":"ImageObject","inLanguage":"es","@id":"https:\/\/continuamosmx.com\/index.php\/2023\/04\/07\/el-ser-y-la-nada-16\/#primaryimage","url":"https:\/\/continuamosmx.com\/wp-content\/uploads\/2023\/03\/lira.jpg","contentUrl":"https:\/\/continuamosmx.com\/wp-content\/uploads\/2023\/03\/lira.jpg","width":1200,"height":1600},{"@type":"BreadcrumbList","@id":"https:\/\/continuamosmx.com\/index.php\/2023\/04\/07\/el-ser-y-la-nada-16\/#breadcrumb","itemListElement":[{"@type":"ListItem","position":1,"name":"Inicio","item":"https:\/\/continuamosmx.com\/"},{"@type":"ListItem","position":2,"name":"EL SER Y LA NADA"}]},{"@type":"WebSite","@id":"https:\/\/continuamosmx.com\/#website","url":"https:\/\/continuamosmx.com\/","name":"www.continuamosmx.com","description":"","publisher":{"@id":"https:\/\/continuamosmx.com\/#organization"},"potentialAction":[{"@type":"SearchAction","target":{"@type":"EntryPoint","urlTemplate":"https:\/\/continuamosmx.com\/?s={search_term_string}"},"query-input":{"@type":"PropertyValueSpecification","valueRequired":true,"valueName":"search_term_string"}}],"inLanguage":"es"},{"@type":"Organization","@id":"https:\/\/continuamosmx.com\/#organization","name":"ContinuamosMX","url":"https:\/\/continuamosmx.com\/","logo":{"@type":"ImageObject","inLanguage":"es","@id":"https:\/\/continuamosmx.com\/#\/schema\/logo\/image\/","url":"https:\/\/continuamosmx.com\/wp-content\/uploads\/2023\/04\/cropped-LOGO-CONTI-NUEVO.png","contentUrl":"https:\/\/continuamosmx.com\/wp-content\/uploads\/2023\/04\/cropped-LOGO-CONTI-NUEVO.png","width":1257,"height":430,"caption":"ContinuamosMX"},"image":{"@id":"https:\/\/continuamosmx.com\/#\/schema\/logo\/image\/"}},{"@type":"Person","@id":"https:\/\/continuamosmx.com\/#\/schema\/person\/597bf43bb6e9623635929d8de706669f","name":"ContinuamosMX","image":{"@type":"ImageObject","inLanguage":"es","@id":"https:\/\/secure.gravatar.com\/avatar\/559529727a6e1f51269882deb22b7cbf727c15cb0f7d75d495313386bc069382?s=96&d=mm&r=g","url":"https:\/\/secure.gravatar.com\/avatar\/559529727a6e1f51269882deb22b7cbf727c15cb0f7d75d495313386bc069382?s=96&d=mm&r=g","contentUrl":"https:\/\/secure.gravatar.com\/avatar\/559529727a6e1f51269882deb22b7cbf727c15cb0f7d75d495313386bc069382?s=96&d=mm&r=g","caption":"ContinuamosMX"},"sameAs":["http:\/\/continuamosmx.com"],"url":"https:\/\/continuamosmx.com\/index.php\/author\/cgbarnardhotmail-com\/"}]}},"_links":{"self":[{"href":"https:\/\/continuamosmx.com\/index.php\/wp-json\/wp\/v2\/posts\/32971","targetHints":{"allow":["GET"]}}],"collection":[{"href":"https:\/\/continuamosmx.com\/index.php\/wp-json\/wp\/v2\/posts"}],"about":[{"href":"https:\/\/continuamosmx.com\/index.php\/wp-json\/wp\/v2\/types\/post"}],"author":[{"embeddable":true,"href":"https:\/\/continuamosmx.com\/index.php\/wp-json\/wp\/v2\/users\/1"}],"replies":[{"embeddable":true,"href":"https:\/\/continuamosmx.com\/index.php\/wp-json\/wp\/v2\/comments?post=32971"}],"version-history":[{"count":1,"href":"https:\/\/continuamosmx.com\/index.php\/wp-json\/wp\/v2\/posts\/32971\/revisions"}],"predecessor-version":[{"id":33001,"href":"https:\/\/continuamosmx.com\/index.php\/wp-json\/wp\/v2\/posts\/32971\/revisions\/33001"}],"wp:featuredmedia":[{"embeddable":true,"href":"https:\/\/continuamosmx.com\/index.php\/wp-json\/wp\/v2\/media\/32972"}],"wp:attachment":[{"href":"https:\/\/continuamosmx.com\/index.php\/wp-json\/wp\/v2\/media?parent=32971"}],"wp:term":[{"taxonomy":"category","embeddable":true,"href":"https:\/\/continuamosmx.com\/index.php\/wp-json\/wp\/v2\/categories?post=32971"},{"taxonomy":"post_tag","embeddable":true,"href":"https:\/\/continuamosmx.com\/index.php\/wp-json\/wp\/v2\/tags?post=32971"}],"curies":[{"name":"wp","href":"https:\/\/api.w.org\/{rel}","templated":true}]}}