{"id":32921,"date":"2022-01-21T07:03:15","date_gmt":"2022-01-21T07:03:15","guid":{"rendered":"https:\/\/continuamos.mx\/?p=32921"},"modified":"2022-01-21T07:03:15","modified_gmt":"2022-01-21T07:03:15","slug":"realiza-huixquilucan-operativo-invernal-para-proteger-a-la-poblacion-de-zonas-vulnerables","status":"publish","type":"post","link":"https:\/\/continuamosmx.com\/index.php\/2022\/01\/21\/realiza-huixquilucan-operativo-invernal-para-proteger-a-la-poblacion-de-zonas-vulnerables\/","title":{"rendered":"REALIZA HUIXQUILUCAN OPERATIVO INVERNAL PARA PROTEGER A LA POBLACI\u00d3N DE ZONAS VULNERABLES"},"content":{"rendered":"\n<p><strong>.- La presidenta municipal, Romina Contreras, se\u00f1al\u00f3 que el prop\u00f3sito es prevenir riesgos y brindar atenci\u00f3n a las y los huixquiluquenses, en caso de alguna emergencia ante el descenso de las temperaturas.<\/strong><\/p>\n\n\n\n<p><strong>.- Durante esta \u00e9poca del a\u00f1o, el term\u00f3metro oscila entre los cero y cinco grados Celsius en las partes altas del municipio.<\/strong><\/p>\n\n\n\n<p><strong>HUIXQUILUCAN, M\u00e9x.-<\/strong>&nbsp;El Gobierno de Huixquilucan, a trav\u00e9s de la Coordinaci\u00f3n Municipal de Protecci\u00f3n Civil, realiza el Operativo Invernal 2022, con el objetivo de prevenir riesgos para la poblaci\u00f3n, ante la presencia de bajas temperaturas que se registran en esta temporada del a\u00f1o, principalmente en las zonas altas del municipio.<\/p>\n\n\n\n<p>La presidenta municipal, Romina Contreras, detall\u00f3 que, como parte de estas acciones, instruy\u00f3 al personal de Protecci\u00f3n Civil que realice recorridos matutinos y nocturnos por las zonas m\u00e1s susceptibles durante la \u00e9poca invernal, con el prop\u00f3sito de monitorear la temperatura y brindar atenci\u00f3n a la poblaci\u00f3n, en caso de alguna emergencia.<\/p>\n\n\n\n<p>Inform\u00f3 que, en Huixquilucan, se tienen identificados puntos donde el term\u00f3metro oscila entre cero y cinco grados Celsius durante la temporada invernal, principalmente, en comunidades como La Ca\u00f1ada, La Cima, Llano Grande, Piedra Grande, El Guarda, El Hielo, La Glorieta, Santa Cruz, Ignacio Allende, entre otras.<\/p>\n\n\n\n<p>\u201cDurante el invierno, las partes m\u00e1s altas del municipio registran temperaturas muy bajas, por ello, nos mantenemos al pendiente de las y los huixquiluquenses que viven en esas comunidades, con el prop\u00f3sito de cuidar de su salud para evitar que se presenten riesgos o enfermedades respiratorias, sobre todo, en estos momentos en que se registra un incremento por casos de covid-19\u201d, indic\u00f3 Romina Contreras.<\/p>\n\n\n\n<p>El Operativo Invernal 2022 estar\u00e1 vigente hasta finales de marzo y, entre las acciones que se llevan a cabo, se encuentra el mantener un monitoreo permanente de las temperaturas, en coordinaci\u00f3n con autoridades federales y estatales, con el prop\u00f3sito de implementar estrategias de manera inmediata ante un descenso extremo de las temperaturas.<\/p>\n\n\n\n<p>De manera adicional, el gobierno municipal, encabezado por Romina Contreras, realiza la entrega de cobijas para proteger a la poblaci\u00f3n m\u00e1s vulnerable ante las bajas temperaturas que se presentan en Huixquilucan, con lo que se busca que tengan un abrigo adicional para enfrentar al fr\u00edo.<\/p>\n\n\n\n<p>Entre las recomendaciones que emite la Coordinaci\u00f3n Municipal de Protecci\u00f3n Civil para prevenir accidentes, destacan evitar prender anafres dentro de las viviendas o dejar la estufa encendida para intentar calentar el hogar, ya que los gases t\u00f3xicos que se emanan puedan ocasionar accidentes. Antes de salir de casa abrigarse con varias prendas, con el m\u00e9todo capa sobre capa; cubrir nariz y boca para evitar respirar el aire fr\u00edo.<\/p>\n\n\n\n<p>Finalmente, la alcaldesa destac\u00f3 que, a pesar del descenso en el term\u00f3metro, hasta el momento, no se han reportado emergencias o personas afectadas por el fr\u00edo; sin embargo, hizo un llamado a la poblaci\u00f3n para extremar los cuidados, debido a que ante la presencia de la covid-19 y las bajas temperaturas, aumenta el riesgo de sufrir alguna enfermedad respiratoria.<\/p>\n","protected":false},"excerpt":{"rendered":"<p>.- La presidenta municipal, Romina Contreras, se\u00f1al\u00f3 que el prop\u00f3sito es prevenir riesgos y brindar atenci\u00f3n a las y los huixquiluquenses, en caso de alguna emergencia ante el descenso de las temperaturas. .- Durante esta \u00e9poca del a\u00f1o, el term\u00f3metro oscila entre los cero y cinco grados Celsius en las partes altas del municipio. HUIXQUILUCAN, [&hellip;]<\/p>\n","protected":false},"author":6,"featured_media":32922,"comment_status":"closed","ping_status":"open","sticky":false,"template":"","format":"standard","meta":{"footnotes":""},"categories":[5,4],"tags":[],"class_list":["post-32921","post","type-post","status-publish","format-standard","has-post-thumbnail","hentry","category-huixquilucan","category-locales"],"yoast_head":"<!-- This site is optimized with the Yoast SEO plugin v27.5 - https:\/\/yoast.com\/product\/yoast-seo-wordpress\/ -->\n<title>REALIZA HUIXQUILUCAN OPERATIVO INVERNAL PARA PROTEGER A LA POBLACI\u00d3N DE ZONAS VULNERABLES -<\/title>\n<meta name=\"robots\" content=\"index, follow, max-snippet:-1, max-image-preview:large, max-video-preview:-1\" \/>\n<link rel=\"canonical\" href=\"https:\/\/continuamosmx.com\/index.php\/2022\/01\/21\/realiza-huixquilucan-operativo-invernal-para-proteger-a-la-poblacion-de-zonas-vulnerables\/\" \/>\n<meta property=\"og:locale\" content=\"es_ES\" \/>\n<meta property=\"og:type\" content=\"article\" \/>\n<meta property=\"og:title\" content=\"REALIZA HUIXQUILUCAN OPERATIVO INVERNAL PARA PROTEGER A LA POBLACI\u00d3N DE ZONAS VULNERABLES -\" \/>\n<meta property=\"og:description\" content=\".- La presidenta municipal, Romina Contreras, se\u00f1al\u00f3 que el prop\u00f3sito es prevenir riesgos y brindar atenci\u00f3n a las y los huixquiluquenses, en caso de alguna emergencia ante el descenso de las temperaturas. .- Durante esta \u00e9poca del a\u00f1o, el term\u00f3metro oscila entre los cero y cinco grados Celsius en las partes altas del municipio. HUIXQUILUCAN, [&hellip;]\" \/>\n<meta property=\"og:url\" content=\"https:\/\/continuamosmx.com\/index.php\/2022\/01\/21\/realiza-huixquilucan-operativo-invernal-para-proteger-a-la-poblacion-de-zonas-vulnerables\/\" \/>\n<meta property=\"article:published_time\" content=\"2022-01-21T07:03:15+00:00\" \/>\n<meta name=\"author\" content=\"Continuamos MX\" \/>\n<meta name=\"twitter:card\" content=\"summary_large_image\" \/>\n<meta name=\"twitter:label1\" content=\"Escrito por\" \/>\n\t<meta name=\"twitter:data1\" content=\"Continuamos MX\" \/>\n\t<meta name=\"twitter:label2\" content=\"Tiempo de lectura\" \/>\n\t<meta name=\"twitter:data2\" content=\"3 minutos\" \/>\n<script type=\"application\/ld+json\" class=\"yoast-schema-graph\">{\"@context\":\"https:\\\/\\\/schema.org\",\"@graph\":[{\"@type\":\"Article\",\"@id\":\"https:\\\/\\\/continuamosmx.com\\\/index.php\\\/2022\\\/01\\\/21\\\/realiza-huixquilucan-operativo-invernal-para-proteger-a-la-poblacion-de-zonas-vulnerables\\\/#article\",\"isPartOf\":{\"@id\":\"https:\\\/\\\/continuamosmx.com\\\/index.php\\\/2022\\\/01\\\/21\\\/realiza-huixquilucan-operativo-invernal-para-proteger-a-la-poblacion-de-zonas-vulnerables\\\/\"},\"author\":{\"name\":\"Continuamos MX\",\"@id\":\"https:\\\/\\\/continuamosmx.com\\\/#\\\/schema\\\/person\\\/5eb5356acb1fad784da407d14f0e8d89\"},\"headline\":\"REALIZA HUIXQUILUCAN OPERATIVO INVERNAL PARA PROTEGER A LA POBLACI\u00d3N DE ZONAS VULNERABLES\",\"datePublished\":\"2022-01-21T07:03:15+00:00\",\"mainEntityOfPage\":{\"@id\":\"https:\\\/\\\/continuamosmx.com\\\/index.php\\\/2022\\\/01\\\/21\\\/realiza-huixquilucan-operativo-invernal-para-proteger-a-la-poblacion-de-zonas-vulnerables\\\/\"},\"wordCount\":535,\"publisher\":{\"@id\":\"https:\\\/\\\/continuamosmx.com\\\/#organization\"},\"image\":{\"@id\":\"https:\\\/\\\/continuamosmx.com\\\/index.php\\\/2022\\\/01\\\/21\\\/realiza-huixquilucan-operativo-invernal-para-proteger-a-la-poblacion-de-zonas-vulnerables\\\/#primaryimage\"},\"thumbnailUrl\":\"https:\\\/\\\/continuamosmx.com\\\/wp-content\\\/uploads\\\/2022\\\/01\\\/HUIX-2.png\",\"articleSection\":[\"HUIXQUILUCAN\",\"LOCALES\"],\"inLanguage\":\"es\"},{\"@type\":\"WebPage\",\"@id\":\"https:\\\/\\\/continuamosmx.com\\\/index.php\\\/2022\\\/01\\\/21\\\/realiza-huixquilucan-operativo-invernal-para-proteger-a-la-poblacion-de-zonas-vulnerables\\\/\",\"url\":\"https:\\\/\\\/continuamosmx.com\\\/index.php\\\/2022\\\/01\\\/21\\\/realiza-huixquilucan-operativo-invernal-para-proteger-a-la-poblacion-de-zonas-vulnerables\\\/\",\"name\":\"REALIZA HUIXQUILUCAN OPERATIVO INVERNAL PARA PROTEGER A LA POBLACI\u00d3N DE ZONAS VULNERABLES -\",\"isPartOf\":{\"@id\":\"https:\\\/\\\/continuamosmx.com\\\/#website\"},\"primaryImageOfPage\":{\"@id\":\"https:\\\/\\\/continuamosmx.com\\\/index.php\\\/2022\\\/01\\\/21\\\/realiza-huixquilucan-operativo-invernal-para-proteger-a-la-poblacion-de-zonas-vulnerables\\\/#primaryimage\"},\"image\":{\"@id\":\"https:\\\/\\\/continuamosmx.com\\\/index.php\\\/2022\\\/01\\\/21\\\/realiza-huixquilucan-operativo-invernal-para-proteger-a-la-poblacion-de-zonas-vulnerables\\\/#primaryimage\"},\"thumbnailUrl\":\"https:\\\/\\\/continuamosmx.com\\\/wp-content\\\/uploads\\\/2022\\\/01\\\/HUIX-2.png\",\"datePublished\":\"2022-01-21T07:03:15+00:00\",\"breadcrumb\":{\"@id\":\"https:\\\/\\\/continuamosmx.com\\\/index.php\\\/2022\\\/01\\\/21\\\/realiza-huixquilucan-operativo-invernal-para-proteger-a-la-poblacion-de-zonas-vulnerables\\\/#breadcrumb\"},\"inLanguage\":\"es\",\"potentialAction\":[{\"@type\":\"ReadAction\",\"target\":[\"https:\\\/\\\/continuamosmx.com\\\/index.php\\\/2022\\\/01\\\/21\\\/realiza-huixquilucan-operativo-invernal-para-proteger-a-la-poblacion-de-zonas-vulnerables\\\/\"]}]},{\"@type\":\"ImageObject\",\"inLanguage\":\"es\",\"@id\":\"https:\\\/\\\/continuamosmx.com\\\/index.php\\\/2022\\\/01\\\/21\\\/realiza-huixquilucan-operativo-invernal-para-proteger-a-la-poblacion-de-zonas-vulnerables\\\/#primaryimage\",\"url\":\"https:\\\/\\\/continuamosmx.com\\\/wp-content\\\/uploads\\\/2022\\\/01\\\/HUIX-2.png\",\"contentUrl\":\"https:\\\/\\\/continuamosmx.com\\\/wp-content\\\/uploads\\\/2022\\\/01\\\/HUIX-2.png\",\"width\":1280,\"height\":960},{\"@type\":\"BreadcrumbList\",\"@id\":\"https:\\\/\\\/continuamosmx.com\\\/index.php\\\/2022\\\/01\\\/21\\\/realiza-huixquilucan-operativo-invernal-para-proteger-a-la-poblacion-de-zonas-vulnerables\\\/#breadcrumb\",\"itemListElement\":[{\"@type\":\"ListItem\",\"position\":1,\"name\":\"Inicio\",\"item\":\"https:\\\/\\\/continuamosmx.com\\\/\"},{\"@type\":\"ListItem\",\"position\":2,\"name\":\"REALIZA HUIXQUILUCAN OPERATIVO INVERNAL PARA PROTEGER A LA POBLACI\u00d3N DE ZONAS VULNERABLES\"}]},{\"@type\":\"WebSite\",\"@id\":\"https:\\\/\\\/continuamosmx.com\\\/#website\",\"url\":\"https:\\\/\\\/continuamosmx.com\\\/\",\"name\":\"www.continuamosmx.com\",\"description\":\"\",\"publisher\":{\"@id\":\"https:\\\/\\\/continuamosmx.com\\\/#organization\"},\"potentialAction\":[{\"@type\":\"SearchAction\",\"target\":{\"@type\":\"EntryPoint\",\"urlTemplate\":\"https:\\\/\\\/continuamosmx.com\\\/?s={search_term_string}\"},\"query-input\":{\"@type\":\"PropertyValueSpecification\",\"valueRequired\":true,\"valueName\":\"search_term_string\"}}],\"inLanguage\":\"es\"},{\"@type\":\"Organization\",\"@id\":\"https:\\\/\\\/continuamosmx.com\\\/#organization\",\"name\":\"ContinuamosMX\",\"url\":\"https:\\\/\\\/continuamosmx.com\\\/\",\"logo\":{\"@type\":\"ImageObject\",\"inLanguage\":\"es\",\"@id\":\"https:\\\/\\\/continuamosmx.com\\\/#\\\/schema\\\/logo\\\/image\\\/\",\"url\":\"https:\\\/\\\/continuamosmx.com\\\/wp-content\\\/uploads\\\/2023\\\/04\\\/cropped-LOGO-CONTI-NUEVO.png\",\"contentUrl\":\"https:\\\/\\\/continuamosmx.com\\\/wp-content\\\/uploads\\\/2023\\\/04\\\/cropped-LOGO-CONTI-NUEVO.png\",\"width\":1257,\"height\":430,\"caption\":\"ContinuamosMX\"},\"image\":{\"@id\":\"https:\\\/\\\/continuamosmx.com\\\/#\\\/schema\\\/logo\\\/image\\\/\"}},{\"@type\":\"Person\",\"@id\":\"https:\\\/\\\/continuamosmx.com\\\/#\\\/schema\\\/person\\\/5eb5356acb1fad784da407d14f0e8d89\",\"name\":\"Continuamos MX\",\"image\":{\"@type\":\"ImageObject\",\"inLanguage\":\"es\",\"@id\":\"https:\\\/\\\/secure.gravatar.com\\\/avatar\\\/30d4f9723476a15f4da34d35fb3501f08d2357016c76051c6a85c354c7489589?s=96&d=mm&r=g\",\"url\":\"https:\\\/\\\/secure.gravatar.com\\\/avatar\\\/30d4f9723476a15f4da34d35fb3501f08d2357016c76051c6a85c354c7489589?s=96&d=mm&r=g\",\"contentUrl\":\"https:\\\/\\\/secure.gravatar.com\\\/avatar\\\/30d4f9723476a15f4da34d35fb3501f08d2357016c76051c6a85c354c7489589?s=96&d=mm&r=g\",\"caption\":\"Continuamos MX\"},\"sameAs\":[\"http:\\\/\\\/www.continuamos.mx\"],\"url\":\"https:\\\/\\\/continuamosmx.com\\\/index.php\\\/author\\\/continuamos\\\/\"}]}<\/script>\n<!-- \/ Yoast SEO plugin. -->","yoast_head_json":{"title":"REALIZA HUIXQUILUCAN OPERATIVO INVERNAL PARA PROTEGER A LA POBLACI\u00d3N DE ZONAS VULNERABLES -","robots":{"index":"index","follow":"follow","max-snippet":"max-snippet:-1","max-image-preview":"max-image-preview:large","max-video-preview":"max-video-preview:-1"},"canonical":"https:\/\/continuamosmx.com\/index.php\/2022\/01\/21\/realiza-huixquilucan-operativo-invernal-para-proteger-a-la-poblacion-de-zonas-vulnerables\/","og_locale":"es_ES","og_type":"article","og_title":"REALIZA HUIXQUILUCAN OPERATIVO INVERNAL PARA PROTEGER A LA POBLACI\u00d3N DE ZONAS VULNERABLES -","og_description":".- La presidenta municipal, Romina Contreras, se\u00f1al\u00f3 que el prop\u00f3sito es prevenir riesgos y brindar atenci\u00f3n a las y los huixquiluquenses, en caso de alguna emergencia ante el descenso de las temperaturas. .- Durante esta \u00e9poca del a\u00f1o, el term\u00f3metro oscila entre los cero y cinco grados Celsius en las partes altas del municipio. HUIXQUILUCAN, [&hellip;]","og_url":"https:\/\/continuamosmx.com\/index.php\/2022\/01\/21\/realiza-huixquilucan-operativo-invernal-para-proteger-a-la-poblacion-de-zonas-vulnerables\/","article_published_time":"2022-01-21T07:03:15+00:00","author":"Continuamos MX","twitter_card":"summary_large_image","twitter_misc":{"Escrito por":"Continuamos MX","Tiempo de lectura":"3 minutos"},"schema":{"@context":"https:\/\/schema.org","@graph":[{"@type":"Article","@id":"https:\/\/continuamosmx.com\/index.php\/2022\/01\/21\/realiza-huixquilucan-operativo-invernal-para-proteger-a-la-poblacion-de-zonas-vulnerables\/#article","isPartOf":{"@id":"https:\/\/continuamosmx.com\/index.php\/2022\/01\/21\/realiza-huixquilucan-operativo-invernal-para-proteger-a-la-poblacion-de-zonas-vulnerables\/"},"author":{"name":"Continuamos MX","@id":"https:\/\/continuamosmx.com\/#\/schema\/person\/5eb5356acb1fad784da407d14f0e8d89"},"headline":"REALIZA HUIXQUILUCAN OPERATIVO INVERNAL PARA PROTEGER A LA POBLACI\u00d3N DE ZONAS VULNERABLES","datePublished":"2022-01-21T07:03:15+00:00","mainEntityOfPage":{"@id":"https:\/\/continuamosmx.com\/index.php\/2022\/01\/21\/realiza-huixquilucan-operativo-invernal-para-proteger-a-la-poblacion-de-zonas-vulnerables\/"},"wordCount":535,"publisher":{"@id":"https:\/\/continuamosmx.com\/#organization"},"image":{"@id":"https:\/\/continuamosmx.com\/index.php\/2022\/01\/21\/realiza-huixquilucan-operativo-invernal-para-proteger-a-la-poblacion-de-zonas-vulnerables\/#primaryimage"},"thumbnailUrl":"https:\/\/continuamosmx.com\/wp-content\/uploads\/2022\/01\/HUIX-2.png","articleSection":["HUIXQUILUCAN","LOCALES"],"inLanguage":"es"},{"@type":"WebPage","@id":"https:\/\/continuamosmx.com\/index.php\/2022\/01\/21\/realiza-huixquilucan-operativo-invernal-para-proteger-a-la-poblacion-de-zonas-vulnerables\/","url":"https:\/\/continuamosmx.com\/index.php\/2022\/01\/21\/realiza-huixquilucan-operativo-invernal-para-proteger-a-la-poblacion-de-zonas-vulnerables\/","name":"REALIZA HUIXQUILUCAN OPERATIVO INVERNAL PARA PROTEGER A LA POBLACI\u00d3N DE ZONAS VULNERABLES -","isPartOf":{"@id":"https:\/\/continuamosmx.com\/#website"},"primaryImageOfPage":{"@id":"https:\/\/continuamosmx.com\/index.php\/2022\/01\/21\/realiza-huixquilucan-operativo-invernal-para-proteger-a-la-poblacion-de-zonas-vulnerables\/#primaryimage"},"image":{"@id":"https:\/\/continuamosmx.com\/index.php\/2022\/01\/21\/realiza-huixquilucan-operativo-invernal-para-proteger-a-la-poblacion-de-zonas-vulnerables\/#primaryimage"},"thumbnailUrl":"https:\/\/continuamosmx.com\/wp-content\/uploads\/2022\/01\/HUIX-2.png","datePublished":"2022-01-21T07:03:15+00:00","breadcrumb":{"@id":"https:\/\/continuamosmx.com\/index.php\/2022\/01\/21\/realiza-huixquilucan-operativo-invernal-para-proteger-a-la-poblacion-de-zonas-vulnerables\/#breadcrumb"},"inLanguage":"es","potentialAction":[{"@type":"ReadAction","target":["https:\/\/continuamosmx.com\/index.php\/2022\/01\/21\/realiza-huixquilucan-operativo-invernal-para-proteger-a-la-poblacion-de-zonas-vulnerables\/"]}]},{"@type":"ImageObject","inLanguage":"es","@id":"https:\/\/continuamosmx.com\/index.php\/2022\/01\/21\/realiza-huixquilucan-operativo-invernal-para-proteger-a-la-poblacion-de-zonas-vulnerables\/#primaryimage","url":"https:\/\/continuamosmx.com\/wp-content\/uploads\/2022\/01\/HUIX-2.png","contentUrl":"https:\/\/continuamosmx.com\/wp-content\/uploads\/2022\/01\/HUIX-2.png","width":1280,"height":960},{"@type":"BreadcrumbList","@id":"https:\/\/continuamosmx.com\/index.php\/2022\/01\/21\/realiza-huixquilucan-operativo-invernal-para-proteger-a-la-poblacion-de-zonas-vulnerables\/#breadcrumb","itemListElement":[{"@type":"ListItem","position":1,"name":"Inicio","item":"https:\/\/continuamosmx.com\/"},{"@type":"ListItem","position":2,"name":"REALIZA HUIXQUILUCAN OPERATIVO INVERNAL PARA PROTEGER A LA POBLACI\u00d3N DE ZONAS VULNERABLES"}]},{"@type":"WebSite","@id":"https:\/\/continuamosmx.com\/#website","url":"https:\/\/continuamosmx.com\/","name":"www.continuamosmx.com","description":"","publisher":{"@id":"https:\/\/continuamosmx.com\/#organization"},"potentialAction":[{"@type":"SearchAction","target":{"@type":"EntryPoint","urlTemplate":"https:\/\/continuamosmx.com\/?s={search_term_string}"},"query-input":{"@type":"PropertyValueSpecification","valueRequired":true,"valueName":"search_term_string"}}],"inLanguage":"es"},{"@type":"Organization","@id":"https:\/\/continuamosmx.com\/#organization","name":"ContinuamosMX","url":"https:\/\/continuamosmx.com\/","logo":{"@type":"ImageObject","inLanguage":"es","@id":"https:\/\/continuamosmx.com\/#\/schema\/logo\/image\/","url":"https:\/\/continuamosmx.com\/wp-content\/uploads\/2023\/04\/cropped-LOGO-CONTI-NUEVO.png","contentUrl":"https:\/\/continuamosmx.com\/wp-content\/uploads\/2023\/04\/cropped-LOGO-CONTI-NUEVO.png","width":1257,"height":430,"caption":"ContinuamosMX"},"image":{"@id":"https:\/\/continuamosmx.com\/#\/schema\/logo\/image\/"}},{"@type":"Person","@id":"https:\/\/continuamosmx.com\/#\/schema\/person\/5eb5356acb1fad784da407d14f0e8d89","name":"Continuamos MX","image":{"@type":"ImageObject","inLanguage":"es","@id":"https:\/\/secure.gravatar.com\/avatar\/30d4f9723476a15f4da34d35fb3501f08d2357016c76051c6a85c354c7489589?s=96&d=mm&r=g","url":"https:\/\/secure.gravatar.com\/avatar\/30d4f9723476a15f4da34d35fb3501f08d2357016c76051c6a85c354c7489589?s=96&d=mm&r=g","contentUrl":"https:\/\/secure.gravatar.com\/avatar\/30d4f9723476a15f4da34d35fb3501f08d2357016c76051c6a85c354c7489589?s=96&d=mm&r=g","caption":"Continuamos MX"},"sameAs":["http:\/\/www.continuamos.mx"],"url":"https:\/\/continuamosmx.com\/index.php\/author\/continuamos\/"}]}},"_links":{"self":[{"href":"https:\/\/continuamosmx.com\/index.php\/wp-json\/wp\/v2\/posts\/32921","targetHints":{"allow":["GET"]}}],"collection":[{"href":"https:\/\/continuamosmx.com\/index.php\/wp-json\/wp\/v2\/posts"}],"about":[{"href":"https:\/\/continuamosmx.com\/index.php\/wp-json\/wp\/v2\/types\/post"}],"author":[{"embeddable":true,"href":"https:\/\/continuamosmx.com\/index.php\/wp-json\/wp\/v2\/users\/6"}],"replies":[{"embeddable":true,"href":"https:\/\/continuamosmx.com\/index.php\/wp-json\/wp\/v2\/comments?post=32921"}],"version-history":[{"count":0,"href":"https:\/\/continuamosmx.com\/index.php\/wp-json\/wp\/v2\/posts\/32921\/revisions"}],"wp:featuredmedia":[{"embeddable":true,"href":"https:\/\/continuamosmx.com\/index.php\/wp-json\/wp\/v2\/media\/32922"}],"wp:attachment":[{"href":"https:\/\/continuamosmx.com\/index.php\/wp-json\/wp\/v2\/media?parent=32921"}],"wp:term":[{"taxonomy":"category","embeddable":true,"href":"https:\/\/continuamosmx.com\/index.php\/wp-json\/wp\/v2\/categories?post=32921"},{"taxonomy":"post_tag","embeddable":true,"href":"https:\/\/continuamosmx.com\/index.php\/wp-json\/wp\/v2\/tags?post=32921"}],"curies":[{"name":"wp","href":"https:\/\/api.w.org\/{rel}","templated":true}]}}