{"id":32917,"date":"2022-01-21T06:53:31","date_gmt":"2022-01-21T06:53:31","guid":{"rendered":"https:\/\/continuamos.mx\/?p=32917"},"modified":"2022-01-21T06:53:31","modified_gmt":"2022-01-21T06:53:31","slug":"cabildo-de-izcalli-aprueba-comisiones-permanentes-de-gobernacion-hacienda-y-planeacion-para-el-desarrollo","status":"publish","type":"post","link":"https:\/\/continuamosmx.com\/index.php\/2022\/01\/21\/cabildo-de-izcalli-aprueba-comisiones-permanentes-de-gobernacion-hacienda-y-planeacion-para-el-desarrollo\/","title":{"rendered":"CABILDO DE IZCALLI APRUEBA COMISIONES PERMANENTES DE GOBERNACI\u00d3N, HACIENDA Y PLANEACI\u00d3N PARA EL DESARROLLO"},"content":{"rendered":"\n<p>.- <strong>La integraci\u00f3n de las comisiones es plural y se conform\u00f3 de acuerdo a lo que mandata la ley, afirma la Alcaldesa Karla Fiesco Garc\u00eda.<\/strong><\/p>\n\n\n\n<p>CUAUTITL\u00c1N IZCALLI, M\u00e9x.- El Cabildo municipal de Cuautitl\u00e1n Izcalli, encabezado por Karla Leticia Fiesco Garc\u00eda, aprob\u00f3 la integraci\u00f3n de las Comisiones Permanentes de Gobernaci\u00f3n, Hacienda y Planeaci\u00f3n para el Desarrollo, con el fin de dar atenci\u00f3n y celeridad a las necesidades de la poblaci\u00f3n izcallense.<\/p>\n\n\n\n<p>Durante la segunda sesi\u00f3n p\u00fablica de Cabildo con car\u00e1cter ordinaria de r\u00e9gimen resolutiva, se aprob\u00f3 la propuesta realizada por la presidenta Fiesco Garc\u00eda, la cual planteaba la integraci\u00f3n por la que estar\u00e1n compuestas las comisiones.<\/p>\n\n\n\n<p>En este sentido, se aprob\u00f3 que la Comisi\u00f3n Permanente de Gobernaci\u00f3n estar\u00e1 presidida por la alcaldesa; el d\u00e9cimo segundo regidor y secretario, Fernando Garc\u00eda Cruz; la novena regidora y primer vocal, Eva Verdi Tenorio; la quinta regidora y vocal dos, Silvia Yaremi Nava Gonz\u00e1lez y la tercera regidora y vocal tres, Stephany Moreno Rojas.<\/p>\n\n\n\n<p>Por lo que corresponde a la Comisi\u00f3n de Planeaci\u00f3n para el Desarrollo estar\u00e1 conformada por la alcaldesa, Karla Fiesco; el octavo regidor y secretario Daniel Arriaga Legu\u00edzamo; la s\u00e9ptima regidora y vocal uno Yareni Marcela Trejo Antonio; el segundo regidor y vocal dos, Francisco Cahue Calder\u00f3n y la onceava regidora y vocal tres, Adali Magali Mu\u00f1oz Zapata.<\/p>\n\n\n\n<p>La Comisi\u00f3n de Hacienda estar\u00e1 presidida por el primer s\u00edndico, Arturo Javier del Moral Castro; la segunda s\u00edndico y secretaria, Perla Ivonne Blanco Calder\u00f3n; la primera regidora y vocal uno, Ernestina Alejandra Esquivel Corchado; la tercera regidora y vocal dos, Stephany Moreno Rojas y el sexto regidor y vocal tres, Jos\u00e9 Antonio Luna Flores.<\/p>\n\n\n\n<p>La alcaldesa precis\u00f3 que las comisiones se encuentran dentro de las disposiciones que mandata la Ley Org\u00e1nica Municipal del Estado de M\u00e9xico; y que en esta ocasi\u00f3n su integraci\u00f3n se llev\u00f3 a cabo en un ejercicio plural con el objetivo de trabajar en favor de las familias izcallenses.<\/p>\n","protected":false},"excerpt":{"rendered":"<p>.- La integraci\u00f3n de las comisiones es plural y se conform\u00f3 de acuerdo a lo que mandata la ley, afirma la Alcaldesa Karla Fiesco Garc\u00eda. CUAUTITL\u00c1N IZCALLI, M\u00e9x.- El Cabildo municipal de Cuautitl\u00e1n Izcalli, encabezado por Karla Leticia Fiesco Garc\u00eda, aprob\u00f3 la integraci\u00f3n de las Comisiones Permanentes de Gobernaci\u00f3n, Hacienda y Planeaci\u00f3n para el Desarrollo, [&hellip;]<\/p>\n","protected":false},"author":6,"featured_media":32918,"comment_status":"closed","ping_status":"open","sticky":false,"template":"","format":"standard","meta":{"footnotes":""},"categories":[22,4],"tags":[],"class_list":["post-32917","post","type-post","status-publish","format-standard","has-post-thumbnail","hentry","category-c-izcalli","category-locales"],"yoast_head":"<!-- This site is optimized with the Yoast SEO plugin v27.5 - https:\/\/yoast.com\/product\/yoast-seo-wordpress\/ -->\n<title>CABILDO DE IZCALLI APRUEBA COMISIONES PERMANENTES DE GOBERNACI\u00d3N, HACIENDA Y PLANEACI\u00d3N PARA EL DESARROLLO -<\/title>\n<meta name=\"robots\" content=\"index, follow, max-snippet:-1, max-image-preview:large, max-video-preview:-1\" \/>\n<link rel=\"canonical\" href=\"https:\/\/continuamosmx.com\/index.php\/2022\/01\/21\/cabildo-de-izcalli-aprueba-comisiones-permanentes-de-gobernacion-hacienda-y-planeacion-para-el-desarrollo\/\" \/>\n<meta property=\"og:locale\" content=\"es_ES\" \/>\n<meta property=\"og:type\" content=\"article\" \/>\n<meta property=\"og:title\" content=\"CABILDO DE IZCALLI APRUEBA COMISIONES PERMANENTES DE GOBERNACI\u00d3N, HACIENDA Y PLANEACI\u00d3N PARA EL DESARROLLO -\" \/>\n<meta property=\"og:description\" content=\".- La integraci\u00f3n de las comisiones es plural y se conform\u00f3 de acuerdo a lo que mandata la ley, afirma la Alcaldesa Karla Fiesco Garc\u00eda. CUAUTITL\u00c1N IZCALLI, M\u00e9x.- El Cabildo municipal de Cuautitl\u00e1n Izcalli, encabezado por Karla Leticia Fiesco Garc\u00eda, aprob\u00f3 la integraci\u00f3n de las Comisiones Permanentes de Gobernaci\u00f3n, Hacienda y Planeaci\u00f3n para el Desarrollo, [&hellip;]\" \/>\n<meta property=\"og:url\" content=\"https:\/\/continuamosmx.com\/index.php\/2022\/01\/21\/cabildo-de-izcalli-aprueba-comisiones-permanentes-de-gobernacion-hacienda-y-planeacion-para-el-desarrollo\/\" \/>\n<meta property=\"article:published_time\" content=\"2022-01-21T06:53:31+00:00\" \/>\n<meta name=\"author\" content=\"Continuamos MX\" \/>\n<meta name=\"twitter:card\" content=\"summary_large_image\" \/>\n<meta name=\"twitter:label1\" content=\"Escrito por\" \/>\n\t<meta name=\"twitter:data1\" content=\"Continuamos MX\" \/>\n\t<meta name=\"twitter:label2\" content=\"Tiempo de lectura\" \/>\n\t<meta name=\"twitter:data2\" content=\"2 minutos\" \/>\n<script type=\"application\/ld+json\" class=\"yoast-schema-graph\">{\"@context\":\"https:\\\/\\\/schema.org\",\"@graph\":[{\"@type\":\"Article\",\"@id\":\"https:\\\/\\\/continuamosmx.com\\\/index.php\\\/2022\\\/01\\\/21\\\/cabildo-de-izcalli-aprueba-comisiones-permanentes-de-gobernacion-hacienda-y-planeacion-para-el-desarrollo\\\/#article\",\"isPartOf\":{\"@id\":\"https:\\\/\\\/continuamosmx.com\\\/index.php\\\/2022\\\/01\\\/21\\\/cabildo-de-izcalli-aprueba-comisiones-permanentes-de-gobernacion-hacienda-y-planeacion-para-el-desarrollo\\\/\"},\"author\":{\"name\":\"Continuamos MX\",\"@id\":\"https:\\\/\\\/continuamosmx.com\\\/#\\\/schema\\\/person\\\/5eb5356acb1fad784da407d14f0e8d89\"},\"headline\":\"CABILDO DE IZCALLI APRUEBA COMISIONES PERMANENTES DE GOBERNACI\u00d3N, HACIENDA Y PLANEACI\u00d3N PARA EL DESARROLLO\",\"datePublished\":\"2022-01-21T06:53:31+00:00\",\"mainEntityOfPage\":{\"@id\":\"https:\\\/\\\/continuamosmx.com\\\/index.php\\\/2022\\\/01\\\/21\\\/cabildo-de-izcalli-aprueba-comisiones-permanentes-de-gobernacion-hacienda-y-planeacion-para-el-desarrollo\\\/\"},\"wordCount\":372,\"publisher\":{\"@id\":\"https:\\\/\\\/continuamosmx.com\\\/#organization\"},\"image\":{\"@id\":\"https:\\\/\\\/continuamosmx.com\\\/index.php\\\/2022\\\/01\\\/21\\\/cabildo-de-izcalli-aprueba-comisiones-permanentes-de-gobernacion-hacienda-y-planeacion-para-el-desarrollo\\\/#primaryimage\"},\"thumbnailUrl\":\"https:\\\/\\\/continuamosmx.com\\\/wp-content\\\/uploads\\\/2022\\\/01\\\/download.png\",\"articleSection\":[\"C. IZCALLI\",\"LOCALES\"],\"inLanguage\":\"es\"},{\"@type\":\"WebPage\",\"@id\":\"https:\\\/\\\/continuamosmx.com\\\/index.php\\\/2022\\\/01\\\/21\\\/cabildo-de-izcalli-aprueba-comisiones-permanentes-de-gobernacion-hacienda-y-planeacion-para-el-desarrollo\\\/\",\"url\":\"https:\\\/\\\/continuamosmx.com\\\/index.php\\\/2022\\\/01\\\/21\\\/cabildo-de-izcalli-aprueba-comisiones-permanentes-de-gobernacion-hacienda-y-planeacion-para-el-desarrollo\\\/\",\"name\":\"CABILDO DE IZCALLI APRUEBA COMISIONES PERMANENTES DE GOBERNACI\u00d3N, HACIENDA Y PLANEACI\u00d3N PARA EL DESARROLLO -\",\"isPartOf\":{\"@id\":\"https:\\\/\\\/continuamosmx.com\\\/#website\"},\"primaryImageOfPage\":{\"@id\":\"https:\\\/\\\/continuamosmx.com\\\/index.php\\\/2022\\\/01\\\/21\\\/cabildo-de-izcalli-aprueba-comisiones-permanentes-de-gobernacion-hacienda-y-planeacion-para-el-desarrollo\\\/#primaryimage\"},\"image\":{\"@id\":\"https:\\\/\\\/continuamosmx.com\\\/index.php\\\/2022\\\/01\\\/21\\\/cabildo-de-izcalli-aprueba-comisiones-permanentes-de-gobernacion-hacienda-y-planeacion-para-el-desarrollo\\\/#primaryimage\"},\"thumbnailUrl\":\"https:\\\/\\\/continuamosmx.com\\\/wp-content\\\/uploads\\\/2022\\\/01\\\/download.png\",\"datePublished\":\"2022-01-21T06:53:31+00:00\",\"breadcrumb\":{\"@id\":\"https:\\\/\\\/continuamosmx.com\\\/index.php\\\/2022\\\/01\\\/21\\\/cabildo-de-izcalli-aprueba-comisiones-permanentes-de-gobernacion-hacienda-y-planeacion-para-el-desarrollo\\\/#breadcrumb\"},\"inLanguage\":\"es\",\"potentialAction\":[{\"@type\":\"ReadAction\",\"target\":[\"https:\\\/\\\/continuamosmx.com\\\/index.php\\\/2022\\\/01\\\/21\\\/cabildo-de-izcalli-aprueba-comisiones-permanentes-de-gobernacion-hacienda-y-planeacion-para-el-desarrollo\\\/\"]}]},{\"@type\":\"ImageObject\",\"inLanguage\":\"es\",\"@id\":\"https:\\\/\\\/continuamosmx.com\\\/index.php\\\/2022\\\/01\\\/21\\\/cabildo-de-izcalli-aprueba-comisiones-permanentes-de-gobernacion-hacienda-y-planeacion-para-el-desarrollo\\\/#primaryimage\",\"url\":\"https:\\\/\\\/continuamosmx.com\\\/wp-content\\\/uploads\\\/2022\\\/01\\\/download.png\",\"contentUrl\":\"https:\\\/\\\/continuamosmx.com\\\/wp-content\\\/uploads\\\/2022\\\/01\\\/download.png\",\"width\":1024,\"height\":581},{\"@type\":\"BreadcrumbList\",\"@id\":\"https:\\\/\\\/continuamosmx.com\\\/index.php\\\/2022\\\/01\\\/21\\\/cabildo-de-izcalli-aprueba-comisiones-permanentes-de-gobernacion-hacienda-y-planeacion-para-el-desarrollo\\\/#breadcrumb\",\"itemListElement\":[{\"@type\":\"ListItem\",\"position\":1,\"name\":\"Inicio\",\"item\":\"https:\\\/\\\/continuamosmx.com\\\/\"},{\"@type\":\"ListItem\",\"position\":2,\"name\":\"CABILDO DE IZCALLI APRUEBA COMISIONES PERMANENTES DE GOBERNACI\u00d3N, HACIENDA Y PLANEACI\u00d3N PARA EL DESARROLLO\"}]},{\"@type\":\"WebSite\",\"@id\":\"https:\\\/\\\/continuamosmx.com\\\/#website\",\"url\":\"https:\\\/\\\/continuamosmx.com\\\/\",\"name\":\"www.continuamosmx.com\",\"description\":\"\",\"publisher\":{\"@id\":\"https:\\\/\\\/continuamosmx.com\\\/#organization\"},\"potentialAction\":[{\"@type\":\"SearchAction\",\"target\":{\"@type\":\"EntryPoint\",\"urlTemplate\":\"https:\\\/\\\/continuamosmx.com\\\/?s={search_term_string}\"},\"query-input\":{\"@type\":\"PropertyValueSpecification\",\"valueRequired\":true,\"valueName\":\"search_term_string\"}}],\"inLanguage\":\"es\"},{\"@type\":\"Organization\",\"@id\":\"https:\\\/\\\/continuamosmx.com\\\/#organization\",\"name\":\"ContinuamosMX\",\"url\":\"https:\\\/\\\/continuamosmx.com\\\/\",\"logo\":{\"@type\":\"ImageObject\",\"inLanguage\":\"es\",\"@id\":\"https:\\\/\\\/continuamosmx.com\\\/#\\\/schema\\\/logo\\\/image\\\/\",\"url\":\"https:\\\/\\\/continuamosmx.com\\\/wp-content\\\/uploads\\\/2023\\\/04\\\/cropped-LOGO-CONTI-NUEVO.png\",\"contentUrl\":\"https:\\\/\\\/continuamosmx.com\\\/wp-content\\\/uploads\\\/2023\\\/04\\\/cropped-LOGO-CONTI-NUEVO.png\",\"width\":1257,\"height\":430,\"caption\":\"ContinuamosMX\"},\"image\":{\"@id\":\"https:\\\/\\\/continuamosmx.com\\\/#\\\/schema\\\/logo\\\/image\\\/\"}},{\"@type\":\"Person\",\"@id\":\"https:\\\/\\\/continuamosmx.com\\\/#\\\/schema\\\/person\\\/5eb5356acb1fad784da407d14f0e8d89\",\"name\":\"Continuamos MX\",\"image\":{\"@type\":\"ImageObject\",\"inLanguage\":\"es\",\"@id\":\"https:\\\/\\\/secure.gravatar.com\\\/avatar\\\/30d4f9723476a15f4da34d35fb3501f08d2357016c76051c6a85c354c7489589?s=96&d=mm&r=g\",\"url\":\"https:\\\/\\\/secure.gravatar.com\\\/avatar\\\/30d4f9723476a15f4da34d35fb3501f08d2357016c76051c6a85c354c7489589?s=96&d=mm&r=g\",\"contentUrl\":\"https:\\\/\\\/secure.gravatar.com\\\/avatar\\\/30d4f9723476a15f4da34d35fb3501f08d2357016c76051c6a85c354c7489589?s=96&d=mm&r=g\",\"caption\":\"Continuamos MX\"},\"sameAs\":[\"http:\\\/\\\/www.continuamos.mx\"],\"url\":\"https:\\\/\\\/continuamosmx.com\\\/index.php\\\/author\\\/continuamos\\\/\"}]}<\/script>\n<!-- \/ Yoast SEO plugin. -->","yoast_head_json":{"title":"CABILDO DE IZCALLI APRUEBA COMISIONES PERMANENTES DE GOBERNACI\u00d3N, HACIENDA Y PLANEACI\u00d3N PARA EL DESARROLLO -","robots":{"index":"index","follow":"follow","max-snippet":"max-snippet:-1","max-image-preview":"max-image-preview:large","max-video-preview":"max-video-preview:-1"},"canonical":"https:\/\/continuamosmx.com\/index.php\/2022\/01\/21\/cabildo-de-izcalli-aprueba-comisiones-permanentes-de-gobernacion-hacienda-y-planeacion-para-el-desarrollo\/","og_locale":"es_ES","og_type":"article","og_title":"CABILDO DE IZCALLI APRUEBA COMISIONES PERMANENTES DE GOBERNACI\u00d3N, HACIENDA Y PLANEACI\u00d3N PARA EL DESARROLLO -","og_description":".- La integraci\u00f3n de las comisiones es plural y se conform\u00f3 de acuerdo a lo que mandata la ley, afirma la Alcaldesa Karla Fiesco Garc\u00eda. CUAUTITL\u00c1N IZCALLI, M\u00e9x.- El Cabildo municipal de Cuautitl\u00e1n Izcalli, encabezado por Karla Leticia Fiesco Garc\u00eda, aprob\u00f3 la integraci\u00f3n de las Comisiones Permanentes de Gobernaci\u00f3n, Hacienda y Planeaci\u00f3n para el Desarrollo, [&hellip;]","og_url":"https:\/\/continuamosmx.com\/index.php\/2022\/01\/21\/cabildo-de-izcalli-aprueba-comisiones-permanentes-de-gobernacion-hacienda-y-planeacion-para-el-desarrollo\/","article_published_time":"2022-01-21T06:53:31+00:00","author":"Continuamos MX","twitter_card":"summary_large_image","twitter_misc":{"Escrito por":"Continuamos MX","Tiempo de lectura":"2 minutos"},"schema":{"@context":"https:\/\/schema.org","@graph":[{"@type":"Article","@id":"https:\/\/continuamosmx.com\/index.php\/2022\/01\/21\/cabildo-de-izcalli-aprueba-comisiones-permanentes-de-gobernacion-hacienda-y-planeacion-para-el-desarrollo\/#article","isPartOf":{"@id":"https:\/\/continuamosmx.com\/index.php\/2022\/01\/21\/cabildo-de-izcalli-aprueba-comisiones-permanentes-de-gobernacion-hacienda-y-planeacion-para-el-desarrollo\/"},"author":{"name":"Continuamos MX","@id":"https:\/\/continuamosmx.com\/#\/schema\/person\/5eb5356acb1fad784da407d14f0e8d89"},"headline":"CABILDO DE IZCALLI APRUEBA COMISIONES PERMANENTES DE GOBERNACI\u00d3N, HACIENDA Y PLANEACI\u00d3N PARA EL DESARROLLO","datePublished":"2022-01-21T06:53:31+00:00","mainEntityOfPage":{"@id":"https:\/\/continuamosmx.com\/index.php\/2022\/01\/21\/cabildo-de-izcalli-aprueba-comisiones-permanentes-de-gobernacion-hacienda-y-planeacion-para-el-desarrollo\/"},"wordCount":372,"publisher":{"@id":"https:\/\/continuamosmx.com\/#organization"},"image":{"@id":"https:\/\/continuamosmx.com\/index.php\/2022\/01\/21\/cabildo-de-izcalli-aprueba-comisiones-permanentes-de-gobernacion-hacienda-y-planeacion-para-el-desarrollo\/#primaryimage"},"thumbnailUrl":"https:\/\/continuamosmx.com\/wp-content\/uploads\/2022\/01\/download.png","articleSection":["C. IZCALLI","LOCALES"],"inLanguage":"es"},{"@type":"WebPage","@id":"https:\/\/continuamosmx.com\/index.php\/2022\/01\/21\/cabildo-de-izcalli-aprueba-comisiones-permanentes-de-gobernacion-hacienda-y-planeacion-para-el-desarrollo\/","url":"https:\/\/continuamosmx.com\/index.php\/2022\/01\/21\/cabildo-de-izcalli-aprueba-comisiones-permanentes-de-gobernacion-hacienda-y-planeacion-para-el-desarrollo\/","name":"CABILDO DE IZCALLI APRUEBA COMISIONES PERMANENTES DE GOBERNACI\u00d3N, HACIENDA Y PLANEACI\u00d3N PARA EL DESARROLLO -","isPartOf":{"@id":"https:\/\/continuamosmx.com\/#website"},"primaryImageOfPage":{"@id":"https:\/\/continuamosmx.com\/index.php\/2022\/01\/21\/cabildo-de-izcalli-aprueba-comisiones-permanentes-de-gobernacion-hacienda-y-planeacion-para-el-desarrollo\/#primaryimage"},"image":{"@id":"https:\/\/continuamosmx.com\/index.php\/2022\/01\/21\/cabildo-de-izcalli-aprueba-comisiones-permanentes-de-gobernacion-hacienda-y-planeacion-para-el-desarrollo\/#primaryimage"},"thumbnailUrl":"https:\/\/continuamosmx.com\/wp-content\/uploads\/2022\/01\/download.png","datePublished":"2022-01-21T06:53:31+00:00","breadcrumb":{"@id":"https:\/\/continuamosmx.com\/index.php\/2022\/01\/21\/cabildo-de-izcalli-aprueba-comisiones-permanentes-de-gobernacion-hacienda-y-planeacion-para-el-desarrollo\/#breadcrumb"},"inLanguage":"es","potentialAction":[{"@type":"ReadAction","target":["https:\/\/continuamosmx.com\/index.php\/2022\/01\/21\/cabildo-de-izcalli-aprueba-comisiones-permanentes-de-gobernacion-hacienda-y-planeacion-para-el-desarrollo\/"]}]},{"@type":"ImageObject","inLanguage":"es","@id":"https:\/\/continuamosmx.com\/index.php\/2022\/01\/21\/cabildo-de-izcalli-aprueba-comisiones-permanentes-de-gobernacion-hacienda-y-planeacion-para-el-desarrollo\/#primaryimage","url":"https:\/\/continuamosmx.com\/wp-content\/uploads\/2022\/01\/download.png","contentUrl":"https:\/\/continuamosmx.com\/wp-content\/uploads\/2022\/01\/download.png","width":1024,"height":581},{"@type":"BreadcrumbList","@id":"https:\/\/continuamosmx.com\/index.php\/2022\/01\/21\/cabildo-de-izcalli-aprueba-comisiones-permanentes-de-gobernacion-hacienda-y-planeacion-para-el-desarrollo\/#breadcrumb","itemListElement":[{"@type":"ListItem","position":1,"name":"Inicio","item":"https:\/\/continuamosmx.com\/"},{"@type":"ListItem","position":2,"name":"CABILDO DE IZCALLI APRUEBA COMISIONES PERMANENTES DE GOBERNACI\u00d3N, HACIENDA Y PLANEACI\u00d3N PARA EL DESARROLLO"}]},{"@type":"WebSite","@id":"https:\/\/continuamosmx.com\/#website","url":"https:\/\/continuamosmx.com\/","name":"www.continuamosmx.com","description":"","publisher":{"@id":"https:\/\/continuamosmx.com\/#organization"},"potentialAction":[{"@type":"SearchAction","target":{"@type":"EntryPoint","urlTemplate":"https:\/\/continuamosmx.com\/?s={search_term_string}"},"query-input":{"@type":"PropertyValueSpecification","valueRequired":true,"valueName":"search_term_string"}}],"inLanguage":"es"},{"@type":"Organization","@id":"https:\/\/continuamosmx.com\/#organization","name":"ContinuamosMX","url":"https:\/\/continuamosmx.com\/","logo":{"@type":"ImageObject","inLanguage":"es","@id":"https:\/\/continuamosmx.com\/#\/schema\/logo\/image\/","url":"https:\/\/continuamosmx.com\/wp-content\/uploads\/2023\/04\/cropped-LOGO-CONTI-NUEVO.png","contentUrl":"https:\/\/continuamosmx.com\/wp-content\/uploads\/2023\/04\/cropped-LOGO-CONTI-NUEVO.png","width":1257,"height":430,"caption":"ContinuamosMX"},"image":{"@id":"https:\/\/continuamosmx.com\/#\/schema\/logo\/image\/"}},{"@type":"Person","@id":"https:\/\/continuamosmx.com\/#\/schema\/person\/5eb5356acb1fad784da407d14f0e8d89","name":"Continuamos MX","image":{"@type":"ImageObject","inLanguage":"es","@id":"https:\/\/secure.gravatar.com\/avatar\/30d4f9723476a15f4da34d35fb3501f08d2357016c76051c6a85c354c7489589?s=96&d=mm&r=g","url":"https:\/\/secure.gravatar.com\/avatar\/30d4f9723476a15f4da34d35fb3501f08d2357016c76051c6a85c354c7489589?s=96&d=mm&r=g","contentUrl":"https:\/\/secure.gravatar.com\/avatar\/30d4f9723476a15f4da34d35fb3501f08d2357016c76051c6a85c354c7489589?s=96&d=mm&r=g","caption":"Continuamos MX"},"sameAs":["http:\/\/www.continuamos.mx"],"url":"https:\/\/continuamosmx.com\/index.php\/author\/continuamos\/"}]}},"_links":{"self":[{"href":"https:\/\/continuamosmx.com\/index.php\/wp-json\/wp\/v2\/posts\/32917","targetHints":{"allow":["GET"]}}],"collection":[{"href":"https:\/\/continuamosmx.com\/index.php\/wp-json\/wp\/v2\/posts"}],"about":[{"href":"https:\/\/continuamosmx.com\/index.php\/wp-json\/wp\/v2\/types\/post"}],"author":[{"embeddable":true,"href":"https:\/\/continuamosmx.com\/index.php\/wp-json\/wp\/v2\/users\/6"}],"replies":[{"embeddable":true,"href":"https:\/\/continuamosmx.com\/index.php\/wp-json\/wp\/v2\/comments?post=32917"}],"version-history":[{"count":0,"href":"https:\/\/continuamosmx.com\/index.php\/wp-json\/wp\/v2\/posts\/32917\/revisions"}],"wp:featuredmedia":[{"embeddable":true,"href":"https:\/\/continuamosmx.com\/index.php\/wp-json\/wp\/v2\/media\/32918"}],"wp:attachment":[{"href":"https:\/\/continuamosmx.com\/index.php\/wp-json\/wp\/v2\/media?parent=32917"}],"wp:term":[{"taxonomy":"category","embeddable":true,"href":"https:\/\/continuamosmx.com\/index.php\/wp-json\/wp\/v2\/categories?post=32917"},{"taxonomy":"post_tag","embeddable":true,"href":"https:\/\/continuamosmx.com\/index.php\/wp-json\/wp\/v2\/tags?post=32917"}],"curies":[{"name":"wp","href":"https:\/\/api.w.org\/{rel}","templated":true}]}}