{"id":32866,"date":"2022-01-20T14:27:02","date_gmt":"2022-01-20T14:27:02","guid":{"rendered":"https:\/\/continuamos.mx\/?p=32866"},"modified":"2022-01-20T14:27:02","modified_gmt":"2022-01-20T14:27:02","slug":"prd-edomex-trabaja-por-una-vida-digna-para-las-y-los-mexiquenses-omar-ortega","status":"publish","type":"post","link":"https:\/\/continuamosmx.com\/index.php\/2022\/01\/20\/prd-edomex-trabaja-por-una-vida-digna-para-las-y-los-mexiquenses-omar-ortega\/","title":{"rendered":"PRD EDOMEX, TRABAJA POR UNA VIDA DIGNA PARA LAS Y LOS MEXIQUENSES: OMAR ORTEGA"},"content":{"rendered":"\n<p><strong>.-  Se fortalece el trabajo del Partido del Sol Azteca con la toma de protesta de los Comit\u00e9s de la corriente Vanguardia Progresista en zona Oriente y Volcanes.\u00a0<\/strong><\/p>\n\n\n\n<p>CHICOLOAPAN, M\u00e9x. Para fortalecer el trabajo para una vida digna en el Estado de M\u00e9xico, hoy fortalecemos la atenci\u00f3n para las y los ciudadanos con los Comit\u00e9s municipales de Vanguardia Progresista del PRD, a lo largo y ancho de la entidad m\u00e1s poblada del pa\u00eds, se\u00f1al\u00f3 Omar Ortega \u00c1lvarez, coordinador de la bancada del PRD de la LXI Legislatura del del Estado de M\u00e9xico.&nbsp;<\/p>\n\n\n\n<p>Con las estrictas medidas de seguridad sanitaria, hoy se tom\u00f3 protesta de los<\/p>\n\n\n\n<p>Comit\u00e9s municipales de Vanguardia Progresista del Partido de la Revoluci\u00f3n Democr\u00e1tica (PRD), de Chicoloapan e Ixtapaluca.&nbsp;<\/p>\n\n\n\n<p>\u201cLa gente voltea a ver al PRD como una verdadera izquierda que somos, somos el partido de las causas de la gente y tenemos como principio crear un estado de bienestar; a trav\u00e9s de este partido pol\u00edtico saldr\u00e1n candidatos fuertes y competitivos y desde ahora fortaleceremos a los liderazgos de la comunidad\u201d, dijo Omar Ortega \u00c1lvarez, a los simpatizantes del Sol Azteca.<\/p>\n\n\n\n<p>Se\u00f1al\u00f3 que trabajan para tener un partido s\u00f3lido, fortalecido y renovado con mujeres y j\u00f3venes que har\u00e1n la diferencia porque juntos se mover\u00e1n en el Estado de M\u00e9xico.&nbsp;<\/p>\n\n\n\n<p>En Chicoloapan se llev\u00f3 a cabo la toma de protesta gracias al trabajo y a la anfitrion\u00eda de Oscar M\u00e9ndez Romero, Coordinador regional, as\u00ed como de Ang\u00e9lica Hern\u00e1ndez , Coordinadora distrital del municipios.&nbsp;<\/p>\n\n\n\n<p>Tambi\u00e9n en Chicoloapan, con la asistencia de Cira Bautista V\u00e1zquez, Coordinadora Regional y Ricardo Refugio Gonz\u00e1lez, coordinador distrital de Ixtapaluca.&nbsp;<\/p>\n\n\n\n<p>Cabe destacar que ayer se inici\u00f3 con este llamado del Sol Azteca en las regiones de la zona Volcanes, con la grata participaci\u00f3n del Presidente Municipal de Ayapango, Mart\u00edn Vel\u00e1zquez Soriano, que en conjunto se tom\u00f3 protesta a personas que acudieron a tomar protesta personas comprometidas con la ciudadan\u00eda de tres regiones de la zona volcanes.&nbsp;<\/p>\n\n\n\n<p>Con ello, se instalaron los Comit\u00e9s municipales de la regi\u00f3n 1, conformada por Cocotitl\u00e1n, Chalco y Temamatla; de la regi\u00f3n 28 con los municipios de Amecameca, Atlauta, Ayapango, Ecatzingo, Juchitepec,&nbsp;<\/p>\n\n\n\n<p>Ozumba, Tenancingo del Aire, Tepetlixpa y Tlamanalco y de la Regi\u00f3n 27 con la demarcaci\u00f3n de Chalco Solidaridad.&nbsp;<\/p>\n\n\n\n<p>Ortega \u00c1lvarez indic\u00f3 que en los pr\u00f3ximos d\u00edas visitar\u00e1 las diferentes regiones mexiquenses para escuchar y trabajar por la causas de la gente desde la Legislatura local.<\/p>\n","protected":false},"excerpt":{"rendered":"<p>.- Se fortalece el trabajo del Partido del Sol Azteca con la toma de protesta de los Comit\u00e9s de la corriente Vanguardia Progresista en zona Oriente y Volcanes.\u00a0 CHICOLOAPAN, M\u00e9x. Para fortalecer el trabajo para una vida digna en el Estado de M\u00e9xico, hoy fortalecemos la atenci\u00f3n para las y los ciudadanos con los Comit\u00e9s [&hellip;]<\/p>\n","protected":false},"author":6,"featured_media":32867,"comment_status":"closed","ping_status":"open","sticky":false,"template":"","format":"standard","meta":{"footnotes":""},"categories":[24,2,4],"tags":[],"class_list":["post-32866","post","type-post","status-publish","format-standard","has-post-thumbnail","hentry","category-chicoloapan","category-edomex","category-locales"],"yoast_head":"<!-- This site is optimized with the Yoast SEO plugin v27.5 - https:\/\/yoast.com\/product\/yoast-seo-wordpress\/ -->\n<title>PRD EDOMEX, TRABAJA POR UNA VIDA DIGNA PARA LAS Y LOS MEXIQUENSES: OMAR ORTEGA -<\/title>\n<meta name=\"robots\" content=\"index, follow, max-snippet:-1, max-image-preview:large, max-video-preview:-1\" \/>\n<link rel=\"canonical\" href=\"https:\/\/continuamosmx.com\/index.php\/2022\/01\/20\/prd-edomex-trabaja-por-una-vida-digna-para-las-y-los-mexiquenses-omar-ortega\/\" \/>\n<meta property=\"og:locale\" content=\"es_ES\" \/>\n<meta property=\"og:type\" content=\"article\" \/>\n<meta property=\"og:title\" content=\"PRD EDOMEX, TRABAJA POR UNA VIDA DIGNA PARA LAS Y LOS MEXIQUENSES: OMAR ORTEGA -\" \/>\n<meta property=\"og:description\" content=\".- Se fortalece el trabajo del Partido del Sol Azteca con la toma de protesta de los Comit\u00e9s de la corriente Vanguardia Progresista en zona Oriente y Volcanes.\u00a0 CHICOLOAPAN, M\u00e9x. Para fortalecer el trabajo para una vida digna en el Estado de M\u00e9xico, hoy fortalecemos la atenci\u00f3n para las y los ciudadanos con los Comit\u00e9s [&hellip;]\" \/>\n<meta property=\"og:url\" content=\"https:\/\/continuamosmx.com\/index.php\/2022\/01\/20\/prd-edomex-trabaja-por-una-vida-digna-para-las-y-los-mexiquenses-omar-ortega\/\" \/>\n<meta property=\"article:published_time\" content=\"2022-01-20T14:27:02+00:00\" \/>\n<meta name=\"author\" content=\"Continuamos MX\" \/>\n<meta name=\"twitter:card\" content=\"summary_large_image\" \/>\n<meta name=\"twitter:label1\" content=\"Escrito por\" \/>\n\t<meta name=\"twitter:data1\" content=\"Continuamos MX\" \/>\n\t<meta name=\"twitter:label2\" content=\"Tiempo de lectura\" \/>\n\t<meta name=\"twitter:data2\" content=\"2 minutos\" \/>\n<script type=\"application\/ld+json\" class=\"yoast-schema-graph\">{\"@context\":\"https:\\\/\\\/schema.org\",\"@graph\":[{\"@type\":\"Article\",\"@id\":\"https:\\\/\\\/continuamosmx.com\\\/index.php\\\/2022\\\/01\\\/20\\\/prd-edomex-trabaja-por-una-vida-digna-para-las-y-los-mexiquenses-omar-ortega\\\/#article\",\"isPartOf\":{\"@id\":\"https:\\\/\\\/continuamosmx.com\\\/index.php\\\/2022\\\/01\\\/20\\\/prd-edomex-trabaja-por-una-vida-digna-para-las-y-los-mexiquenses-omar-ortega\\\/\"},\"author\":{\"name\":\"Continuamos MX\",\"@id\":\"https:\\\/\\\/continuamosmx.com\\\/#\\\/schema\\\/person\\\/5eb5356acb1fad784da407d14f0e8d89\"},\"headline\":\"PRD EDOMEX, TRABAJA POR UNA VIDA DIGNA PARA LAS Y LOS MEXIQUENSES: OMAR ORTEGA\",\"datePublished\":\"2022-01-20T14:27:02+00:00\",\"mainEntityOfPage\":{\"@id\":\"https:\\\/\\\/continuamosmx.com\\\/index.php\\\/2022\\\/01\\\/20\\\/prd-edomex-trabaja-por-una-vida-digna-para-las-y-los-mexiquenses-omar-ortega\\\/\"},\"wordCount\":453,\"publisher\":{\"@id\":\"https:\\\/\\\/continuamosmx.com\\\/#organization\"},\"image\":{\"@id\":\"https:\\\/\\\/continuamosmx.com\\\/index.php\\\/2022\\\/01\\\/20\\\/prd-edomex-trabaja-por-una-vida-digna-para-las-y-los-mexiquenses-omar-ortega\\\/#primaryimage\"},\"thumbnailUrl\":\"https:\\\/\\\/continuamosmx.com\\\/wp-content\\\/uploads\\\/2022\\\/01\\\/FA15D93F-FB0B-40CA-B182-87F073AD9B3C.jpeg\",\"articleSection\":[\"CHICOLOAPAN\",\"EDOMEX\",\"LOCALES\"],\"inLanguage\":\"es\"},{\"@type\":\"WebPage\",\"@id\":\"https:\\\/\\\/continuamosmx.com\\\/index.php\\\/2022\\\/01\\\/20\\\/prd-edomex-trabaja-por-una-vida-digna-para-las-y-los-mexiquenses-omar-ortega\\\/\",\"url\":\"https:\\\/\\\/continuamosmx.com\\\/index.php\\\/2022\\\/01\\\/20\\\/prd-edomex-trabaja-por-una-vida-digna-para-las-y-los-mexiquenses-omar-ortega\\\/\",\"name\":\"PRD EDOMEX, TRABAJA POR UNA VIDA DIGNA PARA LAS Y LOS MEXIQUENSES: OMAR ORTEGA -\",\"isPartOf\":{\"@id\":\"https:\\\/\\\/continuamosmx.com\\\/#website\"},\"primaryImageOfPage\":{\"@id\":\"https:\\\/\\\/continuamosmx.com\\\/index.php\\\/2022\\\/01\\\/20\\\/prd-edomex-trabaja-por-una-vida-digna-para-las-y-los-mexiquenses-omar-ortega\\\/#primaryimage\"},\"image\":{\"@id\":\"https:\\\/\\\/continuamosmx.com\\\/index.php\\\/2022\\\/01\\\/20\\\/prd-edomex-trabaja-por-una-vida-digna-para-las-y-los-mexiquenses-omar-ortega\\\/#primaryimage\"},\"thumbnailUrl\":\"https:\\\/\\\/continuamosmx.com\\\/wp-content\\\/uploads\\\/2022\\\/01\\\/FA15D93F-FB0B-40CA-B182-87F073AD9B3C.jpeg\",\"datePublished\":\"2022-01-20T14:27:02+00:00\",\"breadcrumb\":{\"@id\":\"https:\\\/\\\/continuamosmx.com\\\/index.php\\\/2022\\\/01\\\/20\\\/prd-edomex-trabaja-por-una-vida-digna-para-las-y-los-mexiquenses-omar-ortega\\\/#breadcrumb\"},\"inLanguage\":\"es\",\"potentialAction\":[{\"@type\":\"ReadAction\",\"target\":[\"https:\\\/\\\/continuamosmx.com\\\/index.php\\\/2022\\\/01\\\/20\\\/prd-edomex-trabaja-por-una-vida-digna-para-las-y-los-mexiquenses-omar-ortega\\\/\"]}]},{\"@type\":\"ImageObject\",\"inLanguage\":\"es\",\"@id\":\"https:\\\/\\\/continuamosmx.com\\\/index.php\\\/2022\\\/01\\\/20\\\/prd-edomex-trabaja-por-una-vida-digna-para-las-y-los-mexiquenses-omar-ortega\\\/#primaryimage\",\"url\":\"https:\\\/\\\/continuamosmx.com\\\/wp-content\\\/uploads\\\/2022\\\/01\\\/FA15D93F-FB0B-40CA-B182-87F073AD9B3C.jpeg\",\"contentUrl\":\"https:\\\/\\\/continuamosmx.com\\\/wp-content\\\/uploads\\\/2022\\\/01\\\/FA15D93F-FB0B-40CA-B182-87F073AD9B3C.jpeg\",\"width\":1600,\"height\":1200},{\"@type\":\"BreadcrumbList\",\"@id\":\"https:\\\/\\\/continuamosmx.com\\\/index.php\\\/2022\\\/01\\\/20\\\/prd-edomex-trabaja-por-una-vida-digna-para-las-y-los-mexiquenses-omar-ortega\\\/#breadcrumb\",\"itemListElement\":[{\"@type\":\"ListItem\",\"position\":1,\"name\":\"Inicio\",\"item\":\"https:\\\/\\\/continuamosmx.com\\\/\"},{\"@type\":\"ListItem\",\"position\":2,\"name\":\"PRD EDOMEX, TRABAJA POR UNA VIDA DIGNA PARA LAS Y LOS MEXIQUENSES: OMAR ORTEGA\"}]},{\"@type\":\"WebSite\",\"@id\":\"https:\\\/\\\/continuamosmx.com\\\/#website\",\"url\":\"https:\\\/\\\/continuamosmx.com\\\/\",\"name\":\"www.continuamosmx.com\",\"description\":\"\",\"publisher\":{\"@id\":\"https:\\\/\\\/continuamosmx.com\\\/#organization\"},\"potentialAction\":[{\"@type\":\"SearchAction\",\"target\":{\"@type\":\"EntryPoint\",\"urlTemplate\":\"https:\\\/\\\/continuamosmx.com\\\/?s={search_term_string}\"},\"query-input\":{\"@type\":\"PropertyValueSpecification\",\"valueRequired\":true,\"valueName\":\"search_term_string\"}}],\"inLanguage\":\"es\"},{\"@type\":\"Organization\",\"@id\":\"https:\\\/\\\/continuamosmx.com\\\/#organization\",\"name\":\"ContinuamosMX\",\"url\":\"https:\\\/\\\/continuamosmx.com\\\/\",\"logo\":{\"@type\":\"ImageObject\",\"inLanguage\":\"es\",\"@id\":\"https:\\\/\\\/continuamosmx.com\\\/#\\\/schema\\\/logo\\\/image\\\/\",\"url\":\"https:\\\/\\\/continuamosmx.com\\\/wp-content\\\/uploads\\\/2023\\\/04\\\/cropped-LOGO-CONTI-NUEVO.png\",\"contentUrl\":\"https:\\\/\\\/continuamosmx.com\\\/wp-content\\\/uploads\\\/2023\\\/04\\\/cropped-LOGO-CONTI-NUEVO.png\",\"width\":1257,\"height\":430,\"caption\":\"ContinuamosMX\"},\"image\":{\"@id\":\"https:\\\/\\\/continuamosmx.com\\\/#\\\/schema\\\/logo\\\/image\\\/\"}},{\"@type\":\"Person\",\"@id\":\"https:\\\/\\\/continuamosmx.com\\\/#\\\/schema\\\/person\\\/5eb5356acb1fad784da407d14f0e8d89\",\"name\":\"Continuamos MX\",\"image\":{\"@type\":\"ImageObject\",\"inLanguage\":\"es\",\"@id\":\"https:\\\/\\\/secure.gravatar.com\\\/avatar\\\/30d4f9723476a15f4da34d35fb3501f08d2357016c76051c6a85c354c7489589?s=96&d=mm&r=g\",\"url\":\"https:\\\/\\\/secure.gravatar.com\\\/avatar\\\/30d4f9723476a15f4da34d35fb3501f08d2357016c76051c6a85c354c7489589?s=96&d=mm&r=g\",\"contentUrl\":\"https:\\\/\\\/secure.gravatar.com\\\/avatar\\\/30d4f9723476a15f4da34d35fb3501f08d2357016c76051c6a85c354c7489589?s=96&d=mm&r=g\",\"caption\":\"Continuamos MX\"},\"sameAs\":[\"http:\\\/\\\/www.continuamos.mx\"],\"url\":\"https:\\\/\\\/continuamosmx.com\\\/index.php\\\/author\\\/continuamos\\\/\"}]}<\/script>\n<!-- \/ Yoast SEO plugin. -->","yoast_head_json":{"title":"PRD EDOMEX, TRABAJA POR UNA VIDA DIGNA PARA LAS Y LOS MEXIQUENSES: OMAR ORTEGA -","robots":{"index":"index","follow":"follow","max-snippet":"max-snippet:-1","max-image-preview":"max-image-preview:large","max-video-preview":"max-video-preview:-1"},"canonical":"https:\/\/continuamosmx.com\/index.php\/2022\/01\/20\/prd-edomex-trabaja-por-una-vida-digna-para-las-y-los-mexiquenses-omar-ortega\/","og_locale":"es_ES","og_type":"article","og_title":"PRD EDOMEX, TRABAJA POR UNA VIDA DIGNA PARA LAS Y LOS MEXIQUENSES: OMAR ORTEGA -","og_description":".- Se fortalece el trabajo del Partido del Sol Azteca con la toma de protesta de los Comit\u00e9s de la corriente Vanguardia Progresista en zona Oriente y Volcanes.\u00a0 CHICOLOAPAN, M\u00e9x. Para fortalecer el trabajo para una vida digna en el Estado de M\u00e9xico, hoy fortalecemos la atenci\u00f3n para las y los ciudadanos con los Comit\u00e9s [&hellip;]","og_url":"https:\/\/continuamosmx.com\/index.php\/2022\/01\/20\/prd-edomex-trabaja-por-una-vida-digna-para-las-y-los-mexiquenses-omar-ortega\/","article_published_time":"2022-01-20T14:27:02+00:00","author":"Continuamos MX","twitter_card":"summary_large_image","twitter_misc":{"Escrito por":"Continuamos MX","Tiempo de lectura":"2 minutos"},"schema":{"@context":"https:\/\/schema.org","@graph":[{"@type":"Article","@id":"https:\/\/continuamosmx.com\/index.php\/2022\/01\/20\/prd-edomex-trabaja-por-una-vida-digna-para-las-y-los-mexiquenses-omar-ortega\/#article","isPartOf":{"@id":"https:\/\/continuamosmx.com\/index.php\/2022\/01\/20\/prd-edomex-trabaja-por-una-vida-digna-para-las-y-los-mexiquenses-omar-ortega\/"},"author":{"name":"Continuamos MX","@id":"https:\/\/continuamosmx.com\/#\/schema\/person\/5eb5356acb1fad784da407d14f0e8d89"},"headline":"PRD EDOMEX, TRABAJA POR UNA VIDA DIGNA PARA LAS Y LOS MEXIQUENSES: OMAR ORTEGA","datePublished":"2022-01-20T14:27:02+00:00","mainEntityOfPage":{"@id":"https:\/\/continuamosmx.com\/index.php\/2022\/01\/20\/prd-edomex-trabaja-por-una-vida-digna-para-las-y-los-mexiquenses-omar-ortega\/"},"wordCount":453,"publisher":{"@id":"https:\/\/continuamosmx.com\/#organization"},"image":{"@id":"https:\/\/continuamosmx.com\/index.php\/2022\/01\/20\/prd-edomex-trabaja-por-una-vida-digna-para-las-y-los-mexiquenses-omar-ortega\/#primaryimage"},"thumbnailUrl":"https:\/\/continuamosmx.com\/wp-content\/uploads\/2022\/01\/FA15D93F-FB0B-40CA-B182-87F073AD9B3C.jpeg","articleSection":["CHICOLOAPAN","EDOMEX","LOCALES"],"inLanguage":"es"},{"@type":"WebPage","@id":"https:\/\/continuamosmx.com\/index.php\/2022\/01\/20\/prd-edomex-trabaja-por-una-vida-digna-para-las-y-los-mexiquenses-omar-ortega\/","url":"https:\/\/continuamosmx.com\/index.php\/2022\/01\/20\/prd-edomex-trabaja-por-una-vida-digna-para-las-y-los-mexiquenses-omar-ortega\/","name":"PRD EDOMEX, TRABAJA POR UNA VIDA DIGNA PARA LAS Y LOS MEXIQUENSES: OMAR ORTEGA -","isPartOf":{"@id":"https:\/\/continuamosmx.com\/#website"},"primaryImageOfPage":{"@id":"https:\/\/continuamosmx.com\/index.php\/2022\/01\/20\/prd-edomex-trabaja-por-una-vida-digna-para-las-y-los-mexiquenses-omar-ortega\/#primaryimage"},"image":{"@id":"https:\/\/continuamosmx.com\/index.php\/2022\/01\/20\/prd-edomex-trabaja-por-una-vida-digna-para-las-y-los-mexiquenses-omar-ortega\/#primaryimage"},"thumbnailUrl":"https:\/\/continuamosmx.com\/wp-content\/uploads\/2022\/01\/FA15D93F-FB0B-40CA-B182-87F073AD9B3C.jpeg","datePublished":"2022-01-20T14:27:02+00:00","breadcrumb":{"@id":"https:\/\/continuamosmx.com\/index.php\/2022\/01\/20\/prd-edomex-trabaja-por-una-vida-digna-para-las-y-los-mexiquenses-omar-ortega\/#breadcrumb"},"inLanguage":"es","potentialAction":[{"@type":"ReadAction","target":["https:\/\/continuamosmx.com\/index.php\/2022\/01\/20\/prd-edomex-trabaja-por-una-vida-digna-para-las-y-los-mexiquenses-omar-ortega\/"]}]},{"@type":"ImageObject","inLanguage":"es","@id":"https:\/\/continuamosmx.com\/index.php\/2022\/01\/20\/prd-edomex-trabaja-por-una-vida-digna-para-las-y-los-mexiquenses-omar-ortega\/#primaryimage","url":"https:\/\/continuamosmx.com\/wp-content\/uploads\/2022\/01\/FA15D93F-FB0B-40CA-B182-87F073AD9B3C.jpeg","contentUrl":"https:\/\/continuamosmx.com\/wp-content\/uploads\/2022\/01\/FA15D93F-FB0B-40CA-B182-87F073AD9B3C.jpeg","width":1600,"height":1200},{"@type":"BreadcrumbList","@id":"https:\/\/continuamosmx.com\/index.php\/2022\/01\/20\/prd-edomex-trabaja-por-una-vida-digna-para-las-y-los-mexiquenses-omar-ortega\/#breadcrumb","itemListElement":[{"@type":"ListItem","position":1,"name":"Inicio","item":"https:\/\/continuamosmx.com\/"},{"@type":"ListItem","position":2,"name":"PRD EDOMEX, TRABAJA POR UNA VIDA DIGNA PARA LAS Y LOS MEXIQUENSES: OMAR ORTEGA"}]},{"@type":"WebSite","@id":"https:\/\/continuamosmx.com\/#website","url":"https:\/\/continuamosmx.com\/","name":"www.continuamosmx.com","description":"","publisher":{"@id":"https:\/\/continuamosmx.com\/#organization"},"potentialAction":[{"@type":"SearchAction","target":{"@type":"EntryPoint","urlTemplate":"https:\/\/continuamosmx.com\/?s={search_term_string}"},"query-input":{"@type":"PropertyValueSpecification","valueRequired":true,"valueName":"search_term_string"}}],"inLanguage":"es"},{"@type":"Organization","@id":"https:\/\/continuamosmx.com\/#organization","name":"ContinuamosMX","url":"https:\/\/continuamosmx.com\/","logo":{"@type":"ImageObject","inLanguage":"es","@id":"https:\/\/continuamosmx.com\/#\/schema\/logo\/image\/","url":"https:\/\/continuamosmx.com\/wp-content\/uploads\/2023\/04\/cropped-LOGO-CONTI-NUEVO.png","contentUrl":"https:\/\/continuamosmx.com\/wp-content\/uploads\/2023\/04\/cropped-LOGO-CONTI-NUEVO.png","width":1257,"height":430,"caption":"ContinuamosMX"},"image":{"@id":"https:\/\/continuamosmx.com\/#\/schema\/logo\/image\/"}},{"@type":"Person","@id":"https:\/\/continuamosmx.com\/#\/schema\/person\/5eb5356acb1fad784da407d14f0e8d89","name":"Continuamos MX","image":{"@type":"ImageObject","inLanguage":"es","@id":"https:\/\/secure.gravatar.com\/avatar\/30d4f9723476a15f4da34d35fb3501f08d2357016c76051c6a85c354c7489589?s=96&d=mm&r=g","url":"https:\/\/secure.gravatar.com\/avatar\/30d4f9723476a15f4da34d35fb3501f08d2357016c76051c6a85c354c7489589?s=96&d=mm&r=g","contentUrl":"https:\/\/secure.gravatar.com\/avatar\/30d4f9723476a15f4da34d35fb3501f08d2357016c76051c6a85c354c7489589?s=96&d=mm&r=g","caption":"Continuamos MX"},"sameAs":["http:\/\/www.continuamos.mx"],"url":"https:\/\/continuamosmx.com\/index.php\/author\/continuamos\/"}]}},"_links":{"self":[{"href":"https:\/\/continuamosmx.com\/index.php\/wp-json\/wp\/v2\/posts\/32866","targetHints":{"allow":["GET"]}}],"collection":[{"href":"https:\/\/continuamosmx.com\/index.php\/wp-json\/wp\/v2\/posts"}],"about":[{"href":"https:\/\/continuamosmx.com\/index.php\/wp-json\/wp\/v2\/types\/post"}],"author":[{"embeddable":true,"href":"https:\/\/continuamosmx.com\/index.php\/wp-json\/wp\/v2\/users\/6"}],"replies":[{"embeddable":true,"href":"https:\/\/continuamosmx.com\/index.php\/wp-json\/wp\/v2\/comments?post=32866"}],"version-history":[{"count":0,"href":"https:\/\/continuamosmx.com\/index.php\/wp-json\/wp\/v2\/posts\/32866\/revisions"}],"wp:featuredmedia":[{"embeddable":true,"href":"https:\/\/continuamosmx.com\/index.php\/wp-json\/wp\/v2\/media\/32867"}],"wp:attachment":[{"href":"https:\/\/continuamosmx.com\/index.php\/wp-json\/wp\/v2\/media?parent=32866"}],"wp:term":[{"taxonomy":"category","embeddable":true,"href":"https:\/\/continuamosmx.com\/index.php\/wp-json\/wp\/v2\/categories?post=32866"},{"taxonomy":"post_tag","embeddable":true,"href":"https:\/\/continuamosmx.com\/index.php\/wp-json\/wp\/v2\/tags?post=32866"}],"curies":[{"name":"wp","href":"https:\/\/api.w.org\/{rel}","templated":true}]}}