{"id":32512,"date":"2022-01-14T07:49:31","date_gmt":"2022-01-14T07:49:31","guid":{"rendered":"https:\/\/continuamos.mx\/?p=32512"},"modified":"2022-01-14T07:49:31","modified_gmt":"2022-01-14T07:49:31","slug":"en-valle-de-chalco-avanza-vacunacion-contra-covid-19-en-jovenes","status":"publish","type":"post","link":"https:\/\/continuamosmx.com\/index.php\/2022\/01\/14\/en-valle-de-chalco-avanza-vacunacion-contra-covid-19-en-jovenes\/","title":{"rendered":"EN VALLE DE CHALCO AVANZA VACUNACI\u00d3N CONTRA COVID 19  EN J\u00d3VENES"},"content":{"rendered":"\n<p>VALLE DE CHALCO, M\u00e9x.- Avanza en el municipio 122 la aplicaci\u00f3n de la primera y segunda dosis de la vacuna de Pfizer-BioNTech contra el Covid-19, entre los menores de edad de 14, 15, 16, y 17 a\u00f1os de edad, adem\u00e1s de los de 12 a 17 a\u00f1os con comorbilidades.<\/p>\n\n\n\n<p>Y para agilizar su atenci\u00f3n, el Presidente Municipal, Armando Garc\u00eda M\u00e9ndez, en coordinaci\u00f3n con la delegaci\u00f3n de la Secretar\u00eda de Bienestar a cargo de Janet Rodr\u00edguez Sandoval, la doctora Karla Aletse Herrera Romero, Jefe de la Jurisdicci\u00f3n Sanitaria de Amecameca, implement\u00f3 varias medidas de apoyo.<\/p>\n\n\n\n<p>En el primer d\u00eda de la campa\u00f1a de vacunaci\u00f3n, realizada en la explanada municipal de las 9 de la ma\u00f1ana a las 5 de la tarde, del 12 de enero, se logr\u00f3 atender a los menores cuyo apellido paterno iniciaba con las letras: A, B, C, D, E, F, G, H, I, J, K, L y M. Es importante resaltar que en el caso de los menores con comorbilidades, era necesario presentar el certificado m\u00e9dico, donde el doctor tratante, avalar\u00e1 la aplicaci\u00f3n.<\/p>\n\n\n\n<p>Entre las medidas desarrolladas para reducir los tiempos de espera, el edil apoyo con sillas de ruedas para facilitar la movilidad de quien lo requiriese, instal\u00f3 una carpa de atenci\u00f3n m\u00e9dica equipada con una ambulancia para ayudar a los menores que tuvieran malestares, y orden\u00f3 la habilitaci\u00f3n de las avenidas Alfredo del Mazo, Xicot\u00e9ncatl, y Tezoz\u00f3moc, alrededor de la explanada municipal, como paso peatonal seguro.<\/p>\n\n\n\n<p>Por lo que en esas tareas se cont\u00f3 con el apoyo de Seguridad P\u00fablica y Tr\u00e1nsito Municipal, Protecci\u00f3n Civil y H. Cuerpo de Bomberos, Atenci\u00f3n a la Salud, adem\u00e1s de otras Direcciones participantes de la Administraci\u00f3n 2022-2024.<\/p>\n\n\n\n<p>La suma de estas acciones permiti\u00f3 atender, en el primer d\u00eda de la campa\u00f1a de vacunaci\u00f3n a 14 mil 284 menores de edad. Para el jueves 13 de enero, toca el turno a quienes su apellido paterno empieza con las letras: N, \u00d1, O, P, Q, R, S, T, U, V, W, X, Y, adem\u00e1s de la Z.<\/p>\n\n\n\n<p>Para recibir la vacuna, es necesario presentar, en original y fotocopia: acta de nacimiento, CURP, formato de vacunaci\u00f3n con c\u00f3digo QR que se puede descargar de https:\/\/mivacuna.salud.gob.mx) En el caso de las segundas dosis, se debe llevar el comprobante de la primera.<\/p>\n","protected":false},"excerpt":{"rendered":"<p>VALLE DE CHALCO, M\u00e9x.- Avanza en el municipio 122 la aplicaci\u00f3n de la primera y segunda dosis de la vacuna de Pfizer-BioNTech contra el Covid-19, entre los menores de edad de 14, 15, 16, y 17 a\u00f1os de edad, adem\u00e1s de los de 12 a 17 a\u00f1os con comorbilidades. Y para agilizar su atenci\u00f3n, el [&hellip;]<\/p>\n","protected":false},"author":6,"featured_media":32513,"comment_status":"closed","ping_status":"open","sticky":false,"template":"","format":"standard","meta":{"footnotes":""},"categories":[4,17,61],"tags":[],"class_list":["post-32512","post","type-post","status-publish","format-standard","has-post-thumbnail","hentry","category-locales","category-salud","category-valle-de-chalco"],"yoast_head":"<!-- This site is optimized with the Yoast SEO plugin v27.5 - https:\/\/yoast.com\/product\/yoast-seo-wordpress\/ -->\n<title>EN VALLE DE CHALCO AVANZA VACUNACI\u00d3N CONTRA COVID 19 EN J\u00d3VENES -<\/title>\n<meta name=\"robots\" content=\"index, follow, max-snippet:-1, max-image-preview:large, max-video-preview:-1\" \/>\n<link rel=\"canonical\" href=\"https:\/\/continuamosmx.com\/index.php\/2022\/01\/14\/en-valle-de-chalco-avanza-vacunacion-contra-covid-19-en-jovenes\/\" \/>\n<meta property=\"og:locale\" content=\"es_ES\" \/>\n<meta property=\"og:type\" content=\"article\" \/>\n<meta property=\"og:title\" content=\"EN VALLE DE CHALCO AVANZA VACUNACI\u00d3N CONTRA COVID 19 EN J\u00d3VENES -\" \/>\n<meta property=\"og:description\" content=\"VALLE DE CHALCO, M\u00e9x.- Avanza en el municipio 122 la aplicaci\u00f3n de la primera y segunda dosis de la vacuna de Pfizer-BioNTech contra el Covid-19, entre los menores de edad de 14, 15, 16, y 17 a\u00f1os de edad, adem\u00e1s de los de 12 a 17 a\u00f1os con comorbilidades. Y para agilizar su atenci\u00f3n, el [&hellip;]\" \/>\n<meta property=\"og:url\" content=\"https:\/\/continuamosmx.com\/index.php\/2022\/01\/14\/en-valle-de-chalco-avanza-vacunacion-contra-covid-19-en-jovenes\/\" \/>\n<meta property=\"article:published_time\" content=\"2022-01-14T07:49:31+00:00\" \/>\n<meta name=\"author\" content=\"Continuamos MX\" \/>\n<meta name=\"twitter:card\" content=\"summary_large_image\" \/>\n<meta name=\"twitter:label1\" content=\"Escrito por\" \/>\n\t<meta name=\"twitter:data1\" content=\"Continuamos MX\" \/>\n\t<meta name=\"twitter:label2\" content=\"Tiempo de lectura\" \/>\n\t<meta name=\"twitter:data2\" content=\"2 minutos\" \/>\n<script type=\"application\/ld+json\" class=\"yoast-schema-graph\">{\"@context\":\"https:\\\/\\\/schema.org\",\"@graph\":[{\"@type\":\"Article\",\"@id\":\"https:\\\/\\\/continuamosmx.com\\\/index.php\\\/2022\\\/01\\\/14\\\/en-valle-de-chalco-avanza-vacunacion-contra-covid-19-en-jovenes\\\/#article\",\"isPartOf\":{\"@id\":\"https:\\\/\\\/continuamosmx.com\\\/index.php\\\/2022\\\/01\\\/14\\\/en-valle-de-chalco-avanza-vacunacion-contra-covid-19-en-jovenes\\\/\"},\"author\":{\"name\":\"Continuamos MX\",\"@id\":\"https:\\\/\\\/continuamosmx.com\\\/#\\\/schema\\\/person\\\/5eb5356acb1fad784da407d14f0e8d89\"},\"headline\":\"EN VALLE DE CHALCO AVANZA VACUNACI\u00d3N CONTRA COVID 19 EN J\u00d3VENES\",\"datePublished\":\"2022-01-14T07:49:31+00:00\",\"mainEntityOfPage\":{\"@id\":\"https:\\\/\\\/continuamosmx.com\\\/index.php\\\/2022\\\/01\\\/14\\\/en-valle-de-chalco-avanza-vacunacion-contra-covid-19-en-jovenes\\\/\"},\"wordCount\":417,\"publisher\":{\"@id\":\"https:\\\/\\\/continuamosmx.com\\\/#organization\"},\"image\":{\"@id\":\"https:\\\/\\\/continuamosmx.com\\\/index.php\\\/2022\\\/01\\\/14\\\/en-valle-de-chalco-avanza-vacunacion-contra-covid-19-en-jovenes\\\/#primaryimage\"},\"thumbnailUrl\":\"https:\\\/\\\/continuamosmx.com\\\/wp-content\\\/uploads\\\/2022\\\/01\\\/vacuna-valle-1.jpg\",\"articleSection\":[\"LOCALES\",\"SALUD\",\"VALLE DE CHALCO\"],\"inLanguage\":\"es\"},{\"@type\":\"WebPage\",\"@id\":\"https:\\\/\\\/continuamosmx.com\\\/index.php\\\/2022\\\/01\\\/14\\\/en-valle-de-chalco-avanza-vacunacion-contra-covid-19-en-jovenes\\\/\",\"url\":\"https:\\\/\\\/continuamosmx.com\\\/index.php\\\/2022\\\/01\\\/14\\\/en-valle-de-chalco-avanza-vacunacion-contra-covid-19-en-jovenes\\\/\",\"name\":\"EN VALLE DE CHALCO AVANZA VACUNACI\u00d3N CONTRA COVID 19 EN J\u00d3VENES -\",\"isPartOf\":{\"@id\":\"https:\\\/\\\/continuamosmx.com\\\/#website\"},\"primaryImageOfPage\":{\"@id\":\"https:\\\/\\\/continuamosmx.com\\\/index.php\\\/2022\\\/01\\\/14\\\/en-valle-de-chalco-avanza-vacunacion-contra-covid-19-en-jovenes\\\/#primaryimage\"},\"image\":{\"@id\":\"https:\\\/\\\/continuamosmx.com\\\/index.php\\\/2022\\\/01\\\/14\\\/en-valle-de-chalco-avanza-vacunacion-contra-covid-19-en-jovenes\\\/#primaryimage\"},\"thumbnailUrl\":\"https:\\\/\\\/continuamosmx.com\\\/wp-content\\\/uploads\\\/2022\\\/01\\\/vacuna-valle-1.jpg\",\"datePublished\":\"2022-01-14T07:49:31+00:00\",\"breadcrumb\":{\"@id\":\"https:\\\/\\\/continuamosmx.com\\\/index.php\\\/2022\\\/01\\\/14\\\/en-valle-de-chalco-avanza-vacunacion-contra-covid-19-en-jovenes\\\/#breadcrumb\"},\"inLanguage\":\"es\",\"potentialAction\":[{\"@type\":\"ReadAction\",\"target\":[\"https:\\\/\\\/continuamosmx.com\\\/index.php\\\/2022\\\/01\\\/14\\\/en-valle-de-chalco-avanza-vacunacion-contra-covid-19-en-jovenes\\\/\"]}]},{\"@type\":\"ImageObject\",\"inLanguage\":\"es\",\"@id\":\"https:\\\/\\\/continuamosmx.com\\\/index.php\\\/2022\\\/01\\\/14\\\/en-valle-de-chalco-avanza-vacunacion-contra-covid-19-en-jovenes\\\/#primaryimage\",\"url\":\"https:\\\/\\\/continuamosmx.com\\\/wp-content\\\/uploads\\\/2022\\\/01\\\/vacuna-valle-1.jpg\",\"contentUrl\":\"https:\\\/\\\/continuamosmx.com\\\/wp-content\\\/uploads\\\/2022\\\/01\\\/vacuna-valle-1.jpg\",\"width\":480,\"height\":319},{\"@type\":\"BreadcrumbList\",\"@id\":\"https:\\\/\\\/continuamosmx.com\\\/index.php\\\/2022\\\/01\\\/14\\\/en-valle-de-chalco-avanza-vacunacion-contra-covid-19-en-jovenes\\\/#breadcrumb\",\"itemListElement\":[{\"@type\":\"ListItem\",\"position\":1,\"name\":\"Inicio\",\"item\":\"https:\\\/\\\/continuamosmx.com\\\/\"},{\"@type\":\"ListItem\",\"position\":2,\"name\":\"EN VALLE DE CHALCO AVANZA VACUNACI\u00d3N CONTRA COVID 19 EN J\u00d3VENES\"}]},{\"@type\":\"WebSite\",\"@id\":\"https:\\\/\\\/continuamosmx.com\\\/#website\",\"url\":\"https:\\\/\\\/continuamosmx.com\\\/\",\"name\":\"www.continuamosmx.com\",\"description\":\"\",\"publisher\":{\"@id\":\"https:\\\/\\\/continuamosmx.com\\\/#organization\"},\"potentialAction\":[{\"@type\":\"SearchAction\",\"target\":{\"@type\":\"EntryPoint\",\"urlTemplate\":\"https:\\\/\\\/continuamosmx.com\\\/?s={search_term_string}\"},\"query-input\":{\"@type\":\"PropertyValueSpecification\",\"valueRequired\":true,\"valueName\":\"search_term_string\"}}],\"inLanguage\":\"es\"},{\"@type\":\"Organization\",\"@id\":\"https:\\\/\\\/continuamosmx.com\\\/#organization\",\"name\":\"ContinuamosMX\",\"url\":\"https:\\\/\\\/continuamosmx.com\\\/\",\"logo\":{\"@type\":\"ImageObject\",\"inLanguage\":\"es\",\"@id\":\"https:\\\/\\\/continuamosmx.com\\\/#\\\/schema\\\/logo\\\/image\\\/\",\"url\":\"https:\\\/\\\/continuamosmx.com\\\/wp-content\\\/uploads\\\/2023\\\/04\\\/cropped-LOGO-CONTI-NUEVO.png\",\"contentUrl\":\"https:\\\/\\\/continuamosmx.com\\\/wp-content\\\/uploads\\\/2023\\\/04\\\/cropped-LOGO-CONTI-NUEVO.png\",\"width\":1257,\"height\":430,\"caption\":\"ContinuamosMX\"},\"image\":{\"@id\":\"https:\\\/\\\/continuamosmx.com\\\/#\\\/schema\\\/logo\\\/image\\\/\"}},{\"@type\":\"Person\",\"@id\":\"https:\\\/\\\/continuamosmx.com\\\/#\\\/schema\\\/person\\\/5eb5356acb1fad784da407d14f0e8d89\",\"name\":\"Continuamos MX\",\"image\":{\"@type\":\"ImageObject\",\"inLanguage\":\"es\",\"@id\":\"https:\\\/\\\/secure.gravatar.com\\\/avatar\\\/30d4f9723476a15f4da34d35fb3501f08d2357016c76051c6a85c354c7489589?s=96&d=mm&r=g\",\"url\":\"https:\\\/\\\/secure.gravatar.com\\\/avatar\\\/30d4f9723476a15f4da34d35fb3501f08d2357016c76051c6a85c354c7489589?s=96&d=mm&r=g\",\"contentUrl\":\"https:\\\/\\\/secure.gravatar.com\\\/avatar\\\/30d4f9723476a15f4da34d35fb3501f08d2357016c76051c6a85c354c7489589?s=96&d=mm&r=g\",\"caption\":\"Continuamos MX\"},\"sameAs\":[\"http:\\\/\\\/www.continuamos.mx\"],\"url\":\"https:\\\/\\\/continuamosmx.com\\\/index.php\\\/author\\\/continuamos\\\/\"}]}<\/script>\n<!-- \/ Yoast SEO plugin. -->","yoast_head_json":{"title":"EN VALLE DE CHALCO AVANZA VACUNACI\u00d3N CONTRA COVID 19 EN J\u00d3VENES -","robots":{"index":"index","follow":"follow","max-snippet":"max-snippet:-1","max-image-preview":"max-image-preview:large","max-video-preview":"max-video-preview:-1"},"canonical":"https:\/\/continuamosmx.com\/index.php\/2022\/01\/14\/en-valle-de-chalco-avanza-vacunacion-contra-covid-19-en-jovenes\/","og_locale":"es_ES","og_type":"article","og_title":"EN VALLE DE CHALCO AVANZA VACUNACI\u00d3N CONTRA COVID 19 EN J\u00d3VENES -","og_description":"VALLE DE CHALCO, M\u00e9x.- Avanza en el municipio 122 la aplicaci\u00f3n de la primera y segunda dosis de la vacuna de Pfizer-BioNTech contra el Covid-19, entre los menores de edad de 14, 15, 16, y 17 a\u00f1os de edad, adem\u00e1s de los de 12 a 17 a\u00f1os con comorbilidades. Y para agilizar su atenci\u00f3n, el [&hellip;]","og_url":"https:\/\/continuamosmx.com\/index.php\/2022\/01\/14\/en-valle-de-chalco-avanza-vacunacion-contra-covid-19-en-jovenes\/","article_published_time":"2022-01-14T07:49:31+00:00","author":"Continuamos MX","twitter_card":"summary_large_image","twitter_misc":{"Escrito por":"Continuamos MX","Tiempo de lectura":"2 minutos"},"schema":{"@context":"https:\/\/schema.org","@graph":[{"@type":"Article","@id":"https:\/\/continuamosmx.com\/index.php\/2022\/01\/14\/en-valle-de-chalco-avanza-vacunacion-contra-covid-19-en-jovenes\/#article","isPartOf":{"@id":"https:\/\/continuamosmx.com\/index.php\/2022\/01\/14\/en-valle-de-chalco-avanza-vacunacion-contra-covid-19-en-jovenes\/"},"author":{"name":"Continuamos MX","@id":"https:\/\/continuamosmx.com\/#\/schema\/person\/5eb5356acb1fad784da407d14f0e8d89"},"headline":"EN VALLE DE CHALCO AVANZA VACUNACI\u00d3N CONTRA COVID 19 EN J\u00d3VENES","datePublished":"2022-01-14T07:49:31+00:00","mainEntityOfPage":{"@id":"https:\/\/continuamosmx.com\/index.php\/2022\/01\/14\/en-valle-de-chalco-avanza-vacunacion-contra-covid-19-en-jovenes\/"},"wordCount":417,"publisher":{"@id":"https:\/\/continuamosmx.com\/#organization"},"image":{"@id":"https:\/\/continuamosmx.com\/index.php\/2022\/01\/14\/en-valle-de-chalco-avanza-vacunacion-contra-covid-19-en-jovenes\/#primaryimage"},"thumbnailUrl":"https:\/\/continuamosmx.com\/wp-content\/uploads\/2022\/01\/vacuna-valle-1.jpg","articleSection":["LOCALES","SALUD","VALLE DE CHALCO"],"inLanguage":"es"},{"@type":"WebPage","@id":"https:\/\/continuamosmx.com\/index.php\/2022\/01\/14\/en-valle-de-chalco-avanza-vacunacion-contra-covid-19-en-jovenes\/","url":"https:\/\/continuamosmx.com\/index.php\/2022\/01\/14\/en-valle-de-chalco-avanza-vacunacion-contra-covid-19-en-jovenes\/","name":"EN VALLE DE CHALCO AVANZA VACUNACI\u00d3N CONTRA COVID 19 EN J\u00d3VENES -","isPartOf":{"@id":"https:\/\/continuamosmx.com\/#website"},"primaryImageOfPage":{"@id":"https:\/\/continuamosmx.com\/index.php\/2022\/01\/14\/en-valle-de-chalco-avanza-vacunacion-contra-covid-19-en-jovenes\/#primaryimage"},"image":{"@id":"https:\/\/continuamosmx.com\/index.php\/2022\/01\/14\/en-valle-de-chalco-avanza-vacunacion-contra-covid-19-en-jovenes\/#primaryimage"},"thumbnailUrl":"https:\/\/continuamosmx.com\/wp-content\/uploads\/2022\/01\/vacuna-valle-1.jpg","datePublished":"2022-01-14T07:49:31+00:00","breadcrumb":{"@id":"https:\/\/continuamosmx.com\/index.php\/2022\/01\/14\/en-valle-de-chalco-avanza-vacunacion-contra-covid-19-en-jovenes\/#breadcrumb"},"inLanguage":"es","potentialAction":[{"@type":"ReadAction","target":["https:\/\/continuamosmx.com\/index.php\/2022\/01\/14\/en-valle-de-chalco-avanza-vacunacion-contra-covid-19-en-jovenes\/"]}]},{"@type":"ImageObject","inLanguage":"es","@id":"https:\/\/continuamosmx.com\/index.php\/2022\/01\/14\/en-valle-de-chalco-avanza-vacunacion-contra-covid-19-en-jovenes\/#primaryimage","url":"https:\/\/continuamosmx.com\/wp-content\/uploads\/2022\/01\/vacuna-valle-1.jpg","contentUrl":"https:\/\/continuamosmx.com\/wp-content\/uploads\/2022\/01\/vacuna-valle-1.jpg","width":480,"height":319},{"@type":"BreadcrumbList","@id":"https:\/\/continuamosmx.com\/index.php\/2022\/01\/14\/en-valle-de-chalco-avanza-vacunacion-contra-covid-19-en-jovenes\/#breadcrumb","itemListElement":[{"@type":"ListItem","position":1,"name":"Inicio","item":"https:\/\/continuamosmx.com\/"},{"@type":"ListItem","position":2,"name":"EN VALLE DE CHALCO AVANZA VACUNACI\u00d3N CONTRA COVID 19 EN J\u00d3VENES"}]},{"@type":"WebSite","@id":"https:\/\/continuamosmx.com\/#website","url":"https:\/\/continuamosmx.com\/","name":"www.continuamosmx.com","description":"","publisher":{"@id":"https:\/\/continuamosmx.com\/#organization"},"potentialAction":[{"@type":"SearchAction","target":{"@type":"EntryPoint","urlTemplate":"https:\/\/continuamosmx.com\/?s={search_term_string}"},"query-input":{"@type":"PropertyValueSpecification","valueRequired":true,"valueName":"search_term_string"}}],"inLanguage":"es"},{"@type":"Organization","@id":"https:\/\/continuamosmx.com\/#organization","name":"ContinuamosMX","url":"https:\/\/continuamosmx.com\/","logo":{"@type":"ImageObject","inLanguage":"es","@id":"https:\/\/continuamosmx.com\/#\/schema\/logo\/image\/","url":"https:\/\/continuamosmx.com\/wp-content\/uploads\/2023\/04\/cropped-LOGO-CONTI-NUEVO.png","contentUrl":"https:\/\/continuamosmx.com\/wp-content\/uploads\/2023\/04\/cropped-LOGO-CONTI-NUEVO.png","width":1257,"height":430,"caption":"ContinuamosMX"},"image":{"@id":"https:\/\/continuamosmx.com\/#\/schema\/logo\/image\/"}},{"@type":"Person","@id":"https:\/\/continuamosmx.com\/#\/schema\/person\/5eb5356acb1fad784da407d14f0e8d89","name":"Continuamos MX","image":{"@type":"ImageObject","inLanguage":"es","@id":"https:\/\/secure.gravatar.com\/avatar\/30d4f9723476a15f4da34d35fb3501f08d2357016c76051c6a85c354c7489589?s=96&d=mm&r=g","url":"https:\/\/secure.gravatar.com\/avatar\/30d4f9723476a15f4da34d35fb3501f08d2357016c76051c6a85c354c7489589?s=96&d=mm&r=g","contentUrl":"https:\/\/secure.gravatar.com\/avatar\/30d4f9723476a15f4da34d35fb3501f08d2357016c76051c6a85c354c7489589?s=96&d=mm&r=g","caption":"Continuamos MX"},"sameAs":["http:\/\/www.continuamos.mx"],"url":"https:\/\/continuamosmx.com\/index.php\/author\/continuamos\/"}]}},"_links":{"self":[{"href":"https:\/\/continuamosmx.com\/index.php\/wp-json\/wp\/v2\/posts\/32512","targetHints":{"allow":["GET"]}}],"collection":[{"href":"https:\/\/continuamosmx.com\/index.php\/wp-json\/wp\/v2\/posts"}],"about":[{"href":"https:\/\/continuamosmx.com\/index.php\/wp-json\/wp\/v2\/types\/post"}],"author":[{"embeddable":true,"href":"https:\/\/continuamosmx.com\/index.php\/wp-json\/wp\/v2\/users\/6"}],"replies":[{"embeddable":true,"href":"https:\/\/continuamosmx.com\/index.php\/wp-json\/wp\/v2\/comments?post=32512"}],"version-history":[{"count":0,"href":"https:\/\/continuamosmx.com\/index.php\/wp-json\/wp\/v2\/posts\/32512\/revisions"}],"wp:featuredmedia":[{"embeddable":true,"href":"https:\/\/continuamosmx.com\/index.php\/wp-json\/wp\/v2\/media\/32513"}],"wp:attachment":[{"href":"https:\/\/continuamosmx.com\/index.php\/wp-json\/wp\/v2\/media?parent=32512"}],"wp:term":[{"taxonomy":"category","embeddable":true,"href":"https:\/\/continuamosmx.com\/index.php\/wp-json\/wp\/v2\/categories?post=32512"},{"taxonomy":"post_tag","embeddable":true,"href":"https:\/\/continuamosmx.com\/index.php\/wp-json\/wp\/v2\/tags?post=32512"}],"curies":[{"name":"wp","href":"https:\/\/api.w.org\/{rel}","templated":true}]}}