{"id":32508,"date":"2022-01-14T07:46:56","date_gmt":"2022-01-14T07:46:56","guid":{"rendered":"https:\/\/continuamos.mx\/?p=32508"},"modified":"2022-01-14T07:46:56","modified_gmt":"2022-01-14T07:46:56","slug":"sanitiza-gobierno-de-tlalmanalco-bases-del-transporte-publico","status":"publish","type":"post","link":"https:\/\/continuamosmx.com\/index.php\/2022\/01\/14\/sanitiza-gobierno-de-tlalmanalco-bases-del-transporte-publico\/","title":{"rendered":"SANITIZA GOBIERNO DE TLALMANALCO BASES DEL TRANSPORTE P\u00daBLICO"},"content":{"rendered":"\n<p>.- <strong>Con el objeto de poder disminuir los contagios causados por el coronavirus y sus variantes<\/strong><\/p>\n\n\n\n<p>.- <strong>Se exhorta al p\u00fabico usuario a continuar con los protocolos higi\u00e9nicos<\/strong><\/p>\n\n\n\n<p>Por: JOSE ALBERTO ZEA DOMINGUEZ<\/p>\n\n\n\n<p>TLALMANALCO, M\u00e9x.- Por indicaciones del presidente municipal, Luis Enrique S\u00e1nchez Reyes, a partir de hoy y a trav\u00e9s de Protecci\u00f3n Civil, se estar\u00e1n sanitizando bases de rutas de pasajeros con la finalidad de evitar el aumento de la pandemia, COVID-19, DELTA y \u00d3MICRON.<\/p>\n\n\n\n<p>Elementos de Protecci\u00f3n Civil, desde muy temprano tanto en bases como paraderos del servicio p\u00fablico de pasajeros, estuvieron sanitizando a los distintos veh\u00edculos que, transportan a cientos de usuario a diversos destinos de la zona oriente.<\/p>\n\n\n\n<p>Por indicaciones del alcalde, Luis Enrique S\u00e1nchez Reyes, los elementos estuvieron al pendiente de darles gel en las manos y sanitizar tanto a choferes como los pasajeros.<\/p>\n\n\n\n<p>A personas que al subir al transporte p\u00fablico de pasajeros, que no tra\u00edan su cubre bocas, los conminan a usarlos para que no se contagien y no vayan a contagiar, ya que ante el aumento de la pandemia es necesario pedirles que, usen el cubre bocas.<\/p>\n\n\n\n<p>Protecci\u00f3n Civil desde hoy y hasta que se termine en cada base, estar\u00e1n sanitizando al transporte y al p\u00fablico usuario que, cada d\u00eda tienen que transportarse a los diferentes destinos de la zona oriente.<\/p>\n\n\n\n<p>Cabe destacar que la ruta 36, independiente que, los elementos de protecci\u00f3n civil, este continuamente sanitizando, Jos\u00e9 Luis Aboytes Chavarr\u00eda, les da las indicaciones que los usuarios antes de subir, tengan sus cubre bocas y el gel para no trasmitir la pandemia del COVID-19.<\/p>\n\n\n\n<figure class=\"wp-block-image size-full is-resized\"><img loading=\"lazy\" decoding=\"async\" src=\"http:\/\/continuamos.mx\/wp-content\/uploads\/2022\/01\/tlalma-1-1.jpg\" alt=\"\" class=\"wp-image-32509\" width=\"817\" height=\"613\"\/><\/figure>\n","protected":false},"excerpt":{"rendered":"<p>.- Con el objeto de poder disminuir los contagios causados por el coronavirus y sus variantes .- Se exhorta al p\u00fabico usuario a continuar con los protocolos higi\u00e9nicos Por: JOSE ALBERTO ZEA DOMINGUEZ TLALMANALCO, M\u00e9x.- Por indicaciones del presidente municipal, Luis Enrique S\u00e1nchez Reyes, a partir de hoy y a trav\u00e9s de Protecci\u00f3n Civil, se [&hellip;]<\/p>\n","protected":false},"author":6,"featured_media":32510,"comment_status":"closed","ping_status":"open","sticky":false,"template":"","format":"standard","meta":{"footnotes":""},"categories":[4,58],"tags":[],"class_list":["post-32508","post","type-post","status-publish","format-standard","has-post-thumbnail","hentry","category-locales","category-tlalmanalco"],"yoast_head":"<!-- This site is optimized with the Yoast SEO plugin v27.5 - https:\/\/yoast.com\/product\/yoast-seo-wordpress\/ -->\n<title>SANITIZA GOBIERNO DE TLALMANALCO BASES DEL TRANSPORTE P\u00daBLICO -<\/title>\n<meta name=\"robots\" content=\"index, follow, max-snippet:-1, max-image-preview:large, max-video-preview:-1\" \/>\n<link rel=\"canonical\" href=\"https:\/\/continuamosmx.com\/index.php\/2022\/01\/14\/sanitiza-gobierno-de-tlalmanalco-bases-del-transporte-publico\/\" \/>\n<meta property=\"og:locale\" content=\"es_ES\" \/>\n<meta property=\"og:type\" content=\"article\" \/>\n<meta property=\"og:title\" content=\"SANITIZA GOBIERNO DE TLALMANALCO BASES DEL TRANSPORTE P\u00daBLICO -\" \/>\n<meta property=\"og:description\" content=\".- Con el objeto de poder disminuir los contagios causados por el coronavirus y sus variantes .- Se exhorta al p\u00fabico usuario a continuar con los protocolos higi\u00e9nicos Por: JOSE ALBERTO ZEA DOMINGUEZ TLALMANALCO, M\u00e9x.- Por indicaciones del presidente municipal, Luis Enrique S\u00e1nchez Reyes, a partir de hoy y a trav\u00e9s de Protecci\u00f3n Civil, se [&hellip;]\" \/>\n<meta property=\"og:url\" content=\"https:\/\/continuamosmx.com\/index.php\/2022\/01\/14\/sanitiza-gobierno-de-tlalmanalco-bases-del-transporte-publico\/\" \/>\n<meta property=\"article:published_time\" content=\"2022-01-14T07:46:56+00:00\" \/>\n<meta property=\"og:image\" content=\"http:\/\/continuamos.mx\/wp-content\/uploads\/2022\/01\/tlalma-1-1.jpg\" \/>\n<meta name=\"author\" content=\"Continuamos MX\" \/>\n<meta name=\"twitter:card\" content=\"summary_large_image\" \/>\n<meta name=\"twitter:label1\" content=\"Escrito por\" \/>\n\t<meta name=\"twitter:data1\" content=\"Continuamos MX\" \/>\n\t<meta name=\"twitter:label2\" content=\"Tiempo de lectura\" \/>\n\t<meta name=\"twitter:data2\" content=\"1 minuto\" \/>\n<script type=\"application\/ld+json\" class=\"yoast-schema-graph\">{\"@context\":\"https:\\\/\\\/schema.org\",\"@graph\":[{\"@type\":\"Article\",\"@id\":\"https:\\\/\\\/continuamosmx.com\\\/index.php\\\/2022\\\/01\\\/14\\\/sanitiza-gobierno-de-tlalmanalco-bases-del-transporte-publico\\\/#article\",\"isPartOf\":{\"@id\":\"https:\\\/\\\/continuamosmx.com\\\/index.php\\\/2022\\\/01\\\/14\\\/sanitiza-gobierno-de-tlalmanalco-bases-del-transporte-publico\\\/\"},\"author\":{\"name\":\"Continuamos MX\",\"@id\":\"https:\\\/\\\/continuamosmx.com\\\/#\\\/schema\\\/person\\\/5eb5356acb1fad784da407d14f0e8d89\"},\"headline\":\"SANITIZA GOBIERNO DE TLALMANALCO BASES DEL TRANSPORTE P\u00daBLICO\",\"datePublished\":\"2022-01-14T07:46:56+00:00\",\"mainEntityOfPage\":{\"@id\":\"https:\\\/\\\/continuamosmx.com\\\/index.php\\\/2022\\\/01\\\/14\\\/sanitiza-gobierno-de-tlalmanalco-bases-del-transporte-publico\\\/\"},\"wordCount\":291,\"publisher\":{\"@id\":\"https:\\\/\\\/continuamosmx.com\\\/#organization\"},\"image\":{\"@id\":\"https:\\\/\\\/continuamosmx.com\\\/index.php\\\/2022\\\/01\\\/14\\\/sanitiza-gobierno-de-tlalmanalco-bases-del-transporte-publico\\\/#primaryimage\"},\"thumbnailUrl\":\"https:\\\/\\\/continuamosmx.com\\\/wp-content\\\/uploads\\\/2022\\\/01\\\/tlalma-4.jpg\",\"articleSection\":[\"LOCALES\",\"TLALMANALCO\"],\"inLanguage\":\"es\"},{\"@type\":\"WebPage\",\"@id\":\"https:\\\/\\\/continuamosmx.com\\\/index.php\\\/2022\\\/01\\\/14\\\/sanitiza-gobierno-de-tlalmanalco-bases-del-transporte-publico\\\/\",\"url\":\"https:\\\/\\\/continuamosmx.com\\\/index.php\\\/2022\\\/01\\\/14\\\/sanitiza-gobierno-de-tlalmanalco-bases-del-transporte-publico\\\/\",\"name\":\"SANITIZA GOBIERNO DE TLALMANALCO BASES DEL TRANSPORTE P\u00daBLICO -\",\"isPartOf\":{\"@id\":\"https:\\\/\\\/continuamosmx.com\\\/#website\"},\"primaryImageOfPage\":{\"@id\":\"https:\\\/\\\/continuamosmx.com\\\/index.php\\\/2022\\\/01\\\/14\\\/sanitiza-gobierno-de-tlalmanalco-bases-del-transporte-publico\\\/#primaryimage\"},\"image\":{\"@id\":\"https:\\\/\\\/continuamosmx.com\\\/index.php\\\/2022\\\/01\\\/14\\\/sanitiza-gobierno-de-tlalmanalco-bases-del-transporte-publico\\\/#primaryimage\"},\"thumbnailUrl\":\"https:\\\/\\\/continuamosmx.com\\\/wp-content\\\/uploads\\\/2022\\\/01\\\/tlalma-4.jpg\",\"datePublished\":\"2022-01-14T07:46:56+00:00\",\"breadcrumb\":{\"@id\":\"https:\\\/\\\/continuamosmx.com\\\/index.php\\\/2022\\\/01\\\/14\\\/sanitiza-gobierno-de-tlalmanalco-bases-del-transporte-publico\\\/#breadcrumb\"},\"inLanguage\":\"es\",\"potentialAction\":[{\"@type\":\"ReadAction\",\"target\":[\"https:\\\/\\\/continuamosmx.com\\\/index.php\\\/2022\\\/01\\\/14\\\/sanitiza-gobierno-de-tlalmanalco-bases-del-transporte-publico\\\/\"]}]},{\"@type\":\"ImageObject\",\"inLanguage\":\"es\",\"@id\":\"https:\\\/\\\/continuamosmx.com\\\/index.php\\\/2022\\\/01\\\/14\\\/sanitiza-gobierno-de-tlalmanalco-bases-del-transporte-publico\\\/#primaryimage\",\"url\":\"https:\\\/\\\/continuamosmx.com\\\/wp-content\\\/uploads\\\/2022\\\/01\\\/tlalma-4.jpg\",\"contentUrl\":\"https:\\\/\\\/continuamosmx.com\\\/wp-content\\\/uploads\\\/2022\\\/01\\\/tlalma-4.jpg\",\"width\":720,\"height\":540},{\"@type\":\"BreadcrumbList\",\"@id\":\"https:\\\/\\\/continuamosmx.com\\\/index.php\\\/2022\\\/01\\\/14\\\/sanitiza-gobierno-de-tlalmanalco-bases-del-transporte-publico\\\/#breadcrumb\",\"itemListElement\":[{\"@type\":\"ListItem\",\"position\":1,\"name\":\"Inicio\",\"item\":\"https:\\\/\\\/continuamosmx.com\\\/\"},{\"@type\":\"ListItem\",\"position\":2,\"name\":\"SANITIZA GOBIERNO DE TLALMANALCO BASES DEL TRANSPORTE P\u00daBLICO\"}]},{\"@type\":\"WebSite\",\"@id\":\"https:\\\/\\\/continuamosmx.com\\\/#website\",\"url\":\"https:\\\/\\\/continuamosmx.com\\\/\",\"name\":\"www.continuamosmx.com\",\"description\":\"\",\"publisher\":{\"@id\":\"https:\\\/\\\/continuamosmx.com\\\/#organization\"},\"potentialAction\":[{\"@type\":\"SearchAction\",\"target\":{\"@type\":\"EntryPoint\",\"urlTemplate\":\"https:\\\/\\\/continuamosmx.com\\\/?s={search_term_string}\"},\"query-input\":{\"@type\":\"PropertyValueSpecification\",\"valueRequired\":true,\"valueName\":\"search_term_string\"}}],\"inLanguage\":\"es\"},{\"@type\":\"Organization\",\"@id\":\"https:\\\/\\\/continuamosmx.com\\\/#organization\",\"name\":\"ContinuamosMX\",\"url\":\"https:\\\/\\\/continuamosmx.com\\\/\",\"logo\":{\"@type\":\"ImageObject\",\"inLanguage\":\"es\",\"@id\":\"https:\\\/\\\/continuamosmx.com\\\/#\\\/schema\\\/logo\\\/image\\\/\",\"url\":\"https:\\\/\\\/continuamosmx.com\\\/wp-content\\\/uploads\\\/2023\\\/04\\\/cropped-LOGO-CONTI-NUEVO.png\",\"contentUrl\":\"https:\\\/\\\/continuamosmx.com\\\/wp-content\\\/uploads\\\/2023\\\/04\\\/cropped-LOGO-CONTI-NUEVO.png\",\"width\":1257,\"height\":430,\"caption\":\"ContinuamosMX\"},\"image\":{\"@id\":\"https:\\\/\\\/continuamosmx.com\\\/#\\\/schema\\\/logo\\\/image\\\/\"}},{\"@type\":\"Person\",\"@id\":\"https:\\\/\\\/continuamosmx.com\\\/#\\\/schema\\\/person\\\/5eb5356acb1fad784da407d14f0e8d89\",\"name\":\"Continuamos MX\",\"image\":{\"@type\":\"ImageObject\",\"inLanguage\":\"es\",\"@id\":\"https:\\\/\\\/secure.gravatar.com\\\/avatar\\\/30d4f9723476a15f4da34d35fb3501f08d2357016c76051c6a85c354c7489589?s=96&d=mm&r=g\",\"url\":\"https:\\\/\\\/secure.gravatar.com\\\/avatar\\\/30d4f9723476a15f4da34d35fb3501f08d2357016c76051c6a85c354c7489589?s=96&d=mm&r=g\",\"contentUrl\":\"https:\\\/\\\/secure.gravatar.com\\\/avatar\\\/30d4f9723476a15f4da34d35fb3501f08d2357016c76051c6a85c354c7489589?s=96&d=mm&r=g\",\"caption\":\"Continuamos MX\"},\"sameAs\":[\"http:\\\/\\\/www.continuamos.mx\"],\"url\":\"https:\\\/\\\/continuamosmx.com\\\/index.php\\\/author\\\/continuamos\\\/\"}]}<\/script>\n<!-- \/ Yoast SEO plugin. -->","yoast_head_json":{"title":"SANITIZA GOBIERNO DE TLALMANALCO BASES DEL TRANSPORTE P\u00daBLICO -","robots":{"index":"index","follow":"follow","max-snippet":"max-snippet:-1","max-image-preview":"max-image-preview:large","max-video-preview":"max-video-preview:-1"},"canonical":"https:\/\/continuamosmx.com\/index.php\/2022\/01\/14\/sanitiza-gobierno-de-tlalmanalco-bases-del-transporte-publico\/","og_locale":"es_ES","og_type":"article","og_title":"SANITIZA GOBIERNO DE TLALMANALCO BASES DEL TRANSPORTE P\u00daBLICO -","og_description":".- Con el objeto de poder disminuir los contagios causados por el coronavirus y sus variantes .- Se exhorta al p\u00fabico usuario a continuar con los protocolos higi\u00e9nicos Por: JOSE ALBERTO ZEA DOMINGUEZ TLALMANALCO, M\u00e9x.- Por indicaciones del presidente municipal, Luis Enrique S\u00e1nchez Reyes, a partir de hoy y a trav\u00e9s de Protecci\u00f3n Civil, se [&hellip;]","og_url":"https:\/\/continuamosmx.com\/index.php\/2022\/01\/14\/sanitiza-gobierno-de-tlalmanalco-bases-del-transporte-publico\/","article_published_time":"2022-01-14T07:46:56+00:00","og_image":[{"url":"http:\/\/continuamos.mx\/wp-content\/uploads\/2022\/01\/tlalma-1-1.jpg","type":"","width":"","height":""}],"author":"Continuamos MX","twitter_card":"summary_large_image","twitter_misc":{"Escrito por":"Continuamos MX","Tiempo de lectura":"1 minuto"},"schema":{"@context":"https:\/\/schema.org","@graph":[{"@type":"Article","@id":"https:\/\/continuamosmx.com\/index.php\/2022\/01\/14\/sanitiza-gobierno-de-tlalmanalco-bases-del-transporte-publico\/#article","isPartOf":{"@id":"https:\/\/continuamosmx.com\/index.php\/2022\/01\/14\/sanitiza-gobierno-de-tlalmanalco-bases-del-transporte-publico\/"},"author":{"name":"Continuamos MX","@id":"https:\/\/continuamosmx.com\/#\/schema\/person\/5eb5356acb1fad784da407d14f0e8d89"},"headline":"SANITIZA GOBIERNO DE TLALMANALCO BASES DEL TRANSPORTE P\u00daBLICO","datePublished":"2022-01-14T07:46:56+00:00","mainEntityOfPage":{"@id":"https:\/\/continuamosmx.com\/index.php\/2022\/01\/14\/sanitiza-gobierno-de-tlalmanalco-bases-del-transporte-publico\/"},"wordCount":291,"publisher":{"@id":"https:\/\/continuamosmx.com\/#organization"},"image":{"@id":"https:\/\/continuamosmx.com\/index.php\/2022\/01\/14\/sanitiza-gobierno-de-tlalmanalco-bases-del-transporte-publico\/#primaryimage"},"thumbnailUrl":"https:\/\/continuamosmx.com\/wp-content\/uploads\/2022\/01\/tlalma-4.jpg","articleSection":["LOCALES","TLALMANALCO"],"inLanguage":"es"},{"@type":"WebPage","@id":"https:\/\/continuamosmx.com\/index.php\/2022\/01\/14\/sanitiza-gobierno-de-tlalmanalco-bases-del-transporte-publico\/","url":"https:\/\/continuamosmx.com\/index.php\/2022\/01\/14\/sanitiza-gobierno-de-tlalmanalco-bases-del-transporte-publico\/","name":"SANITIZA GOBIERNO DE TLALMANALCO BASES DEL TRANSPORTE P\u00daBLICO -","isPartOf":{"@id":"https:\/\/continuamosmx.com\/#website"},"primaryImageOfPage":{"@id":"https:\/\/continuamosmx.com\/index.php\/2022\/01\/14\/sanitiza-gobierno-de-tlalmanalco-bases-del-transporte-publico\/#primaryimage"},"image":{"@id":"https:\/\/continuamosmx.com\/index.php\/2022\/01\/14\/sanitiza-gobierno-de-tlalmanalco-bases-del-transporte-publico\/#primaryimage"},"thumbnailUrl":"https:\/\/continuamosmx.com\/wp-content\/uploads\/2022\/01\/tlalma-4.jpg","datePublished":"2022-01-14T07:46:56+00:00","breadcrumb":{"@id":"https:\/\/continuamosmx.com\/index.php\/2022\/01\/14\/sanitiza-gobierno-de-tlalmanalco-bases-del-transporte-publico\/#breadcrumb"},"inLanguage":"es","potentialAction":[{"@type":"ReadAction","target":["https:\/\/continuamosmx.com\/index.php\/2022\/01\/14\/sanitiza-gobierno-de-tlalmanalco-bases-del-transporte-publico\/"]}]},{"@type":"ImageObject","inLanguage":"es","@id":"https:\/\/continuamosmx.com\/index.php\/2022\/01\/14\/sanitiza-gobierno-de-tlalmanalco-bases-del-transporte-publico\/#primaryimage","url":"https:\/\/continuamosmx.com\/wp-content\/uploads\/2022\/01\/tlalma-4.jpg","contentUrl":"https:\/\/continuamosmx.com\/wp-content\/uploads\/2022\/01\/tlalma-4.jpg","width":720,"height":540},{"@type":"BreadcrumbList","@id":"https:\/\/continuamosmx.com\/index.php\/2022\/01\/14\/sanitiza-gobierno-de-tlalmanalco-bases-del-transporte-publico\/#breadcrumb","itemListElement":[{"@type":"ListItem","position":1,"name":"Inicio","item":"https:\/\/continuamosmx.com\/"},{"@type":"ListItem","position":2,"name":"SANITIZA GOBIERNO DE TLALMANALCO BASES DEL TRANSPORTE P\u00daBLICO"}]},{"@type":"WebSite","@id":"https:\/\/continuamosmx.com\/#website","url":"https:\/\/continuamosmx.com\/","name":"www.continuamosmx.com","description":"","publisher":{"@id":"https:\/\/continuamosmx.com\/#organization"},"potentialAction":[{"@type":"SearchAction","target":{"@type":"EntryPoint","urlTemplate":"https:\/\/continuamosmx.com\/?s={search_term_string}"},"query-input":{"@type":"PropertyValueSpecification","valueRequired":true,"valueName":"search_term_string"}}],"inLanguage":"es"},{"@type":"Organization","@id":"https:\/\/continuamosmx.com\/#organization","name":"ContinuamosMX","url":"https:\/\/continuamosmx.com\/","logo":{"@type":"ImageObject","inLanguage":"es","@id":"https:\/\/continuamosmx.com\/#\/schema\/logo\/image\/","url":"https:\/\/continuamosmx.com\/wp-content\/uploads\/2023\/04\/cropped-LOGO-CONTI-NUEVO.png","contentUrl":"https:\/\/continuamosmx.com\/wp-content\/uploads\/2023\/04\/cropped-LOGO-CONTI-NUEVO.png","width":1257,"height":430,"caption":"ContinuamosMX"},"image":{"@id":"https:\/\/continuamosmx.com\/#\/schema\/logo\/image\/"}},{"@type":"Person","@id":"https:\/\/continuamosmx.com\/#\/schema\/person\/5eb5356acb1fad784da407d14f0e8d89","name":"Continuamos MX","image":{"@type":"ImageObject","inLanguage":"es","@id":"https:\/\/secure.gravatar.com\/avatar\/30d4f9723476a15f4da34d35fb3501f08d2357016c76051c6a85c354c7489589?s=96&d=mm&r=g","url":"https:\/\/secure.gravatar.com\/avatar\/30d4f9723476a15f4da34d35fb3501f08d2357016c76051c6a85c354c7489589?s=96&d=mm&r=g","contentUrl":"https:\/\/secure.gravatar.com\/avatar\/30d4f9723476a15f4da34d35fb3501f08d2357016c76051c6a85c354c7489589?s=96&d=mm&r=g","caption":"Continuamos MX"},"sameAs":["http:\/\/www.continuamos.mx"],"url":"https:\/\/continuamosmx.com\/index.php\/author\/continuamos\/"}]}},"_links":{"self":[{"href":"https:\/\/continuamosmx.com\/index.php\/wp-json\/wp\/v2\/posts\/32508","targetHints":{"allow":["GET"]}}],"collection":[{"href":"https:\/\/continuamosmx.com\/index.php\/wp-json\/wp\/v2\/posts"}],"about":[{"href":"https:\/\/continuamosmx.com\/index.php\/wp-json\/wp\/v2\/types\/post"}],"author":[{"embeddable":true,"href":"https:\/\/continuamosmx.com\/index.php\/wp-json\/wp\/v2\/users\/6"}],"replies":[{"embeddable":true,"href":"https:\/\/continuamosmx.com\/index.php\/wp-json\/wp\/v2\/comments?post=32508"}],"version-history":[{"count":0,"href":"https:\/\/continuamosmx.com\/index.php\/wp-json\/wp\/v2\/posts\/32508\/revisions"}],"wp:featuredmedia":[{"embeddable":true,"href":"https:\/\/continuamosmx.com\/index.php\/wp-json\/wp\/v2\/media\/32510"}],"wp:attachment":[{"href":"https:\/\/continuamosmx.com\/index.php\/wp-json\/wp\/v2\/media?parent=32508"}],"wp:term":[{"taxonomy":"category","embeddable":true,"href":"https:\/\/continuamosmx.com\/index.php\/wp-json\/wp\/v2\/categories?post=32508"},{"taxonomy":"post_tag","embeddable":true,"href":"https:\/\/continuamosmx.com\/index.php\/wp-json\/wp\/v2\/tags?post=32508"}],"curies":[{"name":"wp","href":"https:\/\/api.w.org\/{rel}","templated":true}]}}