{"id":32486,"date":"2022-01-14T07:25:49","date_gmt":"2022-01-14T07:25:49","guid":{"rendered":"https:\/\/continuamos.mx\/?p=32486"},"modified":"2022-01-14T07:25:49","modified_gmt":"2022-01-14T07:25:49","slug":"aseguran-a-sujeto-por-agredir-a-una-mujer-2","status":"publish","type":"post","link":"https:\/\/continuamosmx.com\/index.php\/2022\/01\/14\/aseguran-a-sujeto-por-agredir-a-una-mujer-2\/","title":{"rendered":"ASEGURAN A SUJETO POR AGREDIR A UNA MUJER"},"content":{"rendered":"\n<p>* <strong>El ataque fue captado desde el C4<\/strong><\/p>\n\n\n\n<p>TEXCOCO, M\u00e9x.- Personal de monitoreo de las c\u00e1maras del Centro de Comando, Control y Computo (C 4), captaron el momento en el que un sujeto agred\u00eda a una mujer en calles del centro de Texcoco, por lo que con el apoyo de polic\u00edas municipales adscritos a la zona se asegur\u00f3 al presunto agresor.<\/p>\n\n\n\n<p>El Director de Seguridad P\u00fablica y Movilidad de Texcoco Adri\u00e1n Tr\u00e1pala Gonz\u00e1lez, inform\u00f3 que luego de visualizar la agresi\u00f3n, v\u00eda radio se lanz\u00f3 la alerta a las unidades policiacas adscritas a la zona para investigar lo que suced\u00eda en la calle Fray Pedro de Gante, esquina Manuel Gonz\u00e1lez, de la Colonia Centro, Municipio de Texcoco, estado de M\u00e9xico, en donde un sujeto del sexo masculino se encontraba agrediendo f\u00edsicamente a una persona del sexo femenino y la empujaba al interior de un veh\u00edculo color negro.<\/p>\n\n\n\n<p>Con las caracter\u00edsticas del auto, comenzaron a buscarlo y a darle seguimiento a trav\u00e9s de las c\u00e1maras de vigilancia, logrando interceptarlo sobre la calle Col\u00f3n a un costado del mercado municipal, en donde se le indic\u00f3 al chofer que se detuviera, al parar baj\u00f3 del lado del copiloto una persona del sexo femenino, observando que presentaba diversos golpes en la cara.<\/p>\n\n\n\n<p>Al mismo tiempo del lado del conductor descendi\u00f3 un sujeto del sexo masculino, que fue se\u00f1alado por la mujer identificada como Jessica Paola \u201cN\u201d, quien manifest\u00f3 que dicho sujeto identificado como Ricardo \u201cN\u201d de 31 a\u00f1os, es su concubino y que minutos antes la hab\u00eda agredido f\u00edsicamente.<\/p>\n\n\n\n<p>Ricardo \u201cN\u201d, reconoci\u00f3 que hab\u00eda tenido una discusi\u00f3n con su concubina, por lo que los polic\u00edas municipales le indicaron que estaba cometiendo un delito, por lo que, a petici\u00f3n de la parte acusadora, a las 23:25 horas del mi\u00e9rcoles 12 de enero del 2021, se realiz\u00f3 la detenci\u00f3n del presunto agresor, as\u00ed como del veh\u00edculo de la marca Chrysler tipo Cirrus Sed\u00e1n modelo 2007 color NEGRO con placas de circulaci\u00f3n NYU4089 del Estado de M\u00e9xico, quedando a disposici\u00f3n de la Fiscal\u00eda Regional de Texcoco por el delito de lesiones agravadas por razones de g\u00e9nero.<\/p>\n","protected":false},"excerpt":{"rendered":"<p>* El ataque fue captado desde el C4 TEXCOCO, M\u00e9x.- Personal de monitoreo de las c\u00e1maras del Centro de Comando, Control y Computo (C 4), captaron el momento en el que un sujeto agred\u00eda a una mujer en calles del centro de Texcoco, por lo que con el apoyo de polic\u00edas municipales adscritos a la [&hellip;]<\/p>\n","protected":false},"author":6,"featured_media":32487,"comment_status":"closed","ping_status":"open","sticky":false,"template":"","format":"standard","meta":{"footnotes":""},"categories":[4,48,6],"tags":[],"class_list":["post-32486","post","type-post","status-publish","format-standard","has-post-thumbnail","hentry","category-locales","category-policiaca","category-texcoco"],"yoast_head":"<!-- This site is optimized with the Yoast SEO plugin v27.5 - https:\/\/yoast.com\/product\/yoast-seo-wordpress\/ -->\n<title>ASEGURAN A SUJETO POR AGREDIR A UNA MUJER -<\/title>\n<meta name=\"robots\" content=\"index, follow, max-snippet:-1, max-image-preview:large, max-video-preview:-1\" \/>\n<link rel=\"canonical\" href=\"https:\/\/continuamosmx.com\/index.php\/2022\/01\/14\/aseguran-a-sujeto-por-agredir-a-una-mujer-2\/\" \/>\n<meta property=\"og:locale\" content=\"es_ES\" \/>\n<meta property=\"og:type\" content=\"article\" \/>\n<meta property=\"og:title\" content=\"ASEGURAN A SUJETO POR AGREDIR A UNA MUJER -\" \/>\n<meta property=\"og:description\" content=\"* El ataque fue captado desde el C4 TEXCOCO, M\u00e9x.- Personal de monitoreo de las c\u00e1maras del Centro de Comando, Control y Computo (C 4), captaron el momento en el que un sujeto agred\u00eda a una mujer en calles del centro de Texcoco, por lo que con el apoyo de polic\u00edas municipales adscritos a la [&hellip;]\" \/>\n<meta property=\"og:url\" content=\"https:\/\/continuamosmx.com\/index.php\/2022\/01\/14\/aseguran-a-sujeto-por-agredir-a-una-mujer-2\/\" \/>\n<meta property=\"article:published_time\" content=\"2022-01-14T07:25:49+00:00\" \/>\n<meta name=\"author\" content=\"Continuamos MX\" \/>\n<meta name=\"twitter:card\" content=\"summary_large_image\" \/>\n<meta name=\"twitter:label1\" content=\"Escrito por\" \/>\n\t<meta name=\"twitter:data1\" content=\"Continuamos MX\" \/>\n\t<meta name=\"twitter:label2\" content=\"Tiempo de lectura\" \/>\n\t<meta name=\"twitter:data2\" content=\"2 minutos\" \/>\n<script type=\"application\/ld+json\" class=\"yoast-schema-graph\">{\"@context\":\"https:\\\/\\\/schema.org\",\"@graph\":[{\"@type\":\"Article\",\"@id\":\"https:\\\/\\\/continuamosmx.com\\\/index.php\\\/2022\\\/01\\\/14\\\/aseguran-a-sujeto-por-agredir-a-una-mujer-2\\\/#article\",\"isPartOf\":{\"@id\":\"https:\\\/\\\/continuamosmx.com\\\/index.php\\\/2022\\\/01\\\/14\\\/aseguran-a-sujeto-por-agredir-a-una-mujer-2\\\/\"},\"author\":{\"name\":\"Continuamos MX\",\"@id\":\"https:\\\/\\\/continuamosmx.com\\\/#\\\/schema\\\/person\\\/5eb5356acb1fad784da407d14f0e8d89\"},\"headline\":\"ASEGURAN A SUJETO POR AGREDIR A UNA MUJER\",\"datePublished\":\"2022-01-14T07:25:49+00:00\",\"mainEntityOfPage\":{\"@id\":\"https:\\\/\\\/continuamosmx.com\\\/index.php\\\/2022\\\/01\\\/14\\\/aseguran-a-sujeto-por-agredir-a-una-mujer-2\\\/\"},\"wordCount\":386,\"publisher\":{\"@id\":\"https:\\\/\\\/continuamosmx.com\\\/#organization\"},\"image\":{\"@id\":\"https:\\\/\\\/continuamosmx.com\\\/index.php\\\/2022\\\/01\\\/14\\\/aseguran-a-sujeto-por-agredir-a-una-mujer-2\\\/#primaryimage\"},\"thumbnailUrl\":\"https:\\\/\\\/continuamosmx.com\\\/wp-content\\\/uploads\\\/2022\\\/01\\\/policiaca-1-1.jpg\",\"articleSection\":[\"LOCALES\",\"POLICIACA\",\"TEXCOCO\"],\"inLanguage\":\"es\"},{\"@type\":\"WebPage\",\"@id\":\"https:\\\/\\\/continuamosmx.com\\\/index.php\\\/2022\\\/01\\\/14\\\/aseguran-a-sujeto-por-agredir-a-una-mujer-2\\\/\",\"url\":\"https:\\\/\\\/continuamosmx.com\\\/index.php\\\/2022\\\/01\\\/14\\\/aseguran-a-sujeto-por-agredir-a-una-mujer-2\\\/\",\"name\":\"ASEGURAN A SUJETO POR AGREDIR A UNA MUJER -\",\"isPartOf\":{\"@id\":\"https:\\\/\\\/continuamosmx.com\\\/#website\"},\"primaryImageOfPage\":{\"@id\":\"https:\\\/\\\/continuamosmx.com\\\/index.php\\\/2022\\\/01\\\/14\\\/aseguran-a-sujeto-por-agredir-a-una-mujer-2\\\/#primaryimage\"},\"image\":{\"@id\":\"https:\\\/\\\/continuamosmx.com\\\/index.php\\\/2022\\\/01\\\/14\\\/aseguran-a-sujeto-por-agredir-a-una-mujer-2\\\/#primaryimage\"},\"thumbnailUrl\":\"https:\\\/\\\/continuamosmx.com\\\/wp-content\\\/uploads\\\/2022\\\/01\\\/policiaca-1-1.jpg\",\"datePublished\":\"2022-01-14T07:25:49+00:00\",\"breadcrumb\":{\"@id\":\"https:\\\/\\\/continuamosmx.com\\\/index.php\\\/2022\\\/01\\\/14\\\/aseguran-a-sujeto-por-agredir-a-una-mujer-2\\\/#breadcrumb\"},\"inLanguage\":\"es\",\"potentialAction\":[{\"@type\":\"ReadAction\",\"target\":[\"https:\\\/\\\/continuamosmx.com\\\/index.php\\\/2022\\\/01\\\/14\\\/aseguran-a-sujeto-por-agredir-a-una-mujer-2\\\/\"]}]},{\"@type\":\"ImageObject\",\"inLanguage\":\"es\",\"@id\":\"https:\\\/\\\/continuamosmx.com\\\/index.php\\\/2022\\\/01\\\/14\\\/aseguran-a-sujeto-por-agredir-a-una-mujer-2\\\/#primaryimage\",\"url\":\"https:\\\/\\\/continuamosmx.com\\\/wp-content\\\/uploads\\\/2022\\\/01\\\/policiaca-1-1.jpg\",\"contentUrl\":\"https:\\\/\\\/continuamosmx.com\\\/wp-content\\\/uploads\\\/2022\\\/01\\\/policiaca-1-1.jpg\",\"width\":358,\"height\":480},{\"@type\":\"BreadcrumbList\",\"@id\":\"https:\\\/\\\/continuamosmx.com\\\/index.php\\\/2022\\\/01\\\/14\\\/aseguran-a-sujeto-por-agredir-a-una-mujer-2\\\/#breadcrumb\",\"itemListElement\":[{\"@type\":\"ListItem\",\"position\":1,\"name\":\"Inicio\",\"item\":\"https:\\\/\\\/continuamosmx.com\\\/\"},{\"@type\":\"ListItem\",\"position\":2,\"name\":\"ASEGURAN A SUJETO POR AGREDIR A UNA MUJER\"}]},{\"@type\":\"WebSite\",\"@id\":\"https:\\\/\\\/continuamosmx.com\\\/#website\",\"url\":\"https:\\\/\\\/continuamosmx.com\\\/\",\"name\":\"www.continuamosmx.com\",\"description\":\"\",\"publisher\":{\"@id\":\"https:\\\/\\\/continuamosmx.com\\\/#organization\"},\"potentialAction\":[{\"@type\":\"SearchAction\",\"target\":{\"@type\":\"EntryPoint\",\"urlTemplate\":\"https:\\\/\\\/continuamosmx.com\\\/?s={search_term_string}\"},\"query-input\":{\"@type\":\"PropertyValueSpecification\",\"valueRequired\":true,\"valueName\":\"search_term_string\"}}],\"inLanguage\":\"es\"},{\"@type\":\"Organization\",\"@id\":\"https:\\\/\\\/continuamosmx.com\\\/#organization\",\"name\":\"ContinuamosMX\",\"url\":\"https:\\\/\\\/continuamosmx.com\\\/\",\"logo\":{\"@type\":\"ImageObject\",\"inLanguage\":\"es\",\"@id\":\"https:\\\/\\\/continuamosmx.com\\\/#\\\/schema\\\/logo\\\/image\\\/\",\"url\":\"https:\\\/\\\/continuamosmx.com\\\/wp-content\\\/uploads\\\/2023\\\/04\\\/cropped-LOGO-CONTI-NUEVO.png\",\"contentUrl\":\"https:\\\/\\\/continuamosmx.com\\\/wp-content\\\/uploads\\\/2023\\\/04\\\/cropped-LOGO-CONTI-NUEVO.png\",\"width\":1257,\"height\":430,\"caption\":\"ContinuamosMX\"},\"image\":{\"@id\":\"https:\\\/\\\/continuamosmx.com\\\/#\\\/schema\\\/logo\\\/image\\\/\"}},{\"@type\":\"Person\",\"@id\":\"https:\\\/\\\/continuamosmx.com\\\/#\\\/schema\\\/person\\\/5eb5356acb1fad784da407d14f0e8d89\",\"name\":\"Continuamos MX\",\"image\":{\"@type\":\"ImageObject\",\"inLanguage\":\"es\",\"@id\":\"https:\\\/\\\/secure.gravatar.com\\\/avatar\\\/30d4f9723476a15f4da34d35fb3501f08d2357016c76051c6a85c354c7489589?s=96&d=mm&r=g\",\"url\":\"https:\\\/\\\/secure.gravatar.com\\\/avatar\\\/30d4f9723476a15f4da34d35fb3501f08d2357016c76051c6a85c354c7489589?s=96&d=mm&r=g\",\"contentUrl\":\"https:\\\/\\\/secure.gravatar.com\\\/avatar\\\/30d4f9723476a15f4da34d35fb3501f08d2357016c76051c6a85c354c7489589?s=96&d=mm&r=g\",\"caption\":\"Continuamos MX\"},\"sameAs\":[\"http:\\\/\\\/www.continuamos.mx\"],\"url\":\"https:\\\/\\\/continuamosmx.com\\\/index.php\\\/author\\\/continuamos\\\/\"}]}<\/script>\n<!-- \/ Yoast SEO plugin. -->","yoast_head_json":{"title":"ASEGURAN A SUJETO POR AGREDIR A UNA MUJER -","robots":{"index":"index","follow":"follow","max-snippet":"max-snippet:-1","max-image-preview":"max-image-preview:large","max-video-preview":"max-video-preview:-1"},"canonical":"https:\/\/continuamosmx.com\/index.php\/2022\/01\/14\/aseguran-a-sujeto-por-agredir-a-una-mujer-2\/","og_locale":"es_ES","og_type":"article","og_title":"ASEGURAN A SUJETO POR AGREDIR A UNA MUJER -","og_description":"* El ataque fue captado desde el C4 TEXCOCO, M\u00e9x.- Personal de monitoreo de las c\u00e1maras del Centro de Comando, Control y Computo (C 4), captaron el momento en el que un sujeto agred\u00eda a una mujer en calles del centro de Texcoco, por lo que con el apoyo de polic\u00edas municipales adscritos a la [&hellip;]","og_url":"https:\/\/continuamosmx.com\/index.php\/2022\/01\/14\/aseguran-a-sujeto-por-agredir-a-una-mujer-2\/","article_published_time":"2022-01-14T07:25:49+00:00","author":"Continuamos MX","twitter_card":"summary_large_image","twitter_misc":{"Escrito por":"Continuamos MX","Tiempo de lectura":"2 minutos"},"schema":{"@context":"https:\/\/schema.org","@graph":[{"@type":"Article","@id":"https:\/\/continuamosmx.com\/index.php\/2022\/01\/14\/aseguran-a-sujeto-por-agredir-a-una-mujer-2\/#article","isPartOf":{"@id":"https:\/\/continuamosmx.com\/index.php\/2022\/01\/14\/aseguran-a-sujeto-por-agredir-a-una-mujer-2\/"},"author":{"name":"Continuamos MX","@id":"https:\/\/continuamosmx.com\/#\/schema\/person\/5eb5356acb1fad784da407d14f0e8d89"},"headline":"ASEGURAN A SUJETO POR AGREDIR A UNA MUJER","datePublished":"2022-01-14T07:25:49+00:00","mainEntityOfPage":{"@id":"https:\/\/continuamosmx.com\/index.php\/2022\/01\/14\/aseguran-a-sujeto-por-agredir-a-una-mujer-2\/"},"wordCount":386,"publisher":{"@id":"https:\/\/continuamosmx.com\/#organization"},"image":{"@id":"https:\/\/continuamosmx.com\/index.php\/2022\/01\/14\/aseguran-a-sujeto-por-agredir-a-una-mujer-2\/#primaryimage"},"thumbnailUrl":"https:\/\/continuamosmx.com\/wp-content\/uploads\/2022\/01\/policiaca-1-1.jpg","articleSection":["LOCALES","POLICIACA","TEXCOCO"],"inLanguage":"es"},{"@type":"WebPage","@id":"https:\/\/continuamosmx.com\/index.php\/2022\/01\/14\/aseguran-a-sujeto-por-agredir-a-una-mujer-2\/","url":"https:\/\/continuamosmx.com\/index.php\/2022\/01\/14\/aseguran-a-sujeto-por-agredir-a-una-mujer-2\/","name":"ASEGURAN A SUJETO POR AGREDIR A UNA MUJER -","isPartOf":{"@id":"https:\/\/continuamosmx.com\/#website"},"primaryImageOfPage":{"@id":"https:\/\/continuamosmx.com\/index.php\/2022\/01\/14\/aseguran-a-sujeto-por-agredir-a-una-mujer-2\/#primaryimage"},"image":{"@id":"https:\/\/continuamosmx.com\/index.php\/2022\/01\/14\/aseguran-a-sujeto-por-agredir-a-una-mujer-2\/#primaryimage"},"thumbnailUrl":"https:\/\/continuamosmx.com\/wp-content\/uploads\/2022\/01\/policiaca-1-1.jpg","datePublished":"2022-01-14T07:25:49+00:00","breadcrumb":{"@id":"https:\/\/continuamosmx.com\/index.php\/2022\/01\/14\/aseguran-a-sujeto-por-agredir-a-una-mujer-2\/#breadcrumb"},"inLanguage":"es","potentialAction":[{"@type":"ReadAction","target":["https:\/\/continuamosmx.com\/index.php\/2022\/01\/14\/aseguran-a-sujeto-por-agredir-a-una-mujer-2\/"]}]},{"@type":"ImageObject","inLanguage":"es","@id":"https:\/\/continuamosmx.com\/index.php\/2022\/01\/14\/aseguran-a-sujeto-por-agredir-a-una-mujer-2\/#primaryimage","url":"https:\/\/continuamosmx.com\/wp-content\/uploads\/2022\/01\/policiaca-1-1.jpg","contentUrl":"https:\/\/continuamosmx.com\/wp-content\/uploads\/2022\/01\/policiaca-1-1.jpg","width":358,"height":480},{"@type":"BreadcrumbList","@id":"https:\/\/continuamosmx.com\/index.php\/2022\/01\/14\/aseguran-a-sujeto-por-agredir-a-una-mujer-2\/#breadcrumb","itemListElement":[{"@type":"ListItem","position":1,"name":"Inicio","item":"https:\/\/continuamosmx.com\/"},{"@type":"ListItem","position":2,"name":"ASEGURAN A SUJETO POR AGREDIR A UNA MUJER"}]},{"@type":"WebSite","@id":"https:\/\/continuamosmx.com\/#website","url":"https:\/\/continuamosmx.com\/","name":"www.continuamosmx.com","description":"","publisher":{"@id":"https:\/\/continuamosmx.com\/#organization"},"potentialAction":[{"@type":"SearchAction","target":{"@type":"EntryPoint","urlTemplate":"https:\/\/continuamosmx.com\/?s={search_term_string}"},"query-input":{"@type":"PropertyValueSpecification","valueRequired":true,"valueName":"search_term_string"}}],"inLanguage":"es"},{"@type":"Organization","@id":"https:\/\/continuamosmx.com\/#organization","name":"ContinuamosMX","url":"https:\/\/continuamosmx.com\/","logo":{"@type":"ImageObject","inLanguage":"es","@id":"https:\/\/continuamosmx.com\/#\/schema\/logo\/image\/","url":"https:\/\/continuamosmx.com\/wp-content\/uploads\/2023\/04\/cropped-LOGO-CONTI-NUEVO.png","contentUrl":"https:\/\/continuamosmx.com\/wp-content\/uploads\/2023\/04\/cropped-LOGO-CONTI-NUEVO.png","width":1257,"height":430,"caption":"ContinuamosMX"},"image":{"@id":"https:\/\/continuamosmx.com\/#\/schema\/logo\/image\/"}},{"@type":"Person","@id":"https:\/\/continuamosmx.com\/#\/schema\/person\/5eb5356acb1fad784da407d14f0e8d89","name":"Continuamos MX","image":{"@type":"ImageObject","inLanguage":"es","@id":"https:\/\/secure.gravatar.com\/avatar\/30d4f9723476a15f4da34d35fb3501f08d2357016c76051c6a85c354c7489589?s=96&d=mm&r=g","url":"https:\/\/secure.gravatar.com\/avatar\/30d4f9723476a15f4da34d35fb3501f08d2357016c76051c6a85c354c7489589?s=96&d=mm&r=g","contentUrl":"https:\/\/secure.gravatar.com\/avatar\/30d4f9723476a15f4da34d35fb3501f08d2357016c76051c6a85c354c7489589?s=96&d=mm&r=g","caption":"Continuamos MX"},"sameAs":["http:\/\/www.continuamos.mx"],"url":"https:\/\/continuamosmx.com\/index.php\/author\/continuamos\/"}]}},"_links":{"self":[{"href":"https:\/\/continuamosmx.com\/index.php\/wp-json\/wp\/v2\/posts\/32486","targetHints":{"allow":["GET"]}}],"collection":[{"href":"https:\/\/continuamosmx.com\/index.php\/wp-json\/wp\/v2\/posts"}],"about":[{"href":"https:\/\/continuamosmx.com\/index.php\/wp-json\/wp\/v2\/types\/post"}],"author":[{"embeddable":true,"href":"https:\/\/continuamosmx.com\/index.php\/wp-json\/wp\/v2\/users\/6"}],"replies":[{"embeddable":true,"href":"https:\/\/continuamosmx.com\/index.php\/wp-json\/wp\/v2\/comments?post=32486"}],"version-history":[{"count":0,"href":"https:\/\/continuamosmx.com\/index.php\/wp-json\/wp\/v2\/posts\/32486\/revisions"}],"wp:featuredmedia":[{"embeddable":true,"href":"https:\/\/continuamosmx.com\/index.php\/wp-json\/wp\/v2\/media\/32487"}],"wp:attachment":[{"href":"https:\/\/continuamosmx.com\/index.php\/wp-json\/wp\/v2\/media?parent=32486"}],"wp:term":[{"taxonomy":"category","embeddable":true,"href":"https:\/\/continuamosmx.com\/index.php\/wp-json\/wp\/v2\/categories?post=32486"},{"taxonomy":"post_tag","embeddable":true,"href":"https:\/\/continuamosmx.com\/index.php\/wp-json\/wp\/v2\/tags?post=32486"}],"curies":[{"name":"wp","href":"https:\/\/api.w.org\/{rel}","templated":true}]}}