{"id":32345,"date":"2022-01-11T19:24:32","date_gmt":"2022-01-11T19:24:32","guid":{"rendered":"https:\/\/continuamos.mx\/?p=32345"},"modified":"2022-01-11T19:24:32","modified_gmt":"2022-01-11T19:24:32","slug":"violencia-desde-atlacomulco","status":"publish","type":"post","link":"https:\/\/continuamosmx.com\/index.php\/2022\/01\/11\/violencia-desde-atlacomulco\/","title":{"rendered":"VIOLENCIA DESDE ATLACOMULCO"},"content":{"rendered":"\n<figure class=\"wp-block-pullquote\"><blockquote><p><strong>CAMINOS Y MONTA\u00d1AS<\/strong><\/p><cite><strong>Por Carmelo Galindo<\/strong><\/cite><\/blockquote><\/figure>\n\n\n\n<p><strong>Violencia pol\u00edtica y electoral desde Atlacomulco<\/strong><\/p>\n\n\n\n<p>El 1 de enero, los medios de comunicaci\u00f3n desde muy temprano publicitaron una \u201c<em>escena<\/em>\u201d cuyo impacto psicol\u00f3gico es de \u201c<em>terror<\/em>\u201d, aunque se tratase de un \u201c<em>festejo<\/em>\u201d de a\u00f1o nuevo o de una \u201c<em>s\u00e1tira contra el mal gobierno<\/em>\u201d en el fondo fue un mensaje de \u201c<em>violencia pol\u00edtica<\/em>\u201d desde&nbsp;<strong><em>Atlacomulco<\/em><\/strong><em>&nbsp;<\/em>donde \u201c<em>literalmente<\/em>\u201d personas desconocidas \u2013<em>hasta ahora<\/em>&#8211;&nbsp;<strong><em>cortaron la \u201ccabeza\u201d a la estatua del m\u00e1ximo l\u00edder de la 4T y mand\u00f3 se\u00f1ales de reunificaci\u00f3n de las \u201coligarqu\u00edas\u201d mexiquenses<\/em><\/strong>.<\/p>\n\n\n\n<p>Mientras no se aclare quienes y por qu\u00e9 cometieron dicho acto \u201c<em>vand\u00e1lico<\/em>\u201d, cualquier lectura puede asociarse al multicitado suceso;<s>&nbsp;<\/s>c\u00f3mo saber si se trat\u00f3 de una \u201c<em>broma<\/em>\u201d o de \u201c<em>un mensaje violento<\/em>\u201d contra los representantes de Morena en esa entidad o \u2013<em>incluso<\/em>&#8211; para aquellos pol\u00edticos que abruptamente se aliaron al partido guinda para gobernar varios municipios mexiquenses:&nbsp;<em>una imagen dice m\u00e1s que mil palabras<\/em>.<\/p>\n\n\n\n<p>En todo caso, el&nbsp;<strong><em>Grupo Atlacomulco<\/em><\/strong>, capt\u00f3 la atenci\u00f3n nacional de noticieros, analistas pol\u00edticos y de seguridad.<\/p>\n\n\n\n<p><strong>S\u00cdMBOLO DEL PODER PRIISTA<\/strong>:&nbsp;<strong><em>Atlacomulco<\/em><\/strong>&nbsp;en la \u201c<em>psique<\/em>\u201d estatal y nacional, es la tierra-coraz\u00f3n de priistas dominantes de la escena pol\u00edtica estatal y nacional desde la d\u00e9cada de los cuarenta cuando&nbsp;<strong><em>Isidro Favela Alfaro&nbsp;<\/em><\/strong>fund\u00f3 esa agrupaci\u00f3n, sigui\u00e9ndole la huella:<strong><em>&nbsp;Alfredo de Mazo V\u00e9lez, Salvador S\u00e1nchez Col\u00edn, Alfredo del Mazo Gonz\u00e1lez, Arturo Montiel Rojas, Enrique Pe\u00f1a Nieto y Alfredo del Mazo Maza,&nbsp;<\/em><\/strong>entre otros.<\/p>\n\n\n\n<p>Por su trayectoria, uno de sus pol\u00edticos m\u00e1s representativos fue&nbsp;<strong><em>Alfredo del Mazo V\u00e9lez<\/em><\/strong>, a quien su \u201c<em>t\u00edo<\/em>\u201d&nbsp;<strong><em>Isidro Fabela (1942-1945)<\/em><\/strong>&nbsp;lo integr\u00f3 al gobierno estatal y luego lo sustituy\u00f3 durante&nbsp;<strong><em>1945-1951<\/em><\/strong>&nbsp;\u2013<em>su padre&nbsp;<\/em><strong><em>Manuel del Mazo Villasante<\/em><\/strong><em>tambi\u00e9n fue alcalde de Atlacomulco<\/em>&#8211; posteriormente su hijo&nbsp;<strong><em>Alfredo del Mazo Gonz\u00e1lez<\/em><\/strong>&nbsp;fue mandatario estatal durante&nbsp;<strong><em>1981-1986<\/em><\/strong>&nbsp;y, su nieto&nbsp;<strong><em>Alfredo del Mazo Maza<\/em><\/strong>&nbsp;fue electo para el periodo&nbsp;<strong><em>2017-2023.<\/em><\/strong><\/p>\n\n\n\n<p>No olvidar que&nbsp;<strong><em>Arturo Montiel<\/em><\/strong>&nbsp;y&nbsp;<strong><em>Enrique Pe\u00f1a Nieto<\/em><\/strong>&nbsp;provienen de la misma familia y otro hijo adoptivo de<strong><em>&nbsp;Atlacomulco<\/em><\/strong>, el profesor&nbsp;<strong><em>Carlos Hank Gonz\u00e1lez<\/em><\/strong>, pupilo de&nbsp;<strong><em>Isidro Fabela<\/em><\/strong>&nbsp;tambi\u00e9n gobern\u00f3 durante&nbsp;<strong><em>1969-1975<\/em><\/strong>.<\/p>\n\n\n\n<p>Por todo lo anterior, hay quienes calificaron de \u201c<em>imprudente<\/em>\u201d e \u201c<em>ingenua provocaci\u00f3n<\/em>\u201d la actitud del exalcalde,&nbsp;<strong><em>Roberto T\u00e9llez Monroy<\/em><\/strong>&nbsp;cuando a dos d\u00edas de concluir su mandato,&nbsp;<strong><em>coloc\u00f3 e inaugur\u00f3 una estatua del m\u00e1ximo l\u00edder de Morena y Presidente de la Rep\u00fablica en el \u201cpunto-coraz\u00f3n\u201d m\u00e1s emblem\u00e1tico del priismo contempor\u00e1neo<\/em><\/strong>, hasta&nbsp;<strong><em>Felipe Calder\u00f3n<\/em><\/strong>&nbsp;critic\u00f3 \u201c<em>amargamente<\/em>\u201d la actitud del exalcalde.<\/p>\n\n\n\n<p><strong>EL MENSAJE<\/strong>: m\u00e1s all\u00e1 de cualquier justificaci\u00f3n, conviene asimilar &#8211;<em>a los morenistas-&nbsp;<\/em>que&nbsp;<strong><em>Atlacomulco<\/em><\/strong>&nbsp;fue recuperado por el PRI y sus aliados con&nbsp;<strong><em>Marisol Arias Flores<\/em><\/strong>&nbsp;<em>-alcaldesa de 1997 al 2000-,<\/em>&nbsp;quien en su \u201c<em>toma de protesta<\/em>\u201d aglutin\u00f3 a la \u201c<em>crema y nata<\/em>\u201d del priismo mexiquense, destacando:&nbsp;<\/p>\n\n\n\n<p><strong><em>Arturo Montiel Rojas<\/em><\/strong><strong>&nbsp;<\/strong><em>-t\u00edo de los hermanos Pe\u00f1a Nieto-<\/em>,&nbsp;<strong><em>Emilio Chuayffe<\/em><\/strong><strong>&nbsp;<\/strong><em>-exgobernador y pupilo de Hank Gonz\u00e1lez-<\/em>,&nbsp;<strong><em>Alejandra del Moral<\/em><\/strong>&nbsp;\u2013<em>dirigente estatal del PRI y aspirante a la gubernatura en el 2023<\/em>-,&nbsp;<strong><em>Carolina Monroy del Mazo<\/em><\/strong><em>,&nbsp;<\/em><strong><em>Arturo Pe\u00f1a Nieto<\/em><\/strong><strong>&nbsp;\u2013<\/strong><em>hermano del expresidente<\/em>-,&nbsp;<strong><em>Gustavo C\u00e1rdenas Monroy<\/em><\/strong><em>&nbsp;-primo de<\/em>&nbsp;<em>los Pe\u00f1a Nieto y actual diputado federal-<\/em>&nbsp;entre otros.<\/p>\n\n\n\n<p>Con estos ingredientes, obviamente,&nbsp;<strong><em>el mensaje impl\u00edcito es de violencia pol\u00edtico-electoral<\/em><\/strong>, iniciando as\u00ed la lucha sucesoria estatal; adem\u00e1s su efecto multiplicador&nbsp;<em>\u2013seguramente-<\/em>&nbsp;alcanzar\u00e1 a los estados donde hay conflictos por las candidaturas a gobernadores como en&nbsp;<strong><em>Hidalgo<\/em><\/strong>&nbsp;donde la confrontaci\u00f3n interna entre priistas es \u201c<em>frontal<\/em>\u201d entre el gobernador&nbsp;<strong><em>Omar Fayad Meneses<\/em><\/strong>&nbsp;y el dirigente nacional&nbsp;<strong><em>Alejandro Moreno C\u00e1rdenas<\/em><\/strong><strong>;<\/strong>&nbsp;ambos se acusaron y dijeron de todo: el gobernador dijo que \u201c<strong><em>Alito<\/em><\/strong>\u201d pact\u00f3 en lo \u201c<em>oscurito<\/em>\u201d la candidatura a favor del&nbsp;<strong><em>PAN<\/em><\/strong>&nbsp;&#8211;<em>ignorando los derechos de la militancia hidalguense<\/em>&#8211; y, \u00e9ste respondi\u00f3 a&nbsp;<strong><em>Fayad&nbsp;<\/em><\/strong>que<strong><em>&nbsp;<\/em><\/strong>traicion\u00f3 al tricolor, haciendo \u201c<em>pactos con Morena<\/em>\u201d para entregarle el estado en el 2022.<\/p>\n\n\n\n<p><strong>EVIDENCIAS<\/strong>: en retrospectiva desde antes del 2018 hasta el 2021, podemos visualizar efectivamente&nbsp;<strong><em>tres claras estrategias de Morena<\/em><\/strong><em>&nbsp;<\/em>para hacerse del control pol\u00edtico y electoral en la geograf\u00eda nacional:<strong><em>&nbsp;<\/em><\/strong>1) cooptar con amenazas de persecuci\u00f3n y de prisi\u00f3n a los<strong><em>&nbsp;gobernadores<\/em><\/strong>&nbsp;de partidos opositores, ejerciendo al mismo tiempo una fuerte presi\u00f3n desde los medios de comunicaci\u00f3n \u2013<em>v\u00e9ase<\/em>:&nbsp;<strong><em>Javier Corral en Chihuahua, Cabeza de Vaca en Tamaulipas y, ahora, Omar Fayad en Hidalgo<\/em><\/strong><em>&#8211;<\/em>; 2) acorralar &#8211;<em>por los mismos medios<\/em>&#8211; a los dirigentes nacionales \u2013<em>del PRI y del PAN<\/em>&#8211; con un pasado corrupto e indefendible para \u201c<em>evitar<\/em>\u201d desde el centro \u201c<em>elegir<\/em>\u201d candidatos ganadores y con amplia aceptaci\u00f3n popular y; 3) movilizar a partir de la popularidad de&nbsp;<strong><em>AMLO<\/em><\/strong>&nbsp;y del gasto social federal.<\/p>\n\n\n\n<p>Las primeras t\u00e1cticas pueden documentarse con lo sucedido en&nbsp;<strong><em>Sinaloa<\/em><\/strong>&nbsp;donde el CEN del PRI impuso a&nbsp;<strong><em>Mario Zamora<\/em><\/strong>&nbsp;en lugar de&nbsp;<strong><em>Jes\u00fas Vald\u00e9s,&nbsp;<\/em><\/strong>quien era el mejor posicionado; en&nbsp;<strong><em>Sonora<\/em><\/strong>&nbsp;la alianza&nbsp;<strong><em>Va por M\u00e9xico<\/em><\/strong>, aplic\u00f3 la misma \u201c<em>jugada<\/em>\u201d que planean con&nbsp;<strong><em>Carolina Viggiano<\/em><\/strong>&nbsp;en&nbsp;<strong><em>Hidalgo<\/em><\/strong>&nbsp;a pesar del visible y contundente fracaso del&nbsp;<strong><em>Borrego G\u00e1ndara<\/em><\/strong>, cuya candidatura solamente logr\u00f3 confundir y desanimar a las militancias de ambos partidos.<\/p>\n\n\n\n<p>Gracias al \u00e9xito de sus estrategias,&nbsp;<strong><em>Morena&nbsp;<\/em><\/strong>eligi\u00f3 no construir estructuras territoriales, pues en esta etapa realmente no las necesita, le basta con tejer alianzas con los &#8211;<em>nada presentables<\/em>&#8211; operadores y l\u00edderes partidistas opositores, complementadas con apoyos de los grupos de facto;&nbsp;<strong><em>como resultado, la democracia partidista no existe ni para elegir sus dirigencias<\/em><\/strong>, menos para seleccionar candidatos a gobernadores.<\/p>\n\n\n\n<p><strong><em>En perspectiva<\/em><\/strong>&nbsp;hacia el 2022, 2023 y 2024, se vislumbra una \u201c<em>encarnizada<\/em>\u201d lucha por el poder entre Morena contra el poder \u2013<em>pol\u00edtico y econ\u00f3mico<\/em>&#8211; m\u00e1s enraizado en el centro del pa\u00eds; sin embargo, al no existir realmente partidos opositores, no descarte que se inicien movimientos internos para \u201c<em>correrlos<\/em>\u201d por entreguistas.<\/p>\n\n\n\n<p>Mientras eso no suceda, en esta lucha, el mayor aliado de Morena &#8211;<em>para salir avante<\/em>&#8211; son las dirigencias nacionales actuales \u2013<em>los charros<\/em>&#8211; y los \u201c<em>cabizbajos<\/em>\u201d&nbsp;<strong><em>gobernadores<\/em><\/strong>; por otro lado,&nbsp;<strong><em>los grandes perdedores y derrotados<\/em><\/strong>&nbsp;ser\u00e1n las \u201c<em>a\u00f1ejas y leales<\/em>\u201d militancias locales y regionales \u2013<em>incluidos los morenistas-,&nbsp;<\/em>quienes no tienen ninguna oportunidad de hacer llegar un cuadro aut\u00e9ntico, que \u201c<em>enarbole<\/em>\u201d sus anhelos pol\u00edticos y sociales.<\/p>\n\n\n\n<p>En conclusi\u00f3n,&nbsp;<strong><em>Morena<\/em><\/strong>&nbsp;est\u00e1 llevando al l\u00edmite el modelo concentrador del poder a trav\u00e9s de la \u201c<strong><em>centralizaci\u00f3n de las decisiones<\/em><\/strong>\u201d administrativas y pol\u00edticas y, \u00bf<em>No pod\u00eda ser de otra manera?<\/em><\/p>\n\n\n\n<p><strong>INCITACI\u00d3N MEXIQUENSE<\/strong>: este a\u00f1o amaneci\u00f3 muy \u201c<em>calientito<\/em>\u201d en esc\u00e1ndalos a nivel gobernadores y, no puede descartarse que el del&nbsp;<strong><em>Estado de M\u00e9xico<\/em><\/strong>&nbsp;entre muy pronto en ese \u201c<em>peligroso<\/em>\u201d tobog\u00e1n<em>,&nbsp;<\/em>aunque<em>&nbsp;&#8211;<\/em><strong><em>Alfredo del Mazo Maza<\/em><\/strong><em>-,&nbsp;<\/em>ha sido un pol\u00edtico discreto que se conduce con bajo perfil, sin embargo, eso pasar\u00e1 a segundo lugar cuando anuncie sus \u201c<em>aspiraciones\u201d<\/em>&nbsp;para abanderar al PRI en el 2024. &nbsp;<\/p>\n\n\n\n<p>Otros gobernadores, no tuvieron la misma suerte y fueron sorprendidos con esc\u00e1ndalos de grandes dimensiones, iniciando el a\u00f1o 2022. Veamos quienes son:<\/p>\n\n\n\n<p><strong><em>Enrique Alfaro Ram\u00edrez<\/em><\/strong>, gobernador de&nbsp;<strong><em>Jalisco<\/em><\/strong>, se enred\u00f3 en una confrontaci\u00f3n \u2013<em>de pron\u00f3sticos reservados<\/em>&#8211; directamente con el periodista,&nbsp;<strong><em>Ricardo Ravelo Galo<\/em><\/strong>, a quien incluso \u201c<em>sentenci\u00f3<\/em>\u201d que demandar\u00e1 ante los tribunales por sus declaraciones lesivas a su integridad moral y profesional; en respuesta, el periodista recibi\u00f3 el apoyo inmediato de su gremio y de las autoridades federales para resguardar su integridad; esta trama apenas inicia y, posiblemente aumente de intensidad conforme se acerque la sucesi\u00f3n presidencial.<\/p>\n\n\n\n<p><strong><em>Cuauht\u00e9moc Blanco Bravo<\/em><\/strong>, gobernador de&nbsp;<strong><em>Morelos<\/em><\/strong>, es otro que amaneci\u00f3 este a\u00f1o con \u201c<em>chambel\u00e1n<\/em>\u201d, pero no est\u00e1 bailando s\u00f3lo, lleva de \u201c<em>pareja<\/em>\u201d al l\u00edder del&nbsp;<strong><em>PES<\/em><\/strong>, que muy bien conocen en&nbsp;<strong><em>Edomex<\/em><\/strong>; los se\u00f1alamientos en contra de ambos, son de gran seriedad y, por el bien del pueblo morelense, ojal\u00e1 sean aclarados y solventados por v\u00edas de la autoridades competentes.<\/p>\n\n\n\n<p><strong><em>Cuitl\u00e1huac Garc\u00eda Jim\u00e9nez<\/em><\/strong><strong>,&nbsp;<\/strong>gobernador de<strong>&nbsp;<\/strong><strong><em>Veracruz<\/em><\/strong><strong>,&nbsp;<\/strong>como buen mec\u00e1nico electricista \u2013<em>que es<\/em>-, le movi\u00f3 las \u201c<em>tuercas y cables<\/em>\u201d al mism\u00edsimo&nbsp;<strong><em>Senado de la Rep\u00fablica<\/em><\/strong>, dominio pol\u00edtico de&nbsp;<strong><em>Ricardo Monreal<\/em><\/strong>; llev\u00e1ndose en la \u201c<em>trifulca<\/em>\u201d al espirante natural al gobierno veracruzano por MC en el 2024, en la persona del tambi\u00e9n senador&nbsp;<strong><em>Dante Delgado Rannauro<\/em><\/strong>; dicha confrontaci\u00f3n la \u201c<em>motiv\u00f3<\/em>\u201d el encarcelamiento de&nbsp;<strong><em>Jos\u00e9 Manuel del R\u00edo Virgen<\/em><\/strong>.<\/p>\n\n\n\n<p><strong><em>Samuel Garc\u00eda Sep\u00falveda<\/em><\/strong>, gobernador de&nbsp;<strong><em>Nuevo Le\u00f3n<\/em><\/strong>, tambi\u00e9n fue alcanzado por el esc\u00e1ndalo al circular un \u201c<em>video<\/em>\u201d donde se le acusa de tener \u2013<em>o haber mantenido<\/em>&#8211; v\u00ednculos con un<em>&nbsp;\u201cgrupo\u201d&nbsp;<\/em>dedicado al despojo y lavado en esa entidad; aunque, en comparaci\u00f3n con los otros casos, lo de&nbsp;<strong><em>Samuel Garc\u00eda<\/em><\/strong><strong>&nbsp;\u2013<\/strong><em>por ahora<\/em><strong>&#8211;&nbsp;<\/strong>parece que puede manejarlo mejor, en la medida que pueda demostrar su inocencia.<\/p>\n\n\n\n<p><strong>Hasta pronto<\/strong>.<\/p>\n","protected":false},"excerpt":{"rendered":"<p>CAMINOS Y MONTA\u00d1AS Por Carmelo Galindo Violencia pol\u00edtica y electoral desde Atlacomulco El 1 de enero, los medios de comunicaci\u00f3n desde muy temprano publicitaron una \u201cescena\u201d cuyo impacto psicol\u00f3gico es de \u201cterror\u201d, aunque se tratase de un \u201cfestejo\u201d de a\u00f1o nuevo o de una \u201cs\u00e1tira contra el mal gobierno\u201d en el fondo fue un mensaje [&hellip;]<\/p>\n","protected":false},"author":6,"featured_media":32346,"comment_status":"closed","ping_status":"open","sticky":false,"template":"","format":"standard","meta":{"footnotes":""},"categories":[10,9,2],"tags":[],"class_list":["post-32345","post","type-post","status-publish","format-standard","has-post-thumbnail","hentry","category-articulo-de-contenido","category-columnas","category-edomex"],"yoast_head":"<!-- This site is optimized with the Yoast SEO plugin v27.5 - https:\/\/yoast.com\/product\/yoast-seo-wordpress\/ -->\n<title>VIOLENCIA DESDE ATLACOMULCO -<\/title>\n<meta name=\"robots\" content=\"index, follow, max-snippet:-1, max-image-preview:large, max-video-preview:-1\" \/>\n<link rel=\"canonical\" href=\"https:\/\/continuamosmx.com\/index.php\/2022\/01\/11\/violencia-desde-atlacomulco\/\" \/>\n<meta property=\"og:locale\" content=\"es_ES\" \/>\n<meta property=\"og:type\" content=\"article\" \/>\n<meta property=\"og:title\" content=\"VIOLENCIA DESDE ATLACOMULCO -\" \/>\n<meta property=\"og:description\" content=\"CAMINOS Y MONTA\u00d1AS Por Carmelo Galindo Violencia pol\u00edtica y electoral desde Atlacomulco El 1 de enero, los medios de comunicaci\u00f3n desde muy temprano publicitaron una \u201cescena\u201d cuyo impacto psicol\u00f3gico es de \u201cterror\u201d, aunque se tratase de un \u201cfestejo\u201d de a\u00f1o nuevo o de una \u201cs\u00e1tira contra el mal gobierno\u201d en el fondo fue un mensaje [&hellip;]\" \/>\n<meta property=\"og:url\" content=\"https:\/\/continuamosmx.com\/index.php\/2022\/01\/11\/violencia-desde-atlacomulco\/\" \/>\n<meta property=\"article:published_time\" content=\"2022-01-11T19:24:32+00:00\" \/>\n<meta name=\"author\" content=\"Continuamos MX\" \/>\n<meta name=\"twitter:card\" content=\"summary_large_image\" \/>\n<meta name=\"twitter:label1\" content=\"Escrito por\" \/>\n\t<meta name=\"twitter:data1\" content=\"Continuamos MX\" \/>\n\t<meta name=\"twitter:label2\" content=\"Tiempo de lectura\" \/>\n\t<meta name=\"twitter:data2\" content=\"8 minutos\" \/>\n<script type=\"application\/ld+json\" class=\"yoast-schema-graph\">{\"@context\":\"https:\\\/\\\/schema.org\",\"@graph\":[{\"@type\":\"Article\",\"@id\":\"https:\\\/\\\/continuamosmx.com\\\/index.php\\\/2022\\\/01\\\/11\\\/violencia-desde-atlacomulco\\\/#article\",\"isPartOf\":{\"@id\":\"https:\\\/\\\/continuamosmx.com\\\/index.php\\\/2022\\\/01\\\/11\\\/violencia-desde-atlacomulco\\\/\"},\"author\":{\"name\":\"Continuamos MX\",\"@id\":\"https:\\\/\\\/continuamosmx.com\\\/#\\\/schema\\\/person\\\/5eb5356acb1fad784da407d14f0e8d89\"},\"headline\":\"VIOLENCIA DESDE ATLACOMULCO\",\"datePublished\":\"2022-01-11T19:24:32+00:00\",\"mainEntityOfPage\":{\"@id\":\"https:\\\/\\\/continuamosmx.com\\\/index.php\\\/2022\\\/01\\\/11\\\/violencia-desde-atlacomulco\\\/\"},\"wordCount\":1598,\"publisher\":{\"@id\":\"https:\\\/\\\/continuamosmx.com\\\/#organization\"},\"image\":{\"@id\":\"https:\\\/\\\/continuamosmx.com\\\/index.php\\\/2022\\\/01\\\/11\\\/violencia-desde-atlacomulco\\\/#primaryimage\"},\"thumbnailUrl\":\"https:\\\/\\\/continuamosmx.com\\\/wp-content\\\/uploads\\\/2022\\\/01\\\/AB0BF06A-7FAB-402A-85B5-B4C30E5EADD4.jpeg\",\"articleSection\":[\"ART\u00cdCULO DE CONTENIDO\",\"COLUMNAS\",\"EDOMEX\"],\"inLanguage\":\"es\"},{\"@type\":\"WebPage\",\"@id\":\"https:\\\/\\\/continuamosmx.com\\\/index.php\\\/2022\\\/01\\\/11\\\/violencia-desde-atlacomulco\\\/\",\"url\":\"https:\\\/\\\/continuamosmx.com\\\/index.php\\\/2022\\\/01\\\/11\\\/violencia-desde-atlacomulco\\\/\",\"name\":\"VIOLENCIA DESDE ATLACOMULCO -\",\"isPartOf\":{\"@id\":\"https:\\\/\\\/continuamosmx.com\\\/#website\"},\"primaryImageOfPage\":{\"@id\":\"https:\\\/\\\/continuamosmx.com\\\/index.php\\\/2022\\\/01\\\/11\\\/violencia-desde-atlacomulco\\\/#primaryimage\"},\"image\":{\"@id\":\"https:\\\/\\\/continuamosmx.com\\\/index.php\\\/2022\\\/01\\\/11\\\/violencia-desde-atlacomulco\\\/#primaryimage\"},\"thumbnailUrl\":\"https:\\\/\\\/continuamosmx.com\\\/wp-content\\\/uploads\\\/2022\\\/01\\\/AB0BF06A-7FAB-402A-85B5-B4C30E5EADD4.jpeg\",\"datePublished\":\"2022-01-11T19:24:32+00:00\",\"breadcrumb\":{\"@id\":\"https:\\\/\\\/continuamosmx.com\\\/index.php\\\/2022\\\/01\\\/11\\\/violencia-desde-atlacomulco\\\/#breadcrumb\"},\"inLanguage\":\"es\",\"potentialAction\":[{\"@type\":\"ReadAction\",\"target\":[\"https:\\\/\\\/continuamosmx.com\\\/index.php\\\/2022\\\/01\\\/11\\\/violencia-desde-atlacomulco\\\/\"]}]},{\"@type\":\"ImageObject\",\"inLanguage\":\"es\",\"@id\":\"https:\\\/\\\/continuamosmx.com\\\/index.php\\\/2022\\\/01\\\/11\\\/violencia-desde-atlacomulco\\\/#primaryimage\",\"url\":\"https:\\\/\\\/continuamosmx.com\\\/wp-content\\\/uploads\\\/2022\\\/01\\\/AB0BF06A-7FAB-402A-85B5-B4C30E5EADD4.jpeg\",\"contentUrl\":\"https:\\\/\\\/continuamosmx.com\\\/wp-content\\\/uploads\\\/2022\\\/01\\\/AB0BF06A-7FAB-402A-85B5-B4C30E5EADD4.jpeg\",\"width\":678,\"height\":452},{\"@type\":\"BreadcrumbList\",\"@id\":\"https:\\\/\\\/continuamosmx.com\\\/index.php\\\/2022\\\/01\\\/11\\\/violencia-desde-atlacomulco\\\/#breadcrumb\",\"itemListElement\":[{\"@type\":\"ListItem\",\"position\":1,\"name\":\"Inicio\",\"item\":\"https:\\\/\\\/continuamosmx.com\\\/\"},{\"@type\":\"ListItem\",\"position\":2,\"name\":\"VIOLENCIA DESDE ATLACOMULCO\"}]},{\"@type\":\"WebSite\",\"@id\":\"https:\\\/\\\/continuamosmx.com\\\/#website\",\"url\":\"https:\\\/\\\/continuamosmx.com\\\/\",\"name\":\"www.continuamosmx.com\",\"description\":\"\",\"publisher\":{\"@id\":\"https:\\\/\\\/continuamosmx.com\\\/#organization\"},\"potentialAction\":[{\"@type\":\"SearchAction\",\"target\":{\"@type\":\"EntryPoint\",\"urlTemplate\":\"https:\\\/\\\/continuamosmx.com\\\/?s={search_term_string}\"},\"query-input\":{\"@type\":\"PropertyValueSpecification\",\"valueRequired\":true,\"valueName\":\"search_term_string\"}}],\"inLanguage\":\"es\"},{\"@type\":\"Organization\",\"@id\":\"https:\\\/\\\/continuamosmx.com\\\/#organization\",\"name\":\"ContinuamosMX\",\"url\":\"https:\\\/\\\/continuamosmx.com\\\/\",\"logo\":{\"@type\":\"ImageObject\",\"inLanguage\":\"es\",\"@id\":\"https:\\\/\\\/continuamosmx.com\\\/#\\\/schema\\\/logo\\\/image\\\/\",\"url\":\"https:\\\/\\\/continuamosmx.com\\\/wp-content\\\/uploads\\\/2023\\\/04\\\/cropped-LOGO-CONTI-NUEVO.png\",\"contentUrl\":\"https:\\\/\\\/continuamosmx.com\\\/wp-content\\\/uploads\\\/2023\\\/04\\\/cropped-LOGO-CONTI-NUEVO.png\",\"width\":1257,\"height\":430,\"caption\":\"ContinuamosMX\"},\"image\":{\"@id\":\"https:\\\/\\\/continuamosmx.com\\\/#\\\/schema\\\/logo\\\/image\\\/\"}},{\"@type\":\"Person\",\"@id\":\"https:\\\/\\\/continuamosmx.com\\\/#\\\/schema\\\/person\\\/5eb5356acb1fad784da407d14f0e8d89\",\"name\":\"Continuamos MX\",\"image\":{\"@type\":\"ImageObject\",\"inLanguage\":\"es\",\"@id\":\"https:\\\/\\\/secure.gravatar.com\\\/avatar\\\/30d4f9723476a15f4da34d35fb3501f08d2357016c76051c6a85c354c7489589?s=96&d=mm&r=g\",\"url\":\"https:\\\/\\\/secure.gravatar.com\\\/avatar\\\/30d4f9723476a15f4da34d35fb3501f08d2357016c76051c6a85c354c7489589?s=96&d=mm&r=g\",\"contentUrl\":\"https:\\\/\\\/secure.gravatar.com\\\/avatar\\\/30d4f9723476a15f4da34d35fb3501f08d2357016c76051c6a85c354c7489589?s=96&d=mm&r=g\",\"caption\":\"Continuamos MX\"},\"sameAs\":[\"http:\\\/\\\/www.continuamos.mx\"],\"url\":\"https:\\\/\\\/continuamosmx.com\\\/index.php\\\/author\\\/continuamos\\\/\"}]}<\/script>\n<!-- \/ Yoast SEO plugin. -->","yoast_head_json":{"title":"VIOLENCIA DESDE ATLACOMULCO -","robots":{"index":"index","follow":"follow","max-snippet":"max-snippet:-1","max-image-preview":"max-image-preview:large","max-video-preview":"max-video-preview:-1"},"canonical":"https:\/\/continuamosmx.com\/index.php\/2022\/01\/11\/violencia-desde-atlacomulco\/","og_locale":"es_ES","og_type":"article","og_title":"VIOLENCIA DESDE ATLACOMULCO -","og_description":"CAMINOS Y MONTA\u00d1AS Por Carmelo Galindo Violencia pol\u00edtica y electoral desde Atlacomulco El 1 de enero, los medios de comunicaci\u00f3n desde muy temprano publicitaron una \u201cescena\u201d cuyo impacto psicol\u00f3gico es de \u201cterror\u201d, aunque se tratase de un \u201cfestejo\u201d de a\u00f1o nuevo o de una \u201cs\u00e1tira contra el mal gobierno\u201d en el fondo fue un mensaje [&hellip;]","og_url":"https:\/\/continuamosmx.com\/index.php\/2022\/01\/11\/violencia-desde-atlacomulco\/","article_published_time":"2022-01-11T19:24:32+00:00","author":"Continuamos MX","twitter_card":"summary_large_image","twitter_misc":{"Escrito por":"Continuamos MX","Tiempo de lectura":"8 minutos"},"schema":{"@context":"https:\/\/schema.org","@graph":[{"@type":"Article","@id":"https:\/\/continuamosmx.com\/index.php\/2022\/01\/11\/violencia-desde-atlacomulco\/#article","isPartOf":{"@id":"https:\/\/continuamosmx.com\/index.php\/2022\/01\/11\/violencia-desde-atlacomulco\/"},"author":{"name":"Continuamos MX","@id":"https:\/\/continuamosmx.com\/#\/schema\/person\/5eb5356acb1fad784da407d14f0e8d89"},"headline":"VIOLENCIA DESDE ATLACOMULCO","datePublished":"2022-01-11T19:24:32+00:00","mainEntityOfPage":{"@id":"https:\/\/continuamosmx.com\/index.php\/2022\/01\/11\/violencia-desde-atlacomulco\/"},"wordCount":1598,"publisher":{"@id":"https:\/\/continuamosmx.com\/#organization"},"image":{"@id":"https:\/\/continuamosmx.com\/index.php\/2022\/01\/11\/violencia-desde-atlacomulco\/#primaryimage"},"thumbnailUrl":"https:\/\/continuamosmx.com\/wp-content\/uploads\/2022\/01\/AB0BF06A-7FAB-402A-85B5-B4C30E5EADD4.jpeg","articleSection":["ART\u00cdCULO DE CONTENIDO","COLUMNAS","EDOMEX"],"inLanguage":"es"},{"@type":"WebPage","@id":"https:\/\/continuamosmx.com\/index.php\/2022\/01\/11\/violencia-desde-atlacomulco\/","url":"https:\/\/continuamosmx.com\/index.php\/2022\/01\/11\/violencia-desde-atlacomulco\/","name":"VIOLENCIA DESDE ATLACOMULCO -","isPartOf":{"@id":"https:\/\/continuamosmx.com\/#website"},"primaryImageOfPage":{"@id":"https:\/\/continuamosmx.com\/index.php\/2022\/01\/11\/violencia-desde-atlacomulco\/#primaryimage"},"image":{"@id":"https:\/\/continuamosmx.com\/index.php\/2022\/01\/11\/violencia-desde-atlacomulco\/#primaryimage"},"thumbnailUrl":"https:\/\/continuamosmx.com\/wp-content\/uploads\/2022\/01\/AB0BF06A-7FAB-402A-85B5-B4C30E5EADD4.jpeg","datePublished":"2022-01-11T19:24:32+00:00","breadcrumb":{"@id":"https:\/\/continuamosmx.com\/index.php\/2022\/01\/11\/violencia-desde-atlacomulco\/#breadcrumb"},"inLanguage":"es","potentialAction":[{"@type":"ReadAction","target":["https:\/\/continuamosmx.com\/index.php\/2022\/01\/11\/violencia-desde-atlacomulco\/"]}]},{"@type":"ImageObject","inLanguage":"es","@id":"https:\/\/continuamosmx.com\/index.php\/2022\/01\/11\/violencia-desde-atlacomulco\/#primaryimage","url":"https:\/\/continuamosmx.com\/wp-content\/uploads\/2022\/01\/AB0BF06A-7FAB-402A-85B5-B4C30E5EADD4.jpeg","contentUrl":"https:\/\/continuamosmx.com\/wp-content\/uploads\/2022\/01\/AB0BF06A-7FAB-402A-85B5-B4C30E5EADD4.jpeg","width":678,"height":452},{"@type":"BreadcrumbList","@id":"https:\/\/continuamosmx.com\/index.php\/2022\/01\/11\/violencia-desde-atlacomulco\/#breadcrumb","itemListElement":[{"@type":"ListItem","position":1,"name":"Inicio","item":"https:\/\/continuamosmx.com\/"},{"@type":"ListItem","position":2,"name":"VIOLENCIA DESDE ATLACOMULCO"}]},{"@type":"WebSite","@id":"https:\/\/continuamosmx.com\/#website","url":"https:\/\/continuamosmx.com\/","name":"www.continuamosmx.com","description":"","publisher":{"@id":"https:\/\/continuamosmx.com\/#organization"},"potentialAction":[{"@type":"SearchAction","target":{"@type":"EntryPoint","urlTemplate":"https:\/\/continuamosmx.com\/?s={search_term_string}"},"query-input":{"@type":"PropertyValueSpecification","valueRequired":true,"valueName":"search_term_string"}}],"inLanguage":"es"},{"@type":"Organization","@id":"https:\/\/continuamosmx.com\/#organization","name":"ContinuamosMX","url":"https:\/\/continuamosmx.com\/","logo":{"@type":"ImageObject","inLanguage":"es","@id":"https:\/\/continuamosmx.com\/#\/schema\/logo\/image\/","url":"https:\/\/continuamosmx.com\/wp-content\/uploads\/2023\/04\/cropped-LOGO-CONTI-NUEVO.png","contentUrl":"https:\/\/continuamosmx.com\/wp-content\/uploads\/2023\/04\/cropped-LOGO-CONTI-NUEVO.png","width":1257,"height":430,"caption":"ContinuamosMX"},"image":{"@id":"https:\/\/continuamosmx.com\/#\/schema\/logo\/image\/"}},{"@type":"Person","@id":"https:\/\/continuamosmx.com\/#\/schema\/person\/5eb5356acb1fad784da407d14f0e8d89","name":"Continuamos MX","image":{"@type":"ImageObject","inLanguage":"es","@id":"https:\/\/secure.gravatar.com\/avatar\/30d4f9723476a15f4da34d35fb3501f08d2357016c76051c6a85c354c7489589?s=96&d=mm&r=g","url":"https:\/\/secure.gravatar.com\/avatar\/30d4f9723476a15f4da34d35fb3501f08d2357016c76051c6a85c354c7489589?s=96&d=mm&r=g","contentUrl":"https:\/\/secure.gravatar.com\/avatar\/30d4f9723476a15f4da34d35fb3501f08d2357016c76051c6a85c354c7489589?s=96&d=mm&r=g","caption":"Continuamos MX"},"sameAs":["http:\/\/www.continuamos.mx"],"url":"https:\/\/continuamosmx.com\/index.php\/author\/continuamos\/"}]}},"_links":{"self":[{"href":"https:\/\/continuamosmx.com\/index.php\/wp-json\/wp\/v2\/posts\/32345","targetHints":{"allow":["GET"]}}],"collection":[{"href":"https:\/\/continuamosmx.com\/index.php\/wp-json\/wp\/v2\/posts"}],"about":[{"href":"https:\/\/continuamosmx.com\/index.php\/wp-json\/wp\/v2\/types\/post"}],"author":[{"embeddable":true,"href":"https:\/\/continuamosmx.com\/index.php\/wp-json\/wp\/v2\/users\/6"}],"replies":[{"embeddable":true,"href":"https:\/\/continuamosmx.com\/index.php\/wp-json\/wp\/v2\/comments?post=32345"}],"version-history":[{"count":0,"href":"https:\/\/continuamosmx.com\/index.php\/wp-json\/wp\/v2\/posts\/32345\/revisions"}],"wp:featuredmedia":[{"embeddable":true,"href":"https:\/\/continuamosmx.com\/index.php\/wp-json\/wp\/v2\/media\/32346"}],"wp:attachment":[{"href":"https:\/\/continuamosmx.com\/index.php\/wp-json\/wp\/v2\/media?parent=32345"}],"wp:term":[{"taxonomy":"category","embeddable":true,"href":"https:\/\/continuamosmx.com\/index.php\/wp-json\/wp\/v2\/categories?post=32345"},{"taxonomy":"post_tag","embeddable":true,"href":"https:\/\/continuamosmx.com\/index.php\/wp-json\/wp\/v2\/tags?post=32345"}],"curies":[{"name":"wp","href":"https:\/\/api.w.org\/{rel}","templated":true}]}}