{"id":31992,"date":"2022-01-05T07:57:16","date_gmt":"2022-01-05T07:57:16","guid":{"rendered":"https:\/\/continuamos.mx\/?p=31992"},"modified":"2022-01-05T07:57:16","modified_gmt":"2022-01-05T07:57:16","slug":"amaga-cdmx-tenencia-o-carcel","status":"publish","type":"post","link":"https:\/\/continuamosmx.com\/index.php\/2022\/01\/05\/amaga-cdmx-tenencia-o-carcel\/","title":{"rendered":"AMAGA CDMX: TENENCIA O CARCEL"},"content":{"rendered":"\n<p>Por: JOS\u00c9 LUIS ZEPEDA<\/p>\n\n\n\n<p>CIUDAD DE M\u00c9XICO.- Propietarios de veh\u00edculos recibieron requerimientos de pago de tenencia vehicular en la ciudad de M\u00e9xico, pero con advertencia de que, en caso de incumplimiento, se les podran aplicar embargos y denuncias penales.<\/p>\n\n\n\n<p>Aunque el gobierno local asegur\u00f3 que la nueva multa para conductores que vivan y circulen en la CDMX, pero, emplaquen en otra entidad, entrar\u00eda en vigor hasta este a\u00f1o y no ser\u00eda retroactivo.<\/p>\n\n\n\n<p>Conductores han sido advertidos mediante escritos de la secretar\u00eda de finanzas sobre pagos incumplidos.<\/p>\n\n\n\n<p>Los documentos est\u00e1n firmados por Roberto Sanciprian Plata, subdirector de fiscalizaci\u00f3n de la secretar\u00eda de finanzas de la Ciudad de M\u00e9xico.<\/p>\n\n\n\n<p>\u00abDerivado de la informaci\u00f3n con que cuenta esta autoridad fiscal, as\u00ed c\u00f3mo de validaci\u00f3n realizadas al n\u00famero de serie del (los) veh\u00edculos 0, se tiene conocimiento que usted adquiri\u00f3 dichos veh\u00edculos y tiene su domicilio fiscal en la Ciudad de M\u00e9xico\u00bb inician los escritos con logotipos oficiales del gobierno capitalino.<\/p>\n\n\n\n<p>\u00abPor lo tanto, si se configuran las obligaciones presentes en el art\u00edculo 160 del c\u00f3digo fiscal de la de la ciudad de M\u00e9xico, respecto a darle alta, registrar y realizar el pago por concepto del impuesto sobre tenencia o usos de los veh\u00edculos en esta entidad federativa\u00bb, abunda.<\/p>\n\n\n\n<p>En el requerimiento de pago y obligaciones omitidas se se\u00f1ala que el cumplimiento evitar\u00e1 posibles sanciones y molestias inevesarias.<\/p>\n\n\n\n<p>Para realizar los pagos se establece un l\u00edmite de seis d\u00edas h\u00e1biles a partir de que el conductor sea notificado y deber\u00e1 programar una cita.<\/p>\n\n\n\n<p>\u00abAl ser omiso en el pago de dicha obligaci\u00f3n, adicionalmente, con la finalidad de hacer efectivo dicho cr\u00e9dito, \u00e9sta autoridad determinar\u00e1 el cr\u00e9dito fiscal y sus accesorios legales, e iniciar\u00e1 el procedimiento administrativo de ejecuci\u00f3n embargando bienes suficientes para garantizar el inter\u00e9s fiscal y rematarlos, enajenando o adjudicarlos a favor del f\u00edsico local, seg\u00fan corresponda , sin menoscabo de las denuncias penales a que haya lugar\u00bb, a\u00f1ade el documento.<\/p>\n\n\n\n<p>El diputado del PRD,&nbsp; Jorge Gavi\u00f1o, urgi\u00f3 una explicaci\u00f3n sobre el documento firmado por Sanciprian y se\u00f1al\u00f3 que carece de de atribuci\u00f3n para amenazar con embargos o denuncias penales, se\u00f1al\u00f3.<\/p>\n","protected":false},"excerpt":{"rendered":"<p>Por: JOS\u00c9 LUIS ZEPEDA CIUDAD DE M\u00c9XICO.- Propietarios de veh\u00edculos recibieron requerimientos de pago de tenencia vehicular en la ciudad de M\u00e9xico, pero con advertencia de que, en caso de incumplimiento, se les podran aplicar embargos y denuncias penales. Aunque el gobierno local asegur\u00f3 que la nueva multa para conductores que vivan y circulen en [&hellip;]<\/p>\n","protected":false},"author":6,"featured_media":31993,"comment_status":"closed","ping_status":"open","sticky":false,"template":"","format":"standard","meta":{"footnotes":""},"categories":[14],"tags":[],"class_list":["post-31992","post","type-post","status-publish","format-standard","has-post-thumbnail","hentry","category-cdmx"],"yoast_head":"<!-- This site is optimized with the Yoast SEO plugin v27.5 - https:\/\/yoast.com\/product\/yoast-seo-wordpress\/ -->\n<title>AMAGA CDMX: TENENCIA O CARCEL -<\/title>\n<meta name=\"robots\" content=\"index, follow, max-snippet:-1, max-image-preview:large, max-video-preview:-1\" \/>\n<link rel=\"canonical\" href=\"https:\/\/continuamosmx.com\/index.php\/2022\/01\/05\/amaga-cdmx-tenencia-o-carcel\/\" \/>\n<meta property=\"og:locale\" content=\"es_ES\" \/>\n<meta property=\"og:type\" content=\"article\" \/>\n<meta property=\"og:title\" content=\"AMAGA CDMX: TENENCIA O CARCEL -\" \/>\n<meta property=\"og:description\" content=\"Por: JOS\u00c9 LUIS ZEPEDA CIUDAD DE M\u00c9XICO.- Propietarios de veh\u00edculos recibieron requerimientos de pago de tenencia vehicular en la ciudad de M\u00e9xico, pero con advertencia de que, en caso de incumplimiento, se les podran aplicar embargos y denuncias penales. Aunque el gobierno local asegur\u00f3 que la nueva multa para conductores que vivan y circulen en [&hellip;]\" \/>\n<meta property=\"og:url\" content=\"https:\/\/continuamosmx.com\/index.php\/2022\/01\/05\/amaga-cdmx-tenencia-o-carcel\/\" \/>\n<meta property=\"article:published_time\" content=\"2022-01-05T07:57:16+00:00\" \/>\n<meta name=\"author\" content=\"Continuamos MX\" \/>\n<meta name=\"twitter:card\" content=\"summary_large_image\" \/>\n<meta name=\"twitter:label1\" content=\"Escrito por\" \/>\n\t<meta name=\"twitter:data1\" content=\"Continuamos MX\" \/>\n\t<meta name=\"twitter:label2\" content=\"Tiempo de lectura\" \/>\n\t<meta name=\"twitter:data2\" content=\"2 minutos\" \/>\n<script type=\"application\/ld+json\" class=\"yoast-schema-graph\">{\"@context\":\"https:\\\/\\\/schema.org\",\"@graph\":[{\"@type\":\"Article\",\"@id\":\"https:\\\/\\\/continuamosmx.com\\\/index.php\\\/2022\\\/01\\\/05\\\/amaga-cdmx-tenencia-o-carcel\\\/#article\",\"isPartOf\":{\"@id\":\"https:\\\/\\\/continuamosmx.com\\\/index.php\\\/2022\\\/01\\\/05\\\/amaga-cdmx-tenencia-o-carcel\\\/\"},\"author\":{\"name\":\"Continuamos MX\",\"@id\":\"https:\\\/\\\/continuamosmx.com\\\/#\\\/schema\\\/person\\\/5eb5356acb1fad784da407d14f0e8d89\"},\"headline\":\"AMAGA CDMX: TENENCIA O CARCEL\",\"datePublished\":\"2022-01-05T07:57:16+00:00\",\"mainEntityOfPage\":{\"@id\":\"https:\\\/\\\/continuamosmx.com\\\/index.php\\\/2022\\\/01\\\/05\\\/amaga-cdmx-tenencia-o-carcel\\\/\"},\"wordCount\":391,\"publisher\":{\"@id\":\"https:\\\/\\\/continuamosmx.com\\\/#organization\"},\"image\":{\"@id\":\"https:\\\/\\\/continuamosmx.com\\\/index.php\\\/2022\\\/01\\\/05\\\/amaga-cdmx-tenencia-o-carcel\\\/#primaryimage\"},\"thumbnailUrl\":\"https:\\\/\\\/continuamosmx.com\\\/wp-content\\\/uploads\\\/2022\\\/01\\\/autos.jpg\",\"articleSection\":[\"CDMX\"],\"inLanguage\":\"es\"},{\"@type\":\"WebPage\",\"@id\":\"https:\\\/\\\/continuamosmx.com\\\/index.php\\\/2022\\\/01\\\/05\\\/amaga-cdmx-tenencia-o-carcel\\\/\",\"url\":\"https:\\\/\\\/continuamosmx.com\\\/index.php\\\/2022\\\/01\\\/05\\\/amaga-cdmx-tenencia-o-carcel\\\/\",\"name\":\"AMAGA CDMX: TENENCIA O CARCEL -\",\"isPartOf\":{\"@id\":\"https:\\\/\\\/continuamosmx.com\\\/#website\"},\"primaryImageOfPage\":{\"@id\":\"https:\\\/\\\/continuamosmx.com\\\/index.php\\\/2022\\\/01\\\/05\\\/amaga-cdmx-tenencia-o-carcel\\\/#primaryimage\"},\"image\":{\"@id\":\"https:\\\/\\\/continuamosmx.com\\\/index.php\\\/2022\\\/01\\\/05\\\/amaga-cdmx-tenencia-o-carcel\\\/#primaryimage\"},\"thumbnailUrl\":\"https:\\\/\\\/continuamosmx.com\\\/wp-content\\\/uploads\\\/2022\\\/01\\\/autos.jpg\",\"datePublished\":\"2022-01-05T07:57:16+00:00\",\"breadcrumb\":{\"@id\":\"https:\\\/\\\/continuamosmx.com\\\/index.php\\\/2022\\\/01\\\/05\\\/amaga-cdmx-tenencia-o-carcel\\\/#breadcrumb\"},\"inLanguage\":\"es\",\"potentialAction\":[{\"@type\":\"ReadAction\",\"target\":[\"https:\\\/\\\/continuamosmx.com\\\/index.php\\\/2022\\\/01\\\/05\\\/amaga-cdmx-tenencia-o-carcel\\\/\"]}]},{\"@type\":\"ImageObject\",\"inLanguage\":\"es\",\"@id\":\"https:\\\/\\\/continuamosmx.com\\\/index.php\\\/2022\\\/01\\\/05\\\/amaga-cdmx-tenencia-o-carcel\\\/#primaryimage\",\"url\":\"https:\\\/\\\/continuamosmx.com\\\/wp-content\\\/uploads\\\/2022\\\/01\\\/autos.jpg\",\"contentUrl\":\"https:\\\/\\\/continuamosmx.com\\\/wp-content\\\/uploads\\\/2022\\\/01\\\/autos.jpg\",\"width\":480,\"height\":249,\"caption\":\"CIUDAD DE M\u00c9XICO, 10MAYO2016.- Condiciones clim\u00e1ticas como un ambiente seco, poco viento y una intensa radiaci\u00f3n solar, contribuyen a aumentar la cantidad de ozono en la Ciudad de M\u00e9xico, adem\u00e1s de las emisiones de 5.4 millones de autos transitando diariamente. FOTO: ISAAC ESQUIVEL \\\/CUARTOSCURO.COM\"},{\"@type\":\"BreadcrumbList\",\"@id\":\"https:\\\/\\\/continuamosmx.com\\\/index.php\\\/2022\\\/01\\\/05\\\/amaga-cdmx-tenencia-o-carcel\\\/#breadcrumb\",\"itemListElement\":[{\"@type\":\"ListItem\",\"position\":1,\"name\":\"Inicio\",\"item\":\"https:\\\/\\\/continuamosmx.com\\\/\"},{\"@type\":\"ListItem\",\"position\":2,\"name\":\"AMAGA CDMX: TENENCIA O CARCEL\"}]},{\"@type\":\"WebSite\",\"@id\":\"https:\\\/\\\/continuamosmx.com\\\/#website\",\"url\":\"https:\\\/\\\/continuamosmx.com\\\/\",\"name\":\"www.continuamosmx.com\",\"description\":\"\",\"publisher\":{\"@id\":\"https:\\\/\\\/continuamosmx.com\\\/#organization\"},\"potentialAction\":[{\"@type\":\"SearchAction\",\"target\":{\"@type\":\"EntryPoint\",\"urlTemplate\":\"https:\\\/\\\/continuamosmx.com\\\/?s={search_term_string}\"},\"query-input\":{\"@type\":\"PropertyValueSpecification\",\"valueRequired\":true,\"valueName\":\"search_term_string\"}}],\"inLanguage\":\"es\"},{\"@type\":\"Organization\",\"@id\":\"https:\\\/\\\/continuamosmx.com\\\/#organization\",\"name\":\"ContinuamosMX\",\"url\":\"https:\\\/\\\/continuamosmx.com\\\/\",\"logo\":{\"@type\":\"ImageObject\",\"inLanguage\":\"es\",\"@id\":\"https:\\\/\\\/continuamosmx.com\\\/#\\\/schema\\\/logo\\\/image\\\/\",\"url\":\"https:\\\/\\\/continuamosmx.com\\\/wp-content\\\/uploads\\\/2023\\\/04\\\/cropped-LOGO-CONTI-NUEVO.png\",\"contentUrl\":\"https:\\\/\\\/continuamosmx.com\\\/wp-content\\\/uploads\\\/2023\\\/04\\\/cropped-LOGO-CONTI-NUEVO.png\",\"width\":1257,\"height\":430,\"caption\":\"ContinuamosMX\"},\"image\":{\"@id\":\"https:\\\/\\\/continuamosmx.com\\\/#\\\/schema\\\/logo\\\/image\\\/\"}},{\"@type\":\"Person\",\"@id\":\"https:\\\/\\\/continuamosmx.com\\\/#\\\/schema\\\/person\\\/5eb5356acb1fad784da407d14f0e8d89\",\"name\":\"Continuamos MX\",\"image\":{\"@type\":\"ImageObject\",\"inLanguage\":\"es\",\"@id\":\"https:\\\/\\\/secure.gravatar.com\\\/avatar\\\/30d4f9723476a15f4da34d35fb3501f08d2357016c76051c6a85c354c7489589?s=96&d=mm&r=g\",\"url\":\"https:\\\/\\\/secure.gravatar.com\\\/avatar\\\/30d4f9723476a15f4da34d35fb3501f08d2357016c76051c6a85c354c7489589?s=96&d=mm&r=g\",\"contentUrl\":\"https:\\\/\\\/secure.gravatar.com\\\/avatar\\\/30d4f9723476a15f4da34d35fb3501f08d2357016c76051c6a85c354c7489589?s=96&d=mm&r=g\",\"caption\":\"Continuamos MX\"},\"sameAs\":[\"http:\\\/\\\/www.continuamos.mx\"],\"url\":\"https:\\\/\\\/continuamosmx.com\\\/index.php\\\/author\\\/continuamos\\\/\"}]}<\/script>\n<!-- \/ Yoast SEO plugin. -->","yoast_head_json":{"title":"AMAGA CDMX: TENENCIA O CARCEL -","robots":{"index":"index","follow":"follow","max-snippet":"max-snippet:-1","max-image-preview":"max-image-preview:large","max-video-preview":"max-video-preview:-1"},"canonical":"https:\/\/continuamosmx.com\/index.php\/2022\/01\/05\/amaga-cdmx-tenencia-o-carcel\/","og_locale":"es_ES","og_type":"article","og_title":"AMAGA CDMX: TENENCIA O CARCEL -","og_description":"Por: JOS\u00c9 LUIS ZEPEDA CIUDAD DE M\u00c9XICO.- Propietarios de veh\u00edculos recibieron requerimientos de pago de tenencia vehicular en la ciudad de M\u00e9xico, pero con advertencia de que, en caso de incumplimiento, se les podran aplicar embargos y denuncias penales. Aunque el gobierno local asegur\u00f3 que la nueva multa para conductores que vivan y circulen en [&hellip;]","og_url":"https:\/\/continuamosmx.com\/index.php\/2022\/01\/05\/amaga-cdmx-tenencia-o-carcel\/","article_published_time":"2022-01-05T07:57:16+00:00","author":"Continuamos MX","twitter_card":"summary_large_image","twitter_misc":{"Escrito por":"Continuamos MX","Tiempo de lectura":"2 minutos"},"schema":{"@context":"https:\/\/schema.org","@graph":[{"@type":"Article","@id":"https:\/\/continuamosmx.com\/index.php\/2022\/01\/05\/amaga-cdmx-tenencia-o-carcel\/#article","isPartOf":{"@id":"https:\/\/continuamosmx.com\/index.php\/2022\/01\/05\/amaga-cdmx-tenencia-o-carcel\/"},"author":{"name":"Continuamos MX","@id":"https:\/\/continuamosmx.com\/#\/schema\/person\/5eb5356acb1fad784da407d14f0e8d89"},"headline":"AMAGA CDMX: TENENCIA O CARCEL","datePublished":"2022-01-05T07:57:16+00:00","mainEntityOfPage":{"@id":"https:\/\/continuamosmx.com\/index.php\/2022\/01\/05\/amaga-cdmx-tenencia-o-carcel\/"},"wordCount":391,"publisher":{"@id":"https:\/\/continuamosmx.com\/#organization"},"image":{"@id":"https:\/\/continuamosmx.com\/index.php\/2022\/01\/05\/amaga-cdmx-tenencia-o-carcel\/#primaryimage"},"thumbnailUrl":"https:\/\/continuamosmx.com\/wp-content\/uploads\/2022\/01\/autos.jpg","articleSection":["CDMX"],"inLanguage":"es"},{"@type":"WebPage","@id":"https:\/\/continuamosmx.com\/index.php\/2022\/01\/05\/amaga-cdmx-tenencia-o-carcel\/","url":"https:\/\/continuamosmx.com\/index.php\/2022\/01\/05\/amaga-cdmx-tenencia-o-carcel\/","name":"AMAGA CDMX: TENENCIA O CARCEL -","isPartOf":{"@id":"https:\/\/continuamosmx.com\/#website"},"primaryImageOfPage":{"@id":"https:\/\/continuamosmx.com\/index.php\/2022\/01\/05\/amaga-cdmx-tenencia-o-carcel\/#primaryimage"},"image":{"@id":"https:\/\/continuamosmx.com\/index.php\/2022\/01\/05\/amaga-cdmx-tenencia-o-carcel\/#primaryimage"},"thumbnailUrl":"https:\/\/continuamosmx.com\/wp-content\/uploads\/2022\/01\/autos.jpg","datePublished":"2022-01-05T07:57:16+00:00","breadcrumb":{"@id":"https:\/\/continuamosmx.com\/index.php\/2022\/01\/05\/amaga-cdmx-tenencia-o-carcel\/#breadcrumb"},"inLanguage":"es","potentialAction":[{"@type":"ReadAction","target":["https:\/\/continuamosmx.com\/index.php\/2022\/01\/05\/amaga-cdmx-tenencia-o-carcel\/"]}]},{"@type":"ImageObject","inLanguage":"es","@id":"https:\/\/continuamosmx.com\/index.php\/2022\/01\/05\/amaga-cdmx-tenencia-o-carcel\/#primaryimage","url":"https:\/\/continuamosmx.com\/wp-content\/uploads\/2022\/01\/autos.jpg","contentUrl":"https:\/\/continuamosmx.com\/wp-content\/uploads\/2022\/01\/autos.jpg","width":480,"height":249,"caption":"CIUDAD DE M\u00c9XICO, 10MAYO2016.- Condiciones clim\u00e1ticas como un ambiente seco, poco viento y una intensa radiaci\u00f3n solar, contribuyen a aumentar la cantidad de ozono en la Ciudad de M\u00e9xico, adem\u00e1s de las emisiones de 5.4 millones de autos transitando diariamente. FOTO: ISAAC ESQUIVEL \/CUARTOSCURO.COM"},{"@type":"BreadcrumbList","@id":"https:\/\/continuamosmx.com\/index.php\/2022\/01\/05\/amaga-cdmx-tenencia-o-carcel\/#breadcrumb","itemListElement":[{"@type":"ListItem","position":1,"name":"Inicio","item":"https:\/\/continuamosmx.com\/"},{"@type":"ListItem","position":2,"name":"AMAGA CDMX: TENENCIA O CARCEL"}]},{"@type":"WebSite","@id":"https:\/\/continuamosmx.com\/#website","url":"https:\/\/continuamosmx.com\/","name":"www.continuamosmx.com","description":"","publisher":{"@id":"https:\/\/continuamosmx.com\/#organization"},"potentialAction":[{"@type":"SearchAction","target":{"@type":"EntryPoint","urlTemplate":"https:\/\/continuamosmx.com\/?s={search_term_string}"},"query-input":{"@type":"PropertyValueSpecification","valueRequired":true,"valueName":"search_term_string"}}],"inLanguage":"es"},{"@type":"Organization","@id":"https:\/\/continuamosmx.com\/#organization","name":"ContinuamosMX","url":"https:\/\/continuamosmx.com\/","logo":{"@type":"ImageObject","inLanguage":"es","@id":"https:\/\/continuamosmx.com\/#\/schema\/logo\/image\/","url":"https:\/\/continuamosmx.com\/wp-content\/uploads\/2023\/04\/cropped-LOGO-CONTI-NUEVO.png","contentUrl":"https:\/\/continuamosmx.com\/wp-content\/uploads\/2023\/04\/cropped-LOGO-CONTI-NUEVO.png","width":1257,"height":430,"caption":"ContinuamosMX"},"image":{"@id":"https:\/\/continuamosmx.com\/#\/schema\/logo\/image\/"}},{"@type":"Person","@id":"https:\/\/continuamosmx.com\/#\/schema\/person\/5eb5356acb1fad784da407d14f0e8d89","name":"Continuamos MX","image":{"@type":"ImageObject","inLanguage":"es","@id":"https:\/\/secure.gravatar.com\/avatar\/30d4f9723476a15f4da34d35fb3501f08d2357016c76051c6a85c354c7489589?s=96&d=mm&r=g","url":"https:\/\/secure.gravatar.com\/avatar\/30d4f9723476a15f4da34d35fb3501f08d2357016c76051c6a85c354c7489589?s=96&d=mm&r=g","contentUrl":"https:\/\/secure.gravatar.com\/avatar\/30d4f9723476a15f4da34d35fb3501f08d2357016c76051c6a85c354c7489589?s=96&d=mm&r=g","caption":"Continuamos MX"},"sameAs":["http:\/\/www.continuamos.mx"],"url":"https:\/\/continuamosmx.com\/index.php\/author\/continuamos\/"}]}},"_links":{"self":[{"href":"https:\/\/continuamosmx.com\/index.php\/wp-json\/wp\/v2\/posts\/31992","targetHints":{"allow":["GET"]}}],"collection":[{"href":"https:\/\/continuamosmx.com\/index.php\/wp-json\/wp\/v2\/posts"}],"about":[{"href":"https:\/\/continuamosmx.com\/index.php\/wp-json\/wp\/v2\/types\/post"}],"author":[{"embeddable":true,"href":"https:\/\/continuamosmx.com\/index.php\/wp-json\/wp\/v2\/users\/6"}],"replies":[{"embeddable":true,"href":"https:\/\/continuamosmx.com\/index.php\/wp-json\/wp\/v2\/comments?post=31992"}],"version-history":[{"count":0,"href":"https:\/\/continuamosmx.com\/index.php\/wp-json\/wp\/v2\/posts\/31992\/revisions"}],"wp:featuredmedia":[{"embeddable":true,"href":"https:\/\/continuamosmx.com\/index.php\/wp-json\/wp\/v2\/media\/31993"}],"wp:attachment":[{"href":"https:\/\/continuamosmx.com\/index.php\/wp-json\/wp\/v2\/media?parent=31992"}],"wp:term":[{"taxonomy":"category","embeddable":true,"href":"https:\/\/continuamosmx.com\/index.php\/wp-json\/wp\/v2\/categories?post=31992"},{"taxonomy":"post_tag","embeddable":true,"href":"https:\/\/continuamosmx.com\/index.php\/wp-json\/wp\/v2\/tags?post=31992"}],"curies":[{"name":"wp","href":"https:\/\/api.w.org\/{rel}","templated":true}]}}