{"id":31987,"date":"2022-01-05T02:36:54","date_gmt":"2022-01-05T02:36:54","guid":{"rendered":"https:\/\/continuamos.mx\/?p=31987"},"modified":"2022-01-05T02:36:54","modified_gmt":"2022-01-05T02:36:54","slug":"sindico-golpea-y-amenaza-de-muerte-a-alcaldesa-de-amanalco","status":"publish","type":"post","link":"https:\/\/continuamosmx.com\/index.php\/2022\/01\/05\/sindico-golpea-y-amenaza-de-muerte-a-alcaldesa-de-amanalco\/","title":{"rendered":"S\u00cdNDICO GOLPEA Y AMENAZA DE MUERTE A ALCALDESA DE AMANALCO"},"content":{"rendered":"\n<blockquote class=\"wp-block-quote is-layout-flow wp-block-quote-is-layout-flow\"><p><strong>.- La alcaldesa Mar\u00eda Elena Mart\u00ednez Robles acus\u00f3 al Miguel \u00c1ngel Lara de haberla golpeado y \u201cordenar que me patearan hasta perder la vida\u201d, afirm\u00f3.<\/strong><\/p><\/blockquote>\n\n\n\n<p>AMANALCO, M\u00e9x.- La alcaldesa de Amanalco, Mar\u00eda Elena Mart\u00ednez Robles pidi\u00f3 protecci\u00f3n al gobierno federal y del Estado de M\u00e9xico, pues asegura temer por su vida luego de que fuera golpeada por el s\u00edndico municipal de Movimiento Ciudadano, Miguel \u00c1ngel Lara de la Cruz y sus seguidores, afuera del Palacio Municipal, para impedir que tome posesi\u00f3n en el cargo.<\/p>\n\n\n\n<p>La Alcaldesa de Amanalco, emanada de Morena, Mar\u00eda Elena Mart\u00ednez permaneci\u00f3 varias horas hospitalizada en observaci\u00f3n en un nosocomio, por el golpe que recibi\u00f3 en el rostro por parte del s\u00edndico, patadas en varias partes del cuerpo, y ser ba\u00f1ada con gas lacrim\u00f3geno, lo que provoc\u00f3 que perdiera el conocimiento.<\/p>\n\n\n\n<p>\u201cFui al Palacio Municipal para dialogar, pero el s\u00edndico me agredi\u00f3 con un golpe en la cara y orden\u00f3 que me mataran a golpes, me tiraron al suelo, sent\u00ed un l\u00edquido en el rostro y perd\u00ed el conocimiento, hasta que despert\u00e9 con ox\u00edgeno y suero en el hospital\u201d, asever\u00f3.<\/p>\n\n\n\n<p>Entre sus agresores se\u00f1al\u00f3 directamente al s\u00edndico Miguel \u00c1ngel Lara de la Cruz, as\u00ed como a Salvador Salgado Rom\u00e1n, Humberto Salgado Rom\u00e1n, Nery \u201cN\u201d, Noe Vera \u00c1lvarez, Gerardo Loreto, Bernardo Lucas G\u00f3mez.<\/p>\n\n\n\n<p>La presidenta municipal manifest\u00f3 temer por su vida, por lo que pidi\u00f3 el apoyo del Gobierno del Estado y de la Guardia Nacional para contar con protecci\u00f3n, y pueda asumir su cargo, para que comience la operaci\u00f3n del nuevo gobierno, pues los ciudadanos reclaman servicios p\u00fablicos y respuestas a tr\u00e1mites.<\/p>\n\n\n\n<p>Record\u00f3 que desde el 1 de enero, el s\u00edndico de Movimiento Ciudadano junto con cuatro regidores tom\u00f3 la presidencia municipal y se niega a permitir la operaci\u00f3n de la nueva administraci\u00f3n.<\/p>\n\n\n\n<p>Elena Mart\u00ednez dijo que en los pr\u00f3ximos d\u00edas, una vez que mejore su estado f\u00edsico tras los golpes, buscar\u00e1 regresar al Ayuntamiento, pues no puede permanecer cerrado, por lo que pidi\u00f3 la intervenci\u00f3n urgente de la Secretar\u00eda de Gobierno del Estado de M\u00e9xico para que se garantice la paz y civilidad pol\u00edtica.<\/p>\n","protected":false},"excerpt":{"rendered":"<p>.- La alcaldesa Mar\u00eda Elena Mart\u00ednez Robles acus\u00f3 al Miguel \u00c1ngel Lara de haberla golpeado y \u201cordenar que me patearan hasta perder la vida\u201d, afirm\u00f3. AMANALCO, M\u00e9x.- La alcaldesa de Amanalco, Mar\u00eda Elena Mart\u00ednez Robles pidi\u00f3 protecci\u00f3n al gobierno federal y del Estado de M\u00e9xico, pues asegura temer por su vida luego de que fuera [&hellip;]<\/p>\n","protected":false},"author":6,"featured_media":31988,"comment_status":"closed","ping_status":"open","sticky":false,"template":"","format":"standard","meta":{"footnotes":""},"categories":[2],"tags":[],"class_list":["post-31987","post","type-post","status-publish","format-standard","has-post-thumbnail","hentry","category-edomex"],"yoast_head":"<!-- This site is optimized with the Yoast SEO plugin v27.5 - https:\/\/yoast.com\/product\/yoast-seo-wordpress\/ -->\n<title>S\u00cdNDICO GOLPEA Y AMENAZA DE MUERTE A ALCALDESA DE AMANALCO -<\/title>\n<meta name=\"robots\" content=\"index, follow, max-snippet:-1, max-image-preview:large, max-video-preview:-1\" \/>\n<link rel=\"canonical\" href=\"https:\/\/continuamosmx.com\/index.php\/2022\/01\/05\/sindico-golpea-y-amenaza-de-muerte-a-alcaldesa-de-amanalco\/\" \/>\n<meta property=\"og:locale\" content=\"es_ES\" \/>\n<meta property=\"og:type\" content=\"article\" \/>\n<meta property=\"og:title\" content=\"S\u00cdNDICO GOLPEA Y AMENAZA DE MUERTE A ALCALDESA DE AMANALCO -\" \/>\n<meta property=\"og:description\" content=\".- La alcaldesa Mar\u00eda Elena Mart\u00ednez Robles acus\u00f3 al Miguel \u00c1ngel Lara de haberla golpeado y \u201cordenar que me patearan hasta perder la vida\u201d, afirm\u00f3. AMANALCO, M\u00e9x.- La alcaldesa de Amanalco, Mar\u00eda Elena Mart\u00ednez Robles pidi\u00f3 protecci\u00f3n al gobierno federal y del Estado de M\u00e9xico, pues asegura temer por su vida luego de que fuera [&hellip;]\" \/>\n<meta property=\"og:url\" content=\"https:\/\/continuamosmx.com\/index.php\/2022\/01\/05\/sindico-golpea-y-amenaza-de-muerte-a-alcaldesa-de-amanalco\/\" \/>\n<meta property=\"article:published_time\" content=\"2022-01-05T02:36:54+00:00\" \/>\n<meta name=\"author\" content=\"Continuamos MX\" \/>\n<meta name=\"twitter:card\" content=\"summary_large_image\" \/>\n<meta name=\"twitter:label1\" content=\"Escrito por\" \/>\n\t<meta name=\"twitter:data1\" content=\"Continuamos MX\" \/>\n\t<meta name=\"twitter:label2\" content=\"Tiempo de lectura\" \/>\n\t<meta name=\"twitter:data2\" content=\"2 minutos\" \/>\n<script type=\"application\/ld+json\" class=\"yoast-schema-graph\">{\"@context\":\"https:\\\/\\\/schema.org\",\"@graph\":[{\"@type\":\"Article\",\"@id\":\"https:\\\/\\\/continuamosmx.com\\\/index.php\\\/2022\\\/01\\\/05\\\/sindico-golpea-y-amenaza-de-muerte-a-alcaldesa-de-amanalco\\\/#article\",\"isPartOf\":{\"@id\":\"https:\\\/\\\/continuamosmx.com\\\/index.php\\\/2022\\\/01\\\/05\\\/sindico-golpea-y-amenaza-de-muerte-a-alcaldesa-de-amanalco\\\/\"},\"author\":{\"name\":\"Continuamos MX\",\"@id\":\"https:\\\/\\\/continuamosmx.com\\\/#\\\/schema\\\/person\\\/5eb5356acb1fad784da407d14f0e8d89\"},\"headline\":\"S\u00cdNDICO GOLPEA Y AMENAZA DE MUERTE A ALCALDESA DE AMANALCO\",\"datePublished\":\"2022-01-05T02:36:54+00:00\",\"mainEntityOfPage\":{\"@id\":\"https:\\\/\\\/continuamosmx.com\\\/index.php\\\/2022\\\/01\\\/05\\\/sindico-golpea-y-amenaza-de-muerte-a-alcaldesa-de-amanalco\\\/\"},\"wordCount\":397,\"publisher\":{\"@id\":\"https:\\\/\\\/continuamosmx.com\\\/#organization\"},\"image\":{\"@id\":\"https:\\\/\\\/continuamosmx.com\\\/index.php\\\/2022\\\/01\\\/05\\\/sindico-golpea-y-amenaza-de-muerte-a-alcaldesa-de-amanalco\\\/#primaryimage\"},\"thumbnailUrl\":\"https:\\\/\\\/continuamosmx.com\\\/wp-content\\\/uploads\\\/2022\\\/01\\\/A3B9C28B-9303-4359-A10D-B671DA2C8397.jpeg\",\"articleSection\":[\"EDOMEX\"],\"inLanguage\":\"es\"},{\"@type\":\"WebPage\",\"@id\":\"https:\\\/\\\/continuamosmx.com\\\/index.php\\\/2022\\\/01\\\/05\\\/sindico-golpea-y-amenaza-de-muerte-a-alcaldesa-de-amanalco\\\/\",\"url\":\"https:\\\/\\\/continuamosmx.com\\\/index.php\\\/2022\\\/01\\\/05\\\/sindico-golpea-y-amenaza-de-muerte-a-alcaldesa-de-amanalco\\\/\",\"name\":\"S\u00cdNDICO GOLPEA Y AMENAZA DE MUERTE A ALCALDESA DE AMANALCO -\",\"isPartOf\":{\"@id\":\"https:\\\/\\\/continuamosmx.com\\\/#website\"},\"primaryImageOfPage\":{\"@id\":\"https:\\\/\\\/continuamosmx.com\\\/index.php\\\/2022\\\/01\\\/05\\\/sindico-golpea-y-amenaza-de-muerte-a-alcaldesa-de-amanalco\\\/#primaryimage\"},\"image\":{\"@id\":\"https:\\\/\\\/continuamosmx.com\\\/index.php\\\/2022\\\/01\\\/05\\\/sindico-golpea-y-amenaza-de-muerte-a-alcaldesa-de-amanalco\\\/#primaryimage\"},\"thumbnailUrl\":\"https:\\\/\\\/continuamosmx.com\\\/wp-content\\\/uploads\\\/2022\\\/01\\\/A3B9C28B-9303-4359-A10D-B671DA2C8397.jpeg\",\"datePublished\":\"2022-01-05T02:36:54+00:00\",\"breadcrumb\":{\"@id\":\"https:\\\/\\\/continuamosmx.com\\\/index.php\\\/2022\\\/01\\\/05\\\/sindico-golpea-y-amenaza-de-muerte-a-alcaldesa-de-amanalco\\\/#breadcrumb\"},\"inLanguage\":\"es\",\"potentialAction\":[{\"@type\":\"ReadAction\",\"target\":[\"https:\\\/\\\/continuamosmx.com\\\/index.php\\\/2022\\\/01\\\/05\\\/sindico-golpea-y-amenaza-de-muerte-a-alcaldesa-de-amanalco\\\/\"]}]},{\"@type\":\"ImageObject\",\"inLanguage\":\"es\",\"@id\":\"https:\\\/\\\/continuamosmx.com\\\/index.php\\\/2022\\\/01\\\/05\\\/sindico-golpea-y-amenaza-de-muerte-a-alcaldesa-de-amanalco\\\/#primaryimage\",\"url\":\"https:\\\/\\\/continuamosmx.com\\\/wp-content\\\/uploads\\\/2022\\\/01\\\/A3B9C28B-9303-4359-A10D-B671DA2C8397.jpeg\",\"contentUrl\":\"https:\\\/\\\/continuamosmx.com\\\/wp-content\\\/uploads\\\/2022\\\/01\\\/A3B9C28B-9303-4359-A10D-B671DA2C8397.jpeg\",\"width\":750,\"height\":601},{\"@type\":\"BreadcrumbList\",\"@id\":\"https:\\\/\\\/continuamosmx.com\\\/index.php\\\/2022\\\/01\\\/05\\\/sindico-golpea-y-amenaza-de-muerte-a-alcaldesa-de-amanalco\\\/#breadcrumb\",\"itemListElement\":[{\"@type\":\"ListItem\",\"position\":1,\"name\":\"Inicio\",\"item\":\"https:\\\/\\\/continuamosmx.com\\\/\"},{\"@type\":\"ListItem\",\"position\":2,\"name\":\"S\u00cdNDICO GOLPEA Y AMENAZA DE MUERTE A ALCALDESA DE AMANALCO\"}]},{\"@type\":\"WebSite\",\"@id\":\"https:\\\/\\\/continuamosmx.com\\\/#website\",\"url\":\"https:\\\/\\\/continuamosmx.com\\\/\",\"name\":\"www.continuamosmx.com\",\"description\":\"\",\"publisher\":{\"@id\":\"https:\\\/\\\/continuamosmx.com\\\/#organization\"},\"potentialAction\":[{\"@type\":\"SearchAction\",\"target\":{\"@type\":\"EntryPoint\",\"urlTemplate\":\"https:\\\/\\\/continuamosmx.com\\\/?s={search_term_string}\"},\"query-input\":{\"@type\":\"PropertyValueSpecification\",\"valueRequired\":true,\"valueName\":\"search_term_string\"}}],\"inLanguage\":\"es\"},{\"@type\":\"Organization\",\"@id\":\"https:\\\/\\\/continuamosmx.com\\\/#organization\",\"name\":\"ContinuamosMX\",\"url\":\"https:\\\/\\\/continuamosmx.com\\\/\",\"logo\":{\"@type\":\"ImageObject\",\"inLanguage\":\"es\",\"@id\":\"https:\\\/\\\/continuamosmx.com\\\/#\\\/schema\\\/logo\\\/image\\\/\",\"url\":\"https:\\\/\\\/continuamosmx.com\\\/wp-content\\\/uploads\\\/2023\\\/04\\\/cropped-LOGO-CONTI-NUEVO.png\",\"contentUrl\":\"https:\\\/\\\/continuamosmx.com\\\/wp-content\\\/uploads\\\/2023\\\/04\\\/cropped-LOGO-CONTI-NUEVO.png\",\"width\":1257,\"height\":430,\"caption\":\"ContinuamosMX\"},\"image\":{\"@id\":\"https:\\\/\\\/continuamosmx.com\\\/#\\\/schema\\\/logo\\\/image\\\/\"}},{\"@type\":\"Person\",\"@id\":\"https:\\\/\\\/continuamosmx.com\\\/#\\\/schema\\\/person\\\/5eb5356acb1fad784da407d14f0e8d89\",\"name\":\"Continuamos MX\",\"image\":{\"@type\":\"ImageObject\",\"inLanguage\":\"es\",\"@id\":\"https:\\\/\\\/secure.gravatar.com\\\/avatar\\\/30d4f9723476a15f4da34d35fb3501f08d2357016c76051c6a85c354c7489589?s=96&d=mm&r=g\",\"url\":\"https:\\\/\\\/secure.gravatar.com\\\/avatar\\\/30d4f9723476a15f4da34d35fb3501f08d2357016c76051c6a85c354c7489589?s=96&d=mm&r=g\",\"contentUrl\":\"https:\\\/\\\/secure.gravatar.com\\\/avatar\\\/30d4f9723476a15f4da34d35fb3501f08d2357016c76051c6a85c354c7489589?s=96&d=mm&r=g\",\"caption\":\"Continuamos MX\"},\"sameAs\":[\"http:\\\/\\\/www.continuamos.mx\"],\"url\":\"https:\\\/\\\/continuamosmx.com\\\/index.php\\\/author\\\/continuamos\\\/\"}]}<\/script>\n<!-- \/ Yoast SEO plugin. -->","yoast_head_json":{"title":"S\u00cdNDICO GOLPEA Y AMENAZA DE MUERTE A ALCALDESA DE AMANALCO -","robots":{"index":"index","follow":"follow","max-snippet":"max-snippet:-1","max-image-preview":"max-image-preview:large","max-video-preview":"max-video-preview:-1"},"canonical":"https:\/\/continuamosmx.com\/index.php\/2022\/01\/05\/sindico-golpea-y-amenaza-de-muerte-a-alcaldesa-de-amanalco\/","og_locale":"es_ES","og_type":"article","og_title":"S\u00cdNDICO GOLPEA Y AMENAZA DE MUERTE A ALCALDESA DE AMANALCO -","og_description":".- La alcaldesa Mar\u00eda Elena Mart\u00ednez Robles acus\u00f3 al Miguel \u00c1ngel Lara de haberla golpeado y \u201cordenar que me patearan hasta perder la vida\u201d, afirm\u00f3. AMANALCO, M\u00e9x.- La alcaldesa de Amanalco, Mar\u00eda Elena Mart\u00ednez Robles pidi\u00f3 protecci\u00f3n al gobierno federal y del Estado de M\u00e9xico, pues asegura temer por su vida luego de que fuera [&hellip;]","og_url":"https:\/\/continuamosmx.com\/index.php\/2022\/01\/05\/sindico-golpea-y-amenaza-de-muerte-a-alcaldesa-de-amanalco\/","article_published_time":"2022-01-05T02:36:54+00:00","author":"Continuamos MX","twitter_card":"summary_large_image","twitter_misc":{"Escrito por":"Continuamos MX","Tiempo de lectura":"2 minutos"},"schema":{"@context":"https:\/\/schema.org","@graph":[{"@type":"Article","@id":"https:\/\/continuamosmx.com\/index.php\/2022\/01\/05\/sindico-golpea-y-amenaza-de-muerte-a-alcaldesa-de-amanalco\/#article","isPartOf":{"@id":"https:\/\/continuamosmx.com\/index.php\/2022\/01\/05\/sindico-golpea-y-amenaza-de-muerte-a-alcaldesa-de-amanalco\/"},"author":{"name":"Continuamos MX","@id":"https:\/\/continuamosmx.com\/#\/schema\/person\/5eb5356acb1fad784da407d14f0e8d89"},"headline":"S\u00cdNDICO GOLPEA Y AMENAZA DE MUERTE A ALCALDESA DE AMANALCO","datePublished":"2022-01-05T02:36:54+00:00","mainEntityOfPage":{"@id":"https:\/\/continuamosmx.com\/index.php\/2022\/01\/05\/sindico-golpea-y-amenaza-de-muerte-a-alcaldesa-de-amanalco\/"},"wordCount":397,"publisher":{"@id":"https:\/\/continuamosmx.com\/#organization"},"image":{"@id":"https:\/\/continuamosmx.com\/index.php\/2022\/01\/05\/sindico-golpea-y-amenaza-de-muerte-a-alcaldesa-de-amanalco\/#primaryimage"},"thumbnailUrl":"https:\/\/continuamosmx.com\/wp-content\/uploads\/2022\/01\/A3B9C28B-9303-4359-A10D-B671DA2C8397.jpeg","articleSection":["EDOMEX"],"inLanguage":"es"},{"@type":"WebPage","@id":"https:\/\/continuamosmx.com\/index.php\/2022\/01\/05\/sindico-golpea-y-amenaza-de-muerte-a-alcaldesa-de-amanalco\/","url":"https:\/\/continuamosmx.com\/index.php\/2022\/01\/05\/sindico-golpea-y-amenaza-de-muerte-a-alcaldesa-de-amanalco\/","name":"S\u00cdNDICO GOLPEA Y AMENAZA DE MUERTE A ALCALDESA DE AMANALCO -","isPartOf":{"@id":"https:\/\/continuamosmx.com\/#website"},"primaryImageOfPage":{"@id":"https:\/\/continuamosmx.com\/index.php\/2022\/01\/05\/sindico-golpea-y-amenaza-de-muerte-a-alcaldesa-de-amanalco\/#primaryimage"},"image":{"@id":"https:\/\/continuamosmx.com\/index.php\/2022\/01\/05\/sindico-golpea-y-amenaza-de-muerte-a-alcaldesa-de-amanalco\/#primaryimage"},"thumbnailUrl":"https:\/\/continuamosmx.com\/wp-content\/uploads\/2022\/01\/A3B9C28B-9303-4359-A10D-B671DA2C8397.jpeg","datePublished":"2022-01-05T02:36:54+00:00","breadcrumb":{"@id":"https:\/\/continuamosmx.com\/index.php\/2022\/01\/05\/sindico-golpea-y-amenaza-de-muerte-a-alcaldesa-de-amanalco\/#breadcrumb"},"inLanguage":"es","potentialAction":[{"@type":"ReadAction","target":["https:\/\/continuamosmx.com\/index.php\/2022\/01\/05\/sindico-golpea-y-amenaza-de-muerte-a-alcaldesa-de-amanalco\/"]}]},{"@type":"ImageObject","inLanguage":"es","@id":"https:\/\/continuamosmx.com\/index.php\/2022\/01\/05\/sindico-golpea-y-amenaza-de-muerte-a-alcaldesa-de-amanalco\/#primaryimage","url":"https:\/\/continuamosmx.com\/wp-content\/uploads\/2022\/01\/A3B9C28B-9303-4359-A10D-B671DA2C8397.jpeg","contentUrl":"https:\/\/continuamosmx.com\/wp-content\/uploads\/2022\/01\/A3B9C28B-9303-4359-A10D-B671DA2C8397.jpeg","width":750,"height":601},{"@type":"BreadcrumbList","@id":"https:\/\/continuamosmx.com\/index.php\/2022\/01\/05\/sindico-golpea-y-amenaza-de-muerte-a-alcaldesa-de-amanalco\/#breadcrumb","itemListElement":[{"@type":"ListItem","position":1,"name":"Inicio","item":"https:\/\/continuamosmx.com\/"},{"@type":"ListItem","position":2,"name":"S\u00cdNDICO GOLPEA Y AMENAZA DE MUERTE A ALCALDESA DE AMANALCO"}]},{"@type":"WebSite","@id":"https:\/\/continuamosmx.com\/#website","url":"https:\/\/continuamosmx.com\/","name":"www.continuamosmx.com","description":"","publisher":{"@id":"https:\/\/continuamosmx.com\/#organization"},"potentialAction":[{"@type":"SearchAction","target":{"@type":"EntryPoint","urlTemplate":"https:\/\/continuamosmx.com\/?s={search_term_string}"},"query-input":{"@type":"PropertyValueSpecification","valueRequired":true,"valueName":"search_term_string"}}],"inLanguage":"es"},{"@type":"Organization","@id":"https:\/\/continuamosmx.com\/#organization","name":"ContinuamosMX","url":"https:\/\/continuamosmx.com\/","logo":{"@type":"ImageObject","inLanguage":"es","@id":"https:\/\/continuamosmx.com\/#\/schema\/logo\/image\/","url":"https:\/\/continuamosmx.com\/wp-content\/uploads\/2023\/04\/cropped-LOGO-CONTI-NUEVO.png","contentUrl":"https:\/\/continuamosmx.com\/wp-content\/uploads\/2023\/04\/cropped-LOGO-CONTI-NUEVO.png","width":1257,"height":430,"caption":"ContinuamosMX"},"image":{"@id":"https:\/\/continuamosmx.com\/#\/schema\/logo\/image\/"}},{"@type":"Person","@id":"https:\/\/continuamosmx.com\/#\/schema\/person\/5eb5356acb1fad784da407d14f0e8d89","name":"Continuamos MX","image":{"@type":"ImageObject","inLanguage":"es","@id":"https:\/\/secure.gravatar.com\/avatar\/30d4f9723476a15f4da34d35fb3501f08d2357016c76051c6a85c354c7489589?s=96&d=mm&r=g","url":"https:\/\/secure.gravatar.com\/avatar\/30d4f9723476a15f4da34d35fb3501f08d2357016c76051c6a85c354c7489589?s=96&d=mm&r=g","contentUrl":"https:\/\/secure.gravatar.com\/avatar\/30d4f9723476a15f4da34d35fb3501f08d2357016c76051c6a85c354c7489589?s=96&d=mm&r=g","caption":"Continuamos MX"},"sameAs":["http:\/\/www.continuamos.mx"],"url":"https:\/\/continuamosmx.com\/index.php\/author\/continuamos\/"}]}},"_links":{"self":[{"href":"https:\/\/continuamosmx.com\/index.php\/wp-json\/wp\/v2\/posts\/31987","targetHints":{"allow":["GET"]}}],"collection":[{"href":"https:\/\/continuamosmx.com\/index.php\/wp-json\/wp\/v2\/posts"}],"about":[{"href":"https:\/\/continuamosmx.com\/index.php\/wp-json\/wp\/v2\/types\/post"}],"author":[{"embeddable":true,"href":"https:\/\/continuamosmx.com\/index.php\/wp-json\/wp\/v2\/users\/6"}],"replies":[{"embeddable":true,"href":"https:\/\/continuamosmx.com\/index.php\/wp-json\/wp\/v2\/comments?post=31987"}],"version-history":[{"count":0,"href":"https:\/\/continuamosmx.com\/index.php\/wp-json\/wp\/v2\/posts\/31987\/revisions"}],"wp:featuredmedia":[{"embeddable":true,"href":"https:\/\/continuamosmx.com\/index.php\/wp-json\/wp\/v2\/media\/31988"}],"wp:attachment":[{"href":"https:\/\/continuamosmx.com\/index.php\/wp-json\/wp\/v2\/media?parent=31987"}],"wp:term":[{"taxonomy":"category","embeddable":true,"href":"https:\/\/continuamosmx.com\/index.php\/wp-json\/wp\/v2\/categories?post=31987"},{"taxonomy":"post_tag","embeddable":true,"href":"https:\/\/continuamosmx.com\/index.php\/wp-json\/wp\/v2\/tags?post=31987"}],"curies":[{"name":"wp","href":"https:\/\/api.w.org\/{rel}","templated":true}]}}