{"id":31949,"date":"2022-01-04T04:16:17","date_gmt":"2022-01-04T04:16:17","guid":{"rendered":"https:\/\/continuamos.mx\/?p=31949"},"modified":"2022-01-04T04:16:17","modified_gmt":"2022-01-04T04:16:17","slug":"habra-campana-de-reciclaje-de-arboles-navidenos","status":"publish","type":"post","link":"https:\/\/continuamosmx.com\/index.php\/2022\/01\/04\/habra-campana-de-reciclaje-de-arboles-navidenos\/","title":{"rendered":"HABR\u00c1 CAMPA\u00d1A DE RECICLAJE DE \u00c1RBOLES NAVIDE\u00d1OS"},"content":{"rendered":"\n<p>* <strong>I<\/strong>nforman que a partir del 10 de enero se habilitar\u00e1n sus 18 viveros como centros de acopio<\/p>\n\n\n\n<p>*<strong> Indican que donar\u00e1n 10 por ciento de los \u00e1rboles recolectados para la fabricaci\u00f3n de artesan\u00edas o transformados en composta<\/strong><\/p>\n\n\n\n<p>METEPEC.- Al concluir las fiestas decembrinas termina tambi\u00e9n la vida \u00fatil de los \u00e1rboles de Navidad naturales, por ello, el Gobierno del Estado de M\u00e9xico, a trav\u00e9s de la Secretar\u00eda del Campo y la Protectora de Bosques del Estado de M\u00e9xico (Probosque), anunciaron la Campa\u00f1a de Reciclaje de \u00c1rboles de Navidad 2022, la cual inicia el lunes 10 de enero.<\/p>\n\n\n\n<p>El objetivo es recolectar el mayor porcentaje de los \u00e1rboles que fueron comercializados durante la temporada navide\u00f1a 2021 y evitar que terminen abandonados en las calles o en terrenos bald\u00edos.<\/p>\n\n\n\n<p>Por ello, Probosque pone a disposici\u00f3n de la ciudadan\u00eda sus 18 viveros ubicados en los municipios de Zinacantepec, Toluca, Lerma, Ocoyoacac, Jilotzingo, Naucalpan, Tec\u00e1mac, Tejupilco, Atlacomulco, Aculco, Texcaltitl\u00e1n, Coatepec Harinas, Valle de Bravo, Villa Guerrero, Villa de Allende y Amecameca.<\/p>\n\n\n\n<p>En estos espacios, personal capacitado revisa cada \u00e1rbol para retirar los adornos antes de ser triturados a trav\u00e9s de una m\u00e1quina, tambi\u00e9n conocida como chipeadora, con capacidad para reciclar hasta 400 \u00e1rboles en una hora.<\/p>\n\n\n\n<p>Cabe destacar que, por cada \u00e1rbol reciclado se puede generar composta para la producci\u00f3n de 10 nuevos \u00e1rboles, para futuras reforestaciones.<\/p>\n\n\n\n<p>La materia obtenida se almacena y se degrada a trav\u00e9s de un proceso natural de tres a\u00f1os, posteriormente se mezcla con otros residuos org\u00e1nicos para generar la composta que ser\u00e1 utilizada para la producci\u00f3n de planta forestal en los viveros de la dependencia.<\/p>\n\n\n\n<p>Adem\u00e1s, para apoyar la econom\u00eda de las familias de los municipios de Ray\u00f3n y San Antonio la Isla, el 10 por ciento de los ejemplares recabados ser\u00e1n donados para la elaboraci\u00f3n de artesan\u00edas, juguetes o utensilios de madera.<\/p>\n\n\n\n<p>Los centros de acopio estar\u00e1n abiertos, a partir del 10 de enero, de lunes a viernes, en un horario de atenci\u00f3n de 9:00 a 18:00 horas.<\/p>\n\n\n\n<p>Para m\u00e1s informaci\u00f3n o ubicar el centro de acopio m\u00e1s cercano, los interesados pueden consultar en <a href=\"http:\/\/probosque.edomex.gob.mx\/arboles_navidad\">http:\/\/probosque.edomex.gob.mx\/arboles_navidad<\/a> o las redes sociales de Probosque, Facebook\/ProbosqueEdom\u00e9x y Twitter @Probosque_, as\u00ed como las de la Secretar\u00eda del Campo, Facebook y Twitter, @CampoEdomex.<\/p>\n","protected":false},"excerpt":{"rendered":"<p>* Informan que a partir del 10 de enero se habilitar\u00e1n sus 18 viveros como centros de acopio * Indican que donar\u00e1n 10 por ciento de los \u00e1rboles recolectados para la fabricaci\u00f3n de artesan\u00edas o transformados en composta METEPEC.- Al concluir las fiestas decembrinas termina tambi\u00e9n la vida \u00fatil de los \u00e1rboles de Navidad naturales, [&hellip;]<\/p>\n","protected":false},"author":6,"featured_media":31950,"comment_status":"closed","ping_status":"open","sticky":false,"template":"","format":"standard","meta":{"footnotes":""},"categories":[2],"tags":[],"class_list":["post-31949","post","type-post","status-publish","format-standard","has-post-thumbnail","hentry","category-edomex"],"yoast_head":"<!-- This site is optimized with the Yoast SEO plugin v27.5 - https:\/\/yoast.com\/product\/yoast-seo-wordpress\/ -->\n<title>HABR\u00c1 CAMPA\u00d1A DE RECICLAJE DE \u00c1RBOLES NAVIDE\u00d1OS -<\/title>\n<meta name=\"robots\" content=\"index, follow, max-snippet:-1, max-image-preview:large, max-video-preview:-1\" \/>\n<link rel=\"canonical\" href=\"https:\/\/continuamosmx.com\/index.php\/2022\/01\/04\/habra-campana-de-reciclaje-de-arboles-navidenos\/\" \/>\n<meta property=\"og:locale\" content=\"es_ES\" \/>\n<meta property=\"og:type\" content=\"article\" \/>\n<meta property=\"og:title\" content=\"HABR\u00c1 CAMPA\u00d1A DE RECICLAJE DE \u00c1RBOLES NAVIDE\u00d1OS -\" \/>\n<meta property=\"og:description\" content=\"* Informan que a partir del 10 de enero se habilitar\u00e1n sus 18 viveros como centros de acopio * Indican que donar\u00e1n 10 por ciento de los \u00e1rboles recolectados para la fabricaci\u00f3n de artesan\u00edas o transformados en composta METEPEC.- Al concluir las fiestas decembrinas termina tambi\u00e9n la vida \u00fatil de los \u00e1rboles de Navidad naturales, [&hellip;]\" \/>\n<meta property=\"og:url\" content=\"https:\/\/continuamosmx.com\/index.php\/2022\/01\/04\/habra-campana-de-reciclaje-de-arboles-navidenos\/\" \/>\n<meta property=\"article:published_time\" content=\"2022-01-04T04:16:17+00:00\" \/>\n<meta name=\"author\" content=\"Continuamos MX\" \/>\n<meta name=\"twitter:card\" content=\"summary_large_image\" \/>\n<meta name=\"twitter:label1\" content=\"Escrito por\" \/>\n\t<meta name=\"twitter:data1\" content=\"Continuamos MX\" \/>\n\t<meta name=\"twitter:label2\" content=\"Tiempo de lectura\" \/>\n\t<meta name=\"twitter:data2\" content=\"2 minutos\" \/>\n<script type=\"application\/ld+json\" class=\"yoast-schema-graph\">{\"@context\":\"https:\\\/\\\/schema.org\",\"@graph\":[{\"@type\":\"Article\",\"@id\":\"https:\\\/\\\/continuamosmx.com\\\/index.php\\\/2022\\\/01\\\/04\\\/habra-campana-de-reciclaje-de-arboles-navidenos\\\/#article\",\"isPartOf\":{\"@id\":\"https:\\\/\\\/continuamosmx.com\\\/index.php\\\/2022\\\/01\\\/04\\\/habra-campana-de-reciclaje-de-arboles-navidenos\\\/\"},\"author\":{\"name\":\"Continuamos MX\",\"@id\":\"https:\\\/\\\/continuamosmx.com\\\/#\\\/schema\\\/person\\\/5eb5356acb1fad784da407d14f0e8d89\"},\"headline\":\"HABR\u00c1 CAMPA\u00d1A DE RECICLAJE DE \u00c1RBOLES NAVIDE\u00d1OS\",\"datePublished\":\"2022-01-04T04:16:17+00:00\",\"mainEntityOfPage\":{\"@id\":\"https:\\\/\\\/continuamosmx.com\\\/index.php\\\/2022\\\/01\\\/04\\\/habra-campana-de-reciclaje-de-arboles-navidenos\\\/\"},\"wordCount\":409,\"publisher\":{\"@id\":\"https:\\\/\\\/continuamosmx.com\\\/#organization\"},\"image\":{\"@id\":\"https:\\\/\\\/continuamosmx.com\\\/index.php\\\/2022\\\/01\\\/04\\\/habra-campana-de-reciclaje-de-arboles-navidenos\\\/#primaryimage\"},\"thumbnailUrl\":\"https:\\\/\\\/continuamosmx.com\\\/wp-content\\\/uploads\\\/2022\\\/01\\\/reciclaje-nota-dos-contra.jpg\",\"articleSection\":[\"EDOMEX\"],\"inLanguage\":\"es\"},{\"@type\":\"WebPage\",\"@id\":\"https:\\\/\\\/continuamosmx.com\\\/index.php\\\/2022\\\/01\\\/04\\\/habra-campana-de-reciclaje-de-arboles-navidenos\\\/\",\"url\":\"https:\\\/\\\/continuamosmx.com\\\/index.php\\\/2022\\\/01\\\/04\\\/habra-campana-de-reciclaje-de-arboles-navidenos\\\/\",\"name\":\"HABR\u00c1 CAMPA\u00d1A DE RECICLAJE DE \u00c1RBOLES NAVIDE\u00d1OS -\",\"isPartOf\":{\"@id\":\"https:\\\/\\\/continuamosmx.com\\\/#website\"},\"primaryImageOfPage\":{\"@id\":\"https:\\\/\\\/continuamosmx.com\\\/index.php\\\/2022\\\/01\\\/04\\\/habra-campana-de-reciclaje-de-arboles-navidenos\\\/#primaryimage\"},\"image\":{\"@id\":\"https:\\\/\\\/continuamosmx.com\\\/index.php\\\/2022\\\/01\\\/04\\\/habra-campana-de-reciclaje-de-arboles-navidenos\\\/#primaryimage\"},\"thumbnailUrl\":\"https:\\\/\\\/continuamosmx.com\\\/wp-content\\\/uploads\\\/2022\\\/01\\\/reciclaje-nota-dos-contra.jpg\",\"datePublished\":\"2022-01-04T04:16:17+00:00\",\"breadcrumb\":{\"@id\":\"https:\\\/\\\/continuamosmx.com\\\/index.php\\\/2022\\\/01\\\/04\\\/habra-campana-de-reciclaje-de-arboles-navidenos\\\/#breadcrumb\"},\"inLanguage\":\"es\",\"potentialAction\":[{\"@type\":\"ReadAction\",\"target\":[\"https:\\\/\\\/continuamosmx.com\\\/index.php\\\/2022\\\/01\\\/04\\\/habra-campana-de-reciclaje-de-arboles-navidenos\\\/\"]}]},{\"@type\":\"ImageObject\",\"inLanguage\":\"es\",\"@id\":\"https:\\\/\\\/continuamosmx.com\\\/index.php\\\/2022\\\/01\\\/04\\\/habra-campana-de-reciclaje-de-arboles-navidenos\\\/#primaryimage\",\"url\":\"https:\\\/\\\/continuamosmx.com\\\/wp-content\\\/uploads\\\/2022\\\/01\\\/reciclaje-nota-dos-contra.jpg\",\"contentUrl\":\"https:\\\/\\\/continuamosmx.com\\\/wp-content\\\/uploads\\\/2022\\\/01\\\/reciclaje-nota-dos-contra.jpg\",\"width\":480,\"height\":334},{\"@type\":\"BreadcrumbList\",\"@id\":\"https:\\\/\\\/continuamosmx.com\\\/index.php\\\/2022\\\/01\\\/04\\\/habra-campana-de-reciclaje-de-arboles-navidenos\\\/#breadcrumb\",\"itemListElement\":[{\"@type\":\"ListItem\",\"position\":1,\"name\":\"Inicio\",\"item\":\"https:\\\/\\\/continuamosmx.com\\\/\"},{\"@type\":\"ListItem\",\"position\":2,\"name\":\"HABR\u00c1 CAMPA\u00d1A DE RECICLAJE DE \u00c1RBOLES NAVIDE\u00d1OS\"}]},{\"@type\":\"WebSite\",\"@id\":\"https:\\\/\\\/continuamosmx.com\\\/#website\",\"url\":\"https:\\\/\\\/continuamosmx.com\\\/\",\"name\":\"www.continuamosmx.com\",\"description\":\"\",\"publisher\":{\"@id\":\"https:\\\/\\\/continuamosmx.com\\\/#organization\"},\"potentialAction\":[{\"@type\":\"SearchAction\",\"target\":{\"@type\":\"EntryPoint\",\"urlTemplate\":\"https:\\\/\\\/continuamosmx.com\\\/?s={search_term_string}\"},\"query-input\":{\"@type\":\"PropertyValueSpecification\",\"valueRequired\":true,\"valueName\":\"search_term_string\"}}],\"inLanguage\":\"es\"},{\"@type\":\"Organization\",\"@id\":\"https:\\\/\\\/continuamosmx.com\\\/#organization\",\"name\":\"ContinuamosMX\",\"url\":\"https:\\\/\\\/continuamosmx.com\\\/\",\"logo\":{\"@type\":\"ImageObject\",\"inLanguage\":\"es\",\"@id\":\"https:\\\/\\\/continuamosmx.com\\\/#\\\/schema\\\/logo\\\/image\\\/\",\"url\":\"https:\\\/\\\/continuamosmx.com\\\/wp-content\\\/uploads\\\/2023\\\/04\\\/cropped-LOGO-CONTI-NUEVO.png\",\"contentUrl\":\"https:\\\/\\\/continuamosmx.com\\\/wp-content\\\/uploads\\\/2023\\\/04\\\/cropped-LOGO-CONTI-NUEVO.png\",\"width\":1257,\"height\":430,\"caption\":\"ContinuamosMX\"},\"image\":{\"@id\":\"https:\\\/\\\/continuamosmx.com\\\/#\\\/schema\\\/logo\\\/image\\\/\"}},{\"@type\":\"Person\",\"@id\":\"https:\\\/\\\/continuamosmx.com\\\/#\\\/schema\\\/person\\\/5eb5356acb1fad784da407d14f0e8d89\",\"name\":\"Continuamos MX\",\"image\":{\"@type\":\"ImageObject\",\"inLanguage\":\"es\",\"@id\":\"https:\\\/\\\/secure.gravatar.com\\\/avatar\\\/30d4f9723476a15f4da34d35fb3501f08d2357016c76051c6a85c354c7489589?s=96&d=mm&r=g\",\"url\":\"https:\\\/\\\/secure.gravatar.com\\\/avatar\\\/30d4f9723476a15f4da34d35fb3501f08d2357016c76051c6a85c354c7489589?s=96&d=mm&r=g\",\"contentUrl\":\"https:\\\/\\\/secure.gravatar.com\\\/avatar\\\/30d4f9723476a15f4da34d35fb3501f08d2357016c76051c6a85c354c7489589?s=96&d=mm&r=g\",\"caption\":\"Continuamos MX\"},\"sameAs\":[\"http:\\\/\\\/www.continuamos.mx\"],\"url\":\"https:\\\/\\\/continuamosmx.com\\\/index.php\\\/author\\\/continuamos\\\/\"}]}<\/script>\n<!-- \/ Yoast SEO plugin. -->","yoast_head_json":{"title":"HABR\u00c1 CAMPA\u00d1A DE RECICLAJE DE \u00c1RBOLES NAVIDE\u00d1OS -","robots":{"index":"index","follow":"follow","max-snippet":"max-snippet:-1","max-image-preview":"max-image-preview:large","max-video-preview":"max-video-preview:-1"},"canonical":"https:\/\/continuamosmx.com\/index.php\/2022\/01\/04\/habra-campana-de-reciclaje-de-arboles-navidenos\/","og_locale":"es_ES","og_type":"article","og_title":"HABR\u00c1 CAMPA\u00d1A DE RECICLAJE DE \u00c1RBOLES NAVIDE\u00d1OS -","og_description":"* Informan que a partir del 10 de enero se habilitar\u00e1n sus 18 viveros como centros de acopio * Indican que donar\u00e1n 10 por ciento de los \u00e1rboles recolectados para la fabricaci\u00f3n de artesan\u00edas o transformados en composta METEPEC.- Al concluir las fiestas decembrinas termina tambi\u00e9n la vida \u00fatil de los \u00e1rboles de Navidad naturales, [&hellip;]","og_url":"https:\/\/continuamosmx.com\/index.php\/2022\/01\/04\/habra-campana-de-reciclaje-de-arboles-navidenos\/","article_published_time":"2022-01-04T04:16:17+00:00","author":"Continuamos MX","twitter_card":"summary_large_image","twitter_misc":{"Escrito por":"Continuamos MX","Tiempo de lectura":"2 minutos"},"schema":{"@context":"https:\/\/schema.org","@graph":[{"@type":"Article","@id":"https:\/\/continuamosmx.com\/index.php\/2022\/01\/04\/habra-campana-de-reciclaje-de-arboles-navidenos\/#article","isPartOf":{"@id":"https:\/\/continuamosmx.com\/index.php\/2022\/01\/04\/habra-campana-de-reciclaje-de-arboles-navidenos\/"},"author":{"name":"Continuamos MX","@id":"https:\/\/continuamosmx.com\/#\/schema\/person\/5eb5356acb1fad784da407d14f0e8d89"},"headline":"HABR\u00c1 CAMPA\u00d1A DE RECICLAJE DE \u00c1RBOLES NAVIDE\u00d1OS","datePublished":"2022-01-04T04:16:17+00:00","mainEntityOfPage":{"@id":"https:\/\/continuamosmx.com\/index.php\/2022\/01\/04\/habra-campana-de-reciclaje-de-arboles-navidenos\/"},"wordCount":409,"publisher":{"@id":"https:\/\/continuamosmx.com\/#organization"},"image":{"@id":"https:\/\/continuamosmx.com\/index.php\/2022\/01\/04\/habra-campana-de-reciclaje-de-arboles-navidenos\/#primaryimage"},"thumbnailUrl":"https:\/\/continuamosmx.com\/wp-content\/uploads\/2022\/01\/reciclaje-nota-dos-contra.jpg","articleSection":["EDOMEX"],"inLanguage":"es"},{"@type":"WebPage","@id":"https:\/\/continuamosmx.com\/index.php\/2022\/01\/04\/habra-campana-de-reciclaje-de-arboles-navidenos\/","url":"https:\/\/continuamosmx.com\/index.php\/2022\/01\/04\/habra-campana-de-reciclaje-de-arboles-navidenos\/","name":"HABR\u00c1 CAMPA\u00d1A DE RECICLAJE DE \u00c1RBOLES NAVIDE\u00d1OS -","isPartOf":{"@id":"https:\/\/continuamosmx.com\/#website"},"primaryImageOfPage":{"@id":"https:\/\/continuamosmx.com\/index.php\/2022\/01\/04\/habra-campana-de-reciclaje-de-arboles-navidenos\/#primaryimage"},"image":{"@id":"https:\/\/continuamosmx.com\/index.php\/2022\/01\/04\/habra-campana-de-reciclaje-de-arboles-navidenos\/#primaryimage"},"thumbnailUrl":"https:\/\/continuamosmx.com\/wp-content\/uploads\/2022\/01\/reciclaje-nota-dos-contra.jpg","datePublished":"2022-01-04T04:16:17+00:00","breadcrumb":{"@id":"https:\/\/continuamosmx.com\/index.php\/2022\/01\/04\/habra-campana-de-reciclaje-de-arboles-navidenos\/#breadcrumb"},"inLanguage":"es","potentialAction":[{"@type":"ReadAction","target":["https:\/\/continuamosmx.com\/index.php\/2022\/01\/04\/habra-campana-de-reciclaje-de-arboles-navidenos\/"]}]},{"@type":"ImageObject","inLanguage":"es","@id":"https:\/\/continuamosmx.com\/index.php\/2022\/01\/04\/habra-campana-de-reciclaje-de-arboles-navidenos\/#primaryimage","url":"https:\/\/continuamosmx.com\/wp-content\/uploads\/2022\/01\/reciclaje-nota-dos-contra.jpg","contentUrl":"https:\/\/continuamosmx.com\/wp-content\/uploads\/2022\/01\/reciclaje-nota-dos-contra.jpg","width":480,"height":334},{"@type":"BreadcrumbList","@id":"https:\/\/continuamosmx.com\/index.php\/2022\/01\/04\/habra-campana-de-reciclaje-de-arboles-navidenos\/#breadcrumb","itemListElement":[{"@type":"ListItem","position":1,"name":"Inicio","item":"https:\/\/continuamosmx.com\/"},{"@type":"ListItem","position":2,"name":"HABR\u00c1 CAMPA\u00d1A DE RECICLAJE DE \u00c1RBOLES NAVIDE\u00d1OS"}]},{"@type":"WebSite","@id":"https:\/\/continuamosmx.com\/#website","url":"https:\/\/continuamosmx.com\/","name":"www.continuamosmx.com","description":"","publisher":{"@id":"https:\/\/continuamosmx.com\/#organization"},"potentialAction":[{"@type":"SearchAction","target":{"@type":"EntryPoint","urlTemplate":"https:\/\/continuamosmx.com\/?s={search_term_string}"},"query-input":{"@type":"PropertyValueSpecification","valueRequired":true,"valueName":"search_term_string"}}],"inLanguage":"es"},{"@type":"Organization","@id":"https:\/\/continuamosmx.com\/#organization","name":"ContinuamosMX","url":"https:\/\/continuamosmx.com\/","logo":{"@type":"ImageObject","inLanguage":"es","@id":"https:\/\/continuamosmx.com\/#\/schema\/logo\/image\/","url":"https:\/\/continuamosmx.com\/wp-content\/uploads\/2023\/04\/cropped-LOGO-CONTI-NUEVO.png","contentUrl":"https:\/\/continuamosmx.com\/wp-content\/uploads\/2023\/04\/cropped-LOGO-CONTI-NUEVO.png","width":1257,"height":430,"caption":"ContinuamosMX"},"image":{"@id":"https:\/\/continuamosmx.com\/#\/schema\/logo\/image\/"}},{"@type":"Person","@id":"https:\/\/continuamosmx.com\/#\/schema\/person\/5eb5356acb1fad784da407d14f0e8d89","name":"Continuamos MX","image":{"@type":"ImageObject","inLanguage":"es","@id":"https:\/\/secure.gravatar.com\/avatar\/30d4f9723476a15f4da34d35fb3501f08d2357016c76051c6a85c354c7489589?s=96&d=mm&r=g","url":"https:\/\/secure.gravatar.com\/avatar\/30d4f9723476a15f4da34d35fb3501f08d2357016c76051c6a85c354c7489589?s=96&d=mm&r=g","contentUrl":"https:\/\/secure.gravatar.com\/avatar\/30d4f9723476a15f4da34d35fb3501f08d2357016c76051c6a85c354c7489589?s=96&d=mm&r=g","caption":"Continuamos MX"},"sameAs":["http:\/\/www.continuamos.mx"],"url":"https:\/\/continuamosmx.com\/index.php\/author\/continuamos\/"}]}},"_links":{"self":[{"href":"https:\/\/continuamosmx.com\/index.php\/wp-json\/wp\/v2\/posts\/31949","targetHints":{"allow":["GET"]}}],"collection":[{"href":"https:\/\/continuamosmx.com\/index.php\/wp-json\/wp\/v2\/posts"}],"about":[{"href":"https:\/\/continuamosmx.com\/index.php\/wp-json\/wp\/v2\/types\/post"}],"author":[{"embeddable":true,"href":"https:\/\/continuamosmx.com\/index.php\/wp-json\/wp\/v2\/users\/6"}],"replies":[{"embeddable":true,"href":"https:\/\/continuamosmx.com\/index.php\/wp-json\/wp\/v2\/comments?post=31949"}],"version-history":[{"count":0,"href":"https:\/\/continuamosmx.com\/index.php\/wp-json\/wp\/v2\/posts\/31949\/revisions"}],"wp:featuredmedia":[{"embeddable":true,"href":"https:\/\/continuamosmx.com\/index.php\/wp-json\/wp\/v2\/media\/31950"}],"wp:attachment":[{"href":"https:\/\/continuamosmx.com\/index.php\/wp-json\/wp\/v2\/media?parent=31949"}],"wp:term":[{"taxonomy":"category","embeddable":true,"href":"https:\/\/continuamosmx.com\/index.php\/wp-json\/wp\/v2\/categories?post=31949"},{"taxonomy":"post_tag","embeddable":true,"href":"https:\/\/continuamosmx.com\/index.php\/wp-json\/wp\/v2\/tags?post=31949"}],"curies":[{"name":"wp","href":"https:\/\/api.w.org\/{rel}","templated":true}]}}