{"id":31939,"date":"2022-01-04T04:08:55","date_gmt":"2022-01-04T04:08:55","guid":{"rendered":"https:\/\/continuamos.mx\/?p=31939"},"modified":"2022-01-04T04:08:55","modified_gmt":"2022-01-04T04:08:55","slug":"rigoberto-vargas-llama-a-la-unidad-en-el-snte","status":"publish","type":"post","link":"https:\/\/continuamosmx.com\/index.php\/2022\/01\/04\/rigoberto-vargas-llama-a-la-unidad-en-el-snte\/","title":{"rendered":"RIGOBERTO VARGAS LLAMA A LA UNIDAD EN EL SNTE"},"content":{"rendered":"\n<p>* <strong>La Secci\u00f3n 36, avanza fortalecida y unida; se\u00f1al\u00f3 su secre<\/strong>tario general<\/p>\n\n\n\n<p>* <strong>En cada acci\u00f3n del Comit\u00e9 Ejecutivo Seccional, se velan los intereses colecti<\/strong>vos de los trabajadores<\/p>\n\n\n\n<p>ESTADO DE M\u00c9XICO.- Ante mentiras y calumnias e intentos de divisi\u00f3n al interior de la base magisterial, el Secretario General de la Secci\u00f3n 36 del SNTE, en el Valle de M\u00e9xico Rigoberto Vargas Cervantes, inst\u00f3 a sus agremiados a mantenerse unidos y con pas\u00f3 firm\u00e9.<\/p>\n\n\n\n<p>El l\u00edder del magisterio federal en el Valle de M\u00e9xico, convoc\u00f3 a los trabajadores de la educaci\u00f3n a mantenerse unidos ante cualquier intento de divisi\u00f3n y de calumnias al interior del gremio sindical.<\/p>\n\n\n\n<p>Durante su mensaje en la p\u00e1gina oficial de Facebook de la organizaci\u00f3n sindical, Vargas Cervantes, dijo estar convencido en qu\u00e9 los mejores resultados se logran en unidad, \u00abque nada ni nadie nos robe la tranquilidad y la felicidad\u00bb, subray\u00f3.<\/p>\n\n\n\n<p>Al reafirmar que la fuerza de la organizaci\u00f3n sindical radica en sus trabajadores,&nbsp; Rigoberto Vargas Cervantes, mencion\u00f3 que la cercan\u00eda con sus representados seguir\u00e1 c\u00f3mo desd\u00e9 el inicio de gesti\u00f3n, \u00bb pues con cada detalle y acci\u00f3n nos pronunciamos por velar por los intereses colectivos de los trabajadores\u00bb, agrego.<\/p>\n\n\n\n<p>El dirigente sindical de la Secci\u00f3n 36 del Sindicato Nacional de Trabajadores de la Educaci\u00f3n SNTE, en el Valle de M\u00e9xico, tambi\u00e9n expres\u00f3 su solidaridad a quienes derivado de la pandemia por el SARS-CoV-2, perdieron a un familiar o un ser querido.<\/p>\n\n\n\n<p>Vargas Cervantes, asever\u00f3 que al pas\u00f3 de dos a\u00f1os de pandemia por el Covid-19, los trabajadores del magisterio federal han aprendido a qu\u00e9 por cualquier problema por muy dif\u00edcil que parezca,- dijo- les rob\u00e9 la paz y la tranquilidad.<\/p>\n","protected":false},"excerpt":{"rendered":"<p>* La Secci\u00f3n 36, avanza fortalecida y unida; se\u00f1al\u00f3 su secretario general * En cada acci\u00f3n del Comit\u00e9 Ejecutivo Seccional, se velan los intereses colectivos de los trabajadores ESTADO DE M\u00c9XICO.- Ante mentiras y calumnias e intentos de divisi\u00f3n al interior de la base magisterial, el Secretario General de la Secci\u00f3n 36 del SNTE, en [&hellip;]<\/p>\n","protected":false},"author":6,"featured_media":31940,"comment_status":"closed","ping_status":"open","sticky":false,"template":"","format":"standard","meta":{"footnotes":""},"categories":[2],"tags":[],"class_list":["post-31939","post","type-post","status-publish","format-standard","has-post-thumbnail","hentry","category-edomex"],"yoast_head":"<!-- This site is optimized with the Yoast SEO plugin v27.5 - https:\/\/yoast.com\/product\/yoast-seo-wordpress\/ -->\n<title>RIGOBERTO VARGAS LLAMA A LA UNIDAD EN EL SNTE -<\/title>\n<meta name=\"robots\" content=\"index, follow, max-snippet:-1, max-image-preview:large, max-video-preview:-1\" \/>\n<link rel=\"canonical\" href=\"https:\/\/continuamosmx.com\/index.php\/2022\/01\/04\/rigoberto-vargas-llama-a-la-unidad-en-el-snte\/\" \/>\n<meta property=\"og:locale\" content=\"es_ES\" \/>\n<meta property=\"og:type\" content=\"article\" \/>\n<meta property=\"og:title\" content=\"RIGOBERTO VARGAS LLAMA A LA UNIDAD EN EL SNTE -\" \/>\n<meta property=\"og:description\" content=\"* La Secci\u00f3n 36, avanza fortalecida y unida; se\u00f1al\u00f3 su secretario general * En cada acci\u00f3n del Comit\u00e9 Ejecutivo Seccional, se velan los intereses colectivos de los trabajadores ESTADO DE M\u00c9XICO.- Ante mentiras y calumnias e intentos de divisi\u00f3n al interior de la base magisterial, el Secretario General de la Secci\u00f3n 36 del SNTE, en [&hellip;]\" \/>\n<meta property=\"og:url\" content=\"https:\/\/continuamosmx.com\/index.php\/2022\/01\/04\/rigoberto-vargas-llama-a-la-unidad-en-el-snte\/\" \/>\n<meta property=\"article:published_time\" content=\"2022-01-04T04:08:55+00:00\" \/>\n<meta name=\"author\" content=\"Continuamos MX\" \/>\n<meta name=\"twitter:card\" content=\"summary_large_image\" \/>\n<meta name=\"twitter:label1\" content=\"Escrito por\" \/>\n\t<meta name=\"twitter:data1\" content=\"Continuamos MX\" \/>\n\t<meta name=\"twitter:label2\" content=\"Tiempo de lectura\" \/>\n\t<meta name=\"twitter:data2\" content=\"1 minuto\" \/>\n<script type=\"application\/ld+json\" class=\"yoast-schema-graph\">{\"@context\":\"https:\\\/\\\/schema.org\",\"@graph\":[{\"@type\":\"Article\",\"@id\":\"https:\\\/\\\/continuamosmx.com\\\/index.php\\\/2022\\\/01\\\/04\\\/rigoberto-vargas-llama-a-la-unidad-en-el-snte\\\/#article\",\"isPartOf\":{\"@id\":\"https:\\\/\\\/continuamosmx.com\\\/index.php\\\/2022\\\/01\\\/04\\\/rigoberto-vargas-llama-a-la-unidad-en-el-snte\\\/\"},\"author\":{\"name\":\"Continuamos MX\",\"@id\":\"https:\\\/\\\/continuamosmx.com\\\/#\\\/schema\\\/person\\\/5eb5356acb1fad784da407d14f0e8d89\"},\"headline\":\"RIGOBERTO VARGAS LLAMA A LA UNIDAD EN EL SNTE\",\"datePublished\":\"2022-01-04T04:08:55+00:00\",\"mainEntityOfPage\":{\"@id\":\"https:\\\/\\\/continuamosmx.com\\\/index.php\\\/2022\\\/01\\\/04\\\/rigoberto-vargas-llama-a-la-unidad-en-el-snte\\\/\"},\"wordCount\":305,\"publisher\":{\"@id\":\"https:\\\/\\\/continuamosmx.com\\\/#organization\"},\"image\":{\"@id\":\"https:\\\/\\\/continuamosmx.com\\\/index.php\\\/2022\\\/01\\\/04\\\/rigoberto-vargas-llama-a-la-unidad-en-el-snte\\\/#primaryimage\"},\"thumbnailUrl\":\"https:\\\/\\\/continuamosmx.com\\\/wp-content\\\/uploads\\\/2022\\\/01\\\/SNTE.jpg\",\"articleSection\":[\"EDOMEX\"],\"inLanguage\":\"es\"},{\"@type\":\"WebPage\",\"@id\":\"https:\\\/\\\/continuamosmx.com\\\/index.php\\\/2022\\\/01\\\/04\\\/rigoberto-vargas-llama-a-la-unidad-en-el-snte\\\/\",\"url\":\"https:\\\/\\\/continuamosmx.com\\\/index.php\\\/2022\\\/01\\\/04\\\/rigoberto-vargas-llama-a-la-unidad-en-el-snte\\\/\",\"name\":\"RIGOBERTO VARGAS LLAMA A LA UNIDAD EN EL SNTE -\",\"isPartOf\":{\"@id\":\"https:\\\/\\\/continuamosmx.com\\\/#website\"},\"primaryImageOfPage\":{\"@id\":\"https:\\\/\\\/continuamosmx.com\\\/index.php\\\/2022\\\/01\\\/04\\\/rigoberto-vargas-llama-a-la-unidad-en-el-snte\\\/#primaryimage\"},\"image\":{\"@id\":\"https:\\\/\\\/continuamosmx.com\\\/index.php\\\/2022\\\/01\\\/04\\\/rigoberto-vargas-llama-a-la-unidad-en-el-snte\\\/#primaryimage\"},\"thumbnailUrl\":\"https:\\\/\\\/continuamosmx.com\\\/wp-content\\\/uploads\\\/2022\\\/01\\\/SNTE.jpg\",\"datePublished\":\"2022-01-04T04:08:55+00:00\",\"breadcrumb\":{\"@id\":\"https:\\\/\\\/continuamosmx.com\\\/index.php\\\/2022\\\/01\\\/04\\\/rigoberto-vargas-llama-a-la-unidad-en-el-snte\\\/#breadcrumb\"},\"inLanguage\":\"es\",\"potentialAction\":[{\"@type\":\"ReadAction\",\"target\":[\"https:\\\/\\\/continuamosmx.com\\\/index.php\\\/2022\\\/01\\\/04\\\/rigoberto-vargas-llama-a-la-unidad-en-el-snte\\\/\"]}]},{\"@type\":\"ImageObject\",\"inLanguage\":\"es\",\"@id\":\"https:\\\/\\\/continuamosmx.com\\\/index.php\\\/2022\\\/01\\\/04\\\/rigoberto-vargas-llama-a-la-unidad-en-el-snte\\\/#primaryimage\",\"url\":\"https:\\\/\\\/continuamosmx.com\\\/wp-content\\\/uploads\\\/2022\\\/01\\\/SNTE.jpg\",\"contentUrl\":\"https:\\\/\\\/continuamosmx.com\\\/wp-content\\\/uploads\\\/2022\\\/01\\\/SNTE.jpg\",\"width\":480,\"height\":319},{\"@type\":\"BreadcrumbList\",\"@id\":\"https:\\\/\\\/continuamosmx.com\\\/index.php\\\/2022\\\/01\\\/04\\\/rigoberto-vargas-llama-a-la-unidad-en-el-snte\\\/#breadcrumb\",\"itemListElement\":[{\"@type\":\"ListItem\",\"position\":1,\"name\":\"Inicio\",\"item\":\"https:\\\/\\\/continuamosmx.com\\\/\"},{\"@type\":\"ListItem\",\"position\":2,\"name\":\"RIGOBERTO VARGAS LLAMA A LA UNIDAD EN EL SNTE\"}]},{\"@type\":\"WebSite\",\"@id\":\"https:\\\/\\\/continuamosmx.com\\\/#website\",\"url\":\"https:\\\/\\\/continuamosmx.com\\\/\",\"name\":\"www.continuamosmx.com\",\"description\":\"\",\"publisher\":{\"@id\":\"https:\\\/\\\/continuamosmx.com\\\/#organization\"},\"potentialAction\":[{\"@type\":\"SearchAction\",\"target\":{\"@type\":\"EntryPoint\",\"urlTemplate\":\"https:\\\/\\\/continuamosmx.com\\\/?s={search_term_string}\"},\"query-input\":{\"@type\":\"PropertyValueSpecification\",\"valueRequired\":true,\"valueName\":\"search_term_string\"}}],\"inLanguage\":\"es\"},{\"@type\":\"Organization\",\"@id\":\"https:\\\/\\\/continuamosmx.com\\\/#organization\",\"name\":\"ContinuamosMX\",\"url\":\"https:\\\/\\\/continuamosmx.com\\\/\",\"logo\":{\"@type\":\"ImageObject\",\"inLanguage\":\"es\",\"@id\":\"https:\\\/\\\/continuamosmx.com\\\/#\\\/schema\\\/logo\\\/image\\\/\",\"url\":\"https:\\\/\\\/continuamosmx.com\\\/wp-content\\\/uploads\\\/2023\\\/04\\\/cropped-LOGO-CONTI-NUEVO.png\",\"contentUrl\":\"https:\\\/\\\/continuamosmx.com\\\/wp-content\\\/uploads\\\/2023\\\/04\\\/cropped-LOGO-CONTI-NUEVO.png\",\"width\":1257,\"height\":430,\"caption\":\"ContinuamosMX\"},\"image\":{\"@id\":\"https:\\\/\\\/continuamosmx.com\\\/#\\\/schema\\\/logo\\\/image\\\/\"}},{\"@type\":\"Person\",\"@id\":\"https:\\\/\\\/continuamosmx.com\\\/#\\\/schema\\\/person\\\/5eb5356acb1fad784da407d14f0e8d89\",\"name\":\"Continuamos MX\",\"image\":{\"@type\":\"ImageObject\",\"inLanguage\":\"es\",\"@id\":\"https:\\\/\\\/secure.gravatar.com\\\/avatar\\\/30d4f9723476a15f4da34d35fb3501f08d2357016c76051c6a85c354c7489589?s=96&d=mm&r=g\",\"url\":\"https:\\\/\\\/secure.gravatar.com\\\/avatar\\\/30d4f9723476a15f4da34d35fb3501f08d2357016c76051c6a85c354c7489589?s=96&d=mm&r=g\",\"contentUrl\":\"https:\\\/\\\/secure.gravatar.com\\\/avatar\\\/30d4f9723476a15f4da34d35fb3501f08d2357016c76051c6a85c354c7489589?s=96&d=mm&r=g\",\"caption\":\"Continuamos MX\"},\"sameAs\":[\"http:\\\/\\\/www.continuamos.mx\"],\"url\":\"https:\\\/\\\/continuamosmx.com\\\/index.php\\\/author\\\/continuamos\\\/\"}]}<\/script>\n<!-- \/ Yoast SEO plugin. -->","yoast_head_json":{"title":"RIGOBERTO VARGAS LLAMA A LA UNIDAD EN EL SNTE -","robots":{"index":"index","follow":"follow","max-snippet":"max-snippet:-1","max-image-preview":"max-image-preview:large","max-video-preview":"max-video-preview:-1"},"canonical":"https:\/\/continuamosmx.com\/index.php\/2022\/01\/04\/rigoberto-vargas-llama-a-la-unidad-en-el-snte\/","og_locale":"es_ES","og_type":"article","og_title":"RIGOBERTO VARGAS LLAMA A LA UNIDAD EN EL SNTE -","og_description":"* La Secci\u00f3n 36, avanza fortalecida y unida; se\u00f1al\u00f3 su secretario general * En cada acci\u00f3n del Comit\u00e9 Ejecutivo Seccional, se velan los intereses colectivos de los trabajadores ESTADO DE M\u00c9XICO.- Ante mentiras y calumnias e intentos de divisi\u00f3n al interior de la base magisterial, el Secretario General de la Secci\u00f3n 36 del SNTE, en [&hellip;]","og_url":"https:\/\/continuamosmx.com\/index.php\/2022\/01\/04\/rigoberto-vargas-llama-a-la-unidad-en-el-snte\/","article_published_time":"2022-01-04T04:08:55+00:00","author":"Continuamos MX","twitter_card":"summary_large_image","twitter_misc":{"Escrito por":"Continuamos MX","Tiempo de lectura":"1 minuto"},"schema":{"@context":"https:\/\/schema.org","@graph":[{"@type":"Article","@id":"https:\/\/continuamosmx.com\/index.php\/2022\/01\/04\/rigoberto-vargas-llama-a-la-unidad-en-el-snte\/#article","isPartOf":{"@id":"https:\/\/continuamosmx.com\/index.php\/2022\/01\/04\/rigoberto-vargas-llama-a-la-unidad-en-el-snte\/"},"author":{"name":"Continuamos MX","@id":"https:\/\/continuamosmx.com\/#\/schema\/person\/5eb5356acb1fad784da407d14f0e8d89"},"headline":"RIGOBERTO VARGAS LLAMA A LA UNIDAD EN EL SNTE","datePublished":"2022-01-04T04:08:55+00:00","mainEntityOfPage":{"@id":"https:\/\/continuamosmx.com\/index.php\/2022\/01\/04\/rigoberto-vargas-llama-a-la-unidad-en-el-snte\/"},"wordCount":305,"publisher":{"@id":"https:\/\/continuamosmx.com\/#organization"},"image":{"@id":"https:\/\/continuamosmx.com\/index.php\/2022\/01\/04\/rigoberto-vargas-llama-a-la-unidad-en-el-snte\/#primaryimage"},"thumbnailUrl":"https:\/\/continuamosmx.com\/wp-content\/uploads\/2022\/01\/SNTE.jpg","articleSection":["EDOMEX"],"inLanguage":"es"},{"@type":"WebPage","@id":"https:\/\/continuamosmx.com\/index.php\/2022\/01\/04\/rigoberto-vargas-llama-a-la-unidad-en-el-snte\/","url":"https:\/\/continuamosmx.com\/index.php\/2022\/01\/04\/rigoberto-vargas-llama-a-la-unidad-en-el-snte\/","name":"RIGOBERTO VARGAS LLAMA A LA UNIDAD EN EL SNTE -","isPartOf":{"@id":"https:\/\/continuamosmx.com\/#website"},"primaryImageOfPage":{"@id":"https:\/\/continuamosmx.com\/index.php\/2022\/01\/04\/rigoberto-vargas-llama-a-la-unidad-en-el-snte\/#primaryimage"},"image":{"@id":"https:\/\/continuamosmx.com\/index.php\/2022\/01\/04\/rigoberto-vargas-llama-a-la-unidad-en-el-snte\/#primaryimage"},"thumbnailUrl":"https:\/\/continuamosmx.com\/wp-content\/uploads\/2022\/01\/SNTE.jpg","datePublished":"2022-01-04T04:08:55+00:00","breadcrumb":{"@id":"https:\/\/continuamosmx.com\/index.php\/2022\/01\/04\/rigoberto-vargas-llama-a-la-unidad-en-el-snte\/#breadcrumb"},"inLanguage":"es","potentialAction":[{"@type":"ReadAction","target":["https:\/\/continuamosmx.com\/index.php\/2022\/01\/04\/rigoberto-vargas-llama-a-la-unidad-en-el-snte\/"]}]},{"@type":"ImageObject","inLanguage":"es","@id":"https:\/\/continuamosmx.com\/index.php\/2022\/01\/04\/rigoberto-vargas-llama-a-la-unidad-en-el-snte\/#primaryimage","url":"https:\/\/continuamosmx.com\/wp-content\/uploads\/2022\/01\/SNTE.jpg","contentUrl":"https:\/\/continuamosmx.com\/wp-content\/uploads\/2022\/01\/SNTE.jpg","width":480,"height":319},{"@type":"BreadcrumbList","@id":"https:\/\/continuamosmx.com\/index.php\/2022\/01\/04\/rigoberto-vargas-llama-a-la-unidad-en-el-snte\/#breadcrumb","itemListElement":[{"@type":"ListItem","position":1,"name":"Inicio","item":"https:\/\/continuamosmx.com\/"},{"@type":"ListItem","position":2,"name":"RIGOBERTO VARGAS LLAMA A LA UNIDAD EN EL SNTE"}]},{"@type":"WebSite","@id":"https:\/\/continuamosmx.com\/#website","url":"https:\/\/continuamosmx.com\/","name":"www.continuamosmx.com","description":"","publisher":{"@id":"https:\/\/continuamosmx.com\/#organization"},"potentialAction":[{"@type":"SearchAction","target":{"@type":"EntryPoint","urlTemplate":"https:\/\/continuamosmx.com\/?s={search_term_string}"},"query-input":{"@type":"PropertyValueSpecification","valueRequired":true,"valueName":"search_term_string"}}],"inLanguage":"es"},{"@type":"Organization","@id":"https:\/\/continuamosmx.com\/#organization","name":"ContinuamosMX","url":"https:\/\/continuamosmx.com\/","logo":{"@type":"ImageObject","inLanguage":"es","@id":"https:\/\/continuamosmx.com\/#\/schema\/logo\/image\/","url":"https:\/\/continuamosmx.com\/wp-content\/uploads\/2023\/04\/cropped-LOGO-CONTI-NUEVO.png","contentUrl":"https:\/\/continuamosmx.com\/wp-content\/uploads\/2023\/04\/cropped-LOGO-CONTI-NUEVO.png","width":1257,"height":430,"caption":"ContinuamosMX"},"image":{"@id":"https:\/\/continuamosmx.com\/#\/schema\/logo\/image\/"}},{"@type":"Person","@id":"https:\/\/continuamosmx.com\/#\/schema\/person\/5eb5356acb1fad784da407d14f0e8d89","name":"Continuamos MX","image":{"@type":"ImageObject","inLanguage":"es","@id":"https:\/\/secure.gravatar.com\/avatar\/30d4f9723476a15f4da34d35fb3501f08d2357016c76051c6a85c354c7489589?s=96&d=mm&r=g","url":"https:\/\/secure.gravatar.com\/avatar\/30d4f9723476a15f4da34d35fb3501f08d2357016c76051c6a85c354c7489589?s=96&d=mm&r=g","contentUrl":"https:\/\/secure.gravatar.com\/avatar\/30d4f9723476a15f4da34d35fb3501f08d2357016c76051c6a85c354c7489589?s=96&d=mm&r=g","caption":"Continuamos MX"},"sameAs":["http:\/\/www.continuamos.mx"],"url":"https:\/\/continuamosmx.com\/index.php\/author\/continuamos\/"}]}},"_links":{"self":[{"href":"https:\/\/continuamosmx.com\/index.php\/wp-json\/wp\/v2\/posts\/31939","targetHints":{"allow":["GET"]}}],"collection":[{"href":"https:\/\/continuamosmx.com\/index.php\/wp-json\/wp\/v2\/posts"}],"about":[{"href":"https:\/\/continuamosmx.com\/index.php\/wp-json\/wp\/v2\/types\/post"}],"author":[{"embeddable":true,"href":"https:\/\/continuamosmx.com\/index.php\/wp-json\/wp\/v2\/users\/6"}],"replies":[{"embeddable":true,"href":"https:\/\/continuamosmx.com\/index.php\/wp-json\/wp\/v2\/comments?post=31939"}],"version-history":[{"count":0,"href":"https:\/\/continuamosmx.com\/index.php\/wp-json\/wp\/v2\/posts\/31939\/revisions"}],"wp:featuredmedia":[{"embeddable":true,"href":"https:\/\/continuamosmx.com\/index.php\/wp-json\/wp\/v2\/media\/31940"}],"wp:attachment":[{"href":"https:\/\/continuamosmx.com\/index.php\/wp-json\/wp\/v2\/media?parent=31939"}],"wp:term":[{"taxonomy":"category","embeddable":true,"href":"https:\/\/continuamosmx.com\/index.php\/wp-json\/wp\/v2\/categories?post=31939"},{"taxonomy":"post_tag","embeddable":true,"href":"https:\/\/continuamosmx.com\/index.php\/wp-json\/wp\/v2\/tags?post=31939"}],"curies":[{"name":"wp","href":"https:\/\/api.w.org\/{rel}","templated":true}]}}