{"id":31930,"date":"2022-01-04T04:00:30","date_gmt":"2022-01-04T04:00:30","guid":{"rendered":"https:\/\/continuamos.mx\/?p=31930"},"modified":"2022-01-04T04:00:30","modified_gmt":"2022-01-04T04:00:30","slug":"debe-iniciar-en-casa-el-combate-de-la-violencia-contra-la-mujer","status":"publish","type":"post","link":"https:\/\/continuamosmx.com\/index.php\/2022\/01\/04\/debe-iniciar-en-casa-el-combate-de-la-violencia-contra-la-mujer\/","title":{"rendered":"DEBE INICIAR EN CASA EL COMBATE DE LA VIOLENCIA CONTRA LA MUJER"},"content":{"rendered":"\n<p>*<strong>Se\u00f1al\u00f3 la diputada M\u00f3nica \u00c1lvarez Nemer<\/strong><\/p>\n\n\n\n<p>* <strong>Obligados los tres niveles de gobierno a activar una intensa campa\u00f1a de sensibilizaci\u00f3n en combate a violencia contra la mujer<\/strong><\/p>\n\n\n\n<p>TOLUCA.- La diputada local M\u00f3nica \u00c1lvarez Nemer consider\u00f3 que el combate contra la violencia que afecta de manera cotidiana a amplios sectores de mujeres tambi\u00e9n debe iniciar en casa, con mecanismos precisos para romper el c\u00edrculo violento que desafortunadamente existe en algunos hogares mexiquenses.<\/p>\n\n\n\n<p>La legisladora de Morena consider\u00f3 que las acciones concretas pueden ir desde generar conciencia del severo problema que representan las agresiones violentas, f\u00edsicas y verbales, que cotidianamente enfrentan las mujeres en todos los \u00e1mbitos, hasta cambiar las actitudes personales y llevar a la pr\u00e1ctica comportamientos encaminados a garantizar equidad, igualdad y seguridad de la mujer en el hogar, centro de trabajo, transporte p\u00fablico y en cualquier espacio p\u00fablico y\/o privado.<\/p>\n\n\n\n<p>En entrevista la representante popular de la Cuarta Transformaci\u00f3n y vecina de Toluca, M\u00f3nica \u00c1lvarez precis\u00f3 que aunque han mejorado algunos procesos y mecanismos institucionales encaminados a erradicar conductas violentas contra la mujer, no se han logrado avances sustanciales ya que los \u00edndices delictivos relacionados con dicha problem\u00e1tica se siguen manteniendo muy altos.<\/p>\n\n\n\n<p>Datos oficiales de la Fiscal\u00eda estatal precisan que de enero a noviembre de 2021 las agencias del Ministerio P\u00fablico local registraron 20,296 denuncias por el delito de \u201cViolencia familiar\u201d;&nbsp; 1,973 denuncias por \u201cViolencia de g\u00e9nero en todas sus modalidades distinta a la violencia familiar\u201d; 2,466 denuncias por \u201cIncumplimiento de obligaciones de asistencia familiar\u201d; 3,742 denuncias por \u201cAbuso sexual\u201d; 1,299 denuncias por \u201cAcoso sexual\u201d; 1,413 denuncias por \u201cViolencia simple\u201d; 1,123 denuncias por \u201cViolencia equiparada\u201d y 130 \u201cFeminicidios\u201d.<\/p>\n\n\n\n<p>La diputada de la bancada de la Esperanza consider\u00f3 que algunas de las acciones concretas que cualquier persona puede realizar de manera inmediata para combatir la violencia contra la mujer es el fomento a los valores familiares, a los derechos humanos; as\u00ed como llevar a la pr\u00e1ctica los principios de civilidad, honorabilidad y el amor por el pr\u00f3jimo, pues de esa manera se est\u00e1 combatiendo el odio, coraje y ego\u00edsmo.<\/p>\n\n\n\n<p>\u201cDarles atenci\u00f3n total a todas y todos los ni\u00f1os y adolescentes, es la manera de romper v\u00ednculos violentos\u201d, dijo tras precisar que no es sencillo frenar la violencia al interior de los hogares, pero tampoco imposible.<\/p>\n\n\n\n<p>Para M\u00f3nica \u00c1lvarez Nemer, la autoridad ejecutiva municipal, estatal y federal son un factor muy relevante para combatir la violencia contra la mujer, entre otros aspectos, porque tienen las herramientas de difusi\u00f3n id\u00f3neas para operar una gran campa\u00f1a de sensibilizaci\u00f3n y s\u00ed eso sucediera hay altas probabilidades de que millones de mexiquenses generen una profunda reflexi\u00f3n sobre el tema, dijo.<\/p>\n\n\n\n<p>Por ello exigi\u00f3 a las autoridades ejecutivas como alcaldesas, alcaldes y gobernador mexiquense, emprender en este 2022 una campa\u00f1a de difusi\u00f3n permanente de sensibilizaci\u00f3n que combata de manera frontal la violencia contra la mujer.<\/p>\n\n\n\n<p>\u201cUna campa\u00f1a de sensibilizaci\u00f3n a la poblaci\u00f3n puede tocar fibras emocionales muy fuertes\u201d, opin\u00f3 al reconocer que la intensa din\u00e1mica laboral orilla a que los miembros de las familias antepongan lo urgente a lo importante.<\/p>\n\n\n\n<p>M\u00f3nica \u00c1lvarez consider\u00f3 que primero hay que mostrar a la poblaci\u00f3n el origen de la problem\u00e1tica; en segundo t\u00e9rmino, apuntalar la generaci\u00f3n de conciencia y tocar fibras sensibles y luego precisar las acciones que se deben emprender para erradicar la violencia contra las mujeres.<\/p>\n\n\n\n<p>\u201cEs muy f\u00e1cil quejarse, pero la soluci\u00f3n est\u00e1 en todos nosotros\u201d, enfatiz\u00f3.<\/p>\n\n\n\n<p>La diputada no dudo en sostener que la propia ciudadan\u00eda tiene parte de las respuestas para resolver algunas de las problem\u00e1ticas que aquejan a las comunidades, por lo que pidi\u00f3 a los titulares del Poder ejecutivo estatal y municipal, atender las opiniones, sugerencias y propuestas en general que realizan las y los vecinos para resolver los problemas locales de violencia contra la mujer.<\/p>\n\n\n\n<p>En este tenor M\u00f3nica \u00c1lvarez de la 4T hizo un llamado a Alejandro G\u00f3mez S\u00e1nchez, Fiscal estatal, as\u00ed como a los directivos de dicha instituci\u00f3n para que en caso de detectar a violadores u agresores sexuales seriales en determinadas zonas de alg\u00fan municipio, alerten de inmediato a la poblaci\u00f3n para que desde la sociedad civil tambi\u00e9n se pueda generar un mecanismo de prevenci\u00f3n, protecci\u00f3n, pero sobre todo de detecci\u00f3n, pues de esa manera se ampliar\u00edan las posibilidades de que los vecinos se sumen a la localizaci\u00f3n del agresor.<\/p>\n\n\n\n<p>\u201cApostar a romper paradigmas porque antes era todo muy callado para no alarmar a la poblaci\u00f3n, pero hoy no debe ser as\u00ed. Hay que informar y pedir ayuda a la poblaci\u00f3n\u201d, concluy\u00f3.<\/p>\n","protected":false},"excerpt":{"rendered":"<p>*Se\u00f1al\u00f3 la diputada M\u00f3nica \u00c1lvarez Nemer * Obligados los tres niveles de gobierno a activar una intensa campa\u00f1a de sensibilizaci\u00f3n en combate a violencia contra la mujer TOLUCA.- La diputada local M\u00f3nica \u00c1lvarez Nemer consider\u00f3 que el combate contra la violencia que afecta de manera cotidiana a amplios sectores de mujeres tambi\u00e9n debe iniciar en [&hellip;]<\/p>\n","protected":false},"author":6,"featured_media":31931,"comment_status":"closed","ping_status":"open","sticky":false,"template":"","format":"standard","meta":{"footnotes":""},"categories":[2,3],"tags":[],"class_list":["post-31930","post","type-post","status-publish","format-standard","has-post-thumbnail","hentry","category-edomex","category-politica"],"yoast_head":"<!-- This site is optimized with the Yoast SEO plugin v27.5 - https:\/\/yoast.com\/product\/yoast-seo-wordpress\/ -->\n<title>DEBE INICIAR EN CASA EL COMBATE DE LA VIOLENCIA CONTRA LA MUJER -<\/title>\n<meta name=\"robots\" content=\"index, follow, max-snippet:-1, max-image-preview:large, max-video-preview:-1\" \/>\n<link rel=\"canonical\" href=\"https:\/\/continuamosmx.com\/index.php\/2022\/01\/04\/debe-iniciar-en-casa-el-combate-de-la-violencia-contra-la-mujer\/\" \/>\n<meta property=\"og:locale\" content=\"es_ES\" \/>\n<meta property=\"og:type\" content=\"article\" \/>\n<meta property=\"og:title\" content=\"DEBE INICIAR EN CASA EL COMBATE DE LA VIOLENCIA CONTRA LA MUJER -\" \/>\n<meta property=\"og:description\" content=\"*Se\u00f1al\u00f3 la diputada M\u00f3nica \u00c1lvarez Nemer * Obligados los tres niveles de gobierno a activar una intensa campa\u00f1a de sensibilizaci\u00f3n en combate a violencia contra la mujer TOLUCA.- La diputada local M\u00f3nica \u00c1lvarez Nemer consider\u00f3 que el combate contra la violencia que afecta de manera cotidiana a amplios sectores de mujeres tambi\u00e9n debe iniciar en [&hellip;]\" \/>\n<meta property=\"og:url\" content=\"https:\/\/continuamosmx.com\/index.php\/2022\/01\/04\/debe-iniciar-en-casa-el-combate-de-la-violencia-contra-la-mujer\/\" \/>\n<meta property=\"article:published_time\" content=\"2022-01-04T04:00:30+00:00\" \/>\n<meta name=\"author\" content=\"Continuamos MX\" \/>\n<meta name=\"twitter:card\" content=\"summary_large_image\" \/>\n<meta name=\"twitter:label1\" content=\"Escrito por\" \/>\n\t<meta name=\"twitter:data1\" content=\"Continuamos MX\" \/>\n\t<meta name=\"twitter:label2\" content=\"Tiempo de lectura\" \/>\n\t<meta name=\"twitter:data2\" content=\"4 minutos\" \/>\n<script type=\"application\/ld+json\" class=\"yoast-schema-graph\">{\"@context\":\"https:\\\/\\\/schema.org\",\"@graph\":[{\"@type\":\"Article\",\"@id\":\"https:\\\/\\\/continuamosmx.com\\\/index.php\\\/2022\\\/01\\\/04\\\/debe-iniciar-en-casa-el-combate-de-la-violencia-contra-la-mujer\\\/#article\",\"isPartOf\":{\"@id\":\"https:\\\/\\\/continuamosmx.com\\\/index.php\\\/2022\\\/01\\\/04\\\/debe-iniciar-en-casa-el-combate-de-la-violencia-contra-la-mujer\\\/\"},\"author\":{\"name\":\"Continuamos MX\",\"@id\":\"https:\\\/\\\/continuamosmx.com\\\/#\\\/schema\\\/person\\\/5eb5356acb1fad784da407d14f0e8d89\"},\"headline\":\"DEBE INICIAR EN CASA EL COMBATE DE LA VIOLENCIA CONTRA LA MUJER\",\"datePublished\":\"2022-01-04T04:00:30+00:00\",\"mainEntityOfPage\":{\"@id\":\"https:\\\/\\\/continuamosmx.com\\\/index.php\\\/2022\\\/01\\\/04\\\/debe-iniciar-en-casa-el-combate-de-la-violencia-contra-la-mujer\\\/\"},\"wordCount\":807,\"publisher\":{\"@id\":\"https:\\\/\\\/continuamosmx.com\\\/#organization\"},\"image\":{\"@id\":\"https:\\\/\\\/continuamosmx.com\\\/index.php\\\/2022\\\/01\\\/04\\\/debe-iniciar-en-casa-el-combate-de-la-violencia-contra-la-mujer\\\/#primaryimage\"},\"thumbnailUrl\":\"https:\\\/\\\/continuamosmx.com\\\/wp-content\\\/uploads\\\/2022\\\/01\\\/monica.jpg\",\"articleSection\":[\"EDOMEX\",\"POL\u00cdTICA\"],\"inLanguage\":\"es\"},{\"@type\":\"WebPage\",\"@id\":\"https:\\\/\\\/continuamosmx.com\\\/index.php\\\/2022\\\/01\\\/04\\\/debe-iniciar-en-casa-el-combate-de-la-violencia-contra-la-mujer\\\/\",\"url\":\"https:\\\/\\\/continuamosmx.com\\\/index.php\\\/2022\\\/01\\\/04\\\/debe-iniciar-en-casa-el-combate-de-la-violencia-contra-la-mujer\\\/\",\"name\":\"DEBE INICIAR EN CASA EL COMBATE DE LA VIOLENCIA CONTRA LA MUJER -\",\"isPartOf\":{\"@id\":\"https:\\\/\\\/continuamosmx.com\\\/#website\"},\"primaryImageOfPage\":{\"@id\":\"https:\\\/\\\/continuamosmx.com\\\/index.php\\\/2022\\\/01\\\/04\\\/debe-iniciar-en-casa-el-combate-de-la-violencia-contra-la-mujer\\\/#primaryimage\"},\"image\":{\"@id\":\"https:\\\/\\\/continuamosmx.com\\\/index.php\\\/2022\\\/01\\\/04\\\/debe-iniciar-en-casa-el-combate-de-la-violencia-contra-la-mujer\\\/#primaryimage\"},\"thumbnailUrl\":\"https:\\\/\\\/continuamosmx.com\\\/wp-content\\\/uploads\\\/2022\\\/01\\\/monica.jpg\",\"datePublished\":\"2022-01-04T04:00:30+00:00\",\"breadcrumb\":{\"@id\":\"https:\\\/\\\/continuamosmx.com\\\/index.php\\\/2022\\\/01\\\/04\\\/debe-iniciar-en-casa-el-combate-de-la-violencia-contra-la-mujer\\\/#breadcrumb\"},\"inLanguage\":\"es\",\"potentialAction\":[{\"@type\":\"ReadAction\",\"target\":[\"https:\\\/\\\/continuamosmx.com\\\/index.php\\\/2022\\\/01\\\/04\\\/debe-iniciar-en-casa-el-combate-de-la-violencia-contra-la-mujer\\\/\"]}]},{\"@type\":\"ImageObject\",\"inLanguage\":\"es\",\"@id\":\"https:\\\/\\\/continuamosmx.com\\\/index.php\\\/2022\\\/01\\\/04\\\/debe-iniciar-en-casa-el-combate-de-la-violencia-contra-la-mujer\\\/#primaryimage\",\"url\":\"https:\\\/\\\/continuamosmx.com\\\/wp-content\\\/uploads\\\/2022\\\/01\\\/monica.jpg\",\"contentUrl\":\"https:\\\/\\\/continuamosmx.com\\\/wp-content\\\/uploads\\\/2022\\\/01\\\/monica.jpg\",\"width\":1599,\"height\":1200},{\"@type\":\"BreadcrumbList\",\"@id\":\"https:\\\/\\\/continuamosmx.com\\\/index.php\\\/2022\\\/01\\\/04\\\/debe-iniciar-en-casa-el-combate-de-la-violencia-contra-la-mujer\\\/#breadcrumb\",\"itemListElement\":[{\"@type\":\"ListItem\",\"position\":1,\"name\":\"Inicio\",\"item\":\"https:\\\/\\\/continuamosmx.com\\\/\"},{\"@type\":\"ListItem\",\"position\":2,\"name\":\"DEBE INICIAR EN CASA EL COMBATE DE LA VIOLENCIA CONTRA LA MUJER\"}]},{\"@type\":\"WebSite\",\"@id\":\"https:\\\/\\\/continuamosmx.com\\\/#website\",\"url\":\"https:\\\/\\\/continuamosmx.com\\\/\",\"name\":\"www.continuamosmx.com\",\"description\":\"\",\"publisher\":{\"@id\":\"https:\\\/\\\/continuamosmx.com\\\/#organization\"},\"potentialAction\":[{\"@type\":\"SearchAction\",\"target\":{\"@type\":\"EntryPoint\",\"urlTemplate\":\"https:\\\/\\\/continuamosmx.com\\\/?s={search_term_string}\"},\"query-input\":{\"@type\":\"PropertyValueSpecification\",\"valueRequired\":true,\"valueName\":\"search_term_string\"}}],\"inLanguage\":\"es\"},{\"@type\":\"Organization\",\"@id\":\"https:\\\/\\\/continuamosmx.com\\\/#organization\",\"name\":\"ContinuamosMX\",\"url\":\"https:\\\/\\\/continuamosmx.com\\\/\",\"logo\":{\"@type\":\"ImageObject\",\"inLanguage\":\"es\",\"@id\":\"https:\\\/\\\/continuamosmx.com\\\/#\\\/schema\\\/logo\\\/image\\\/\",\"url\":\"https:\\\/\\\/continuamosmx.com\\\/wp-content\\\/uploads\\\/2023\\\/04\\\/cropped-LOGO-CONTI-NUEVO.png\",\"contentUrl\":\"https:\\\/\\\/continuamosmx.com\\\/wp-content\\\/uploads\\\/2023\\\/04\\\/cropped-LOGO-CONTI-NUEVO.png\",\"width\":1257,\"height\":430,\"caption\":\"ContinuamosMX\"},\"image\":{\"@id\":\"https:\\\/\\\/continuamosmx.com\\\/#\\\/schema\\\/logo\\\/image\\\/\"}},{\"@type\":\"Person\",\"@id\":\"https:\\\/\\\/continuamosmx.com\\\/#\\\/schema\\\/person\\\/5eb5356acb1fad784da407d14f0e8d89\",\"name\":\"Continuamos MX\",\"image\":{\"@type\":\"ImageObject\",\"inLanguage\":\"es\",\"@id\":\"https:\\\/\\\/secure.gravatar.com\\\/avatar\\\/30d4f9723476a15f4da34d35fb3501f08d2357016c76051c6a85c354c7489589?s=96&d=mm&r=g\",\"url\":\"https:\\\/\\\/secure.gravatar.com\\\/avatar\\\/30d4f9723476a15f4da34d35fb3501f08d2357016c76051c6a85c354c7489589?s=96&d=mm&r=g\",\"contentUrl\":\"https:\\\/\\\/secure.gravatar.com\\\/avatar\\\/30d4f9723476a15f4da34d35fb3501f08d2357016c76051c6a85c354c7489589?s=96&d=mm&r=g\",\"caption\":\"Continuamos MX\"},\"sameAs\":[\"http:\\\/\\\/www.continuamos.mx\"],\"url\":\"https:\\\/\\\/continuamosmx.com\\\/index.php\\\/author\\\/continuamos\\\/\"}]}<\/script>\n<!-- \/ Yoast SEO plugin. -->","yoast_head_json":{"title":"DEBE INICIAR EN CASA EL COMBATE DE LA VIOLENCIA CONTRA LA MUJER -","robots":{"index":"index","follow":"follow","max-snippet":"max-snippet:-1","max-image-preview":"max-image-preview:large","max-video-preview":"max-video-preview:-1"},"canonical":"https:\/\/continuamosmx.com\/index.php\/2022\/01\/04\/debe-iniciar-en-casa-el-combate-de-la-violencia-contra-la-mujer\/","og_locale":"es_ES","og_type":"article","og_title":"DEBE INICIAR EN CASA EL COMBATE DE LA VIOLENCIA CONTRA LA MUJER -","og_description":"*Se\u00f1al\u00f3 la diputada M\u00f3nica \u00c1lvarez Nemer * Obligados los tres niveles de gobierno a activar una intensa campa\u00f1a de sensibilizaci\u00f3n en combate a violencia contra la mujer TOLUCA.- La diputada local M\u00f3nica \u00c1lvarez Nemer consider\u00f3 que el combate contra la violencia que afecta de manera cotidiana a amplios sectores de mujeres tambi\u00e9n debe iniciar en [&hellip;]","og_url":"https:\/\/continuamosmx.com\/index.php\/2022\/01\/04\/debe-iniciar-en-casa-el-combate-de-la-violencia-contra-la-mujer\/","article_published_time":"2022-01-04T04:00:30+00:00","author":"Continuamos MX","twitter_card":"summary_large_image","twitter_misc":{"Escrito por":"Continuamos MX","Tiempo de lectura":"4 minutos"},"schema":{"@context":"https:\/\/schema.org","@graph":[{"@type":"Article","@id":"https:\/\/continuamosmx.com\/index.php\/2022\/01\/04\/debe-iniciar-en-casa-el-combate-de-la-violencia-contra-la-mujer\/#article","isPartOf":{"@id":"https:\/\/continuamosmx.com\/index.php\/2022\/01\/04\/debe-iniciar-en-casa-el-combate-de-la-violencia-contra-la-mujer\/"},"author":{"name":"Continuamos MX","@id":"https:\/\/continuamosmx.com\/#\/schema\/person\/5eb5356acb1fad784da407d14f0e8d89"},"headline":"DEBE INICIAR EN CASA EL COMBATE DE LA VIOLENCIA CONTRA LA MUJER","datePublished":"2022-01-04T04:00:30+00:00","mainEntityOfPage":{"@id":"https:\/\/continuamosmx.com\/index.php\/2022\/01\/04\/debe-iniciar-en-casa-el-combate-de-la-violencia-contra-la-mujer\/"},"wordCount":807,"publisher":{"@id":"https:\/\/continuamosmx.com\/#organization"},"image":{"@id":"https:\/\/continuamosmx.com\/index.php\/2022\/01\/04\/debe-iniciar-en-casa-el-combate-de-la-violencia-contra-la-mujer\/#primaryimage"},"thumbnailUrl":"https:\/\/continuamosmx.com\/wp-content\/uploads\/2022\/01\/monica.jpg","articleSection":["EDOMEX","POL\u00cdTICA"],"inLanguage":"es"},{"@type":"WebPage","@id":"https:\/\/continuamosmx.com\/index.php\/2022\/01\/04\/debe-iniciar-en-casa-el-combate-de-la-violencia-contra-la-mujer\/","url":"https:\/\/continuamosmx.com\/index.php\/2022\/01\/04\/debe-iniciar-en-casa-el-combate-de-la-violencia-contra-la-mujer\/","name":"DEBE INICIAR EN CASA EL COMBATE DE LA VIOLENCIA CONTRA LA MUJER -","isPartOf":{"@id":"https:\/\/continuamosmx.com\/#website"},"primaryImageOfPage":{"@id":"https:\/\/continuamosmx.com\/index.php\/2022\/01\/04\/debe-iniciar-en-casa-el-combate-de-la-violencia-contra-la-mujer\/#primaryimage"},"image":{"@id":"https:\/\/continuamosmx.com\/index.php\/2022\/01\/04\/debe-iniciar-en-casa-el-combate-de-la-violencia-contra-la-mujer\/#primaryimage"},"thumbnailUrl":"https:\/\/continuamosmx.com\/wp-content\/uploads\/2022\/01\/monica.jpg","datePublished":"2022-01-04T04:00:30+00:00","breadcrumb":{"@id":"https:\/\/continuamosmx.com\/index.php\/2022\/01\/04\/debe-iniciar-en-casa-el-combate-de-la-violencia-contra-la-mujer\/#breadcrumb"},"inLanguage":"es","potentialAction":[{"@type":"ReadAction","target":["https:\/\/continuamosmx.com\/index.php\/2022\/01\/04\/debe-iniciar-en-casa-el-combate-de-la-violencia-contra-la-mujer\/"]}]},{"@type":"ImageObject","inLanguage":"es","@id":"https:\/\/continuamosmx.com\/index.php\/2022\/01\/04\/debe-iniciar-en-casa-el-combate-de-la-violencia-contra-la-mujer\/#primaryimage","url":"https:\/\/continuamosmx.com\/wp-content\/uploads\/2022\/01\/monica.jpg","contentUrl":"https:\/\/continuamosmx.com\/wp-content\/uploads\/2022\/01\/monica.jpg","width":1599,"height":1200},{"@type":"BreadcrumbList","@id":"https:\/\/continuamosmx.com\/index.php\/2022\/01\/04\/debe-iniciar-en-casa-el-combate-de-la-violencia-contra-la-mujer\/#breadcrumb","itemListElement":[{"@type":"ListItem","position":1,"name":"Inicio","item":"https:\/\/continuamosmx.com\/"},{"@type":"ListItem","position":2,"name":"DEBE INICIAR EN CASA EL COMBATE DE LA VIOLENCIA CONTRA LA MUJER"}]},{"@type":"WebSite","@id":"https:\/\/continuamosmx.com\/#website","url":"https:\/\/continuamosmx.com\/","name":"www.continuamosmx.com","description":"","publisher":{"@id":"https:\/\/continuamosmx.com\/#organization"},"potentialAction":[{"@type":"SearchAction","target":{"@type":"EntryPoint","urlTemplate":"https:\/\/continuamosmx.com\/?s={search_term_string}"},"query-input":{"@type":"PropertyValueSpecification","valueRequired":true,"valueName":"search_term_string"}}],"inLanguage":"es"},{"@type":"Organization","@id":"https:\/\/continuamosmx.com\/#organization","name":"ContinuamosMX","url":"https:\/\/continuamosmx.com\/","logo":{"@type":"ImageObject","inLanguage":"es","@id":"https:\/\/continuamosmx.com\/#\/schema\/logo\/image\/","url":"https:\/\/continuamosmx.com\/wp-content\/uploads\/2023\/04\/cropped-LOGO-CONTI-NUEVO.png","contentUrl":"https:\/\/continuamosmx.com\/wp-content\/uploads\/2023\/04\/cropped-LOGO-CONTI-NUEVO.png","width":1257,"height":430,"caption":"ContinuamosMX"},"image":{"@id":"https:\/\/continuamosmx.com\/#\/schema\/logo\/image\/"}},{"@type":"Person","@id":"https:\/\/continuamosmx.com\/#\/schema\/person\/5eb5356acb1fad784da407d14f0e8d89","name":"Continuamos MX","image":{"@type":"ImageObject","inLanguage":"es","@id":"https:\/\/secure.gravatar.com\/avatar\/30d4f9723476a15f4da34d35fb3501f08d2357016c76051c6a85c354c7489589?s=96&d=mm&r=g","url":"https:\/\/secure.gravatar.com\/avatar\/30d4f9723476a15f4da34d35fb3501f08d2357016c76051c6a85c354c7489589?s=96&d=mm&r=g","contentUrl":"https:\/\/secure.gravatar.com\/avatar\/30d4f9723476a15f4da34d35fb3501f08d2357016c76051c6a85c354c7489589?s=96&d=mm&r=g","caption":"Continuamos MX"},"sameAs":["http:\/\/www.continuamos.mx"],"url":"https:\/\/continuamosmx.com\/index.php\/author\/continuamos\/"}]}},"_links":{"self":[{"href":"https:\/\/continuamosmx.com\/index.php\/wp-json\/wp\/v2\/posts\/31930","targetHints":{"allow":["GET"]}}],"collection":[{"href":"https:\/\/continuamosmx.com\/index.php\/wp-json\/wp\/v2\/posts"}],"about":[{"href":"https:\/\/continuamosmx.com\/index.php\/wp-json\/wp\/v2\/types\/post"}],"author":[{"embeddable":true,"href":"https:\/\/continuamosmx.com\/index.php\/wp-json\/wp\/v2\/users\/6"}],"replies":[{"embeddable":true,"href":"https:\/\/continuamosmx.com\/index.php\/wp-json\/wp\/v2\/comments?post=31930"}],"version-history":[{"count":0,"href":"https:\/\/continuamosmx.com\/index.php\/wp-json\/wp\/v2\/posts\/31930\/revisions"}],"wp:featuredmedia":[{"embeddable":true,"href":"https:\/\/continuamosmx.com\/index.php\/wp-json\/wp\/v2\/media\/31931"}],"wp:attachment":[{"href":"https:\/\/continuamosmx.com\/index.php\/wp-json\/wp\/v2\/media?parent=31930"}],"wp:term":[{"taxonomy":"category","embeddable":true,"href":"https:\/\/continuamosmx.com\/index.php\/wp-json\/wp\/v2\/categories?post=31930"},{"taxonomy":"post_tag","embeddable":true,"href":"https:\/\/continuamosmx.com\/index.php\/wp-json\/wp\/v2\/tags?post=31930"}],"curies":[{"name":"wp","href":"https:\/\/api.w.org\/{rel}","templated":true}]}}