{"id":31920,"date":"2022-01-04T03:45:50","date_gmt":"2022-01-04T03:45:50","guid":{"rendered":"https:\/\/continuamos.mx\/?p=31920"},"modified":"2022-01-04T03:45:50","modified_gmt":"2022-01-04T03:45:50","slug":"recomponer-la-historia-reto-para-fortalecer-la-identidad","status":"publish","type":"post","link":"https:\/\/continuamosmx.com\/index.php\/2022\/01\/04\/recomponer-la-historia-reto-para-fortalecer-la-identidad\/","title":{"rendered":"RECOMPONER LA HISTORIA RETO PARA FORTALECER LA IDENTIDAD"},"content":{"rendered":"\n<blockquote class=\"wp-block-quote is-layout-flow wp-block-quote-is-layout-flow\"><p>.- <strong>Proponen reeditar libros de texto gratuitos ante imprecisiones<\/strong><\/p><\/blockquote>\n\n\n\n<p>ZONA ORIENTE, M\u00e9x.- Historiadores as\u00ed como cronistas municipales&nbsp; pedir\u00e1n al Presidente de M\u00e9xico, Andr\u00e9s Manuel L\u00f3pez Obrador, que rediciones la historia de M\u00e9xico-Tenichtitlan, as\u00ed como el s\u00edmbolo de los mexicanos como lo es el \u00e1guila sobre un tunal.<\/p>\n\n\n\n<p>Jos\u00e9 Alberto Zea Dom\u00ednguez, activista de la defensa de la historia prehisp\u00e1nica, en entrevista dijo que cuando la profec\u00eda de la Deidad de Huitzilopichtli, les dijo a los Aztecas, cuando viv\u00edan en un Islote llamado Aztlan, que cuando vieran un \u00e1guila posada en un tunal, en ese lugar iba ser su casa, m\u00e1s nunca les dijo que el \u00e1guila ten\u00eda en su pico devorando una serpiente.<\/p>\n\n\n\n<p>\u00abLos estudios de varios c\u00f3dices como el de Duran y Mendoza o Mendocino, el \u00e1guila est\u00e1 devorando una paloma y en el otro no tiene nada en su pico, entonces cu\u00e1ndo fue que le pusieron la serpiente\u00bb, dijo.<\/p>\n\n\n\n<p>Indic\u00f3 que en el Teocalli de la Guerra Sagrada, el \u00c1guila de los Mexhicas-Tenochcas, en su pico tiene el At Tlachinolli, o sea el agua de fuego y est\u00e1 posada en un tunal y no en el nopal, cosa que debemos detenernos all\u00ed y mirar que la historia como lo cuentan en los libros de texto gratuito, es una mentira desde un principio.<\/p>\n\n\n\n<p>Agreg\u00f3: \u00abLos historiadores de la zona de los volcanes, le daremos al Presidente de M\u00e9xico, Andr\u00e9s Manuel L\u00f3pez Obrador, en una carpeta ejecutiva para que redicione la historia de M\u00e9xico, ya que, hay muchos errores escritas en la historia y que, con esto conlleva a que nuestras ra\u00edces e identidad se pierdan totalmente, yo se que llevar\u00e1 mucho tiempo para que, haya cambios en nuestra Constituci\u00f3n Pol\u00edtica de los Estados Unidos Mexicanos, y que en ves del \u00c1guila devorando una Serpiente, sea cambiado por el At Tlachinolli, en el pico del \u00c1guila, pero bueno ya hubo un gran paso, poner en el billete de 50 pesos, el \u00c1guila teniendo en su pico el At Tlachinolli, por lo que, seguiremos luchando para que, Lopez Obrador, Presidente de M\u00e9xico, escuche a los historiadores y cambie por el bien de futuras generaciones, la verdadera historia de M\u00e9xico-Tenochtitlan\u00bb, puntualiz\u00f3 diciendo el tambi\u00e9n Cronista Municipal de TLALMANALCO, Jos\u00e9 Alberto Zea.<\/p>\n\n\n\n<figure class=\"wp-block-image size-full is-resized\"><img loading=\"lazy\" decoding=\"async\" src=\"http:\/\/continuamos.mx\/wp-content\/uploads\/2022\/01\/edicion-1.jpg\" alt=\"\" class=\"wp-image-31921\" width=\"837\" height=\"1261\" srcset=\"https:\/\/continuamosmx.com\/wp-content\/uploads\/2022\/01\/edicion-1.jpg 300w, https:\/\/continuamosmx.com\/wp-content\/uploads\/2022\/01\/edicion-1-199x300.jpg 199w\" sizes=\"auto, (max-width: 837px) 100vw, 837px\" \/><\/figure>\n","protected":false},"excerpt":{"rendered":"<p>.- Proponen reeditar libros de texto gratuitos ante imprecisiones ZONA ORIENTE, M\u00e9x.- Historiadores as\u00ed como cronistas municipales&nbsp; pedir\u00e1n al Presidente de M\u00e9xico, Andr\u00e9s Manuel L\u00f3pez Obrador, que rediciones la historia de M\u00e9xico-Tenichtitlan, as\u00ed como el s\u00edmbolo de los mexicanos como lo es el \u00e1guila sobre un tunal. Jos\u00e9 Alberto Zea Dom\u00ednguez, activista de la defensa [&hellip;]<\/p>\n","protected":false},"author":6,"featured_media":31922,"comment_status":"closed","ping_status":"open","sticky":false,"template":"","format":"standard","meta":{"footnotes":""},"categories":[15,2,63],"tags":[],"class_list":["post-31920","post","type-post","status-publish","format-standard","has-post-thumbnail","hentry","category-cultura","category-edomex","category-zona-oriente"],"yoast_head":"<!-- This site is optimized with the Yoast SEO plugin v27.5 - https:\/\/yoast.com\/product\/yoast-seo-wordpress\/ -->\n<title>RECOMPONER LA HISTORIA RETO PARA FORTALECER LA IDENTIDAD -<\/title>\n<meta name=\"robots\" content=\"index, follow, max-snippet:-1, max-image-preview:large, max-video-preview:-1\" \/>\n<link rel=\"canonical\" href=\"https:\/\/continuamosmx.com\/index.php\/2022\/01\/04\/recomponer-la-historia-reto-para-fortalecer-la-identidad\/\" \/>\n<meta property=\"og:locale\" content=\"es_ES\" \/>\n<meta property=\"og:type\" content=\"article\" \/>\n<meta property=\"og:title\" content=\"RECOMPONER LA HISTORIA RETO PARA FORTALECER LA IDENTIDAD -\" \/>\n<meta property=\"og:description\" content=\".- Proponen reeditar libros de texto gratuitos ante imprecisiones ZONA ORIENTE, M\u00e9x.- Historiadores as\u00ed como cronistas municipales&nbsp; pedir\u00e1n al Presidente de M\u00e9xico, Andr\u00e9s Manuel L\u00f3pez Obrador, que rediciones la historia de M\u00e9xico-Tenichtitlan, as\u00ed como el s\u00edmbolo de los mexicanos como lo es el \u00e1guila sobre un tunal. Jos\u00e9 Alberto Zea Dom\u00ednguez, activista de la defensa [&hellip;]\" \/>\n<meta property=\"og:url\" content=\"https:\/\/continuamosmx.com\/index.php\/2022\/01\/04\/recomponer-la-historia-reto-para-fortalecer-la-identidad\/\" \/>\n<meta property=\"article:published_time\" content=\"2022-01-04T03:45:50+00:00\" \/>\n<meta property=\"og:image\" content=\"http:\/\/continuamos.mx\/wp-content\/uploads\/2022\/01\/edicion-1.jpg\" \/>\n<meta name=\"author\" content=\"Continuamos MX\" \/>\n<meta name=\"twitter:card\" content=\"summary_large_image\" \/>\n<meta name=\"twitter:label1\" content=\"Escrito por\" \/>\n\t<meta name=\"twitter:data1\" content=\"Continuamos MX\" \/>\n\t<meta name=\"twitter:label2\" content=\"Tiempo de lectura\" \/>\n\t<meta name=\"twitter:data2\" content=\"2 minutos\" \/>\n<script type=\"application\/ld+json\" class=\"yoast-schema-graph\">{\"@context\":\"https:\\\/\\\/schema.org\",\"@graph\":[{\"@type\":\"Article\",\"@id\":\"https:\\\/\\\/continuamosmx.com\\\/index.php\\\/2022\\\/01\\\/04\\\/recomponer-la-historia-reto-para-fortalecer-la-identidad\\\/#article\",\"isPartOf\":{\"@id\":\"https:\\\/\\\/continuamosmx.com\\\/index.php\\\/2022\\\/01\\\/04\\\/recomponer-la-historia-reto-para-fortalecer-la-identidad\\\/\"},\"author\":{\"name\":\"Continuamos MX\",\"@id\":\"https:\\\/\\\/continuamosmx.com\\\/#\\\/schema\\\/person\\\/5eb5356acb1fad784da407d14f0e8d89\"},\"headline\":\"RECOMPONER LA HISTORIA RETO PARA FORTALECER LA IDENTIDAD\",\"datePublished\":\"2022-01-04T03:45:50+00:00\",\"mainEntityOfPage\":{\"@id\":\"https:\\\/\\\/continuamosmx.com\\\/index.php\\\/2022\\\/01\\\/04\\\/recomponer-la-historia-reto-para-fortalecer-la-identidad\\\/\"},\"wordCount\":403,\"publisher\":{\"@id\":\"https:\\\/\\\/continuamosmx.com\\\/#organization\"},\"image\":{\"@id\":\"https:\\\/\\\/continuamosmx.com\\\/index.php\\\/2022\\\/01\\\/04\\\/recomponer-la-historia-reto-para-fortalecer-la-identidad\\\/#primaryimage\"},\"thumbnailUrl\":\"https:\\\/\\\/continuamosmx.com\\\/wp-content\\\/uploads\\\/2022\\\/01\\\/edicion.jpg\",\"articleSection\":[\"CULTURA\",\"EDOMEX\",\"ZONA ORIENTE\"],\"inLanguage\":\"es\"},{\"@type\":\"WebPage\",\"@id\":\"https:\\\/\\\/continuamosmx.com\\\/index.php\\\/2022\\\/01\\\/04\\\/recomponer-la-historia-reto-para-fortalecer-la-identidad\\\/\",\"url\":\"https:\\\/\\\/continuamosmx.com\\\/index.php\\\/2022\\\/01\\\/04\\\/recomponer-la-historia-reto-para-fortalecer-la-identidad\\\/\",\"name\":\"RECOMPONER LA HISTORIA RETO PARA FORTALECER LA IDENTIDAD -\",\"isPartOf\":{\"@id\":\"https:\\\/\\\/continuamosmx.com\\\/#website\"},\"primaryImageOfPage\":{\"@id\":\"https:\\\/\\\/continuamosmx.com\\\/index.php\\\/2022\\\/01\\\/04\\\/recomponer-la-historia-reto-para-fortalecer-la-identidad\\\/#primaryimage\"},\"image\":{\"@id\":\"https:\\\/\\\/continuamosmx.com\\\/index.php\\\/2022\\\/01\\\/04\\\/recomponer-la-historia-reto-para-fortalecer-la-identidad\\\/#primaryimage\"},\"thumbnailUrl\":\"https:\\\/\\\/continuamosmx.com\\\/wp-content\\\/uploads\\\/2022\\\/01\\\/edicion.jpg\",\"datePublished\":\"2022-01-04T03:45:50+00:00\",\"breadcrumb\":{\"@id\":\"https:\\\/\\\/continuamosmx.com\\\/index.php\\\/2022\\\/01\\\/04\\\/recomponer-la-historia-reto-para-fortalecer-la-identidad\\\/#breadcrumb\"},\"inLanguage\":\"es\",\"potentialAction\":[{\"@type\":\"ReadAction\",\"target\":[\"https:\\\/\\\/continuamosmx.com\\\/index.php\\\/2022\\\/01\\\/04\\\/recomponer-la-historia-reto-para-fortalecer-la-identidad\\\/\"]}]},{\"@type\":\"ImageObject\",\"inLanguage\":\"es\",\"@id\":\"https:\\\/\\\/continuamosmx.com\\\/index.php\\\/2022\\\/01\\\/04\\\/recomponer-la-historia-reto-para-fortalecer-la-identidad\\\/#primaryimage\",\"url\":\"https:\\\/\\\/continuamosmx.com\\\/wp-content\\\/uploads\\\/2022\\\/01\\\/edicion.jpg\",\"contentUrl\":\"https:\\\/\\\/continuamosmx.com\\\/wp-content\\\/uploads\\\/2022\\\/01\\\/edicion.jpg\",\"width\":324,\"height\":480},{\"@type\":\"BreadcrumbList\",\"@id\":\"https:\\\/\\\/continuamosmx.com\\\/index.php\\\/2022\\\/01\\\/04\\\/recomponer-la-historia-reto-para-fortalecer-la-identidad\\\/#breadcrumb\",\"itemListElement\":[{\"@type\":\"ListItem\",\"position\":1,\"name\":\"Inicio\",\"item\":\"https:\\\/\\\/continuamosmx.com\\\/\"},{\"@type\":\"ListItem\",\"position\":2,\"name\":\"RECOMPONER LA HISTORIA RETO PARA FORTALECER LA IDENTIDAD\"}]},{\"@type\":\"WebSite\",\"@id\":\"https:\\\/\\\/continuamosmx.com\\\/#website\",\"url\":\"https:\\\/\\\/continuamosmx.com\\\/\",\"name\":\"www.continuamosmx.com\",\"description\":\"\",\"publisher\":{\"@id\":\"https:\\\/\\\/continuamosmx.com\\\/#organization\"},\"potentialAction\":[{\"@type\":\"SearchAction\",\"target\":{\"@type\":\"EntryPoint\",\"urlTemplate\":\"https:\\\/\\\/continuamosmx.com\\\/?s={search_term_string}\"},\"query-input\":{\"@type\":\"PropertyValueSpecification\",\"valueRequired\":true,\"valueName\":\"search_term_string\"}}],\"inLanguage\":\"es\"},{\"@type\":\"Organization\",\"@id\":\"https:\\\/\\\/continuamosmx.com\\\/#organization\",\"name\":\"ContinuamosMX\",\"url\":\"https:\\\/\\\/continuamosmx.com\\\/\",\"logo\":{\"@type\":\"ImageObject\",\"inLanguage\":\"es\",\"@id\":\"https:\\\/\\\/continuamosmx.com\\\/#\\\/schema\\\/logo\\\/image\\\/\",\"url\":\"https:\\\/\\\/continuamosmx.com\\\/wp-content\\\/uploads\\\/2023\\\/04\\\/cropped-LOGO-CONTI-NUEVO.png\",\"contentUrl\":\"https:\\\/\\\/continuamosmx.com\\\/wp-content\\\/uploads\\\/2023\\\/04\\\/cropped-LOGO-CONTI-NUEVO.png\",\"width\":1257,\"height\":430,\"caption\":\"ContinuamosMX\"},\"image\":{\"@id\":\"https:\\\/\\\/continuamosmx.com\\\/#\\\/schema\\\/logo\\\/image\\\/\"}},{\"@type\":\"Person\",\"@id\":\"https:\\\/\\\/continuamosmx.com\\\/#\\\/schema\\\/person\\\/5eb5356acb1fad784da407d14f0e8d89\",\"name\":\"Continuamos MX\",\"image\":{\"@type\":\"ImageObject\",\"inLanguage\":\"es\",\"@id\":\"https:\\\/\\\/secure.gravatar.com\\\/avatar\\\/30d4f9723476a15f4da34d35fb3501f08d2357016c76051c6a85c354c7489589?s=96&d=mm&r=g\",\"url\":\"https:\\\/\\\/secure.gravatar.com\\\/avatar\\\/30d4f9723476a15f4da34d35fb3501f08d2357016c76051c6a85c354c7489589?s=96&d=mm&r=g\",\"contentUrl\":\"https:\\\/\\\/secure.gravatar.com\\\/avatar\\\/30d4f9723476a15f4da34d35fb3501f08d2357016c76051c6a85c354c7489589?s=96&d=mm&r=g\",\"caption\":\"Continuamos MX\"},\"sameAs\":[\"http:\\\/\\\/www.continuamos.mx\"],\"url\":\"https:\\\/\\\/continuamosmx.com\\\/index.php\\\/author\\\/continuamos\\\/\"}]}<\/script>\n<!-- \/ Yoast SEO plugin. -->","yoast_head_json":{"title":"RECOMPONER LA HISTORIA RETO PARA FORTALECER LA IDENTIDAD -","robots":{"index":"index","follow":"follow","max-snippet":"max-snippet:-1","max-image-preview":"max-image-preview:large","max-video-preview":"max-video-preview:-1"},"canonical":"https:\/\/continuamosmx.com\/index.php\/2022\/01\/04\/recomponer-la-historia-reto-para-fortalecer-la-identidad\/","og_locale":"es_ES","og_type":"article","og_title":"RECOMPONER LA HISTORIA RETO PARA FORTALECER LA IDENTIDAD -","og_description":".- Proponen reeditar libros de texto gratuitos ante imprecisiones ZONA ORIENTE, M\u00e9x.- Historiadores as\u00ed como cronistas municipales&nbsp; pedir\u00e1n al Presidente de M\u00e9xico, Andr\u00e9s Manuel L\u00f3pez Obrador, que rediciones la historia de M\u00e9xico-Tenichtitlan, as\u00ed como el s\u00edmbolo de los mexicanos como lo es el \u00e1guila sobre un tunal. Jos\u00e9 Alberto Zea Dom\u00ednguez, activista de la defensa [&hellip;]","og_url":"https:\/\/continuamosmx.com\/index.php\/2022\/01\/04\/recomponer-la-historia-reto-para-fortalecer-la-identidad\/","article_published_time":"2022-01-04T03:45:50+00:00","og_image":[{"url":"http:\/\/continuamos.mx\/wp-content\/uploads\/2022\/01\/edicion-1.jpg","type":"","width":"","height":""}],"author":"Continuamos MX","twitter_card":"summary_large_image","twitter_misc":{"Escrito por":"Continuamos MX","Tiempo de lectura":"2 minutos"},"schema":{"@context":"https:\/\/schema.org","@graph":[{"@type":"Article","@id":"https:\/\/continuamosmx.com\/index.php\/2022\/01\/04\/recomponer-la-historia-reto-para-fortalecer-la-identidad\/#article","isPartOf":{"@id":"https:\/\/continuamosmx.com\/index.php\/2022\/01\/04\/recomponer-la-historia-reto-para-fortalecer-la-identidad\/"},"author":{"name":"Continuamos MX","@id":"https:\/\/continuamosmx.com\/#\/schema\/person\/5eb5356acb1fad784da407d14f0e8d89"},"headline":"RECOMPONER LA HISTORIA RETO PARA FORTALECER LA IDENTIDAD","datePublished":"2022-01-04T03:45:50+00:00","mainEntityOfPage":{"@id":"https:\/\/continuamosmx.com\/index.php\/2022\/01\/04\/recomponer-la-historia-reto-para-fortalecer-la-identidad\/"},"wordCount":403,"publisher":{"@id":"https:\/\/continuamosmx.com\/#organization"},"image":{"@id":"https:\/\/continuamosmx.com\/index.php\/2022\/01\/04\/recomponer-la-historia-reto-para-fortalecer-la-identidad\/#primaryimage"},"thumbnailUrl":"https:\/\/continuamosmx.com\/wp-content\/uploads\/2022\/01\/edicion.jpg","articleSection":["CULTURA","EDOMEX","ZONA ORIENTE"],"inLanguage":"es"},{"@type":"WebPage","@id":"https:\/\/continuamosmx.com\/index.php\/2022\/01\/04\/recomponer-la-historia-reto-para-fortalecer-la-identidad\/","url":"https:\/\/continuamosmx.com\/index.php\/2022\/01\/04\/recomponer-la-historia-reto-para-fortalecer-la-identidad\/","name":"RECOMPONER LA HISTORIA RETO PARA FORTALECER LA IDENTIDAD -","isPartOf":{"@id":"https:\/\/continuamosmx.com\/#website"},"primaryImageOfPage":{"@id":"https:\/\/continuamosmx.com\/index.php\/2022\/01\/04\/recomponer-la-historia-reto-para-fortalecer-la-identidad\/#primaryimage"},"image":{"@id":"https:\/\/continuamosmx.com\/index.php\/2022\/01\/04\/recomponer-la-historia-reto-para-fortalecer-la-identidad\/#primaryimage"},"thumbnailUrl":"https:\/\/continuamosmx.com\/wp-content\/uploads\/2022\/01\/edicion.jpg","datePublished":"2022-01-04T03:45:50+00:00","breadcrumb":{"@id":"https:\/\/continuamosmx.com\/index.php\/2022\/01\/04\/recomponer-la-historia-reto-para-fortalecer-la-identidad\/#breadcrumb"},"inLanguage":"es","potentialAction":[{"@type":"ReadAction","target":["https:\/\/continuamosmx.com\/index.php\/2022\/01\/04\/recomponer-la-historia-reto-para-fortalecer-la-identidad\/"]}]},{"@type":"ImageObject","inLanguage":"es","@id":"https:\/\/continuamosmx.com\/index.php\/2022\/01\/04\/recomponer-la-historia-reto-para-fortalecer-la-identidad\/#primaryimage","url":"https:\/\/continuamosmx.com\/wp-content\/uploads\/2022\/01\/edicion.jpg","contentUrl":"https:\/\/continuamosmx.com\/wp-content\/uploads\/2022\/01\/edicion.jpg","width":324,"height":480},{"@type":"BreadcrumbList","@id":"https:\/\/continuamosmx.com\/index.php\/2022\/01\/04\/recomponer-la-historia-reto-para-fortalecer-la-identidad\/#breadcrumb","itemListElement":[{"@type":"ListItem","position":1,"name":"Inicio","item":"https:\/\/continuamosmx.com\/"},{"@type":"ListItem","position":2,"name":"RECOMPONER LA HISTORIA RETO PARA FORTALECER LA IDENTIDAD"}]},{"@type":"WebSite","@id":"https:\/\/continuamosmx.com\/#website","url":"https:\/\/continuamosmx.com\/","name":"www.continuamosmx.com","description":"","publisher":{"@id":"https:\/\/continuamosmx.com\/#organization"},"potentialAction":[{"@type":"SearchAction","target":{"@type":"EntryPoint","urlTemplate":"https:\/\/continuamosmx.com\/?s={search_term_string}"},"query-input":{"@type":"PropertyValueSpecification","valueRequired":true,"valueName":"search_term_string"}}],"inLanguage":"es"},{"@type":"Organization","@id":"https:\/\/continuamosmx.com\/#organization","name":"ContinuamosMX","url":"https:\/\/continuamosmx.com\/","logo":{"@type":"ImageObject","inLanguage":"es","@id":"https:\/\/continuamosmx.com\/#\/schema\/logo\/image\/","url":"https:\/\/continuamosmx.com\/wp-content\/uploads\/2023\/04\/cropped-LOGO-CONTI-NUEVO.png","contentUrl":"https:\/\/continuamosmx.com\/wp-content\/uploads\/2023\/04\/cropped-LOGO-CONTI-NUEVO.png","width":1257,"height":430,"caption":"ContinuamosMX"},"image":{"@id":"https:\/\/continuamosmx.com\/#\/schema\/logo\/image\/"}},{"@type":"Person","@id":"https:\/\/continuamosmx.com\/#\/schema\/person\/5eb5356acb1fad784da407d14f0e8d89","name":"Continuamos MX","image":{"@type":"ImageObject","inLanguage":"es","@id":"https:\/\/secure.gravatar.com\/avatar\/30d4f9723476a15f4da34d35fb3501f08d2357016c76051c6a85c354c7489589?s=96&d=mm&r=g","url":"https:\/\/secure.gravatar.com\/avatar\/30d4f9723476a15f4da34d35fb3501f08d2357016c76051c6a85c354c7489589?s=96&d=mm&r=g","contentUrl":"https:\/\/secure.gravatar.com\/avatar\/30d4f9723476a15f4da34d35fb3501f08d2357016c76051c6a85c354c7489589?s=96&d=mm&r=g","caption":"Continuamos MX"},"sameAs":["http:\/\/www.continuamos.mx"],"url":"https:\/\/continuamosmx.com\/index.php\/author\/continuamos\/"}]}},"_links":{"self":[{"href":"https:\/\/continuamosmx.com\/index.php\/wp-json\/wp\/v2\/posts\/31920","targetHints":{"allow":["GET"]}}],"collection":[{"href":"https:\/\/continuamosmx.com\/index.php\/wp-json\/wp\/v2\/posts"}],"about":[{"href":"https:\/\/continuamosmx.com\/index.php\/wp-json\/wp\/v2\/types\/post"}],"author":[{"embeddable":true,"href":"https:\/\/continuamosmx.com\/index.php\/wp-json\/wp\/v2\/users\/6"}],"replies":[{"embeddable":true,"href":"https:\/\/continuamosmx.com\/index.php\/wp-json\/wp\/v2\/comments?post=31920"}],"version-history":[{"count":0,"href":"https:\/\/continuamosmx.com\/index.php\/wp-json\/wp\/v2\/posts\/31920\/revisions"}],"wp:featuredmedia":[{"embeddable":true,"href":"https:\/\/continuamosmx.com\/index.php\/wp-json\/wp\/v2\/media\/31922"}],"wp:attachment":[{"href":"https:\/\/continuamosmx.com\/index.php\/wp-json\/wp\/v2\/media?parent=31920"}],"wp:term":[{"taxonomy":"category","embeddable":true,"href":"https:\/\/continuamosmx.com\/index.php\/wp-json\/wp\/v2\/categories?post=31920"},{"taxonomy":"post_tag","embeddable":true,"href":"https:\/\/continuamosmx.com\/index.php\/wp-json\/wp\/v2\/tags?post=31920"}],"curies":[{"name":"wp","href":"https:\/\/api.w.org\/{rel}","templated":true}]}}