{"id":31906,"date":"2022-01-03T19:21:49","date_gmt":"2022-01-03T19:21:49","guid":{"rendered":"https:\/\/continuamos.mx\/?p=31906"},"modified":"2022-01-03T19:21:49","modified_gmt":"2022-01-03T19:21:49","slug":"presupuesto-con-vision-social-y-no-electorero-para-edomex-exige-carmen-de-la-rosa","status":"publish","type":"post","link":"https:\/\/continuamosmx.com\/index.php\/2022\/01\/03\/presupuesto-con-vision-social-y-no-electorero-para-edomex-exige-carmen-de-la-rosa\/","title":{"rendered":"PRESUPUESTO CON VISI\u00d3N SOCIAL Y NO ELECTORERO PARA EDOMEX, EXIGE CARMEN DE LA ROSA"},"content":{"rendered":"\n<p>.- La diputada mexiquense del distrito local 41 en municipio de Nezahualc\u00f3yotl, Carmen de la Rosa, sin dar paso atr\u00e1s en sus propuestas y posicionamiento expone que debido a la falta de servicios perdurables de salud se debe cambiar el enfoque del presupuesto para el Estado de M\u00e9xico.<\/p>\n\n\n\n<p>.- La legisladora integrante de la Comisi\u00f3n de Planeaci\u00f3n y Gast\u00f3 P\u00fablico en la C\u00e1mara de Diputados del Estado de M\u00e9xico plantea un incremento presupuestal del 10.8 % en materia de Salud;&nbsp;<\/p>\n\n\n\n<p>ESTADO DE M\u00c9XICO.- La diputada Carmen de la Rosa pidi\u00f3 un incremento presupuestal del 10.8 % en materia de Salud para que se refleje en el abasto suficiente&nbsp;&nbsp;de medicamentos en la infraestructura hospitalaria as\u00ed como la duplicaci\u00f3n en 122 % del presupuesto destinado para&nbsp;&nbsp;&nbsp;el mantenimiento y rehabilitaci\u00f3n de los planteles de educaci\u00f3n b\u00e1sica, preescolar, primaria y secundaria.<\/p>\n\n\n\n<p>La legisladora, oriunda de Nezahualc\u00f3yotl e integrante del Grupo Parlamentario de Morena, propuso la duplicaci\u00f3n en 122 % del presupuesto destinado para&nbsp;&nbsp;&nbsp;el mantenimiento y rehabilitaci\u00f3n de los planteles de educaci\u00f3n b\u00e1sica, preescolar, primaria y secundaria, con lo que ser\u00e1 posible contar con aulas y espacios de aprendizaje en buenas condiciones, pero sobretodo en coordinaci\u00f3n con el sector salud deber\u00e1n de garantizar el regreso seguro a clases.<\/p>\n\n\n\n<p>As\u00ed mismo solicit\u00f3&nbsp;&nbsp;1 mil 170 millones 650 mil 680 pesos; el 300 por ciento adicional con respecto a lo programado se deber\u00e1n de destinar para escuelas de nivel medio superior.<\/p>\n\n\n\n<p>A trav\u00e9s de un an\u00e1lisis exhaustivo de los programas y proyectos que integran el Proyecto Presupuesto de Egresos del Gobierno del Estado de M\u00e9xico para el a\u00f1o 2022, se detectaron \u00e1reas de oportunidad con la finalidad de lograr una mejor distribuci\u00f3n del presupuesto y por consiguiente traducir los recursos de que dispone el gobierno del Estado de M\u00e9xico en un conjunto de beneficios sociales, econ\u00f3micos, educativos, de salud y obra p\u00fablica, bajo el principio de alcanzar los mayores y mejores resultados, mediante la optimizaci\u00f3n del gasto p\u00fablico, inform\u00f3 Carmen de la Rosa.<\/p>\n\n\n\n<p>La diputada de Morena subray\u00f3 que la consecuci\u00f3n de tales objetivos, habr\u00e1 que aprovechar las capacidades del capital humano con que cuentan las estructuras gubernamentales de los niveles de gobierno, conjuntamente con la disminuci\u00f3n del gasto corriente y el incremento del rubro de inversi\u00f3n p\u00fablica, en conceptos como los siguientes:<\/p>\n\n\n\n<p>\u201cLa pandemia de COVID 19 no ha sido erradicada o dominada, por el contrario, la nueva variante \u00d3micron, representa una amenaza para poblaci\u00f3n de la entidad como para el pa\u00eds. En tal virtud se necesita tener un Plan Integral de Salud, para disponer correctamente del incremento presupuestal del 10.8 por ciento, pues entendemos que se precisan m\u00e1s recursos para los sueldos de los m\u00e9dicos y la compra de equipamiento. Sin embargo, una medida de tal envergadura deber\u00e1 estar apartada de todo criterio pol\u00edtico y electorero, lo fundamental es garantizar la salud de la poblaci\u00f3n\u201d, destac\u00f3.<\/p>\n\n\n\n<p>\u201cConstrucci\u00f3n de un hospital de tercer nivel al oriente de la entidad, que aporte a mejorar la salud de los mexiquenses que requieran tratamientos m\u00e9dicos y quir\u00fargicos de alta especialidad, mediante el otorgamiento de atenci\u00f3n m\u00e9dica eficiente que contribuya de forma veraz a mejorar la calidad de vida de la poblaci\u00f3n que requiera tales servicios. Con una inversi\u00f3n de 404 millones 982 mil 619 pesos\u201d, subray\u00f3 Carmen de la Rosa.<\/p>\n\n\n\n<p>\u201cDado que se increment\u00f3 en 122 por ciento la inversi\u00f3n prevista para el mantenimiento y rehabilitaci\u00f3n de los planteles de educaci\u00f3n b\u00e1sica, preescolar, primaria y secundaria, ser\u00e1 posible contar con aulas y espacios de aprendizaje en buenas condiciones que, a la postre resulten determinantes para que los alumnos obtengan los resultados acad\u00e9micos establecidos en los planes respectivos. Una infraestructura escolar operativa, as\u00ed como espacios renovados, contribuyen a alentar la asistencia e inter\u00e9s de los educandos y educadores por el aprendizaje. Este objetivo se podr\u00e1 alcanzar con un incremento adicional a lo programado por 3 mil 478 millones 529 mil 896 pesos\u201d, detall\u00f3 la legisladora integrante de la Comisi\u00f3n de Planeaci\u00f3n y Gast\u00f3 P\u00fablico en la C\u00e1mara de Diputados del Estado de M\u00e9xico.<\/p>\n\n\n\n<p>\u201cPara el logro de los mismos objetivos, para el mantenimiento y rehabilitaci\u00f3n de escuelas del nivel medio superior el monto se propone incrementar en 1 mil 170 millones 650 mil 680 pesos; el 300 por ciento adicional con respecto a lo programado\u201d, destac\u00f3 De la Rosa.<\/p>\n\n\n\n<p>\u201cLa reactivaci\u00f3n econ\u00f3mica y las pol\u00edticas de empleo, que debieran constituir una prioridad para el Estado de M\u00e9xico, el incremento es de apenas el 1.24 por ciento, a todas luces insuficientes\u201d, subray\u00f3 la diputada mexiquense.<\/p>\n\n\n\n<p>\u201cRespecto a financiamientos que fortalezcan la reactivaci\u00f3n econ\u00f3mica de peque\u00f1as y medianas empresas, se propone el incremento de los recursos para el otorgamiento de microcr\u00e9ditos, por un monto adicional al presupuestado de 521 millones 349 mil 572 pesos; esto es, un incremento de 300 por ciento\u201d, destac\u00f3.&nbsp;<\/p>\n\n\n\n<p>Finalmente la Diputada Carmen de la Rosa se\u00f1al\u00f3 que con tan solo la reconducci\u00f3n del 17 % equivalentes a 19,000 millones provenientes&nbsp;&nbsp;del gasto corriente, se estar\u00eda&nbsp;&nbsp;privilegiando al gasto social con lo cual se busca alcanzar un Estado de Bienestar, el cual No es un simple slogan, sino nuestro prop\u00f3sito central: \u201cPor el bien de todos, primeros los pobres\u201d.&nbsp;<\/p>\n","protected":false},"excerpt":{"rendered":"<p>.- La diputada mexiquense del distrito local 41 en municipio de Nezahualc\u00f3yotl, Carmen de la Rosa, sin dar paso atr\u00e1s en sus propuestas y posicionamiento expone que debido a la falta de servicios perdurables de salud se debe cambiar el enfoque del presupuesto para el Estado de M\u00e9xico. .- La legisladora integrante de la Comisi\u00f3n [&hellip;]<\/p>\n","protected":false},"author":6,"featured_media":31907,"comment_status":"closed","ping_status":"open","sticky":false,"template":"","format":"standard","meta":{"footnotes":""},"categories":[2,4,60],"tags":[],"class_list":["post-31906","post","type-post","status-publish","format-standard","has-post-thumbnail","hentry","category-edomex","category-locales","category-nezahualcoyotl"],"yoast_head":"<!-- This site is optimized with the Yoast SEO plugin v27.5 - https:\/\/yoast.com\/product\/yoast-seo-wordpress\/ -->\n<title>PRESUPUESTO CON VISI\u00d3N SOCIAL Y NO ELECTORERO PARA EDOMEX, EXIGE CARMEN DE LA ROSA -<\/title>\n<meta name=\"robots\" content=\"index, follow, max-snippet:-1, max-image-preview:large, max-video-preview:-1\" \/>\n<link rel=\"canonical\" href=\"https:\/\/continuamosmx.com\/index.php\/2022\/01\/03\/presupuesto-con-vision-social-y-no-electorero-para-edomex-exige-carmen-de-la-rosa\/\" \/>\n<meta property=\"og:locale\" content=\"es_ES\" \/>\n<meta property=\"og:type\" content=\"article\" \/>\n<meta property=\"og:title\" content=\"PRESUPUESTO CON VISI\u00d3N SOCIAL Y NO ELECTORERO PARA EDOMEX, EXIGE CARMEN DE LA ROSA -\" \/>\n<meta property=\"og:description\" content=\".- La diputada mexiquense del distrito local 41 en municipio de Nezahualc\u00f3yotl, Carmen de la Rosa, sin dar paso atr\u00e1s en sus propuestas y posicionamiento expone que debido a la falta de servicios perdurables de salud se debe cambiar el enfoque del presupuesto para el Estado de M\u00e9xico. .- La legisladora integrante de la Comisi\u00f3n [&hellip;]\" \/>\n<meta property=\"og:url\" content=\"https:\/\/continuamosmx.com\/index.php\/2022\/01\/03\/presupuesto-con-vision-social-y-no-electorero-para-edomex-exige-carmen-de-la-rosa\/\" \/>\n<meta property=\"article:published_time\" content=\"2022-01-03T19:21:49+00:00\" \/>\n<meta name=\"author\" content=\"Continuamos MX\" \/>\n<meta name=\"twitter:card\" content=\"summary_large_image\" \/>\n<meta name=\"twitter:label1\" content=\"Escrito por\" \/>\n\t<meta name=\"twitter:data1\" content=\"Continuamos MX\" \/>\n\t<meta name=\"twitter:label2\" content=\"Tiempo de lectura\" \/>\n\t<meta name=\"twitter:data2\" content=\"5 minutos\" \/>\n<script type=\"application\/ld+json\" class=\"yoast-schema-graph\">{\"@context\":\"https:\\\/\\\/schema.org\",\"@graph\":[{\"@type\":\"Article\",\"@id\":\"https:\\\/\\\/continuamosmx.com\\\/index.php\\\/2022\\\/01\\\/03\\\/presupuesto-con-vision-social-y-no-electorero-para-edomex-exige-carmen-de-la-rosa\\\/#article\",\"isPartOf\":{\"@id\":\"https:\\\/\\\/continuamosmx.com\\\/index.php\\\/2022\\\/01\\\/03\\\/presupuesto-con-vision-social-y-no-electorero-para-edomex-exige-carmen-de-la-rosa\\\/\"},\"author\":{\"name\":\"Continuamos MX\",\"@id\":\"https:\\\/\\\/continuamosmx.com\\\/#\\\/schema\\\/person\\\/5eb5356acb1fad784da407d14f0e8d89\"},\"headline\":\"PRESUPUESTO CON VISI\u00d3N SOCIAL Y NO ELECTORERO PARA EDOMEX, EXIGE CARMEN DE LA ROSA\",\"datePublished\":\"2022-01-03T19:21:49+00:00\",\"mainEntityOfPage\":{\"@id\":\"https:\\\/\\\/continuamosmx.com\\\/index.php\\\/2022\\\/01\\\/03\\\/presupuesto-con-vision-social-y-no-electorero-para-edomex-exige-carmen-de-la-rosa\\\/\"},\"wordCount\":921,\"publisher\":{\"@id\":\"https:\\\/\\\/continuamosmx.com\\\/#organization\"},\"image\":{\"@id\":\"https:\\\/\\\/continuamosmx.com\\\/index.php\\\/2022\\\/01\\\/03\\\/presupuesto-con-vision-social-y-no-electorero-para-edomex-exige-carmen-de-la-rosa\\\/#primaryimage\"},\"thumbnailUrl\":\"https:\\\/\\\/continuamosmx.com\\\/wp-content\\\/uploads\\\/2022\\\/01\\\/8D7052CD-189B-464B-9857-417D3EF3FA44.jpeg\",\"articleSection\":[\"EDOMEX\",\"LOCALES\",\"NEZAHUALC\u00d3YOTL\"],\"inLanguage\":\"es\"},{\"@type\":\"WebPage\",\"@id\":\"https:\\\/\\\/continuamosmx.com\\\/index.php\\\/2022\\\/01\\\/03\\\/presupuesto-con-vision-social-y-no-electorero-para-edomex-exige-carmen-de-la-rosa\\\/\",\"url\":\"https:\\\/\\\/continuamosmx.com\\\/index.php\\\/2022\\\/01\\\/03\\\/presupuesto-con-vision-social-y-no-electorero-para-edomex-exige-carmen-de-la-rosa\\\/\",\"name\":\"PRESUPUESTO CON VISI\u00d3N SOCIAL Y NO ELECTORERO PARA EDOMEX, EXIGE CARMEN DE LA ROSA -\",\"isPartOf\":{\"@id\":\"https:\\\/\\\/continuamosmx.com\\\/#website\"},\"primaryImageOfPage\":{\"@id\":\"https:\\\/\\\/continuamosmx.com\\\/index.php\\\/2022\\\/01\\\/03\\\/presupuesto-con-vision-social-y-no-electorero-para-edomex-exige-carmen-de-la-rosa\\\/#primaryimage\"},\"image\":{\"@id\":\"https:\\\/\\\/continuamosmx.com\\\/index.php\\\/2022\\\/01\\\/03\\\/presupuesto-con-vision-social-y-no-electorero-para-edomex-exige-carmen-de-la-rosa\\\/#primaryimage\"},\"thumbnailUrl\":\"https:\\\/\\\/continuamosmx.com\\\/wp-content\\\/uploads\\\/2022\\\/01\\\/8D7052CD-189B-464B-9857-417D3EF3FA44.jpeg\",\"datePublished\":\"2022-01-03T19:21:49+00:00\",\"breadcrumb\":{\"@id\":\"https:\\\/\\\/continuamosmx.com\\\/index.php\\\/2022\\\/01\\\/03\\\/presupuesto-con-vision-social-y-no-electorero-para-edomex-exige-carmen-de-la-rosa\\\/#breadcrumb\"},\"inLanguage\":\"es\",\"potentialAction\":[{\"@type\":\"ReadAction\",\"target\":[\"https:\\\/\\\/continuamosmx.com\\\/index.php\\\/2022\\\/01\\\/03\\\/presupuesto-con-vision-social-y-no-electorero-para-edomex-exige-carmen-de-la-rosa\\\/\"]}]},{\"@type\":\"ImageObject\",\"inLanguage\":\"es\",\"@id\":\"https:\\\/\\\/continuamosmx.com\\\/index.php\\\/2022\\\/01\\\/03\\\/presupuesto-con-vision-social-y-no-electorero-para-edomex-exige-carmen-de-la-rosa\\\/#primaryimage\",\"url\":\"https:\\\/\\\/continuamosmx.com\\\/wp-content\\\/uploads\\\/2022\\\/01\\\/8D7052CD-189B-464B-9857-417D3EF3FA44.jpeg\",\"contentUrl\":\"https:\\\/\\\/continuamosmx.com\\\/wp-content\\\/uploads\\\/2022\\\/01\\\/8D7052CD-189B-464B-9857-417D3EF3FA44.jpeg\",\"width\":948,\"height\":749},{\"@type\":\"BreadcrumbList\",\"@id\":\"https:\\\/\\\/continuamosmx.com\\\/index.php\\\/2022\\\/01\\\/03\\\/presupuesto-con-vision-social-y-no-electorero-para-edomex-exige-carmen-de-la-rosa\\\/#breadcrumb\",\"itemListElement\":[{\"@type\":\"ListItem\",\"position\":1,\"name\":\"Inicio\",\"item\":\"https:\\\/\\\/continuamosmx.com\\\/\"},{\"@type\":\"ListItem\",\"position\":2,\"name\":\"PRESUPUESTO CON VISI\u00d3N SOCIAL Y NO ELECTORERO PARA EDOMEX, EXIGE CARMEN DE LA ROSA\"}]},{\"@type\":\"WebSite\",\"@id\":\"https:\\\/\\\/continuamosmx.com\\\/#website\",\"url\":\"https:\\\/\\\/continuamosmx.com\\\/\",\"name\":\"www.continuamosmx.com\",\"description\":\"\",\"publisher\":{\"@id\":\"https:\\\/\\\/continuamosmx.com\\\/#organization\"},\"potentialAction\":[{\"@type\":\"SearchAction\",\"target\":{\"@type\":\"EntryPoint\",\"urlTemplate\":\"https:\\\/\\\/continuamosmx.com\\\/?s={search_term_string}\"},\"query-input\":{\"@type\":\"PropertyValueSpecification\",\"valueRequired\":true,\"valueName\":\"search_term_string\"}}],\"inLanguage\":\"es\"},{\"@type\":\"Organization\",\"@id\":\"https:\\\/\\\/continuamosmx.com\\\/#organization\",\"name\":\"ContinuamosMX\",\"url\":\"https:\\\/\\\/continuamosmx.com\\\/\",\"logo\":{\"@type\":\"ImageObject\",\"inLanguage\":\"es\",\"@id\":\"https:\\\/\\\/continuamosmx.com\\\/#\\\/schema\\\/logo\\\/image\\\/\",\"url\":\"https:\\\/\\\/continuamosmx.com\\\/wp-content\\\/uploads\\\/2023\\\/04\\\/cropped-LOGO-CONTI-NUEVO.png\",\"contentUrl\":\"https:\\\/\\\/continuamosmx.com\\\/wp-content\\\/uploads\\\/2023\\\/04\\\/cropped-LOGO-CONTI-NUEVO.png\",\"width\":1257,\"height\":430,\"caption\":\"ContinuamosMX\"},\"image\":{\"@id\":\"https:\\\/\\\/continuamosmx.com\\\/#\\\/schema\\\/logo\\\/image\\\/\"}},{\"@type\":\"Person\",\"@id\":\"https:\\\/\\\/continuamosmx.com\\\/#\\\/schema\\\/person\\\/5eb5356acb1fad784da407d14f0e8d89\",\"name\":\"Continuamos MX\",\"image\":{\"@type\":\"ImageObject\",\"inLanguage\":\"es\",\"@id\":\"https:\\\/\\\/secure.gravatar.com\\\/avatar\\\/30d4f9723476a15f4da34d35fb3501f08d2357016c76051c6a85c354c7489589?s=96&d=mm&r=g\",\"url\":\"https:\\\/\\\/secure.gravatar.com\\\/avatar\\\/30d4f9723476a15f4da34d35fb3501f08d2357016c76051c6a85c354c7489589?s=96&d=mm&r=g\",\"contentUrl\":\"https:\\\/\\\/secure.gravatar.com\\\/avatar\\\/30d4f9723476a15f4da34d35fb3501f08d2357016c76051c6a85c354c7489589?s=96&d=mm&r=g\",\"caption\":\"Continuamos MX\"},\"sameAs\":[\"http:\\\/\\\/www.continuamos.mx\"],\"url\":\"https:\\\/\\\/continuamosmx.com\\\/index.php\\\/author\\\/continuamos\\\/\"}]}<\/script>\n<!-- \/ Yoast SEO plugin. -->","yoast_head_json":{"title":"PRESUPUESTO CON VISI\u00d3N SOCIAL Y NO ELECTORERO PARA EDOMEX, EXIGE CARMEN DE LA ROSA -","robots":{"index":"index","follow":"follow","max-snippet":"max-snippet:-1","max-image-preview":"max-image-preview:large","max-video-preview":"max-video-preview:-1"},"canonical":"https:\/\/continuamosmx.com\/index.php\/2022\/01\/03\/presupuesto-con-vision-social-y-no-electorero-para-edomex-exige-carmen-de-la-rosa\/","og_locale":"es_ES","og_type":"article","og_title":"PRESUPUESTO CON VISI\u00d3N SOCIAL Y NO ELECTORERO PARA EDOMEX, EXIGE CARMEN DE LA ROSA -","og_description":".- La diputada mexiquense del distrito local 41 en municipio de Nezahualc\u00f3yotl, Carmen de la Rosa, sin dar paso atr\u00e1s en sus propuestas y posicionamiento expone que debido a la falta de servicios perdurables de salud se debe cambiar el enfoque del presupuesto para el Estado de M\u00e9xico. .- La legisladora integrante de la Comisi\u00f3n [&hellip;]","og_url":"https:\/\/continuamosmx.com\/index.php\/2022\/01\/03\/presupuesto-con-vision-social-y-no-electorero-para-edomex-exige-carmen-de-la-rosa\/","article_published_time":"2022-01-03T19:21:49+00:00","author":"Continuamos MX","twitter_card":"summary_large_image","twitter_misc":{"Escrito por":"Continuamos MX","Tiempo de lectura":"5 minutos"},"schema":{"@context":"https:\/\/schema.org","@graph":[{"@type":"Article","@id":"https:\/\/continuamosmx.com\/index.php\/2022\/01\/03\/presupuesto-con-vision-social-y-no-electorero-para-edomex-exige-carmen-de-la-rosa\/#article","isPartOf":{"@id":"https:\/\/continuamosmx.com\/index.php\/2022\/01\/03\/presupuesto-con-vision-social-y-no-electorero-para-edomex-exige-carmen-de-la-rosa\/"},"author":{"name":"Continuamos MX","@id":"https:\/\/continuamosmx.com\/#\/schema\/person\/5eb5356acb1fad784da407d14f0e8d89"},"headline":"PRESUPUESTO CON VISI\u00d3N SOCIAL Y NO ELECTORERO PARA EDOMEX, EXIGE CARMEN DE LA ROSA","datePublished":"2022-01-03T19:21:49+00:00","mainEntityOfPage":{"@id":"https:\/\/continuamosmx.com\/index.php\/2022\/01\/03\/presupuesto-con-vision-social-y-no-electorero-para-edomex-exige-carmen-de-la-rosa\/"},"wordCount":921,"publisher":{"@id":"https:\/\/continuamosmx.com\/#organization"},"image":{"@id":"https:\/\/continuamosmx.com\/index.php\/2022\/01\/03\/presupuesto-con-vision-social-y-no-electorero-para-edomex-exige-carmen-de-la-rosa\/#primaryimage"},"thumbnailUrl":"https:\/\/continuamosmx.com\/wp-content\/uploads\/2022\/01\/8D7052CD-189B-464B-9857-417D3EF3FA44.jpeg","articleSection":["EDOMEX","LOCALES","NEZAHUALC\u00d3YOTL"],"inLanguage":"es"},{"@type":"WebPage","@id":"https:\/\/continuamosmx.com\/index.php\/2022\/01\/03\/presupuesto-con-vision-social-y-no-electorero-para-edomex-exige-carmen-de-la-rosa\/","url":"https:\/\/continuamosmx.com\/index.php\/2022\/01\/03\/presupuesto-con-vision-social-y-no-electorero-para-edomex-exige-carmen-de-la-rosa\/","name":"PRESUPUESTO CON VISI\u00d3N SOCIAL Y NO ELECTORERO PARA EDOMEX, EXIGE CARMEN DE LA ROSA -","isPartOf":{"@id":"https:\/\/continuamosmx.com\/#website"},"primaryImageOfPage":{"@id":"https:\/\/continuamosmx.com\/index.php\/2022\/01\/03\/presupuesto-con-vision-social-y-no-electorero-para-edomex-exige-carmen-de-la-rosa\/#primaryimage"},"image":{"@id":"https:\/\/continuamosmx.com\/index.php\/2022\/01\/03\/presupuesto-con-vision-social-y-no-electorero-para-edomex-exige-carmen-de-la-rosa\/#primaryimage"},"thumbnailUrl":"https:\/\/continuamosmx.com\/wp-content\/uploads\/2022\/01\/8D7052CD-189B-464B-9857-417D3EF3FA44.jpeg","datePublished":"2022-01-03T19:21:49+00:00","breadcrumb":{"@id":"https:\/\/continuamosmx.com\/index.php\/2022\/01\/03\/presupuesto-con-vision-social-y-no-electorero-para-edomex-exige-carmen-de-la-rosa\/#breadcrumb"},"inLanguage":"es","potentialAction":[{"@type":"ReadAction","target":["https:\/\/continuamosmx.com\/index.php\/2022\/01\/03\/presupuesto-con-vision-social-y-no-electorero-para-edomex-exige-carmen-de-la-rosa\/"]}]},{"@type":"ImageObject","inLanguage":"es","@id":"https:\/\/continuamosmx.com\/index.php\/2022\/01\/03\/presupuesto-con-vision-social-y-no-electorero-para-edomex-exige-carmen-de-la-rosa\/#primaryimage","url":"https:\/\/continuamosmx.com\/wp-content\/uploads\/2022\/01\/8D7052CD-189B-464B-9857-417D3EF3FA44.jpeg","contentUrl":"https:\/\/continuamosmx.com\/wp-content\/uploads\/2022\/01\/8D7052CD-189B-464B-9857-417D3EF3FA44.jpeg","width":948,"height":749},{"@type":"BreadcrumbList","@id":"https:\/\/continuamosmx.com\/index.php\/2022\/01\/03\/presupuesto-con-vision-social-y-no-electorero-para-edomex-exige-carmen-de-la-rosa\/#breadcrumb","itemListElement":[{"@type":"ListItem","position":1,"name":"Inicio","item":"https:\/\/continuamosmx.com\/"},{"@type":"ListItem","position":2,"name":"PRESUPUESTO CON VISI\u00d3N SOCIAL Y NO ELECTORERO PARA EDOMEX, EXIGE CARMEN DE LA ROSA"}]},{"@type":"WebSite","@id":"https:\/\/continuamosmx.com\/#website","url":"https:\/\/continuamosmx.com\/","name":"www.continuamosmx.com","description":"","publisher":{"@id":"https:\/\/continuamosmx.com\/#organization"},"potentialAction":[{"@type":"SearchAction","target":{"@type":"EntryPoint","urlTemplate":"https:\/\/continuamosmx.com\/?s={search_term_string}"},"query-input":{"@type":"PropertyValueSpecification","valueRequired":true,"valueName":"search_term_string"}}],"inLanguage":"es"},{"@type":"Organization","@id":"https:\/\/continuamosmx.com\/#organization","name":"ContinuamosMX","url":"https:\/\/continuamosmx.com\/","logo":{"@type":"ImageObject","inLanguage":"es","@id":"https:\/\/continuamosmx.com\/#\/schema\/logo\/image\/","url":"https:\/\/continuamosmx.com\/wp-content\/uploads\/2023\/04\/cropped-LOGO-CONTI-NUEVO.png","contentUrl":"https:\/\/continuamosmx.com\/wp-content\/uploads\/2023\/04\/cropped-LOGO-CONTI-NUEVO.png","width":1257,"height":430,"caption":"ContinuamosMX"},"image":{"@id":"https:\/\/continuamosmx.com\/#\/schema\/logo\/image\/"}},{"@type":"Person","@id":"https:\/\/continuamosmx.com\/#\/schema\/person\/5eb5356acb1fad784da407d14f0e8d89","name":"Continuamos MX","image":{"@type":"ImageObject","inLanguage":"es","@id":"https:\/\/secure.gravatar.com\/avatar\/30d4f9723476a15f4da34d35fb3501f08d2357016c76051c6a85c354c7489589?s=96&d=mm&r=g","url":"https:\/\/secure.gravatar.com\/avatar\/30d4f9723476a15f4da34d35fb3501f08d2357016c76051c6a85c354c7489589?s=96&d=mm&r=g","contentUrl":"https:\/\/secure.gravatar.com\/avatar\/30d4f9723476a15f4da34d35fb3501f08d2357016c76051c6a85c354c7489589?s=96&d=mm&r=g","caption":"Continuamos MX"},"sameAs":["http:\/\/www.continuamos.mx"],"url":"https:\/\/continuamosmx.com\/index.php\/author\/continuamos\/"}]}},"_links":{"self":[{"href":"https:\/\/continuamosmx.com\/index.php\/wp-json\/wp\/v2\/posts\/31906","targetHints":{"allow":["GET"]}}],"collection":[{"href":"https:\/\/continuamosmx.com\/index.php\/wp-json\/wp\/v2\/posts"}],"about":[{"href":"https:\/\/continuamosmx.com\/index.php\/wp-json\/wp\/v2\/types\/post"}],"author":[{"embeddable":true,"href":"https:\/\/continuamosmx.com\/index.php\/wp-json\/wp\/v2\/users\/6"}],"replies":[{"embeddable":true,"href":"https:\/\/continuamosmx.com\/index.php\/wp-json\/wp\/v2\/comments?post=31906"}],"version-history":[{"count":0,"href":"https:\/\/continuamosmx.com\/index.php\/wp-json\/wp\/v2\/posts\/31906\/revisions"}],"wp:featuredmedia":[{"embeddable":true,"href":"https:\/\/continuamosmx.com\/index.php\/wp-json\/wp\/v2\/media\/31907"}],"wp:attachment":[{"href":"https:\/\/continuamosmx.com\/index.php\/wp-json\/wp\/v2\/media?parent=31906"}],"wp:term":[{"taxonomy":"category","embeddable":true,"href":"https:\/\/continuamosmx.com\/index.php\/wp-json\/wp\/v2\/categories?post=31906"},{"taxonomy":"post_tag","embeddable":true,"href":"https:\/\/continuamosmx.com\/index.php\/wp-json\/wp\/v2\/tags?post=31906"}],"curies":[{"name":"wp","href":"https:\/\/api.w.org\/{rel}","templated":true}]}}