{"id":31879,"date":"2022-01-03T06:52:20","date_gmt":"2022-01-03T06:52:20","guid":{"rendered":"https:\/\/continuamos.mx\/?p=31879"},"modified":"2022-01-03T06:52:20","modified_gmt":"2022-01-03T06:52:20","slug":"quedo-instalado-el-ayuntamiento-de-texcoco","status":"publish","type":"post","link":"https:\/\/continuamosmx.com\/index.php\/2022\/01\/03\/quedo-instalado-el-ayuntamiento-de-texcoco\/","title":{"rendered":"QUED\u00d3 INSTALADO EL AYUNTAMIENTO DE TEXCOCO"},"content":{"rendered":"\n<p>* <strong>Est\u00e1 conformado con una presidenta municipal, un s\u00edndico y nueve regidores<\/strong><\/p>\n\n\n\n<p>* Se tom\u00f3 protesta a los directores de \u00e1rea del g<strong>obierno municipal<\/strong><\/p>\n\n\n\n<p>TEXCOCO, M\u00e9x.- Este primero de enero qued\u00f3 instalado el ayuntamiento de Texcoco para el per\u00edodo 2022-2024, encabezado por la presidenta municipal, un s\u00edndico y nueve regidores, como cuerpo de gobierno. Tambi\u00e9n se tom\u00f3 protesta a los directores que se desempe\u00f1ar\u00e1n en las diferentes \u00e1reas \u00e9l gobierno municipal.<\/p>\n\n\n\n<p>En sesi\u00f3n de cabildo encabezado por la Presidenta Municipal Constitucional de Texcoco Sandra Luz Falc\u00f3n Venegas, agradeci\u00f3 la presencia del Senador de la Rep\u00fablica por el Estado de M\u00e9xico Higinio Mart\u00ednez Miranda como invitado especial a la primera sesi\u00f3n del a\u00f1o y de la administraci\u00f3n municipal 2022-2024.<\/p>\n\n\n\n<p>El Cabildo qued\u00f3 conformado por la presidenta municipal Sandra Luz Falc\u00f3n Venegas, la Sindicatura qued\u00f3 a cargo de Jes\u00fas Ricardo Arellano Mayer, la primera regidora Sara Iveth Rosas Rosas, segundo regidor Jes\u00fas Emilio Duarte Olivares, tercera regidora Paula Monta\u00f1o Herrera, cuarto regidor Adri\u00e1n Hern\u00e1ndez Romero, quinta regidora Petra Gallegos Pedraza, sexto regidor Juan Dur\u00e1n Arias, s\u00e9ptimo regidor Sandra Paola S\u00e1nchez Gonz\u00e1lez, octava regidora Carla Jimena Morell Islas y noveno regidor Jorge Alberto S\u00e1nchez Marcos.<\/p>\n\n\n\n<p>Luego realizar la declaratoria de instalaci\u00f3n del cabildo, Sandra Luz Falc\u00f3n Venegas propuso para el cargo de Secretaria del ayuntamiento a Dinora Salado Solano, propuesta que fue aprobada, incorpor\u00e1ndose a la sesi\u00f3n, como parte del \u00f3rgano de gobierno.<\/p>\n\n\n\n<p>Sandra Luz propuso al cuerpo de gobierno a quienes ya forman parte como directores de las diferentes ares del gobierno municipal, sumando con la aprobaci\u00f3n del cabildo de nieva cuenta la Direcci\u00f3n de la Gerencia Municipal, que queda a cargo del licenciado Vicente Govea Charles.<\/p>\n\n\n\n<p>En la tesorer\u00eda se nombr\u00f3 al contador Juan H\u00e9ctor D\u00edaz Villarreal, en la Direcci\u00f3n General de Seguridad P\u00fablica y Movilidad, se nombr\u00f3 al comisario Adrian Tr\u00e1pala Gonz\u00e1lez, en Obras P\u00fablicas, quedo el Arquitecto Jorge Baltazar Briones, en la Direcci\u00f3n de Administraci\u00f3n, se nombr\u00f3 a Lucero de Mar\u00eda B\u00e1ez Valadez, en la Direcci\u00f3n de Servicio P\u00fablicos, se design\u00f3 al Maestro Juan Dar\u00edo Arreola Calder\u00f3n, en la Direcci\u00f3n de Planeaci\u00f3n licenciado Juan Carlos Alarc\u00f3n Mercado.<\/p>\n\n\n\n<p>El ingeniero civil Jos\u00e9 Arnulfo Silva Adaya, qued\u00f3 a cargo de la Direcci\u00f3n de Agua Potable y Alcantarillado, la licenciada Michel Olivares Betancourt, fue nombrada Directora General de Desarrollo social Educativo y del Deporte, el licenciado Juan Jos\u00e9 Domingo S\u00e1nchez Calixto, fue nombrado como&nbsp; Director de Desarrollo Urbano y Ecolog\u00eda, la maestra Cecilia Cruz Pati\u00f1o es la nueva Directora de Cultura, Miguel \u00c1ngel Mart\u00ednez Reyes Director de Protecci\u00f3n Civil, Bomberos y Atenci\u00f3n M\u00e9dica Pre hospitalaria. Mar\u00eda Isabel Galicia Le\u00f3n Directora de Desarrollo Rural, el licenciado Juan Manuel Conde Torres, es el titular dela Direcci\u00f3n de Imagen y Comunicaci\u00f3n, la licenciada Magdalena Moreno Vega, queda a cargo de la Oficial\u00eda Conciliadora y Calificadora, la Hilda Salazar Gil, asume el cargo en la Consejer\u00eda Jur\u00eddica, la licenciada, Noem\u00ed Lissette D\u00e1vila Orozco queda a cargo de la Contralor\u00eda Municipal, la licenciada Miriam S\u00e1nchez Monsalvo, es la Direcci\u00f3n de Desarrollo Econ\u00f3mico, Ra\u00fal Rodr\u00edguez Rico titular de Catastro municipal.<\/p>\n\n\n\n<p>Est\u00e1s propuesta fueron aprobadas por unanimidad, por lo que ante el cabildo se tom\u00f3 protesta a los directores. La presidenta municipal Sandra Luz Falc\u00f3n Venegas, anunci\u00f3 que de acuerdo a sus facultadas nombr\u00f3 como directora del Sistema Municipal para el Desarrollo Integral de la Familia (DIF) Texcoco a Mar\u00eda Elena Mart\u00ednez Herrera y como Secretario Particular a Juan Carlos Alarc\u00f3n Rey.<\/p>\n\n\n\n<p>Sandra Luz Falc\u00f3n Venegas, se\u00f1al\u00f3 a los directores de \u00e1rea, que su nombramiento es el resultado de la labor que estuvieron realizando en la pasada administraci\u00f3n, hoy tienen y asumen un compromiso que tiene que ver con que hayan entregado buenos resultados, mismo que deber\u00e1n ser superados en la presenta administraci\u00f3n.<\/p>\n\n\n\n<p>Realizo un llamado a seguir trabajando unido su en equipo por el amor y cari\u00f1o que se le tiene a Texcoco, dejando en claro que todos y cada uno de los<\/p>\n\n\n\n<p>servidores p\u00fablicos con vecinos de este municipio, de sus comunidades, por ello hacen su mejor esfuerzo para dar buenos resultados por todas y cada una de las 56 comunidades de esta localidad.<\/p>\n\n\n\n<p>Previo a la instalaci\u00f3n del Ayuntamiento de Texcoco, Sandra Luz Falc\u00f3n Venegas acudi\u00f3 a la instalaci\u00f3n del Consejo Regional para la Construcci\u00f3n de la Paz y la Seguridad, que se declara en sesi\u00f3n permanente a partir de este d\u00eda.<\/p>\n\n\n\n<figure class=\"wp-block-image size-full is-resized\"><img loading=\"lazy\" decoding=\"async\" src=\"http:\/\/continuamos.mx\/wp-content\/uploads\/2022\/01\/texcoco-1.jpg\" alt=\"\" class=\"wp-image-31880\" width=\"820\" height=\"545\" srcset=\"https:\/\/continuamosmx.com\/wp-content\/uploads\/2022\/01\/texcoco-1.jpg 480w, https:\/\/continuamosmx.com\/wp-content\/uploads\/2022\/01\/texcoco-1-300x199.jpg 300w\" sizes=\"auto, (max-width: 820px) 100vw, 820px\" \/><\/figure>\n","protected":false},"excerpt":{"rendered":"<p>* Est\u00e1 conformado con una presidenta municipal, un s\u00edndico y nueve regidores * Se tom\u00f3 protesta a los directores de \u00e1rea del gobierno municipal TEXCOCO, M\u00e9x.- Este primero de enero qued\u00f3 instalado el ayuntamiento de Texcoco para el per\u00edodo 2022-2024, encabezado por la presidenta municipal, un s\u00edndico y nueve regidores, como cuerpo de gobierno. Tambi\u00e9n [&hellip;]<\/p>\n","protected":false},"author":6,"featured_media":31881,"comment_status":"closed","ping_status":"open","sticky":false,"template":"","format":"standard","meta":{"footnotes":""},"categories":[4,6],"tags":[],"class_list":["post-31879","post","type-post","status-publish","format-standard","has-post-thumbnail","hentry","category-locales","category-texcoco"],"yoast_head":"<!-- This site is optimized with the Yoast SEO plugin v27.5 - https:\/\/yoast.com\/product\/yoast-seo-wordpress\/ -->\n<title>QUED\u00d3 INSTALADO EL AYUNTAMIENTO DE TEXCOCO -<\/title>\n<meta name=\"robots\" content=\"index, follow, max-snippet:-1, max-image-preview:large, max-video-preview:-1\" \/>\n<link rel=\"canonical\" href=\"https:\/\/continuamosmx.com\/index.php\/2022\/01\/03\/quedo-instalado-el-ayuntamiento-de-texcoco\/\" \/>\n<meta property=\"og:locale\" content=\"es_ES\" \/>\n<meta property=\"og:type\" content=\"article\" \/>\n<meta property=\"og:title\" content=\"QUED\u00d3 INSTALADO EL AYUNTAMIENTO DE TEXCOCO -\" \/>\n<meta property=\"og:description\" content=\"* Est\u00e1 conformado con una presidenta municipal, un s\u00edndico y nueve regidores * Se tom\u00f3 protesta a los directores de \u00e1rea del gobierno municipal TEXCOCO, M\u00e9x.- Este primero de enero qued\u00f3 instalado el ayuntamiento de Texcoco para el per\u00edodo 2022-2024, encabezado por la presidenta municipal, un s\u00edndico y nueve regidores, como cuerpo de gobierno. Tambi\u00e9n [&hellip;]\" \/>\n<meta property=\"og:url\" content=\"https:\/\/continuamosmx.com\/index.php\/2022\/01\/03\/quedo-instalado-el-ayuntamiento-de-texcoco\/\" \/>\n<meta property=\"article:published_time\" content=\"2022-01-03T06:52:20+00:00\" \/>\n<meta property=\"og:image\" content=\"http:\/\/continuamos.mx\/wp-content\/uploads\/2022\/01\/texcoco-1.jpg\" \/>\n<meta name=\"author\" content=\"Continuamos MX\" \/>\n<meta name=\"twitter:card\" content=\"summary_large_image\" \/>\n<meta name=\"twitter:label1\" content=\"Escrito por\" \/>\n\t<meta name=\"twitter:data1\" content=\"Continuamos MX\" \/>\n\t<meta name=\"twitter:label2\" content=\"Tiempo de lectura\" \/>\n\t<meta name=\"twitter:data2\" content=\"4 minutos\" \/>\n<script type=\"application\/ld+json\" class=\"yoast-schema-graph\">{\"@context\":\"https:\\\/\\\/schema.org\",\"@graph\":[{\"@type\":\"Article\",\"@id\":\"https:\\\/\\\/continuamosmx.com\\\/index.php\\\/2022\\\/01\\\/03\\\/quedo-instalado-el-ayuntamiento-de-texcoco\\\/#article\",\"isPartOf\":{\"@id\":\"https:\\\/\\\/continuamosmx.com\\\/index.php\\\/2022\\\/01\\\/03\\\/quedo-instalado-el-ayuntamiento-de-texcoco\\\/\"},\"author\":{\"name\":\"Continuamos MX\",\"@id\":\"https:\\\/\\\/continuamosmx.com\\\/#\\\/schema\\\/person\\\/5eb5356acb1fad784da407d14f0e8d89\"},\"headline\":\"QUED\u00d3 INSTALADO EL AYUNTAMIENTO DE TEXCOCO\",\"datePublished\":\"2022-01-03T06:52:20+00:00\",\"mainEntityOfPage\":{\"@id\":\"https:\\\/\\\/continuamosmx.com\\\/index.php\\\/2022\\\/01\\\/03\\\/quedo-instalado-el-ayuntamiento-de-texcoco\\\/\"},\"wordCount\":812,\"publisher\":{\"@id\":\"https:\\\/\\\/continuamosmx.com\\\/#organization\"},\"image\":{\"@id\":\"https:\\\/\\\/continuamosmx.com\\\/index.php\\\/2022\\\/01\\\/03\\\/quedo-instalado-el-ayuntamiento-de-texcoco\\\/#primaryimage\"},\"thumbnailUrl\":\"https:\\\/\\\/continuamosmx.com\\\/wp-content\\\/uploads\\\/2022\\\/01\\\/texcoco-1-1.jpg\",\"articleSection\":[\"LOCALES\",\"TEXCOCO\"],\"inLanguage\":\"es\"},{\"@type\":\"WebPage\",\"@id\":\"https:\\\/\\\/continuamosmx.com\\\/index.php\\\/2022\\\/01\\\/03\\\/quedo-instalado-el-ayuntamiento-de-texcoco\\\/\",\"url\":\"https:\\\/\\\/continuamosmx.com\\\/index.php\\\/2022\\\/01\\\/03\\\/quedo-instalado-el-ayuntamiento-de-texcoco\\\/\",\"name\":\"QUED\u00d3 INSTALADO EL AYUNTAMIENTO DE TEXCOCO -\",\"isPartOf\":{\"@id\":\"https:\\\/\\\/continuamosmx.com\\\/#website\"},\"primaryImageOfPage\":{\"@id\":\"https:\\\/\\\/continuamosmx.com\\\/index.php\\\/2022\\\/01\\\/03\\\/quedo-instalado-el-ayuntamiento-de-texcoco\\\/#primaryimage\"},\"image\":{\"@id\":\"https:\\\/\\\/continuamosmx.com\\\/index.php\\\/2022\\\/01\\\/03\\\/quedo-instalado-el-ayuntamiento-de-texcoco\\\/#primaryimage\"},\"thumbnailUrl\":\"https:\\\/\\\/continuamosmx.com\\\/wp-content\\\/uploads\\\/2022\\\/01\\\/texcoco-1-1.jpg\",\"datePublished\":\"2022-01-03T06:52:20+00:00\",\"breadcrumb\":{\"@id\":\"https:\\\/\\\/continuamosmx.com\\\/index.php\\\/2022\\\/01\\\/03\\\/quedo-instalado-el-ayuntamiento-de-texcoco\\\/#breadcrumb\"},\"inLanguage\":\"es\",\"potentialAction\":[{\"@type\":\"ReadAction\",\"target\":[\"https:\\\/\\\/continuamosmx.com\\\/index.php\\\/2022\\\/01\\\/03\\\/quedo-instalado-el-ayuntamiento-de-texcoco\\\/\"]}]},{\"@type\":\"ImageObject\",\"inLanguage\":\"es\",\"@id\":\"https:\\\/\\\/continuamosmx.com\\\/index.php\\\/2022\\\/01\\\/03\\\/quedo-instalado-el-ayuntamiento-de-texcoco\\\/#primaryimage\",\"url\":\"https:\\\/\\\/continuamosmx.com\\\/wp-content\\\/uploads\\\/2022\\\/01\\\/texcoco-1-1.jpg\",\"contentUrl\":\"https:\\\/\\\/continuamosmx.com\\\/wp-content\\\/uploads\\\/2022\\\/01\\\/texcoco-1-1.jpg\",\"width\":480,\"height\":319},{\"@type\":\"BreadcrumbList\",\"@id\":\"https:\\\/\\\/continuamosmx.com\\\/index.php\\\/2022\\\/01\\\/03\\\/quedo-instalado-el-ayuntamiento-de-texcoco\\\/#breadcrumb\",\"itemListElement\":[{\"@type\":\"ListItem\",\"position\":1,\"name\":\"Inicio\",\"item\":\"https:\\\/\\\/continuamosmx.com\\\/\"},{\"@type\":\"ListItem\",\"position\":2,\"name\":\"QUED\u00d3 INSTALADO EL AYUNTAMIENTO DE TEXCOCO\"}]},{\"@type\":\"WebSite\",\"@id\":\"https:\\\/\\\/continuamosmx.com\\\/#website\",\"url\":\"https:\\\/\\\/continuamosmx.com\\\/\",\"name\":\"www.continuamosmx.com\",\"description\":\"\",\"publisher\":{\"@id\":\"https:\\\/\\\/continuamosmx.com\\\/#organization\"},\"potentialAction\":[{\"@type\":\"SearchAction\",\"target\":{\"@type\":\"EntryPoint\",\"urlTemplate\":\"https:\\\/\\\/continuamosmx.com\\\/?s={search_term_string}\"},\"query-input\":{\"@type\":\"PropertyValueSpecification\",\"valueRequired\":true,\"valueName\":\"search_term_string\"}}],\"inLanguage\":\"es\"},{\"@type\":\"Organization\",\"@id\":\"https:\\\/\\\/continuamosmx.com\\\/#organization\",\"name\":\"ContinuamosMX\",\"url\":\"https:\\\/\\\/continuamosmx.com\\\/\",\"logo\":{\"@type\":\"ImageObject\",\"inLanguage\":\"es\",\"@id\":\"https:\\\/\\\/continuamosmx.com\\\/#\\\/schema\\\/logo\\\/image\\\/\",\"url\":\"https:\\\/\\\/continuamosmx.com\\\/wp-content\\\/uploads\\\/2023\\\/04\\\/cropped-LOGO-CONTI-NUEVO.png\",\"contentUrl\":\"https:\\\/\\\/continuamosmx.com\\\/wp-content\\\/uploads\\\/2023\\\/04\\\/cropped-LOGO-CONTI-NUEVO.png\",\"width\":1257,\"height\":430,\"caption\":\"ContinuamosMX\"},\"image\":{\"@id\":\"https:\\\/\\\/continuamosmx.com\\\/#\\\/schema\\\/logo\\\/image\\\/\"}},{\"@type\":\"Person\",\"@id\":\"https:\\\/\\\/continuamosmx.com\\\/#\\\/schema\\\/person\\\/5eb5356acb1fad784da407d14f0e8d89\",\"name\":\"Continuamos MX\",\"image\":{\"@type\":\"ImageObject\",\"inLanguage\":\"es\",\"@id\":\"https:\\\/\\\/secure.gravatar.com\\\/avatar\\\/30d4f9723476a15f4da34d35fb3501f08d2357016c76051c6a85c354c7489589?s=96&d=mm&r=g\",\"url\":\"https:\\\/\\\/secure.gravatar.com\\\/avatar\\\/30d4f9723476a15f4da34d35fb3501f08d2357016c76051c6a85c354c7489589?s=96&d=mm&r=g\",\"contentUrl\":\"https:\\\/\\\/secure.gravatar.com\\\/avatar\\\/30d4f9723476a15f4da34d35fb3501f08d2357016c76051c6a85c354c7489589?s=96&d=mm&r=g\",\"caption\":\"Continuamos MX\"},\"sameAs\":[\"http:\\\/\\\/www.continuamos.mx\"],\"url\":\"https:\\\/\\\/continuamosmx.com\\\/index.php\\\/author\\\/continuamos\\\/\"}]}<\/script>\n<!-- \/ Yoast SEO plugin. -->","yoast_head_json":{"title":"QUED\u00d3 INSTALADO EL AYUNTAMIENTO DE TEXCOCO -","robots":{"index":"index","follow":"follow","max-snippet":"max-snippet:-1","max-image-preview":"max-image-preview:large","max-video-preview":"max-video-preview:-1"},"canonical":"https:\/\/continuamosmx.com\/index.php\/2022\/01\/03\/quedo-instalado-el-ayuntamiento-de-texcoco\/","og_locale":"es_ES","og_type":"article","og_title":"QUED\u00d3 INSTALADO EL AYUNTAMIENTO DE TEXCOCO -","og_description":"* Est\u00e1 conformado con una presidenta municipal, un s\u00edndico y nueve regidores * Se tom\u00f3 protesta a los directores de \u00e1rea del gobierno municipal TEXCOCO, M\u00e9x.- Este primero de enero qued\u00f3 instalado el ayuntamiento de Texcoco para el per\u00edodo 2022-2024, encabezado por la presidenta municipal, un s\u00edndico y nueve regidores, como cuerpo de gobierno. Tambi\u00e9n [&hellip;]","og_url":"https:\/\/continuamosmx.com\/index.php\/2022\/01\/03\/quedo-instalado-el-ayuntamiento-de-texcoco\/","article_published_time":"2022-01-03T06:52:20+00:00","og_image":[{"url":"http:\/\/continuamos.mx\/wp-content\/uploads\/2022\/01\/texcoco-1.jpg","type":"","width":"","height":""}],"author":"Continuamos MX","twitter_card":"summary_large_image","twitter_misc":{"Escrito por":"Continuamos MX","Tiempo de lectura":"4 minutos"},"schema":{"@context":"https:\/\/schema.org","@graph":[{"@type":"Article","@id":"https:\/\/continuamosmx.com\/index.php\/2022\/01\/03\/quedo-instalado-el-ayuntamiento-de-texcoco\/#article","isPartOf":{"@id":"https:\/\/continuamosmx.com\/index.php\/2022\/01\/03\/quedo-instalado-el-ayuntamiento-de-texcoco\/"},"author":{"name":"Continuamos MX","@id":"https:\/\/continuamosmx.com\/#\/schema\/person\/5eb5356acb1fad784da407d14f0e8d89"},"headline":"QUED\u00d3 INSTALADO EL AYUNTAMIENTO DE TEXCOCO","datePublished":"2022-01-03T06:52:20+00:00","mainEntityOfPage":{"@id":"https:\/\/continuamosmx.com\/index.php\/2022\/01\/03\/quedo-instalado-el-ayuntamiento-de-texcoco\/"},"wordCount":812,"publisher":{"@id":"https:\/\/continuamosmx.com\/#organization"},"image":{"@id":"https:\/\/continuamosmx.com\/index.php\/2022\/01\/03\/quedo-instalado-el-ayuntamiento-de-texcoco\/#primaryimage"},"thumbnailUrl":"https:\/\/continuamosmx.com\/wp-content\/uploads\/2022\/01\/texcoco-1-1.jpg","articleSection":["LOCALES","TEXCOCO"],"inLanguage":"es"},{"@type":"WebPage","@id":"https:\/\/continuamosmx.com\/index.php\/2022\/01\/03\/quedo-instalado-el-ayuntamiento-de-texcoco\/","url":"https:\/\/continuamosmx.com\/index.php\/2022\/01\/03\/quedo-instalado-el-ayuntamiento-de-texcoco\/","name":"QUED\u00d3 INSTALADO EL AYUNTAMIENTO DE TEXCOCO -","isPartOf":{"@id":"https:\/\/continuamosmx.com\/#website"},"primaryImageOfPage":{"@id":"https:\/\/continuamosmx.com\/index.php\/2022\/01\/03\/quedo-instalado-el-ayuntamiento-de-texcoco\/#primaryimage"},"image":{"@id":"https:\/\/continuamosmx.com\/index.php\/2022\/01\/03\/quedo-instalado-el-ayuntamiento-de-texcoco\/#primaryimage"},"thumbnailUrl":"https:\/\/continuamosmx.com\/wp-content\/uploads\/2022\/01\/texcoco-1-1.jpg","datePublished":"2022-01-03T06:52:20+00:00","breadcrumb":{"@id":"https:\/\/continuamosmx.com\/index.php\/2022\/01\/03\/quedo-instalado-el-ayuntamiento-de-texcoco\/#breadcrumb"},"inLanguage":"es","potentialAction":[{"@type":"ReadAction","target":["https:\/\/continuamosmx.com\/index.php\/2022\/01\/03\/quedo-instalado-el-ayuntamiento-de-texcoco\/"]}]},{"@type":"ImageObject","inLanguage":"es","@id":"https:\/\/continuamosmx.com\/index.php\/2022\/01\/03\/quedo-instalado-el-ayuntamiento-de-texcoco\/#primaryimage","url":"https:\/\/continuamosmx.com\/wp-content\/uploads\/2022\/01\/texcoco-1-1.jpg","contentUrl":"https:\/\/continuamosmx.com\/wp-content\/uploads\/2022\/01\/texcoco-1-1.jpg","width":480,"height":319},{"@type":"BreadcrumbList","@id":"https:\/\/continuamosmx.com\/index.php\/2022\/01\/03\/quedo-instalado-el-ayuntamiento-de-texcoco\/#breadcrumb","itemListElement":[{"@type":"ListItem","position":1,"name":"Inicio","item":"https:\/\/continuamosmx.com\/"},{"@type":"ListItem","position":2,"name":"QUED\u00d3 INSTALADO EL AYUNTAMIENTO DE TEXCOCO"}]},{"@type":"WebSite","@id":"https:\/\/continuamosmx.com\/#website","url":"https:\/\/continuamosmx.com\/","name":"www.continuamosmx.com","description":"","publisher":{"@id":"https:\/\/continuamosmx.com\/#organization"},"potentialAction":[{"@type":"SearchAction","target":{"@type":"EntryPoint","urlTemplate":"https:\/\/continuamosmx.com\/?s={search_term_string}"},"query-input":{"@type":"PropertyValueSpecification","valueRequired":true,"valueName":"search_term_string"}}],"inLanguage":"es"},{"@type":"Organization","@id":"https:\/\/continuamosmx.com\/#organization","name":"ContinuamosMX","url":"https:\/\/continuamosmx.com\/","logo":{"@type":"ImageObject","inLanguage":"es","@id":"https:\/\/continuamosmx.com\/#\/schema\/logo\/image\/","url":"https:\/\/continuamosmx.com\/wp-content\/uploads\/2023\/04\/cropped-LOGO-CONTI-NUEVO.png","contentUrl":"https:\/\/continuamosmx.com\/wp-content\/uploads\/2023\/04\/cropped-LOGO-CONTI-NUEVO.png","width":1257,"height":430,"caption":"ContinuamosMX"},"image":{"@id":"https:\/\/continuamosmx.com\/#\/schema\/logo\/image\/"}},{"@type":"Person","@id":"https:\/\/continuamosmx.com\/#\/schema\/person\/5eb5356acb1fad784da407d14f0e8d89","name":"Continuamos MX","image":{"@type":"ImageObject","inLanguage":"es","@id":"https:\/\/secure.gravatar.com\/avatar\/30d4f9723476a15f4da34d35fb3501f08d2357016c76051c6a85c354c7489589?s=96&d=mm&r=g","url":"https:\/\/secure.gravatar.com\/avatar\/30d4f9723476a15f4da34d35fb3501f08d2357016c76051c6a85c354c7489589?s=96&d=mm&r=g","contentUrl":"https:\/\/secure.gravatar.com\/avatar\/30d4f9723476a15f4da34d35fb3501f08d2357016c76051c6a85c354c7489589?s=96&d=mm&r=g","caption":"Continuamos MX"},"sameAs":["http:\/\/www.continuamos.mx"],"url":"https:\/\/continuamosmx.com\/index.php\/author\/continuamos\/"}]}},"_links":{"self":[{"href":"https:\/\/continuamosmx.com\/index.php\/wp-json\/wp\/v2\/posts\/31879","targetHints":{"allow":["GET"]}}],"collection":[{"href":"https:\/\/continuamosmx.com\/index.php\/wp-json\/wp\/v2\/posts"}],"about":[{"href":"https:\/\/continuamosmx.com\/index.php\/wp-json\/wp\/v2\/types\/post"}],"author":[{"embeddable":true,"href":"https:\/\/continuamosmx.com\/index.php\/wp-json\/wp\/v2\/users\/6"}],"replies":[{"embeddable":true,"href":"https:\/\/continuamosmx.com\/index.php\/wp-json\/wp\/v2\/comments?post=31879"}],"version-history":[{"count":0,"href":"https:\/\/continuamosmx.com\/index.php\/wp-json\/wp\/v2\/posts\/31879\/revisions"}],"wp:featuredmedia":[{"embeddable":true,"href":"https:\/\/continuamosmx.com\/index.php\/wp-json\/wp\/v2\/media\/31881"}],"wp:attachment":[{"href":"https:\/\/continuamosmx.com\/index.php\/wp-json\/wp\/v2\/media?parent=31879"}],"wp:term":[{"taxonomy":"category","embeddable":true,"href":"https:\/\/continuamosmx.com\/index.php\/wp-json\/wp\/v2\/categories?post=31879"},{"taxonomy":"post_tag","embeddable":true,"href":"https:\/\/continuamosmx.com\/index.php\/wp-json\/wp\/v2\/tags?post=31879"}],"curies":[{"name":"wp","href":"https:\/\/api.w.org\/{rel}","templated":true}]}}