{"id":31863,"date":"2022-01-03T06:37:57","date_gmt":"2022-01-03T06:37:57","guid":{"rendered":"https:\/\/continuamos.mx\/?p=31863"},"modified":"2022-01-03T06:37:57","modified_gmt":"2022-01-03T06:37:57","slug":"don-beto-embellece-los-jardines-de-xochimilco","status":"publish","type":"post","link":"https:\/\/continuamosmx.com\/index.php\/2022\/01\/03\/don-beto-embellece-los-jardines-de-xochimilco\/","title":{"rendered":"DON BETO EMBELLECE LOS JARDINES DE XOCHIMILCO"},"content":{"rendered":"\n<p>.- <strong>Lugares emblem\u00e1ticos como la Rotonda de los personajes ilustres y el Jard\u00edn del Arte son aten<\/strong>didos por su cuadrilla<\/p>\n\n\n\n<p>.- <strong>Enamorarse del oficio: el secreto de un buen jardinero<\/strong><\/p>\n\n\n\n<p>CDMX.- \u201cPara dedicarse a un oficio, tienes que enamorarte de \u00e9l; ese es el secreto para realizarlo cada d\u00eda mejor\u201d, asegura Heriberto Rosas Rodr\u00edguez, quien se dedica a la jardiner\u00eda en la Alcald\u00eda Xochimilco.<\/p>\n\n\n\n<p>Don Beto, trabajador desde hace 18 a\u00f1os del \u00e1rea de Servicios Urbanos, comenta que antes de&nbsp;&nbsp; unirse a las filas de la Alcald\u00eda, tuvo varios oficios, entre ellos alba\u00f1il y remero, que no despertaron en \u00e9l, la pasi\u00f3n como la jardiner\u00eda.<\/p>\n\n\n\n<p>\u201cUna vez que conoc\u00ed la actividad de jardinero, supe que era lo m\u00edo; junto con mi cuadrilla podamos y hacemos limpieza a diario en el Jard\u00edn del Arte, la Rotonda de los personajes ilustres,&nbsp; Jard\u00edn Centenario, explanada de El chinelo y jard\u00edn de la canoa\u00bb comenta con orgullo.<\/p>\n\n\n\n<p>Una vez realizadas las labores de limpieza, los residuos recolectados por su cuadrilla son separados.&nbsp; Troncos y hojarasca son llevados al Centro de composteo Axolotl, donde se procesa para convertirlo en abono org\u00e1nico.<\/p>\n\n\n\n<p>Don Beto pide a la ciudadan\u00eda cuidar de los parques y jardines p\u00fablicos, pues, adem\u00e1s de ser peque\u00f1os pulmones, son espacios de convivencia donde por tradici\u00f3n los xochimilcas se re\u00fanen.<\/p>\n","protected":false},"excerpt":{"rendered":"<p>.- Lugares emblem\u00e1ticos como la Rotonda de los personajes ilustres y el Jard\u00edn del Arte son atendidos por su cuadrilla .- Enamorarse del oficio: el secreto de un buen jardinero CDMX.- \u201cPara dedicarse a un oficio, tienes que enamorarte de \u00e9l; ese es el secreto para realizarlo cada d\u00eda mejor\u201d, asegura Heriberto Rosas Rodr\u00edguez, quien [&hellip;]<\/p>\n","protected":false},"author":6,"featured_media":31864,"comment_status":"closed","ping_status":"open","sticky":false,"template":"","format":"standard","meta":{"footnotes":""},"categories":[14],"tags":[59],"class_list":["post-31863","post","type-post","status-publish","format-standard","has-post-thumbnail","hentry","category-cdmx","tag-xochimilco"],"yoast_head":"<!-- This site is optimized with the Yoast SEO plugin v27.5 - https:\/\/yoast.com\/product\/yoast-seo-wordpress\/ -->\n<title>DON BETO EMBELLECE LOS JARDINES DE XOCHIMILCO -<\/title>\n<meta name=\"robots\" content=\"index, follow, max-snippet:-1, max-image-preview:large, max-video-preview:-1\" \/>\n<link rel=\"canonical\" href=\"https:\/\/continuamosmx.com\/index.php\/2022\/01\/03\/don-beto-embellece-los-jardines-de-xochimilco\/\" \/>\n<meta property=\"og:locale\" content=\"es_ES\" \/>\n<meta property=\"og:type\" content=\"article\" \/>\n<meta property=\"og:title\" content=\"DON BETO EMBELLECE LOS JARDINES DE XOCHIMILCO -\" \/>\n<meta property=\"og:description\" content=\".- Lugares emblem\u00e1ticos como la Rotonda de los personajes ilustres y el Jard\u00edn del Arte son atendidos por su cuadrilla .- Enamorarse del oficio: el secreto de un buen jardinero CDMX.- \u201cPara dedicarse a un oficio, tienes que enamorarte de \u00e9l; ese es el secreto para realizarlo cada d\u00eda mejor\u201d, asegura Heriberto Rosas Rodr\u00edguez, quien [&hellip;]\" \/>\n<meta property=\"og:url\" content=\"https:\/\/continuamosmx.com\/index.php\/2022\/01\/03\/don-beto-embellece-los-jardines-de-xochimilco\/\" \/>\n<meta property=\"article:published_time\" content=\"2022-01-03T06:37:57+00:00\" \/>\n<meta name=\"author\" content=\"Continuamos MX\" \/>\n<meta name=\"twitter:card\" content=\"summary_large_image\" \/>\n<meta name=\"twitter:label1\" content=\"Escrito por\" \/>\n\t<meta name=\"twitter:data1\" content=\"Continuamos MX\" \/>\n\t<meta name=\"twitter:label2\" content=\"Tiempo de lectura\" \/>\n\t<meta name=\"twitter:data2\" content=\"1 minuto\" \/>\n<script type=\"application\/ld+json\" class=\"yoast-schema-graph\">{\"@context\":\"https:\\\/\\\/schema.org\",\"@graph\":[{\"@type\":\"Article\",\"@id\":\"https:\\\/\\\/continuamosmx.com\\\/index.php\\\/2022\\\/01\\\/03\\\/don-beto-embellece-los-jardines-de-xochimilco\\\/#article\",\"isPartOf\":{\"@id\":\"https:\\\/\\\/continuamosmx.com\\\/index.php\\\/2022\\\/01\\\/03\\\/don-beto-embellece-los-jardines-de-xochimilco\\\/\"},\"author\":{\"name\":\"Continuamos MX\",\"@id\":\"https:\\\/\\\/continuamosmx.com\\\/#\\\/schema\\\/person\\\/5eb5356acb1fad784da407d14f0e8d89\"},\"headline\":\"DON BETO EMBELLECE LOS JARDINES DE XOCHIMILCO\",\"datePublished\":\"2022-01-03T06:37:57+00:00\",\"mainEntityOfPage\":{\"@id\":\"https:\\\/\\\/continuamosmx.com\\\/index.php\\\/2022\\\/01\\\/03\\\/don-beto-embellece-los-jardines-de-xochimilco\\\/\"},\"wordCount\":249,\"publisher\":{\"@id\":\"https:\\\/\\\/continuamosmx.com\\\/#organization\"},\"image\":{\"@id\":\"https:\\\/\\\/continuamosmx.com\\\/index.php\\\/2022\\\/01\\\/03\\\/don-beto-embellece-los-jardines-de-xochimilco\\\/#primaryimage\"},\"thumbnailUrl\":\"https:\\\/\\\/continuamosmx.com\\\/wp-content\\\/uploads\\\/2022\\\/01\\\/jardines.jpg\",\"keywords\":[\"#Xochimilco\"],\"articleSection\":[\"CDMX\"],\"inLanguage\":\"es\"},{\"@type\":\"WebPage\",\"@id\":\"https:\\\/\\\/continuamosmx.com\\\/index.php\\\/2022\\\/01\\\/03\\\/don-beto-embellece-los-jardines-de-xochimilco\\\/\",\"url\":\"https:\\\/\\\/continuamosmx.com\\\/index.php\\\/2022\\\/01\\\/03\\\/don-beto-embellece-los-jardines-de-xochimilco\\\/\",\"name\":\"DON BETO EMBELLECE LOS JARDINES DE XOCHIMILCO -\",\"isPartOf\":{\"@id\":\"https:\\\/\\\/continuamosmx.com\\\/#website\"},\"primaryImageOfPage\":{\"@id\":\"https:\\\/\\\/continuamosmx.com\\\/index.php\\\/2022\\\/01\\\/03\\\/don-beto-embellece-los-jardines-de-xochimilco\\\/#primaryimage\"},\"image\":{\"@id\":\"https:\\\/\\\/continuamosmx.com\\\/index.php\\\/2022\\\/01\\\/03\\\/don-beto-embellece-los-jardines-de-xochimilco\\\/#primaryimage\"},\"thumbnailUrl\":\"https:\\\/\\\/continuamosmx.com\\\/wp-content\\\/uploads\\\/2022\\\/01\\\/jardines.jpg\",\"datePublished\":\"2022-01-03T06:37:57+00:00\",\"breadcrumb\":{\"@id\":\"https:\\\/\\\/continuamosmx.com\\\/index.php\\\/2022\\\/01\\\/03\\\/don-beto-embellece-los-jardines-de-xochimilco\\\/#breadcrumb\"},\"inLanguage\":\"es\",\"potentialAction\":[{\"@type\":\"ReadAction\",\"target\":[\"https:\\\/\\\/continuamosmx.com\\\/index.php\\\/2022\\\/01\\\/03\\\/don-beto-embellece-los-jardines-de-xochimilco\\\/\"]}]},{\"@type\":\"ImageObject\",\"inLanguage\":\"es\",\"@id\":\"https:\\\/\\\/continuamosmx.com\\\/index.php\\\/2022\\\/01\\\/03\\\/don-beto-embellece-los-jardines-de-xochimilco\\\/#primaryimage\",\"url\":\"https:\\\/\\\/continuamosmx.com\\\/wp-content\\\/uploads\\\/2022\\\/01\\\/jardines.jpg\",\"contentUrl\":\"https:\\\/\\\/continuamosmx.com\\\/wp-content\\\/uploads\\\/2022\\\/01\\\/jardines.jpg\",\"width\":640,\"height\":480},{\"@type\":\"BreadcrumbList\",\"@id\":\"https:\\\/\\\/continuamosmx.com\\\/index.php\\\/2022\\\/01\\\/03\\\/don-beto-embellece-los-jardines-de-xochimilco\\\/#breadcrumb\",\"itemListElement\":[{\"@type\":\"ListItem\",\"position\":1,\"name\":\"Inicio\",\"item\":\"https:\\\/\\\/continuamosmx.com\\\/\"},{\"@type\":\"ListItem\",\"position\":2,\"name\":\"DON BETO EMBELLECE LOS JARDINES DE XOCHIMILCO\"}]},{\"@type\":\"WebSite\",\"@id\":\"https:\\\/\\\/continuamosmx.com\\\/#website\",\"url\":\"https:\\\/\\\/continuamosmx.com\\\/\",\"name\":\"www.continuamosmx.com\",\"description\":\"\",\"publisher\":{\"@id\":\"https:\\\/\\\/continuamosmx.com\\\/#organization\"},\"potentialAction\":[{\"@type\":\"SearchAction\",\"target\":{\"@type\":\"EntryPoint\",\"urlTemplate\":\"https:\\\/\\\/continuamosmx.com\\\/?s={search_term_string}\"},\"query-input\":{\"@type\":\"PropertyValueSpecification\",\"valueRequired\":true,\"valueName\":\"search_term_string\"}}],\"inLanguage\":\"es\"},{\"@type\":\"Organization\",\"@id\":\"https:\\\/\\\/continuamosmx.com\\\/#organization\",\"name\":\"ContinuamosMX\",\"url\":\"https:\\\/\\\/continuamosmx.com\\\/\",\"logo\":{\"@type\":\"ImageObject\",\"inLanguage\":\"es\",\"@id\":\"https:\\\/\\\/continuamosmx.com\\\/#\\\/schema\\\/logo\\\/image\\\/\",\"url\":\"https:\\\/\\\/continuamosmx.com\\\/wp-content\\\/uploads\\\/2023\\\/04\\\/cropped-LOGO-CONTI-NUEVO.png\",\"contentUrl\":\"https:\\\/\\\/continuamosmx.com\\\/wp-content\\\/uploads\\\/2023\\\/04\\\/cropped-LOGO-CONTI-NUEVO.png\",\"width\":1257,\"height\":430,\"caption\":\"ContinuamosMX\"},\"image\":{\"@id\":\"https:\\\/\\\/continuamosmx.com\\\/#\\\/schema\\\/logo\\\/image\\\/\"}},{\"@type\":\"Person\",\"@id\":\"https:\\\/\\\/continuamosmx.com\\\/#\\\/schema\\\/person\\\/5eb5356acb1fad784da407d14f0e8d89\",\"name\":\"Continuamos MX\",\"image\":{\"@type\":\"ImageObject\",\"inLanguage\":\"es\",\"@id\":\"https:\\\/\\\/secure.gravatar.com\\\/avatar\\\/30d4f9723476a15f4da34d35fb3501f08d2357016c76051c6a85c354c7489589?s=96&d=mm&r=g\",\"url\":\"https:\\\/\\\/secure.gravatar.com\\\/avatar\\\/30d4f9723476a15f4da34d35fb3501f08d2357016c76051c6a85c354c7489589?s=96&d=mm&r=g\",\"contentUrl\":\"https:\\\/\\\/secure.gravatar.com\\\/avatar\\\/30d4f9723476a15f4da34d35fb3501f08d2357016c76051c6a85c354c7489589?s=96&d=mm&r=g\",\"caption\":\"Continuamos MX\"},\"sameAs\":[\"http:\\\/\\\/www.continuamos.mx\"],\"url\":\"https:\\\/\\\/continuamosmx.com\\\/index.php\\\/author\\\/continuamos\\\/\"}]}<\/script>\n<!-- \/ Yoast SEO plugin. -->","yoast_head_json":{"title":"DON BETO EMBELLECE LOS JARDINES DE XOCHIMILCO -","robots":{"index":"index","follow":"follow","max-snippet":"max-snippet:-1","max-image-preview":"max-image-preview:large","max-video-preview":"max-video-preview:-1"},"canonical":"https:\/\/continuamosmx.com\/index.php\/2022\/01\/03\/don-beto-embellece-los-jardines-de-xochimilco\/","og_locale":"es_ES","og_type":"article","og_title":"DON BETO EMBELLECE LOS JARDINES DE XOCHIMILCO -","og_description":".- Lugares emblem\u00e1ticos como la Rotonda de los personajes ilustres y el Jard\u00edn del Arte son atendidos por su cuadrilla .- Enamorarse del oficio: el secreto de un buen jardinero CDMX.- \u201cPara dedicarse a un oficio, tienes que enamorarte de \u00e9l; ese es el secreto para realizarlo cada d\u00eda mejor\u201d, asegura Heriberto Rosas Rodr\u00edguez, quien [&hellip;]","og_url":"https:\/\/continuamosmx.com\/index.php\/2022\/01\/03\/don-beto-embellece-los-jardines-de-xochimilco\/","article_published_time":"2022-01-03T06:37:57+00:00","author":"Continuamos MX","twitter_card":"summary_large_image","twitter_misc":{"Escrito por":"Continuamos MX","Tiempo de lectura":"1 minuto"},"schema":{"@context":"https:\/\/schema.org","@graph":[{"@type":"Article","@id":"https:\/\/continuamosmx.com\/index.php\/2022\/01\/03\/don-beto-embellece-los-jardines-de-xochimilco\/#article","isPartOf":{"@id":"https:\/\/continuamosmx.com\/index.php\/2022\/01\/03\/don-beto-embellece-los-jardines-de-xochimilco\/"},"author":{"name":"Continuamos MX","@id":"https:\/\/continuamosmx.com\/#\/schema\/person\/5eb5356acb1fad784da407d14f0e8d89"},"headline":"DON BETO EMBELLECE LOS JARDINES DE XOCHIMILCO","datePublished":"2022-01-03T06:37:57+00:00","mainEntityOfPage":{"@id":"https:\/\/continuamosmx.com\/index.php\/2022\/01\/03\/don-beto-embellece-los-jardines-de-xochimilco\/"},"wordCount":249,"publisher":{"@id":"https:\/\/continuamosmx.com\/#organization"},"image":{"@id":"https:\/\/continuamosmx.com\/index.php\/2022\/01\/03\/don-beto-embellece-los-jardines-de-xochimilco\/#primaryimage"},"thumbnailUrl":"https:\/\/continuamosmx.com\/wp-content\/uploads\/2022\/01\/jardines.jpg","keywords":["#Xochimilco"],"articleSection":["CDMX"],"inLanguage":"es"},{"@type":"WebPage","@id":"https:\/\/continuamosmx.com\/index.php\/2022\/01\/03\/don-beto-embellece-los-jardines-de-xochimilco\/","url":"https:\/\/continuamosmx.com\/index.php\/2022\/01\/03\/don-beto-embellece-los-jardines-de-xochimilco\/","name":"DON BETO EMBELLECE LOS JARDINES DE XOCHIMILCO -","isPartOf":{"@id":"https:\/\/continuamosmx.com\/#website"},"primaryImageOfPage":{"@id":"https:\/\/continuamosmx.com\/index.php\/2022\/01\/03\/don-beto-embellece-los-jardines-de-xochimilco\/#primaryimage"},"image":{"@id":"https:\/\/continuamosmx.com\/index.php\/2022\/01\/03\/don-beto-embellece-los-jardines-de-xochimilco\/#primaryimage"},"thumbnailUrl":"https:\/\/continuamosmx.com\/wp-content\/uploads\/2022\/01\/jardines.jpg","datePublished":"2022-01-03T06:37:57+00:00","breadcrumb":{"@id":"https:\/\/continuamosmx.com\/index.php\/2022\/01\/03\/don-beto-embellece-los-jardines-de-xochimilco\/#breadcrumb"},"inLanguage":"es","potentialAction":[{"@type":"ReadAction","target":["https:\/\/continuamosmx.com\/index.php\/2022\/01\/03\/don-beto-embellece-los-jardines-de-xochimilco\/"]}]},{"@type":"ImageObject","inLanguage":"es","@id":"https:\/\/continuamosmx.com\/index.php\/2022\/01\/03\/don-beto-embellece-los-jardines-de-xochimilco\/#primaryimage","url":"https:\/\/continuamosmx.com\/wp-content\/uploads\/2022\/01\/jardines.jpg","contentUrl":"https:\/\/continuamosmx.com\/wp-content\/uploads\/2022\/01\/jardines.jpg","width":640,"height":480},{"@type":"BreadcrumbList","@id":"https:\/\/continuamosmx.com\/index.php\/2022\/01\/03\/don-beto-embellece-los-jardines-de-xochimilco\/#breadcrumb","itemListElement":[{"@type":"ListItem","position":1,"name":"Inicio","item":"https:\/\/continuamosmx.com\/"},{"@type":"ListItem","position":2,"name":"DON BETO EMBELLECE LOS JARDINES DE XOCHIMILCO"}]},{"@type":"WebSite","@id":"https:\/\/continuamosmx.com\/#website","url":"https:\/\/continuamosmx.com\/","name":"www.continuamosmx.com","description":"","publisher":{"@id":"https:\/\/continuamosmx.com\/#organization"},"potentialAction":[{"@type":"SearchAction","target":{"@type":"EntryPoint","urlTemplate":"https:\/\/continuamosmx.com\/?s={search_term_string}"},"query-input":{"@type":"PropertyValueSpecification","valueRequired":true,"valueName":"search_term_string"}}],"inLanguage":"es"},{"@type":"Organization","@id":"https:\/\/continuamosmx.com\/#organization","name":"ContinuamosMX","url":"https:\/\/continuamosmx.com\/","logo":{"@type":"ImageObject","inLanguage":"es","@id":"https:\/\/continuamosmx.com\/#\/schema\/logo\/image\/","url":"https:\/\/continuamosmx.com\/wp-content\/uploads\/2023\/04\/cropped-LOGO-CONTI-NUEVO.png","contentUrl":"https:\/\/continuamosmx.com\/wp-content\/uploads\/2023\/04\/cropped-LOGO-CONTI-NUEVO.png","width":1257,"height":430,"caption":"ContinuamosMX"},"image":{"@id":"https:\/\/continuamosmx.com\/#\/schema\/logo\/image\/"}},{"@type":"Person","@id":"https:\/\/continuamosmx.com\/#\/schema\/person\/5eb5356acb1fad784da407d14f0e8d89","name":"Continuamos MX","image":{"@type":"ImageObject","inLanguage":"es","@id":"https:\/\/secure.gravatar.com\/avatar\/30d4f9723476a15f4da34d35fb3501f08d2357016c76051c6a85c354c7489589?s=96&d=mm&r=g","url":"https:\/\/secure.gravatar.com\/avatar\/30d4f9723476a15f4da34d35fb3501f08d2357016c76051c6a85c354c7489589?s=96&d=mm&r=g","contentUrl":"https:\/\/secure.gravatar.com\/avatar\/30d4f9723476a15f4da34d35fb3501f08d2357016c76051c6a85c354c7489589?s=96&d=mm&r=g","caption":"Continuamos MX"},"sameAs":["http:\/\/www.continuamos.mx"],"url":"https:\/\/continuamosmx.com\/index.php\/author\/continuamos\/"}]}},"_links":{"self":[{"href":"https:\/\/continuamosmx.com\/index.php\/wp-json\/wp\/v2\/posts\/31863","targetHints":{"allow":["GET"]}}],"collection":[{"href":"https:\/\/continuamosmx.com\/index.php\/wp-json\/wp\/v2\/posts"}],"about":[{"href":"https:\/\/continuamosmx.com\/index.php\/wp-json\/wp\/v2\/types\/post"}],"author":[{"embeddable":true,"href":"https:\/\/continuamosmx.com\/index.php\/wp-json\/wp\/v2\/users\/6"}],"replies":[{"embeddable":true,"href":"https:\/\/continuamosmx.com\/index.php\/wp-json\/wp\/v2\/comments?post=31863"}],"version-history":[{"count":0,"href":"https:\/\/continuamosmx.com\/index.php\/wp-json\/wp\/v2\/posts\/31863\/revisions"}],"wp:featuredmedia":[{"embeddable":true,"href":"https:\/\/continuamosmx.com\/index.php\/wp-json\/wp\/v2\/media\/31864"}],"wp:attachment":[{"href":"https:\/\/continuamosmx.com\/index.php\/wp-json\/wp\/v2\/media?parent=31863"}],"wp:term":[{"taxonomy":"category","embeddable":true,"href":"https:\/\/continuamosmx.com\/index.php\/wp-json\/wp\/v2\/categories?post=31863"},{"taxonomy":"post_tag","embeddable":true,"href":"https:\/\/continuamosmx.com\/index.php\/wp-json\/wp\/v2\/tags?post=31863"}],"curies":[{"name":"wp","href":"https:\/\/api.w.org\/{rel}","templated":true}]}}