{"id":31840,"date":"2022-01-03T01:03:15","date_gmt":"2022-01-03T01:03:15","guid":{"rendered":"https:\/\/continuamos.mx\/?p=31840"},"modified":"2022-01-03T01:03:15","modified_gmt":"2022-01-03T01:03:15","slug":"los-animales-en-la-4t","status":"publish","type":"post","link":"https:\/\/continuamosmx.com\/index.php\/2022\/01\/03\/los-animales-en-la-4t\/","title":{"rendered":"LOS ANIMALES EN LA 4T"},"content":{"rendered":"\n<figure class=\"wp-block-pullquote\"><blockquote><p><strong>El rinc\u00f3n de la Reflexi\u00f3n<\/strong><\/p><cite><strong>Por Alfredo Elizarraras<\/strong><\/cite><\/blockquote><\/figure>\n\n\n\n<p><strong>Los animales en la Cuarta Transformaci\u00f3n<\/strong><\/p>\n\n\n\n<p>Hablar de la Cuarta Transformaci\u00f3n, implica la necesidad de redireccionar el poder pol\u00edtico, hacia la b\u00fasqueda de un cambio socio- cultural en nuestro pa\u00eds.\u00a0<\/p>\n\n\n\n<p>Aspecto, que no debe limitarse a un cambio humano, sino tambi\u00e9n, a la b\u00fasqueda de un bienestar animal, que permita una verdadera revoluci\u00f3n de las conciencias, que satisfaga la necesidad de un respeto, en s\u00ed, por la vida en su m\u00e1xima expresi\u00f3n. Es decir, el amor por todo aquello que respira y siente.<\/p>\n\n\n\n<p>Como bien, lo mencion\u00f3 nuestro presidente Andr\u00e9s Manuel L\u00f3pez Obrador, en su conferencia ma\u00f1anera del viernes 29 de marzo de 2020: \u201c(\u2026) la justicia, es atender a la gente humilde, a la gente pobre. Esa es la funci\u00f3n del gobierno, hasta a los animalitos, que tienen sentimientos (\u2026)\u201d Es decir, el gobierno, debe buscar la justicia, para alcanzar el m\u00e1ximo bien del pueblo, ya que, dicha procuraci\u00f3n de la justicia debe velar por todas las formas de vida dentro de un pa\u00eds y, que a pesar de que, las palabras hayan sido descontextualizadas, \u201ccomo es costumbre\u201d, por una oposici\u00f3n gris y carente de luces, para dar a entender que \u201cAMLO comparaba a la gente pobre, con los animales\u201d, tal vez, muchos recordar\u00e1n que San Francisco de As\u00eds, consideraba que los animales eran sus hermanos menores y \u00e9l, dedic\u00f3 su vida entera a protegerlos y a conectarse con la naturaleza, hasta el punto de ser visto como patrono de los animales y los ecologistas (para m\u00e1s informaci\u00f3n, checar el siguiente enlace:&nbsp;<a href=\"https:\/\/elblogverde.com\/san-francisco-de-asis-patrono-de-los-animales-y-de-los-ecologistas\/\">San Francisco de As\u00eds, patrono de los animales y de los ecologistas &#8211; ElBlogVerde.com<\/a>). Palabras que, en resumen, nos llevan a comprender a un Andr\u00e9s Manuel sumamente emp\u00e1tico y plenamente consciente de los problemas de su pa\u00eds.<\/p>\n\n\n\n<p>Ahora bien, si el objetivo de la Cuarta Transformaci\u00f3n, est\u00e1 plenamente encaminado a la revoluci\u00f3n de las conciencias y procurar la justicia social, \u00e9sta, la justicia, debe velar para que todo ser vivo dentro de nuestro pa\u00eds, tenga un trato digno. Una justicia para todos, sin excepci\u00f3n y sobre todo, alejada de esa visi\u00f3n vieja del neoliberalismo, que la ve\u00eda como un negocio enriquecedor, de jugosas ganancias, en el cual, solo aquellos que ten\u00edan los medios para pagarla, pod\u00edan acceder a ella.<\/p>\n\n\n\n<p>En pocas palabras, urge que los gobiernos locales y estatales, coordinen su trabajo, en beneficio de un bienestar animal, a trav\u00e9s de la construcci\u00f3n de hospitales, rescate y rehabilitaci\u00f3n de animales en situaci\u00f3n de calle y que adem\u00e1s de ello, se construya una agenda pol\u00edtica, para que los gobiernos, involucren a las organizaciones sociales, conocedoras del tema y en general, a los ciudadanos interesados en el bienestar animal y\/o de la flora, para fortalecer la participaci\u00f3n de la ciudadan\u00eda, en los asuntos de la vida p\u00fablica del pa\u00eds.<\/p>\n\n\n\n<p>As\u00ed mismo, el anexo de materias, en el sistema educativo, dirigidas a la concientizaci\u00f3n animal, como un punto de partida, para fortalecer, una cultura de empat\u00eda y amor por la vida, permitir\u00e1 que las nuevas generaciones tengan una visi\u00f3n, m\u00e1s plena del respeto por todas las formas de vida y en consecuencia, tengamos una sociedad m\u00e1s saludable y moralmente fortalecida.<\/p>\n\n\n\n<p>Ahora bien, recordemos que la construcci\u00f3n de hospitales y la adaptaci\u00f3n de espacios, que rescaten a los perros de la calle y los rehabiliten, acompa\u00f1ado lo anterior, de brigadas escolares, dirigidas a concientizar en las escuelas y colonias, a los diversos sectores sociales, ser\u00e1 un excelente respaldo, para el fortalecimiento de la Cuarta Trasformaci\u00f3n, ya que, un gobierno plenamente humano y preocupado por la vida, siempre ser\u00e1 bien visto en cualquier \u00e1mbito social.&nbsp;<\/p>\n\n\n\n<p>Siendo que, mientras m\u00e1s sociedad involucrada veamos, en los asuntos del gobierno, en mayor medida, apoyaremos a nuestro presidente a cumplir el objetivo principal de su trabajo, lo que significa, adem\u00e1s, una mayor democracia participativa y una sociedad m\u00e1s politizada, encaminada a la b\u00fasqueda de la justicia.<\/p>\n","protected":false},"excerpt":{"rendered":"<p>El rinc\u00f3n de la Reflexi\u00f3n Por Alfredo Elizarraras Los animales en la Cuarta Transformaci\u00f3n Hablar de la Cuarta Transformaci\u00f3n, implica la necesidad de redireccionar el poder pol\u00edtico, hacia la b\u00fasqueda de un cambio socio- cultural en nuestro pa\u00eds.\u00a0 Aspecto, que no debe limitarse a un cambio humano, sino tambi\u00e9n, a la b\u00fasqueda de un bienestar [&hellip;]<\/p>\n","protected":false},"author":6,"featured_media":31755,"comment_status":"closed","ping_status":"open","sticky":false,"template":"","format":"standard","meta":{"footnotes":""},"categories":[10,9],"tags":[],"class_list":["post-31840","post","type-post","status-publish","format-standard","has-post-thumbnail","hentry","category-articulo-de-contenido","category-columnas"],"yoast_head":"<!-- This site is optimized with the Yoast SEO plugin v27.5 - https:\/\/yoast.com\/product\/yoast-seo-wordpress\/ -->\n<title>LOS ANIMALES EN LA 4T -<\/title>\n<meta name=\"robots\" content=\"index, follow, max-snippet:-1, max-image-preview:large, max-video-preview:-1\" \/>\n<link rel=\"canonical\" href=\"https:\/\/continuamosmx.com\/index.php\/2022\/01\/03\/los-animales-en-la-4t\/\" \/>\n<meta property=\"og:locale\" content=\"es_ES\" \/>\n<meta property=\"og:type\" content=\"article\" \/>\n<meta property=\"og:title\" content=\"LOS ANIMALES EN LA 4T -\" \/>\n<meta property=\"og:description\" content=\"El rinc\u00f3n de la Reflexi\u00f3n Por Alfredo Elizarraras Los animales en la Cuarta Transformaci\u00f3n Hablar de la Cuarta Transformaci\u00f3n, implica la necesidad de redireccionar el poder pol\u00edtico, hacia la b\u00fasqueda de un cambio socio- cultural en nuestro pa\u00eds.\u00a0 Aspecto, que no debe limitarse a un cambio humano, sino tambi\u00e9n, a la b\u00fasqueda de un bienestar [&hellip;]\" \/>\n<meta property=\"og:url\" content=\"https:\/\/continuamosmx.com\/index.php\/2022\/01\/03\/los-animales-en-la-4t\/\" \/>\n<meta property=\"article:published_time\" content=\"2022-01-03T01:03:15+00:00\" \/>\n<meta name=\"author\" content=\"Continuamos MX\" \/>\n<meta name=\"twitter:card\" content=\"summary_large_image\" \/>\n<meta name=\"twitter:label1\" content=\"Escrito por\" \/>\n\t<meta name=\"twitter:data1\" content=\"Continuamos MX\" \/>\n\t<meta name=\"twitter:label2\" content=\"Tiempo de lectura\" \/>\n\t<meta name=\"twitter:data2\" content=\"4 minutos\" \/>\n<script type=\"application\/ld+json\" class=\"yoast-schema-graph\">{\"@context\":\"https:\\\/\\\/schema.org\",\"@graph\":[{\"@type\":\"Article\",\"@id\":\"https:\\\/\\\/continuamosmx.com\\\/index.php\\\/2022\\\/01\\\/03\\\/los-animales-en-la-4t\\\/#article\",\"isPartOf\":{\"@id\":\"https:\\\/\\\/continuamosmx.com\\\/index.php\\\/2022\\\/01\\\/03\\\/los-animales-en-la-4t\\\/\"},\"author\":{\"name\":\"Continuamos MX\",\"@id\":\"https:\\\/\\\/continuamosmx.com\\\/#\\\/schema\\\/person\\\/5eb5356acb1fad784da407d14f0e8d89\"},\"headline\":\"LOS ANIMALES EN LA 4T\",\"datePublished\":\"2022-01-03T01:03:15+00:00\",\"mainEntityOfPage\":{\"@id\":\"https:\\\/\\\/continuamosmx.com\\\/index.php\\\/2022\\\/01\\\/03\\\/los-animales-en-la-4t\\\/\"},\"wordCount\":712,\"publisher\":{\"@id\":\"https:\\\/\\\/continuamosmx.com\\\/#organization\"},\"image\":{\"@id\":\"https:\\\/\\\/continuamosmx.com\\\/index.php\\\/2022\\\/01\\\/03\\\/los-animales-en-la-4t\\\/#primaryimage\"},\"thumbnailUrl\":\"https:\\\/\\\/continuamosmx.com\\\/wp-content\\\/uploads\\\/2021\\\/12\\\/5217AC98-445C-429D-9EAC-BD3A111E3FE0.jpeg\",\"articleSection\":[\"ART\u00cdCULO DE CONTENIDO\",\"COLUMNAS\"],\"inLanguage\":\"es\"},{\"@type\":\"WebPage\",\"@id\":\"https:\\\/\\\/continuamosmx.com\\\/index.php\\\/2022\\\/01\\\/03\\\/los-animales-en-la-4t\\\/\",\"url\":\"https:\\\/\\\/continuamosmx.com\\\/index.php\\\/2022\\\/01\\\/03\\\/los-animales-en-la-4t\\\/\",\"name\":\"LOS ANIMALES EN LA 4T -\",\"isPartOf\":{\"@id\":\"https:\\\/\\\/continuamosmx.com\\\/#website\"},\"primaryImageOfPage\":{\"@id\":\"https:\\\/\\\/continuamosmx.com\\\/index.php\\\/2022\\\/01\\\/03\\\/los-animales-en-la-4t\\\/#primaryimage\"},\"image\":{\"@id\":\"https:\\\/\\\/continuamosmx.com\\\/index.php\\\/2022\\\/01\\\/03\\\/los-animales-en-la-4t\\\/#primaryimage\"},\"thumbnailUrl\":\"https:\\\/\\\/continuamosmx.com\\\/wp-content\\\/uploads\\\/2021\\\/12\\\/5217AC98-445C-429D-9EAC-BD3A111E3FE0.jpeg\",\"datePublished\":\"2022-01-03T01:03:15+00:00\",\"breadcrumb\":{\"@id\":\"https:\\\/\\\/continuamosmx.com\\\/index.php\\\/2022\\\/01\\\/03\\\/los-animales-en-la-4t\\\/#breadcrumb\"},\"inLanguage\":\"es\",\"potentialAction\":[{\"@type\":\"ReadAction\",\"target\":[\"https:\\\/\\\/continuamosmx.com\\\/index.php\\\/2022\\\/01\\\/03\\\/los-animales-en-la-4t\\\/\"]}]},{\"@type\":\"ImageObject\",\"inLanguage\":\"es\",\"@id\":\"https:\\\/\\\/continuamosmx.com\\\/index.php\\\/2022\\\/01\\\/03\\\/los-animales-en-la-4t\\\/#primaryimage\",\"url\":\"https:\\\/\\\/continuamosmx.com\\\/wp-content\\\/uploads\\\/2021\\\/12\\\/5217AC98-445C-429D-9EAC-BD3A111E3FE0.jpeg\",\"contentUrl\":\"https:\\\/\\\/continuamosmx.com\\\/wp-content\\\/uploads\\\/2021\\\/12\\\/5217AC98-445C-429D-9EAC-BD3A111E3FE0.jpeg\",\"width\":1138,\"height\":1065},{\"@type\":\"BreadcrumbList\",\"@id\":\"https:\\\/\\\/continuamosmx.com\\\/index.php\\\/2022\\\/01\\\/03\\\/los-animales-en-la-4t\\\/#breadcrumb\",\"itemListElement\":[{\"@type\":\"ListItem\",\"position\":1,\"name\":\"Inicio\",\"item\":\"https:\\\/\\\/continuamosmx.com\\\/\"},{\"@type\":\"ListItem\",\"position\":2,\"name\":\"LOS ANIMALES EN LA 4T\"}]},{\"@type\":\"WebSite\",\"@id\":\"https:\\\/\\\/continuamosmx.com\\\/#website\",\"url\":\"https:\\\/\\\/continuamosmx.com\\\/\",\"name\":\"www.continuamosmx.com\",\"description\":\"\",\"publisher\":{\"@id\":\"https:\\\/\\\/continuamosmx.com\\\/#organization\"},\"potentialAction\":[{\"@type\":\"SearchAction\",\"target\":{\"@type\":\"EntryPoint\",\"urlTemplate\":\"https:\\\/\\\/continuamosmx.com\\\/?s={search_term_string}\"},\"query-input\":{\"@type\":\"PropertyValueSpecification\",\"valueRequired\":true,\"valueName\":\"search_term_string\"}}],\"inLanguage\":\"es\"},{\"@type\":\"Organization\",\"@id\":\"https:\\\/\\\/continuamosmx.com\\\/#organization\",\"name\":\"ContinuamosMX\",\"url\":\"https:\\\/\\\/continuamosmx.com\\\/\",\"logo\":{\"@type\":\"ImageObject\",\"inLanguage\":\"es\",\"@id\":\"https:\\\/\\\/continuamosmx.com\\\/#\\\/schema\\\/logo\\\/image\\\/\",\"url\":\"https:\\\/\\\/continuamosmx.com\\\/wp-content\\\/uploads\\\/2023\\\/04\\\/cropped-LOGO-CONTI-NUEVO.png\",\"contentUrl\":\"https:\\\/\\\/continuamosmx.com\\\/wp-content\\\/uploads\\\/2023\\\/04\\\/cropped-LOGO-CONTI-NUEVO.png\",\"width\":1257,\"height\":430,\"caption\":\"ContinuamosMX\"},\"image\":{\"@id\":\"https:\\\/\\\/continuamosmx.com\\\/#\\\/schema\\\/logo\\\/image\\\/\"}},{\"@type\":\"Person\",\"@id\":\"https:\\\/\\\/continuamosmx.com\\\/#\\\/schema\\\/person\\\/5eb5356acb1fad784da407d14f0e8d89\",\"name\":\"Continuamos MX\",\"image\":{\"@type\":\"ImageObject\",\"inLanguage\":\"es\",\"@id\":\"https:\\\/\\\/secure.gravatar.com\\\/avatar\\\/30d4f9723476a15f4da34d35fb3501f08d2357016c76051c6a85c354c7489589?s=96&d=mm&r=g\",\"url\":\"https:\\\/\\\/secure.gravatar.com\\\/avatar\\\/30d4f9723476a15f4da34d35fb3501f08d2357016c76051c6a85c354c7489589?s=96&d=mm&r=g\",\"contentUrl\":\"https:\\\/\\\/secure.gravatar.com\\\/avatar\\\/30d4f9723476a15f4da34d35fb3501f08d2357016c76051c6a85c354c7489589?s=96&d=mm&r=g\",\"caption\":\"Continuamos MX\"},\"sameAs\":[\"http:\\\/\\\/www.continuamos.mx\"],\"url\":\"https:\\\/\\\/continuamosmx.com\\\/index.php\\\/author\\\/continuamos\\\/\"}]}<\/script>\n<!-- \/ Yoast SEO plugin. -->","yoast_head_json":{"title":"LOS ANIMALES EN LA 4T -","robots":{"index":"index","follow":"follow","max-snippet":"max-snippet:-1","max-image-preview":"max-image-preview:large","max-video-preview":"max-video-preview:-1"},"canonical":"https:\/\/continuamosmx.com\/index.php\/2022\/01\/03\/los-animales-en-la-4t\/","og_locale":"es_ES","og_type":"article","og_title":"LOS ANIMALES EN LA 4T -","og_description":"El rinc\u00f3n de la Reflexi\u00f3n Por Alfredo Elizarraras Los animales en la Cuarta Transformaci\u00f3n Hablar de la Cuarta Transformaci\u00f3n, implica la necesidad de redireccionar el poder pol\u00edtico, hacia la b\u00fasqueda de un cambio socio- cultural en nuestro pa\u00eds.\u00a0 Aspecto, que no debe limitarse a un cambio humano, sino tambi\u00e9n, a la b\u00fasqueda de un bienestar [&hellip;]","og_url":"https:\/\/continuamosmx.com\/index.php\/2022\/01\/03\/los-animales-en-la-4t\/","article_published_time":"2022-01-03T01:03:15+00:00","author":"Continuamos MX","twitter_card":"summary_large_image","twitter_misc":{"Escrito por":"Continuamos MX","Tiempo de lectura":"4 minutos"},"schema":{"@context":"https:\/\/schema.org","@graph":[{"@type":"Article","@id":"https:\/\/continuamosmx.com\/index.php\/2022\/01\/03\/los-animales-en-la-4t\/#article","isPartOf":{"@id":"https:\/\/continuamosmx.com\/index.php\/2022\/01\/03\/los-animales-en-la-4t\/"},"author":{"name":"Continuamos MX","@id":"https:\/\/continuamosmx.com\/#\/schema\/person\/5eb5356acb1fad784da407d14f0e8d89"},"headline":"LOS ANIMALES EN LA 4T","datePublished":"2022-01-03T01:03:15+00:00","mainEntityOfPage":{"@id":"https:\/\/continuamosmx.com\/index.php\/2022\/01\/03\/los-animales-en-la-4t\/"},"wordCount":712,"publisher":{"@id":"https:\/\/continuamosmx.com\/#organization"},"image":{"@id":"https:\/\/continuamosmx.com\/index.php\/2022\/01\/03\/los-animales-en-la-4t\/#primaryimage"},"thumbnailUrl":"https:\/\/continuamosmx.com\/wp-content\/uploads\/2021\/12\/5217AC98-445C-429D-9EAC-BD3A111E3FE0.jpeg","articleSection":["ART\u00cdCULO DE CONTENIDO","COLUMNAS"],"inLanguage":"es"},{"@type":"WebPage","@id":"https:\/\/continuamosmx.com\/index.php\/2022\/01\/03\/los-animales-en-la-4t\/","url":"https:\/\/continuamosmx.com\/index.php\/2022\/01\/03\/los-animales-en-la-4t\/","name":"LOS ANIMALES EN LA 4T -","isPartOf":{"@id":"https:\/\/continuamosmx.com\/#website"},"primaryImageOfPage":{"@id":"https:\/\/continuamosmx.com\/index.php\/2022\/01\/03\/los-animales-en-la-4t\/#primaryimage"},"image":{"@id":"https:\/\/continuamosmx.com\/index.php\/2022\/01\/03\/los-animales-en-la-4t\/#primaryimage"},"thumbnailUrl":"https:\/\/continuamosmx.com\/wp-content\/uploads\/2021\/12\/5217AC98-445C-429D-9EAC-BD3A111E3FE0.jpeg","datePublished":"2022-01-03T01:03:15+00:00","breadcrumb":{"@id":"https:\/\/continuamosmx.com\/index.php\/2022\/01\/03\/los-animales-en-la-4t\/#breadcrumb"},"inLanguage":"es","potentialAction":[{"@type":"ReadAction","target":["https:\/\/continuamosmx.com\/index.php\/2022\/01\/03\/los-animales-en-la-4t\/"]}]},{"@type":"ImageObject","inLanguage":"es","@id":"https:\/\/continuamosmx.com\/index.php\/2022\/01\/03\/los-animales-en-la-4t\/#primaryimage","url":"https:\/\/continuamosmx.com\/wp-content\/uploads\/2021\/12\/5217AC98-445C-429D-9EAC-BD3A111E3FE0.jpeg","contentUrl":"https:\/\/continuamosmx.com\/wp-content\/uploads\/2021\/12\/5217AC98-445C-429D-9EAC-BD3A111E3FE0.jpeg","width":1138,"height":1065},{"@type":"BreadcrumbList","@id":"https:\/\/continuamosmx.com\/index.php\/2022\/01\/03\/los-animales-en-la-4t\/#breadcrumb","itemListElement":[{"@type":"ListItem","position":1,"name":"Inicio","item":"https:\/\/continuamosmx.com\/"},{"@type":"ListItem","position":2,"name":"LOS ANIMALES EN LA 4T"}]},{"@type":"WebSite","@id":"https:\/\/continuamosmx.com\/#website","url":"https:\/\/continuamosmx.com\/","name":"www.continuamosmx.com","description":"","publisher":{"@id":"https:\/\/continuamosmx.com\/#organization"},"potentialAction":[{"@type":"SearchAction","target":{"@type":"EntryPoint","urlTemplate":"https:\/\/continuamosmx.com\/?s={search_term_string}"},"query-input":{"@type":"PropertyValueSpecification","valueRequired":true,"valueName":"search_term_string"}}],"inLanguage":"es"},{"@type":"Organization","@id":"https:\/\/continuamosmx.com\/#organization","name":"ContinuamosMX","url":"https:\/\/continuamosmx.com\/","logo":{"@type":"ImageObject","inLanguage":"es","@id":"https:\/\/continuamosmx.com\/#\/schema\/logo\/image\/","url":"https:\/\/continuamosmx.com\/wp-content\/uploads\/2023\/04\/cropped-LOGO-CONTI-NUEVO.png","contentUrl":"https:\/\/continuamosmx.com\/wp-content\/uploads\/2023\/04\/cropped-LOGO-CONTI-NUEVO.png","width":1257,"height":430,"caption":"ContinuamosMX"},"image":{"@id":"https:\/\/continuamosmx.com\/#\/schema\/logo\/image\/"}},{"@type":"Person","@id":"https:\/\/continuamosmx.com\/#\/schema\/person\/5eb5356acb1fad784da407d14f0e8d89","name":"Continuamos MX","image":{"@type":"ImageObject","inLanguage":"es","@id":"https:\/\/secure.gravatar.com\/avatar\/30d4f9723476a15f4da34d35fb3501f08d2357016c76051c6a85c354c7489589?s=96&d=mm&r=g","url":"https:\/\/secure.gravatar.com\/avatar\/30d4f9723476a15f4da34d35fb3501f08d2357016c76051c6a85c354c7489589?s=96&d=mm&r=g","contentUrl":"https:\/\/secure.gravatar.com\/avatar\/30d4f9723476a15f4da34d35fb3501f08d2357016c76051c6a85c354c7489589?s=96&d=mm&r=g","caption":"Continuamos MX"},"sameAs":["http:\/\/www.continuamos.mx"],"url":"https:\/\/continuamosmx.com\/index.php\/author\/continuamos\/"}]}},"_links":{"self":[{"href":"https:\/\/continuamosmx.com\/index.php\/wp-json\/wp\/v2\/posts\/31840","targetHints":{"allow":["GET"]}}],"collection":[{"href":"https:\/\/continuamosmx.com\/index.php\/wp-json\/wp\/v2\/posts"}],"about":[{"href":"https:\/\/continuamosmx.com\/index.php\/wp-json\/wp\/v2\/types\/post"}],"author":[{"embeddable":true,"href":"https:\/\/continuamosmx.com\/index.php\/wp-json\/wp\/v2\/users\/6"}],"replies":[{"embeddable":true,"href":"https:\/\/continuamosmx.com\/index.php\/wp-json\/wp\/v2\/comments?post=31840"}],"version-history":[{"count":0,"href":"https:\/\/continuamosmx.com\/index.php\/wp-json\/wp\/v2\/posts\/31840\/revisions"}],"wp:featuredmedia":[{"embeddable":true,"href":"https:\/\/continuamosmx.com\/index.php\/wp-json\/wp\/v2\/media\/31755"}],"wp:attachment":[{"href":"https:\/\/continuamosmx.com\/index.php\/wp-json\/wp\/v2\/media?parent=31840"}],"wp:term":[{"taxonomy":"category","embeddable":true,"href":"https:\/\/continuamosmx.com\/index.php\/wp-json\/wp\/v2\/categories?post=31840"},{"taxonomy":"post_tag","embeddable":true,"href":"https:\/\/continuamosmx.com\/index.php\/wp-json\/wp\/v2\/tags?post=31840"}],"curies":[{"name":"wp","href":"https:\/\/api.w.org\/{rel}","templated":true}]}}