{"id":31833,"date":"2022-01-02T15:21:54","date_gmt":"2022-01-02T15:21:54","guid":{"rendered":"https:\/\/continuamos.mx\/?p=31833"},"modified":"2022-01-02T15:21:54","modified_gmt":"2022-01-02T15:21:54","slug":"urge-regresar-a-atizapan-el-orden-urbano-pedro-rodriguez","status":"publish","type":"post","link":"https:\/\/continuamosmx.com\/index.php\/2022\/01\/02\/urge-regresar-a-atizapan-el-orden-urbano-pedro-rodriguez\/","title":{"rendered":"URGE REGRESAR A ATIZAP\u00c1N EL ORDEN URBANO: PEDRO RODR\u00cdGUEZ"},"content":{"rendered":"\n<p>.- El Presidente Municipal afirma que revisar\u00e1 temas de Desarrollo Urbano que se han dado en los \u00faltimos a\u00f1os y han provocado un crecimiento desordenado.\u00a0<\/p>\n\n\n\n<p>.- Presenta al Gabinete de Gobierno con el que operar\u00e1 la administraci\u00f3n p\u00fablica municipal entre 2022 y 2024; en la Direcci\u00f3n de Ordenamiento Territorial y Desarrollo Urbano coloca a Jos\u00e9 Jarqu\u00edn Rodr\u00edguez; en la Comisar\u00eda de Seguridad P\u00fablica al Teniente de Fragata Ricardo G\u00f3mez Calcaneo.<\/p>\n\n\n\n<p>ATIZAP\u00c1N DE ZARAGOZA, M\u00e9x.- En un breve mensaje, el Alcalde de esta ciudad Pedro Rodr\u00edguez Villegas, afirm\u00f3 que revisar\u00e1 el crecimiento urbano desordenado que en los \u00faltimos a\u00f1os ha tenido la Tierra de las Aguas de Tiza, as\u00ed como la seguridad p\u00fablica, la cultura y los servicios b\u00e1sicos.&nbsp;<\/p>\n\n\n\n<p>\u201cAbordaremos el desarrollo Urbano de Atizap\u00e1n de Zaragoza, la Presa Mad\u00edn, cuestiones de cultura como el Festival Luminaria y la Orquesta Sinf\u00f3nica Municipal, as\u00ed como servicios b\u00e1sicos como la seguridad p\u00fablica\u201d, afirm\u00f3 el Presidente Municipal de Atizap\u00e1n de Zaragoza.<\/p>\n\n\n\n<p>El Alcalde Pedro Rodr\u00edguez propuso a Sergio Hern\u00e1ndez Olvera como Secretario del Ayuntamiento; a Jos\u00e9 Ortega Rios como Tesorero Municipal; a Horacio Roa Flores como Contralor Municipal y a JOAQUIN Olvera Maga\u00f1as como Director de Administraci\u00f3n<\/p>\n\n\n\n<p>De igual forma, Iv\u00e1n Jasso Aguirre ser\u00e1 el Director Jur\u00eddico y Consultivo; el Teniente de Fragata Fabian Ricardo G\u00f3mez Calc\u00e1neo ser\u00e1 el Comisario de Seguridad P\u00fablica y Tr\u00e1nsito y Jos\u00e9 Jarqu\u00edn Rodr\u00edguez ser\u00e1 el Director de Ordenamiento Territorial y Desarrollo Urbano&nbsp;<\/p>\n\n\n\n<p>Por otra parte, Edgar V\u00e1zquez Molina ser\u00e1 el Director de Obras P\u00fablicas; Enrique Gonz\u00e1lez Fonseca ser\u00e1 el Director de Servicios P\u00fablicos y el Comandante H\u00e9ctor Helorriaga Mejia ser\u00e1 el Coordinador de Protecci\u00f3n Civil, Bomberos y Medio Ambiente.<\/p>\n\n\n\n<p>Por \u00faltimo, Roberto Schemelesky Castro ser\u00e1 el Director de Desarrollo Social; Fredy Hern\u00e1ndez B\u00e1rcena ser\u00e1 el Director de Educaci\u00f3n; Guillermo Cabrera Cifuentes ser\u00e1 el Director de Innovaci\u00f3n y Comunicaci\u00f3n y Carmen Soto Escalante la Directora del Instituto de la Mujer; Alfredo V\u00e1zquez Gonz\u00e1lez el Director de SAPASA; Juana Mendoza Becerril la Directora del DIF Municipal y Patricia Alonso Vargas la Directora de Desarrollo Econ\u00f3mico.<\/p>\n","protected":false},"excerpt":{"rendered":"<p>.- El Presidente Municipal afirma que revisar\u00e1 temas de Desarrollo Urbano que se han dado en los \u00faltimos a\u00f1os y han provocado un crecimiento desordenado.\u00a0 .- Presenta al Gabinete de Gobierno con el que operar\u00e1 la administraci\u00f3n p\u00fablica municipal entre 2022 y 2024; en la Direcci\u00f3n de Ordenamiento Territorial y Desarrollo Urbano coloca a Jos\u00e9 [&hellip;]<\/p>\n","protected":false},"author":6,"featured_media":31834,"comment_status":"closed","ping_status":"open","sticky":false,"template":"","format":"standard","meta":{"footnotes":""},"categories":[20,4],"tags":[],"class_list":["post-31833","post","type-post","status-publish","format-standard","has-post-thumbnail","hentry","category-atizapan-de-zaragoza","category-locales"],"yoast_head":"<!-- This site is optimized with the Yoast SEO plugin v27.5 - https:\/\/yoast.com\/product\/yoast-seo-wordpress\/ -->\n<title>URGE REGRESAR A ATIZAP\u00c1N EL ORDEN URBANO: PEDRO RODR\u00cdGUEZ -<\/title>\n<meta name=\"robots\" content=\"index, follow, max-snippet:-1, max-image-preview:large, max-video-preview:-1\" \/>\n<link rel=\"canonical\" href=\"https:\/\/continuamosmx.com\/index.php\/2022\/01\/02\/urge-regresar-a-atizapan-el-orden-urbano-pedro-rodriguez\/\" \/>\n<meta property=\"og:locale\" content=\"es_ES\" \/>\n<meta property=\"og:type\" content=\"article\" \/>\n<meta property=\"og:title\" content=\"URGE REGRESAR A ATIZAP\u00c1N EL ORDEN URBANO: PEDRO RODR\u00cdGUEZ -\" \/>\n<meta property=\"og:description\" content=\".- El Presidente Municipal afirma que revisar\u00e1 temas de Desarrollo Urbano que se han dado en los \u00faltimos a\u00f1os y han provocado un crecimiento desordenado.\u00a0 .- Presenta al Gabinete de Gobierno con el que operar\u00e1 la administraci\u00f3n p\u00fablica municipal entre 2022 y 2024; en la Direcci\u00f3n de Ordenamiento Territorial y Desarrollo Urbano coloca a Jos\u00e9 [&hellip;]\" \/>\n<meta property=\"og:url\" content=\"https:\/\/continuamosmx.com\/index.php\/2022\/01\/02\/urge-regresar-a-atizapan-el-orden-urbano-pedro-rodriguez\/\" \/>\n<meta property=\"article:published_time\" content=\"2022-01-02T15:21:54+00:00\" \/>\n<meta name=\"author\" content=\"Continuamos MX\" \/>\n<meta name=\"twitter:card\" content=\"summary_large_image\" \/>\n<meta name=\"twitter:label1\" content=\"Escrito por\" \/>\n\t<meta name=\"twitter:data1\" content=\"Continuamos MX\" \/>\n\t<meta name=\"twitter:label2\" content=\"Tiempo de lectura\" \/>\n\t<meta name=\"twitter:data2\" content=\"2 minutos\" \/>\n<script type=\"application\/ld+json\" class=\"yoast-schema-graph\">{\"@context\":\"https:\\\/\\\/schema.org\",\"@graph\":[{\"@type\":\"Article\",\"@id\":\"https:\\\/\\\/continuamosmx.com\\\/index.php\\\/2022\\\/01\\\/02\\\/urge-regresar-a-atizapan-el-orden-urbano-pedro-rodriguez\\\/#article\",\"isPartOf\":{\"@id\":\"https:\\\/\\\/continuamosmx.com\\\/index.php\\\/2022\\\/01\\\/02\\\/urge-regresar-a-atizapan-el-orden-urbano-pedro-rodriguez\\\/\"},\"author\":{\"name\":\"Continuamos MX\",\"@id\":\"https:\\\/\\\/continuamosmx.com\\\/#\\\/schema\\\/person\\\/5eb5356acb1fad784da407d14f0e8d89\"},\"headline\":\"URGE REGRESAR A ATIZAP\u00c1N EL ORDEN URBANO: PEDRO RODR\u00cdGUEZ\",\"datePublished\":\"2022-01-02T15:21:54+00:00\",\"mainEntityOfPage\":{\"@id\":\"https:\\\/\\\/continuamosmx.com\\\/index.php\\\/2022\\\/01\\\/02\\\/urge-regresar-a-atizapan-el-orden-urbano-pedro-rodriguez\\\/\"},\"wordCount\":394,\"publisher\":{\"@id\":\"https:\\\/\\\/continuamosmx.com\\\/#organization\"},\"image\":{\"@id\":\"https:\\\/\\\/continuamosmx.com\\\/index.php\\\/2022\\\/01\\\/02\\\/urge-regresar-a-atizapan-el-orden-urbano-pedro-rodriguez\\\/#primaryimage\"},\"thumbnailUrl\":\"https:\\\/\\\/continuamosmx.com\\\/wp-content\\\/uploads\\\/2022\\\/01\\\/4B16AB3C-7015-4751-863F-1B8A8A18D762.jpeg\",\"articleSection\":[\"ATIZAPAN DE ZARAGOZA\",\"LOCALES\"],\"inLanguage\":\"es\"},{\"@type\":\"WebPage\",\"@id\":\"https:\\\/\\\/continuamosmx.com\\\/index.php\\\/2022\\\/01\\\/02\\\/urge-regresar-a-atizapan-el-orden-urbano-pedro-rodriguez\\\/\",\"url\":\"https:\\\/\\\/continuamosmx.com\\\/index.php\\\/2022\\\/01\\\/02\\\/urge-regresar-a-atizapan-el-orden-urbano-pedro-rodriguez\\\/\",\"name\":\"URGE REGRESAR A ATIZAP\u00c1N EL ORDEN URBANO: PEDRO RODR\u00cdGUEZ -\",\"isPartOf\":{\"@id\":\"https:\\\/\\\/continuamosmx.com\\\/#website\"},\"primaryImageOfPage\":{\"@id\":\"https:\\\/\\\/continuamosmx.com\\\/index.php\\\/2022\\\/01\\\/02\\\/urge-regresar-a-atizapan-el-orden-urbano-pedro-rodriguez\\\/#primaryimage\"},\"image\":{\"@id\":\"https:\\\/\\\/continuamosmx.com\\\/index.php\\\/2022\\\/01\\\/02\\\/urge-regresar-a-atizapan-el-orden-urbano-pedro-rodriguez\\\/#primaryimage\"},\"thumbnailUrl\":\"https:\\\/\\\/continuamosmx.com\\\/wp-content\\\/uploads\\\/2022\\\/01\\\/4B16AB3C-7015-4751-863F-1B8A8A18D762.jpeg\",\"datePublished\":\"2022-01-02T15:21:54+00:00\",\"breadcrumb\":{\"@id\":\"https:\\\/\\\/continuamosmx.com\\\/index.php\\\/2022\\\/01\\\/02\\\/urge-regresar-a-atizapan-el-orden-urbano-pedro-rodriguez\\\/#breadcrumb\"},\"inLanguage\":\"es\",\"potentialAction\":[{\"@type\":\"ReadAction\",\"target\":[\"https:\\\/\\\/continuamosmx.com\\\/index.php\\\/2022\\\/01\\\/02\\\/urge-regresar-a-atizapan-el-orden-urbano-pedro-rodriguez\\\/\"]}]},{\"@type\":\"ImageObject\",\"inLanguage\":\"es\",\"@id\":\"https:\\\/\\\/continuamosmx.com\\\/index.php\\\/2022\\\/01\\\/02\\\/urge-regresar-a-atizapan-el-orden-urbano-pedro-rodriguez\\\/#primaryimage\",\"url\":\"https:\\\/\\\/continuamosmx.com\\\/wp-content\\\/uploads\\\/2022\\\/01\\\/4B16AB3C-7015-4751-863F-1B8A8A18D762.jpeg\",\"contentUrl\":\"https:\\\/\\\/continuamosmx.com\\\/wp-content\\\/uploads\\\/2022\\\/01\\\/4B16AB3C-7015-4751-863F-1B8A8A18D762.jpeg\",\"width\":1280,\"height\":713},{\"@type\":\"BreadcrumbList\",\"@id\":\"https:\\\/\\\/continuamosmx.com\\\/index.php\\\/2022\\\/01\\\/02\\\/urge-regresar-a-atizapan-el-orden-urbano-pedro-rodriguez\\\/#breadcrumb\",\"itemListElement\":[{\"@type\":\"ListItem\",\"position\":1,\"name\":\"Inicio\",\"item\":\"https:\\\/\\\/continuamosmx.com\\\/\"},{\"@type\":\"ListItem\",\"position\":2,\"name\":\"URGE REGRESAR A ATIZAP\u00c1N EL ORDEN URBANO: PEDRO RODR\u00cdGUEZ\"}]},{\"@type\":\"WebSite\",\"@id\":\"https:\\\/\\\/continuamosmx.com\\\/#website\",\"url\":\"https:\\\/\\\/continuamosmx.com\\\/\",\"name\":\"www.continuamosmx.com\",\"description\":\"\",\"publisher\":{\"@id\":\"https:\\\/\\\/continuamosmx.com\\\/#organization\"},\"potentialAction\":[{\"@type\":\"SearchAction\",\"target\":{\"@type\":\"EntryPoint\",\"urlTemplate\":\"https:\\\/\\\/continuamosmx.com\\\/?s={search_term_string}\"},\"query-input\":{\"@type\":\"PropertyValueSpecification\",\"valueRequired\":true,\"valueName\":\"search_term_string\"}}],\"inLanguage\":\"es\"},{\"@type\":\"Organization\",\"@id\":\"https:\\\/\\\/continuamosmx.com\\\/#organization\",\"name\":\"ContinuamosMX\",\"url\":\"https:\\\/\\\/continuamosmx.com\\\/\",\"logo\":{\"@type\":\"ImageObject\",\"inLanguage\":\"es\",\"@id\":\"https:\\\/\\\/continuamosmx.com\\\/#\\\/schema\\\/logo\\\/image\\\/\",\"url\":\"https:\\\/\\\/continuamosmx.com\\\/wp-content\\\/uploads\\\/2023\\\/04\\\/cropped-LOGO-CONTI-NUEVO.png\",\"contentUrl\":\"https:\\\/\\\/continuamosmx.com\\\/wp-content\\\/uploads\\\/2023\\\/04\\\/cropped-LOGO-CONTI-NUEVO.png\",\"width\":1257,\"height\":430,\"caption\":\"ContinuamosMX\"},\"image\":{\"@id\":\"https:\\\/\\\/continuamosmx.com\\\/#\\\/schema\\\/logo\\\/image\\\/\"}},{\"@type\":\"Person\",\"@id\":\"https:\\\/\\\/continuamosmx.com\\\/#\\\/schema\\\/person\\\/5eb5356acb1fad784da407d14f0e8d89\",\"name\":\"Continuamos MX\",\"image\":{\"@type\":\"ImageObject\",\"inLanguage\":\"es\",\"@id\":\"https:\\\/\\\/secure.gravatar.com\\\/avatar\\\/30d4f9723476a15f4da34d35fb3501f08d2357016c76051c6a85c354c7489589?s=96&d=mm&r=g\",\"url\":\"https:\\\/\\\/secure.gravatar.com\\\/avatar\\\/30d4f9723476a15f4da34d35fb3501f08d2357016c76051c6a85c354c7489589?s=96&d=mm&r=g\",\"contentUrl\":\"https:\\\/\\\/secure.gravatar.com\\\/avatar\\\/30d4f9723476a15f4da34d35fb3501f08d2357016c76051c6a85c354c7489589?s=96&d=mm&r=g\",\"caption\":\"Continuamos MX\"},\"sameAs\":[\"http:\\\/\\\/www.continuamos.mx\"],\"url\":\"https:\\\/\\\/continuamosmx.com\\\/index.php\\\/author\\\/continuamos\\\/\"}]}<\/script>\n<!-- \/ Yoast SEO plugin. -->","yoast_head_json":{"title":"URGE REGRESAR A ATIZAP\u00c1N EL ORDEN URBANO: PEDRO RODR\u00cdGUEZ -","robots":{"index":"index","follow":"follow","max-snippet":"max-snippet:-1","max-image-preview":"max-image-preview:large","max-video-preview":"max-video-preview:-1"},"canonical":"https:\/\/continuamosmx.com\/index.php\/2022\/01\/02\/urge-regresar-a-atizapan-el-orden-urbano-pedro-rodriguez\/","og_locale":"es_ES","og_type":"article","og_title":"URGE REGRESAR A ATIZAP\u00c1N EL ORDEN URBANO: PEDRO RODR\u00cdGUEZ -","og_description":".- El Presidente Municipal afirma que revisar\u00e1 temas de Desarrollo Urbano que se han dado en los \u00faltimos a\u00f1os y han provocado un crecimiento desordenado.\u00a0 .- Presenta al Gabinete de Gobierno con el que operar\u00e1 la administraci\u00f3n p\u00fablica municipal entre 2022 y 2024; en la Direcci\u00f3n de Ordenamiento Territorial y Desarrollo Urbano coloca a Jos\u00e9 [&hellip;]","og_url":"https:\/\/continuamosmx.com\/index.php\/2022\/01\/02\/urge-regresar-a-atizapan-el-orden-urbano-pedro-rodriguez\/","article_published_time":"2022-01-02T15:21:54+00:00","author":"Continuamos MX","twitter_card":"summary_large_image","twitter_misc":{"Escrito por":"Continuamos MX","Tiempo de lectura":"2 minutos"},"schema":{"@context":"https:\/\/schema.org","@graph":[{"@type":"Article","@id":"https:\/\/continuamosmx.com\/index.php\/2022\/01\/02\/urge-regresar-a-atizapan-el-orden-urbano-pedro-rodriguez\/#article","isPartOf":{"@id":"https:\/\/continuamosmx.com\/index.php\/2022\/01\/02\/urge-regresar-a-atizapan-el-orden-urbano-pedro-rodriguez\/"},"author":{"name":"Continuamos MX","@id":"https:\/\/continuamosmx.com\/#\/schema\/person\/5eb5356acb1fad784da407d14f0e8d89"},"headline":"URGE REGRESAR A ATIZAP\u00c1N EL ORDEN URBANO: PEDRO RODR\u00cdGUEZ","datePublished":"2022-01-02T15:21:54+00:00","mainEntityOfPage":{"@id":"https:\/\/continuamosmx.com\/index.php\/2022\/01\/02\/urge-regresar-a-atizapan-el-orden-urbano-pedro-rodriguez\/"},"wordCount":394,"publisher":{"@id":"https:\/\/continuamosmx.com\/#organization"},"image":{"@id":"https:\/\/continuamosmx.com\/index.php\/2022\/01\/02\/urge-regresar-a-atizapan-el-orden-urbano-pedro-rodriguez\/#primaryimage"},"thumbnailUrl":"https:\/\/continuamosmx.com\/wp-content\/uploads\/2022\/01\/4B16AB3C-7015-4751-863F-1B8A8A18D762.jpeg","articleSection":["ATIZAPAN DE ZARAGOZA","LOCALES"],"inLanguage":"es"},{"@type":"WebPage","@id":"https:\/\/continuamosmx.com\/index.php\/2022\/01\/02\/urge-regresar-a-atizapan-el-orden-urbano-pedro-rodriguez\/","url":"https:\/\/continuamosmx.com\/index.php\/2022\/01\/02\/urge-regresar-a-atizapan-el-orden-urbano-pedro-rodriguez\/","name":"URGE REGRESAR A ATIZAP\u00c1N EL ORDEN URBANO: PEDRO RODR\u00cdGUEZ -","isPartOf":{"@id":"https:\/\/continuamosmx.com\/#website"},"primaryImageOfPage":{"@id":"https:\/\/continuamosmx.com\/index.php\/2022\/01\/02\/urge-regresar-a-atizapan-el-orden-urbano-pedro-rodriguez\/#primaryimage"},"image":{"@id":"https:\/\/continuamosmx.com\/index.php\/2022\/01\/02\/urge-regresar-a-atizapan-el-orden-urbano-pedro-rodriguez\/#primaryimage"},"thumbnailUrl":"https:\/\/continuamosmx.com\/wp-content\/uploads\/2022\/01\/4B16AB3C-7015-4751-863F-1B8A8A18D762.jpeg","datePublished":"2022-01-02T15:21:54+00:00","breadcrumb":{"@id":"https:\/\/continuamosmx.com\/index.php\/2022\/01\/02\/urge-regresar-a-atizapan-el-orden-urbano-pedro-rodriguez\/#breadcrumb"},"inLanguage":"es","potentialAction":[{"@type":"ReadAction","target":["https:\/\/continuamosmx.com\/index.php\/2022\/01\/02\/urge-regresar-a-atizapan-el-orden-urbano-pedro-rodriguez\/"]}]},{"@type":"ImageObject","inLanguage":"es","@id":"https:\/\/continuamosmx.com\/index.php\/2022\/01\/02\/urge-regresar-a-atizapan-el-orden-urbano-pedro-rodriguez\/#primaryimage","url":"https:\/\/continuamosmx.com\/wp-content\/uploads\/2022\/01\/4B16AB3C-7015-4751-863F-1B8A8A18D762.jpeg","contentUrl":"https:\/\/continuamosmx.com\/wp-content\/uploads\/2022\/01\/4B16AB3C-7015-4751-863F-1B8A8A18D762.jpeg","width":1280,"height":713},{"@type":"BreadcrumbList","@id":"https:\/\/continuamosmx.com\/index.php\/2022\/01\/02\/urge-regresar-a-atizapan-el-orden-urbano-pedro-rodriguez\/#breadcrumb","itemListElement":[{"@type":"ListItem","position":1,"name":"Inicio","item":"https:\/\/continuamosmx.com\/"},{"@type":"ListItem","position":2,"name":"URGE REGRESAR A ATIZAP\u00c1N EL ORDEN URBANO: PEDRO RODR\u00cdGUEZ"}]},{"@type":"WebSite","@id":"https:\/\/continuamosmx.com\/#website","url":"https:\/\/continuamosmx.com\/","name":"www.continuamosmx.com","description":"","publisher":{"@id":"https:\/\/continuamosmx.com\/#organization"},"potentialAction":[{"@type":"SearchAction","target":{"@type":"EntryPoint","urlTemplate":"https:\/\/continuamosmx.com\/?s={search_term_string}"},"query-input":{"@type":"PropertyValueSpecification","valueRequired":true,"valueName":"search_term_string"}}],"inLanguage":"es"},{"@type":"Organization","@id":"https:\/\/continuamosmx.com\/#organization","name":"ContinuamosMX","url":"https:\/\/continuamosmx.com\/","logo":{"@type":"ImageObject","inLanguage":"es","@id":"https:\/\/continuamosmx.com\/#\/schema\/logo\/image\/","url":"https:\/\/continuamosmx.com\/wp-content\/uploads\/2023\/04\/cropped-LOGO-CONTI-NUEVO.png","contentUrl":"https:\/\/continuamosmx.com\/wp-content\/uploads\/2023\/04\/cropped-LOGO-CONTI-NUEVO.png","width":1257,"height":430,"caption":"ContinuamosMX"},"image":{"@id":"https:\/\/continuamosmx.com\/#\/schema\/logo\/image\/"}},{"@type":"Person","@id":"https:\/\/continuamosmx.com\/#\/schema\/person\/5eb5356acb1fad784da407d14f0e8d89","name":"Continuamos MX","image":{"@type":"ImageObject","inLanguage":"es","@id":"https:\/\/secure.gravatar.com\/avatar\/30d4f9723476a15f4da34d35fb3501f08d2357016c76051c6a85c354c7489589?s=96&d=mm&r=g","url":"https:\/\/secure.gravatar.com\/avatar\/30d4f9723476a15f4da34d35fb3501f08d2357016c76051c6a85c354c7489589?s=96&d=mm&r=g","contentUrl":"https:\/\/secure.gravatar.com\/avatar\/30d4f9723476a15f4da34d35fb3501f08d2357016c76051c6a85c354c7489589?s=96&d=mm&r=g","caption":"Continuamos MX"},"sameAs":["http:\/\/www.continuamos.mx"],"url":"https:\/\/continuamosmx.com\/index.php\/author\/continuamos\/"}]}},"_links":{"self":[{"href":"https:\/\/continuamosmx.com\/index.php\/wp-json\/wp\/v2\/posts\/31833","targetHints":{"allow":["GET"]}}],"collection":[{"href":"https:\/\/continuamosmx.com\/index.php\/wp-json\/wp\/v2\/posts"}],"about":[{"href":"https:\/\/continuamosmx.com\/index.php\/wp-json\/wp\/v2\/types\/post"}],"author":[{"embeddable":true,"href":"https:\/\/continuamosmx.com\/index.php\/wp-json\/wp\/v2\/users\/6"}],"replies":[{"embeddable":true,"href":"https:\/\/continuamosmx.com\/index.php\/wp-json\/wp\/v2\/comments?post=31833"}],"version-history":[{"count":0,"href":"https:\/\/continuamosmx.com\/index.php\/wp-json\/wp\/v2\/posts\/31833\/revisions"}],"wp:featuredmedia":[{"embeddable":true,"href":"https:\/\/continuamosmx.com\/index.php\/wp-json\/wp\/v2\/media\/31834"}],"wp:attachment":[{"href":"https:\/\/continuamosmx.com\/index.php\/wp-json\/wp\/v2\/media?parent=31833"}],"wp:term":[{"taxonomy":"category","embeddable":true,"href":"https:\/\/continuamosmx.com\/index.php\/wp-json\/wp\/v2\/categories?post=31833"},{"taxonomy":"post_tag","embeddable":true,"href":"https:\/\/continuamosmx.com\/index.php\/wp-json\/wp\/v2\/tags?post=31833"}],"curies":[{"name":"wp","href":"https:\/\/api.w.org\/{rel}","templated":true}]}}